{"id":9440,"date":"2016-06-07T18:24:15","date_gmt":"2016-06-07T16:24:15","guid":{"rendered":"https:\/\/www.ccaniene.com\/?p=9440"},"modified":"2016-06-21T16:40:12","modified_gmt":"2016-06-21T14:40:12","slug":"unincredibile-storia-di-sport-e-di-vita-emozionante-presentazione-del-libro-di-paolo-pizzo","status":"publish","type":"post","link":"https:\/\/www.ccaniene.com\/it_it\/unincredibile-storia-di-sport-e-di-vita-emozionante-presentazione-del-libro-di-paolo-pizzo\/","title":{"rendered":"Una storia di sport e di vita: Paolo Pizzo dalla paura a Rio"},"content":{"rendered":"<p>Nella splendida cornice del Salone d&#8217;onore del Circolo Canottieri Aniene, il campione di spada Paolo Pizzo ha emozionato tutti raccontando la sua storia condensata nel libro &#8220;La stoccata vincente. Come ho sconfitto il cancro e realizzato il mio sogno\u201d, edito da Splerling &amp; Kupfer e scritto insieme al giornalista della Gazzetta dello Sport, Maurizio Nicita.<\/p>\n<p>Il vicedirettore di Raisport, Jacopo Volpi, \u00e8 stato lo splendido conduttore di una mattinata vibrante, nella quale Massimo Fabbricini ha porto i saluti agli ospiti da padrone di casa, sottolineando l&#8217;attenzione ultra centenaria del circolo per la letteratura sportiva. Il primo intervento \u00e8 stato quello del professor Francesco Cognetti, famoso oncologo, che ha fatto i complimenti allo spadista per la capacit\u00e0 di raccontare con estrema precisione le fasi della malattia, utile a tutti per capire come comportarsi: &#8220;Perch\u00e9 la prevenzione contro il cancro \u00e8 fondamentale\u201d.<\/p>\n<div id=\"attachment_9442\" style=\"width: 470px\" class=\"wp-caption aligncenter\"><a href=\"http:\/\/www.ccaniene.com\/wp-content\/uploads\/2016\/06\/malago.jpg\" rel=\"attachment wp-att-9442\"><img fetchpriority=\"high\" decoding=\"async\" aria-describedby=\"caption-attachment-9442\" class=\"wp-image-9442 size-medium\" src=\"http:\/\/www.ccaniene.com\/wp-content\/uploads\/2016\/06\/malago-460x345.jpg\" alt=\"Pizzo con il presidente Giovanni Malag\u00f2\" width=\"460\" height=\"345\" \/><\/a><p id=\"caption-attachment-9442\" class=\"wp-caption-text\">Pizzo con il presidente Giovanni Malag\u00f2<\/p><\/div>\n<p><a href=\"https:\/\/www.youtube.com\/watch?v=5rGQvcmGxuM\"><strong>GUARDA IL VIDEO<\/strong><\/a><\/p>\n<p>Saluti in video anche da Diana Bianchedi, impossibilitata dagli impegni con il comitato &#8220;Roma 2024&#8221; ad essere presente: &#8220;Complimenti Paolo, hai saputo vincere sfide molto pi\u00f9 importanti di quelle in pedana e sono sicura che a Rio farai grandi cose\u201d. E\u2019 stata poi la volta del giornalista e scrittore Valerio Piccioni: &#8220;Spesso per un campione il libro autobiografico sembra un pedaggio da pagare. In questo testo invece ci sono passioni e racconti di vita vissuta tutti da leggere\u201d.<\/p>\n<p>Maurizio Nicita ha sottolineato il feeling creatosi con Paolo e la sua famiglia, una famiglia di sportivi con grandi valori: &#8220;Questo libro \u00e8 un inno alla vita&#8221;. Dopo un video dedicato alle vittorie pi\u00f9 belle dello spadista, \u00e8 arrivato il momento clou con Paolo Pizzo intervistato da Jacopo Volpi, che ha chiamato sul palco anche l&#8217;olimpionico Michele Maffei e l&#8217;ex campione del mondo, e commentatore tv, Stefano Pantano.<\/p>\n<div id=\"attachment_9405\" style=\"width: 345px\" class=\"wp-caption aligncenter\"><a href=\"http:\/\/www.ccaniene.com\/wp-content\/uploads\/2016\/06\/libro_pizzo.jpg\" rel=\"attachment wp-att-9405\"><img decoding=\"async\" aria-describedby=\"caption-attachment-9405\" class=\"wp-image-9405 size-medium\" src=\"http:\/\/www.ccaniene.com\/wp-content\/uploads\/2016\/06\/libro_pizzo-335x460.jpg\" alt=\"La copertina del libro di Paolo Pizzo\" width=\"335\" height=\"460\" \/><\/a><p id=\"caption-attachment-9405\" class=\"wp-caption-text\">La copertina del libro di Paolo Pizzo<\/p><\/div>\n<p>&#8220;Nel libro ho messo tutto me stesso &#8211; ha sottolineato lo spadista -, raccontando soprattutto le sconfitte, nello sport come nella vita, con le quali si cresce. Ed \u00e8 questo il messaggio che voglio lanciare ai ragazzi della scuola scherma che sono venuti oggi: dare sempre il massimo, con lealt\u00e0. Io sono stato fortunato a venir fuori da una brutta malattia. E sono sincero quando dico che nonostante la guarigione un po&#8217; di paura ti resta dentro. Ora vado a Rio sapendo gli errori che ho commesso a Londra: ne far\u00f2 tesoro per cercare di migliorarmi&#8221;.<\/p>\n<p>Dino Zoff, fra i primi a complimentarsi con Paolo, ha consigliato anche alcuni atteggiamenti di squadra importanti in chiave olimpica in uno sport individuale e individualista. Alla fine due istruttori del Club Scherma Roma hanno dato una dimostrazione delle tre armi &#8211; fioretto, spada e sciabola &#8211; sulla terrazza, con ogni azione puntualmente spiegata dall&#8217;esperto Paolo Dentice di Accadia, vincitore di due titoli italiani di sciabola.<\/p>\n<div id=\"attachment_9443\" style=\"width: 470px\" class=\"wp-caption aligncenter\"><a href=\"http:\/\/www.ccaniene.com\/wp-content\/uploads\/2016\/06\/zoff.jpg\" rel=\"attachment wp-att-9443\"><img decoding=\"async\" aria-describedby=\"caption-attachment-9443\" class=\"wp-image-9443 size-medium\" src=\"http:\/\/www.ccaniene.com\/wp-content\/uploads\/2016\/06\/zoff-460x345.jpg\" alt=\"Paolo Pizzo con Dino Zoff\" width=\"460\" height=\"345\" \/><\/a><p id=\"caption-attachment-9443\" class=\"wp-caption-text\">Paolo Pizzo con Dino Zoff<\/p><\/div>\n<p>Fra i presenti altri campioni della scherma come Mara Navarria, plurimedagliata nella spada a Europei e Mondiali, Luigi Mazzone, ex campione di spada e oggi apprezzato neurologo,\u00a0oltre al ct della nazionale di baseball, Marco Mazzieri. Dulcis in fundo, reduce dalla call-conference con il Cio, il presidente Giovanni Malag\u00f2 ha voluto complimentarsi con Paolo Pizzo per l&#8217;iniziativa, poi si \u00e8 informato sulle sue condizioni fisiche e ha concluso: &#8220;Mi raccomando, finito qui subito in palestra ad allenarsi che ci aspettano scadenze importanti!&#8221;.<\/p>\n\n\t\t<style type=\"text\/css\">\n\t\t\t#gallery-1 {\n\t\t\t\tmargin: auto;\n\t\t\t}\n\t\t\t#gallery-1 .gallery-item {\n\t\t\t\tfloat: left;\n\t\t\t\tmargin-top: 10px;\n\t\t\t\ttext-align: center;\n\t\t\t\twidth: 33%;\n\t\t\t}\n\t\t\t#gallery-1 img {\n\t\t\t\tborder: 2px solid #cfcfcf;\n\t\t\t}\n\t\t\t#gallery-1 .gallery-caption {\n\t\t\t\tmargin-left: 0;\n\t\t\t}\n\t\t\t\/* see gallery_shortcode() in wp-includes\/media.php *\/\n\t\t<\/style>\n\t\t<div id='gallery-1' class='gallery galleryid-9440 gallery-columns-3 gallery-size-thumbnail'><dl class='gallery-item'>\n\t\t\t<dt class='gallery-icon landscape'>\n\t\t\t\t<a href='https:\/\/www.ccaniene.com\/it_it\/unincredibile-storia-di-sport-e-di-vita-emozionante-presentazione-del-libro-di-paolo-pizzo\/img_3752\/'><img loading=\"lazy\" decoding=\"async\" width=\"400\" height=\"400\" src=\"https:\/\/www.ccaniene.com\/wp-content\/uploads\/2016\/06\/IMG_3752-400x400.jpg\" class=\"attachment-thumbnail size-thumbnail\" alt=\"\" \/><\/a>\n\t\t\t<\/dt><\/dl><dl class='gallery-item'>\n\t\t\t<dt class='gallery-icon landscape'>\n\t\t\t\t<a href='https:\/\/www.ccaniene.com\/it_it\/unincredibile-storia-di-sport-e-di-vita-emozionante-presentazione-del-libro-di-paolo-pizzo\/img_3731\/'><img loading=\"lazy\" decoding=\"async\" width=\"400\" height=\"400\" src=\"https:\/\/www.ccaniene.com\/wp-content\/uploads\/2016\/06\/IMG_3731-400x400.jpg\" class=\"attachment-thumbnail size-thumbnail\" alt=\"\" \/><\/a>\n\t\t\t<\/dt><\/dl><dl class='gallery-item'>\n\t\t\t<dt class='gallery-icon landscape'>\n\t\t\t\t<a href='https:\/\/www.ccaniene.com\/it_it\/unincredibile-storia-di-sport-e-di-vita-emozionante-presentazione-del-libro-di-paolo-pizzo\/img_3735\/'><img loading=\"lazy\" decoding=\"async\" width=\"400\" height=\"400\" src=\"https:\/\/www.ccaniene.com\/wp-content\/uploads\/2016\/06\/IMG_3735-e1465316584172-400x400.jpg\" class=\"attachment-thumbnail size-thumbnail\" alt=\"\" \/><\/a>\n\t\t\t<\/dt><\/dl><br style=\"clear: both\" \/>\n\t\t<\/div>\n\n","protected":false},"excerpt":{"rendered":"<p>Nella splendida cornice del Salone d&#8217;onore del Circolo Canottieri Aniene, il campione di spada Paolo Pizzo ha emozionato tutti raccontando la sua storia condensata nel libro &#8220;La stoccata vincente. Come ho sconfitto il cancro e realizzato il mio sogno\u201d, edito da Splerling &amp; Kupfer e scritto insieme al giornalista della Gazzetta dello Sport, Maurizio Nicita. [&hellip;]<\/p>\n","protected":false},"author":23521,"featured_media":9441,"comment_status":"open","ping_status":"closed","sticky":false,"template":"","format":"standard","meta":{"pmpro_default_level":0,"footnotes":"","_links_to":"","_links_to_target":""},"categories":[13,2,1,32],"tags":[],"class_list":["post-9440","post","type-post","status-publish","format-standard","has-post-thumbnail","hentry","category-altri-sport","category-in-evidenza","category-news","category-slider","pmpro-has-access"],"featured_image_urls":{"medium":"https:\/\/www.ccaniene.com\/wp-content\/uploads\/2016\/06\/pizzo_nicita-800x450.jpg","thumbnail":"https:\/\/www.ccaniene.com\/wp-content\/uploads\/2016\/06\/pizzo_nicita-400x400.jpg","medium_large":"https:\/\/www.ccaniene.com\/wp-content\/uploads\/2016\/06\/pizzo_nicita-768x432.jpg","1536x1536":"https:\/\/www.ccaniene.com\/wp-content\/uploads\/2016\/06\/pizzo_nicita-1536x864.jpg"},"appp_media":null,"yoast_head":"<!-- This site is optimized with the Yoast SEO plugin v23.6 - https:\/\/yoast.com\/wordpress\/plugins\/seo\/ -->\n<title>Una storia di sport e di vita: Paolo Pizzo dalla paura a Rio - Circolo Canottieri Aniene<\/title>\n<meta name=\"robots\" content=\"index, follow, max-snippet:-1, max-image-preview:large, max-video-preview:-1\" \/>\n<link rel=\"canonical\" href=\"https:\/\/www.ccaniene.com\/it_it\/unincredibile-storia-di-sport-e-di-vita-emozionante-presentazione-del-libro-di-paolo-pizzo\/\" \/>\n<meta property=\"og:locale\" content=\"it_IT\" \/>\n<meta property=\"og:type\" content=\"article\" \/>\n<meta property=\"og:title\" content=\"Una storia di sport e di vita: Paolo Pizzo dalla paura a Rio - Circolo Canottieri Aniene\" \/>\n<meta property=\"og:description\" content=\"Nella splendida cornice del Salone d&#8217;onore del Circolo Canottieri Aniene, il campione di spada Paolo Pizzo ha emozionato tutti raccontando la sua storia condensata nel libro &#8220;La stoccata vincente. Come ho sconfitto il cancro e realizzato il mio sogno\u201d, edito da Splerling &amp; Kupfer e scritto insieme al giornalista della Gazzetta dello Sport, Maurizio Nicita. [&hellip;]\" \/>\n<meta property=\"og:url\" content=\"https:\/\/www.ccaniene.com\/it_it\/unincredibile-storia-di-sport-e-di-vita-emozionante-presentazione-del-libro-di-paolo-pizzo\/\" \/>\n<meta property=\"og:site_name\" content=\"Circolo Canottieri Aniene\" \/>\n<meta property=\"article:published_time\" content=\"2016-06-07T16:24:15+00:00\" \/>\n<meta property=\"article:modified_time\" content=\"2016-06-21T14:40:12+00:00\" \/>\n<meta property=\"og:image\" content=\"https:\/\/www.ccaniene.com\/wp-content\/uploads\/2016\/06\/pizzo_nicita.jpg\" \/>\n\t<meta property=\"og:image:width\" content=\"1599\" \/>\n\t<meta property=\"og:image:height\" content=\"899\" \/>\n\t<meta property=\"og:image:type\" content=\"image\/jpeg\" \/>\n<meta name=\"author\" content=\"carlo.san@tin.it\" \/>\n<meta name=\"twitter:card\" content=\"summary_large_image\" \/>\n<meta name=\"twitter:label1\" content=\"Scritto da\" \/>\n\t<meta name=\"twitter:data1\" content=\"carlo.san@tin.it\" \/>\n\t<meta name=\"twitter:label2\" content=\"Tempo di lettura stimato\" \/>\n\t<meta name=\"twitter:data2\" content=\"3 minuti\" \/>\n<script type=\"application\/ld+json\" class=\"yoast-schema-graph\">{\"@context\":\"https:\/\/schema.org\",\"@graph\":[{\"@type\":\"WebPage\",\"@id\":\"https:\/\/www.ccaniene.com\/it_it\/unincredibile-storia-di-sport-e-di-vita-emozionante-presentazione-del-libro-di-paolo-pizzo\/\",\"url\":\"https:\/\/www.ccaniene.com\/it_it\/unincredibile-storia-di-sport-e-di-vita-emozionante-presentazione-del-libro-di-paolo-pizzo\/\",\"name\":\"Una storia di sport e di vita: Paolo Pizzo dalla paura a Rio - Circolo Canottieri Aniene\",\"isPartOf\":{\"@id\":\"https:\/\/www.ccaniene.com\/it_it\/#website\"},\"primaryImageOfPage\":{\"@id\":\"https:\/\/www.ccaniene.com\/it_it\/unincredibile-storia-di-sport-e-di-vita-emozionante-presentazione-del-libro-di-paolo-pizzo\/#primaryimage\"},\"image\":{\"@id\":\"https:\/\/www.ccaniene.com\/it_it\/unincredibile-storia-di-sport-e-di-vita-emozionante-presentazione-del-libro-di-paolo-pizzo\/#primaryimage\"},\"thumbnailUrl\":\"https:\/\/www.ccaniene.com\/wp-content\/uploads\/2016\/06\/pizzo_nicita.jpg\",\"datePublished\":\"2016-06-07T16:24:15+00:00\",\"dateModified\":\"2016-06-21T14:40:12+00:00\",\"author\":{\"@id\":\"https:\/\/www.ccaniene.com\/it_it\/#\/schema\/person\/6042bd0ba360674279dffd4247d570ed\"},\"breadcrumb\":{\"@id\":\"https:\/\/www.ccaniene.com\/it_it\/unincredibile-storia-di-sport-e-di-vita-emozionante-presentazione-del-libro-di-paolo-pizzo\/#breadcrumb\"},\"inLanguage\":\"it-IT\",\"potentialAction\":[{\"@type\":\"ReadAction\",\"target\":[\"https:\/\/www.ccaniene.com\/it_it\/unincredibile-storia-di-sport-e-di-vita-emozionante-presentazione-del-libro-di-paolo-pizzo\/\"]}]},{\"@type\":\"ImageObject\",\"inLanguage\":\"it-IT\",\"@id\":\"https:\/\/www.ccaniene.com\/it_it\/unincredibile-storia-di-sport-e-di-vita-emozionante-presentazione-del-libro-di-paolo-pizzo\/#primaryimage\",\"url\":\"https:\/\/www.ccaniene.com\/wp-content\/uploads\/2016\/06\/pizzo_nicita.jpg\",\"contentUrl\":\"https:\/\/www.ccaniene.com\/wp-content\/uploads\/2016\/06\/pizzo_nicita.jpg\",\"width\":1599,\"height\":899,\"caption\":\"Gli autori del libro, Paolo Pizzo e Maurizio Nicita\"},{\"@type\":\"BreadcrumbList\",\"@id\":\"https:\/\/www.ccaniene.com\/it_it\/unincredibile-storia-di-sport-e-di-vita-emozionante-presentazione-del-libro-di-paolo-pizzo\/#breadcrumb\",\"itemListElement\":[{\"@type\":\"ListItem\",\"position\":1,\"name\":\"Home\",\"item\":\"https:\/\/www.ccaniene.com\/it_it\/\"},{\"@type\":\"ListItem\",\"position\":2,\"name\":\"Una storia di sport e di vita: Paolo Pizzo dalla paura a Rio\"}]},{\"@type\":\"WebSite\",\"@id\":\"https:\/\/www.ccaniene.com\/it_it\/#website\",\"url\":\"https:\/\/www.ccaniene.com\/it_it\/\",\"name\":\"Circolo Canottieri Aniene\",\"description\":\"Collare d&#039;Oro e Stella d&#039;Oro al Merito Sportivo\",\"potentialAction\":[{\"@type\":\"SearchAction\",\"target\":{\"@type\":\"EntryPoint\",\"urlTemplate\":\"https:\/\/www.ccaniene.com\/it_it\/?s={search_term_string}\"},\"query-input\":{\"@type\":\"PropertyValueSpecification\",\"valueRequired\":true,\"valueName\":\"search_term_string\"}}],\"inLanguage\":\"it-IT\"},{\"@type\":\"Person\",\"@id\":\"https:\/\/www.ccaniene.com\/it_it\/#\/schema\/person\/6042bd0ba360674279dffd4247d570ed\",\"name\":\"carlo.san@tin.it\",\"image\":{\"@type\":\"ImageObject\",\"inLanguage\":\"it-IT\",\"@id\":\"https:\/\/www.ccaniene.com\/it_it\/#\/schema\/person\/image\/\",\"url\":\"https:\/\/secure.gravatar.com\/avatar\/f993a459d0ffe4d666e4c917fef20ca9?s=96&d=mm&r=g\",\"contentUrl\":\"https:\/\/secure.gravatar.com\/avatar\/f993a459d0ffe4d666e4c917fef20ca9?s=96&d=mm&r=g\",\"caption\":\"carlo.san@tin.it\"},\"url\":\"https:\/\/www.ccaniene.com\/it_it\/author\/carlo-santi-2\/\"}]}<\/script>\n<!-- \/ Yoast SEO plugin. -->","yoast_head_json":{"title":"Una storia di sport e di vita: Paolo Pizzo dalla paura a Rio - Circolo Canottieri Aniene","robots":{"index":"index","follow":"follow","max-snippet":"max-snippet:-1","max-image-preview":"max-image-preview:large","max-video-preview":"max-video-preview:-1"},"canonical":"https:\/\/www.ccaniene.com\/it_it\/unincredibile-storia-di-sport-e-di-vita-emozionante-presentazione-del-libro-di-paolo-pizzo\/","og_locale":"it_IT","og_type":"article","og_title":"Una storia di sport e di vita: Paolo Pizzo dalla paura a Rio - Circolo Canottieri Aniene","og_description":"Nella splendida cornice del Salone d&#8217;onore del Circolo Canottieri Aniene, il campione di spada Paolo Pizzo ha emozionato tutti raccontando la sua storia condensata nel libro &#8220;La stoccata vincente. Come ho sconfitto il cancro e realizzato il mio sogno\u201d, edito da Splerling &amp; Kupfer e scritto insieme al giornalista della Gazzetta dello Sport, Maurizio Nicita. [&hellip;]","og_url":"https:\/\/www.ccaniene.com\/it_it\/unincredibile-storia-di-sport-e-di-vita-emozionante-presentazione-del-libro-di-paolo-pizzo\/","og_site_name":"Circolo Canottieri Aniene","article_published_time":"2016-06-07T16:24:15+00:00","article_modified_time":"2016-06-21T14:40:12+00:00","og_image":[{"width":1599,"height":899,"url":"https:\/\/www.ccaniene.com\/wp-content\/uploads\/2016\/06\/pizzo_nicita.jpg","type":"image\/jpeg"}],"author":"carlo.san@tin.it","twitter_card":"summary_large_image","twitter_misc":{"Scritto da":"carlo.san@tin.it","Tempo di lettura stimato":"3 minuti"},"schema":{"@context":"https:\/\/schema.org","@graph":[{"@type":"WebPage","@id":"https:\/\/www.ccaniene.com\/it_it\/unincredibile-storia-di-sport-e-di-vita-emozionante-presentazione-del-libro-di-paolo-pizzo\/","url":"https:\/\/www.ccaniene.com\/it_it\/unincredibile-storia-di-sport-e-di-vita-emozionante-presentazione-del-libro-di-paolo-pizzo\/","name":"Una storia di sport e di vita: Paolo Pizzo dalla paura a Rio - Circolo Canottieri Aniene","isPartOf":{"@id":"https:\/\/www.ccaniene.com\/it_it\/#website"},"primaryImageOfPage":{"@id":"https:\/\/www.ccaniene.com\/it_it\/unincredibile-storia-di-sport-e-di-vita-emozionante-presentazione-del-libro-di-paolo-pizzo\/#primaryimage"},"image":{"@id":"https:\/\/www.ccaniene.com\/it_it\/unincredibile-storia-di-sport-e-di-vita-emozionante-presentazione-del-libro-di-paolo-pizzo\/#primaryimage"},"thumbnailUrl":"https:\/\/www.ccaniene.com\/wp-content\/uploads\/2016\/06\/pizzo_nicita.jpg","datePublished":"2016-06-07T16:24:15+00:00","dateModified":"2016-06-21T14:40:12+00:00","author":{"@id":"https:\/\/www.ccaniene.com\/it_it\/#\/schema\/person\/6042bd0ba360674279dffd4247d570ed"},"breadcrumb":{"@id":"https:\/\/www.ccaniene.com\/it_it\/unincredibile-storia-di-sport-e-di-vita-emozionante-presentazione-del-libro-di-paolo-pizzo\/#breadcrumb"},"inLanguage":"it-IT","potentialAction":[{"@type":"ReadAction","target":["https:\/\/www.ccaniene.com\/it_it\/unincredibile-storia-di-sport-e-di-vita-emozionante-presentazione-del-libro-di-paolo-pizzo\/"]}]},{"@type":"ImageObject","inLanguage":"it-IT","@id":"https:\/\/www.ccaniene.com\/it_it\/unincredibile-storia-di-sport-e-di-vita-emozionante-presentazione-del-libro-di-paolo-pizzo\/#primaryimage","url":"https:\/\/www.ccaniene.com\/wp-content\/uploads\/2016\/06\/pizzo_nicita.jpg","contentUrl":"https:\/\/www.ccaniene.com\/wp-content\/uploads\/2016\/06\/pizzo_nicita.jpg","width":1599,"height":899,"caption":"Gli autori del libro, Paolo Pizzo e Maurizio Nicita"},{"@type":"BreadcrumbList","@id":"https:\/\/www.ccaniene.com\/it_it\/unincredibile-storia-di-sport-e-di-vita-emozionante-presentazione-del-libro-di-paolo-pizzo\/#breadcrumb","itemListElement":[{"@type":"ListItem","position":1,"name":"Home","item":"https:\/\/www.ccaniene.com\/it_it\/"},{"@type":"ListItem","position":2,"name":"Una storia di sport e di vita: Paolo Pizzo dalla paura a Rio"}]},{"@type":"WebSite","@id":"https:\/\/www.ccaniene.com\/it_it\/#website","url":"https:\/\/www.ccaniene.com\/it_it\/","name":"Circolo Canottieri Aniene","description":"Collare d&#039;Oro e Stella d&#039;Oro al Merito Sportivo","potentialAction":[{"@type":"SearchAction","target":{"@type":"EntryPoint","urlTemplate":"https:\/\/www.ccaniene.com\/it_it\/?s={search_term_string}"},"query-input":{"@type":"PropertyValueSpecification","valueRequired":true,"valueName":"search_term_string"}}],"inLanguage":"it-IT"},{"@type":"Person","@id":"https:\/\/www.ccaniene.com\/it_it\/#\/schema\/person\/6042bd0ba360674279dffd4247d570ed","name":"carlo.san@tin.it","image":{"@type":"ImageObject","inLanguage":"it-IT","@id":"https:\/\/www.ccaniene.com\/it_it\/#\/schema\/person\/image\/","url":"https:\/\/secure.gravatar.com\/avatar\/f993a459d0ffe4d666e4c917fef20ca9?s=96&d=mm&r=g","contentUrl":"https:\/\/secure.gravatar.com\/avatar\/f993a459d0ffe4d666e4c917fef20ca9?s=96&d=mm&r=g","caption":"carlo.san@tin.it"},"url":"https:\/\/www.ccaniene.com\/it_it\/author\/carlo-santi-2\/"}]}},"_links":{"self":[{"href":"https:\/\/www.ccaniene.com\/it_it\/wp-json\/wp\/v2\/posts\/9440"}],"collection":[{"href":"https:\/\/www.ccaniene.com\/it_it\/wp-json\/wp\/v2\/posts"}],"about":[{"href":"https:\/\/www.ccaniene.com\/it_it\/wp-json\/wp\/v2\/types\/post"}],"author":[{"embeddable":true,"href":"https:\/\/www.ccaniene.com\/it_it\/wp-json\/wp\/v2\/users\/23521"}],"replies":[{"embeddable":true,"href":"https:\/\/www.ccaniene.com\/it_it\/wp-json\/wp\/v2\/comments?post=9440"}],"version-history":[{"count":9,"href":"https:\/\/www.ccaniene.com\/it_it\/wp-json\/wp\/v2\/posts\/9440\/revisions"}],"predecessor-version":[{"id":9449,"href":"https:\/\/www.ccaniene.com\/it_it\/wp-json\/wp\/v2\/posts\/9440\/revisions\/9449"}],"wp:featuredmedia":[{"embeddable":true,"href":"https:\/\/www.ccaniene.com\/it_it\/wp-json\/wp\/v2\/media\/9441"}],"wp:attachment":[{"href":"https:\/\/www.ccaniene.com\/it_it\/wp-json\/wp\/v2\/media?parent=9440"}],"wp:term":[{"taxonomy":"category","embeddable":true,"href":"https:\/\/www.ccaniene.com\/it_it\/wp-json\/wp\/v2\/categories?post=9440"},{"taxonomy":"post_tag","embeddable":true,"href":"https:\/\/www.ccaniene.com\/it_it\/wp-json\/wp\/v2\/tags?post=9440"}],"curies":[{"name":"wp","href":"https:\/\/api.w.org\/{rel}","templated":true}]}}