{"id":8311,"date":"2015-08-07T06:43:45","date_gmt":"2015-08-07T04:43:45","guid":{"rendered":"https:\/\/www.ccaniene.com\/?p=8311"},"modified":"2015-08-07T06:43:45","modified_gmt":"2015-08-07T04:43:45","slug":"tuffi-per-la-prima-volta-i-tuffatori-dellaniene-primeggiano-nella-classifica-nazionale-di-societa","status":"publish","type":"post","link":"https:\/\/www.ccaniene.com\/it_it\/tuffi-per-la-prima-volta-i-tuffatori-dellaniene-primeggiano-nella-classifica-nazionale-di-societa\/","title":{"rendered":"TUFFI: PER LA PRIMA VOLTA I TUFFATORI DELL\u2019ANIENE PRIMEGGIANO NELLA CLASSIFICA NAZIONALE DI SOCIETA\u2019"},"content":{"rendered":"<p>Dopo il successo dei Campionati Italiani Assoluti di Bergamo, mancava solo l\u2019ultima delle dieci gare valide ai fini della classifica per societ\u00e0 della stagione agonistica dei tuffi, i Campionati Italiani di Categoria di Roma. Al termine dei Campionati \u00e8 stata ufficialmente stilata la classifica nazionale assoluta di societ\u00e0 che il Circolo Canottieri Aniene ha vinto per la prima volta, dopo soli quattro anni dalla ripresa dell\u2019attivit\u00e0 nel settore tuffi, aggiudicandosi di fatto il titolo di societ\u00e0 Campione d\u2019Italia.<br \/>\n1. C.C. Aniene 1893,50<br \/>\n2. Cosenza Nuoto 1498,00<br \/>\n3. Carlo Dibiasi 1495,00<br \/>\n4. Triestina Nuoto 1488,00<br \/>\n5. Fiamme Oro 1321,00<br \/>\nComplimenti a tutto lo staff e ai tuffatori della squadra agonistica che hanno contribuito a questo successo:Filippo Alessandri, Diego Maria Arosio, Maddalena Billi, Matilde Caldani, Renato James Calderaro, Delfina Calissoni, Malvina Catalano Gonzaga, Andrea Chiarabini, Lorenzo Chiarabini, Giacomo Ciammarughi, Francesca De Gregorio, Gaia De Gregorio, Massimo Fenicchia, Ettore Lalli, Giovanna Lalli, Elisa Lorenzin, Kiki Camilla Magnolini, Erica Mancini, Myriam Marchetti, Lorenzo Marsaglia, Gian Marco Pallai, Giulio Propersi Filippo Salice, Rebecca Tiberti, Virginia Tiberti, Andrea Valentini, Davide Valentini.<br \/>\nCiliegina sulla torta di questa stagione indimenticabile per il settore tuffi \u00e8 la partecipazione del nostro atleta Andrea Chiarabini ai Campionati del Mondo di Kazan, che in rappresentanza dei colori azzurri ha ottenuto la finale nei tuffi sincronizzati dal trampolino di 3 metri oltre ad una buona prova nel trampolino da 1 metro.<\/p>\n<p>Di seguito la classifica:<br \/>\n<a href=\"http:\/\/www.ccaniene.com\/wp-content\/uploads\/2015\/08\/2015CLASS-C.pdf\">2015CLASS C<\/a><\/p>\n","protected":false},"excerpt":{"rendered":"<p>Dopo il successo dei Campionati Italiani Assoluti di Bergamo, mancava solo l\u2019ultima delle dieci gare valide ai fini della classifica per societ\u00e0 della stagione agonistica dei tuffi, i Campionati Italiani di Categoria di Roma. Al termine dei Campionati \u00e8 stata ufficialmente stilata la classifica nazionale assoluta di societ\u00e0 che il Circolo Canottieri Aniene ha vinto [&hellip;]<\/p>\n","protected":false},"author":6630,"featured_media":8313,"comment_status":"open","ping_status":"closed","sticky":false,"template":"","format":"standard","meta":{"pmpro_default_level":0,"footnotes":"","_links_to":"","_links_to_target":""},"categories":[2,89],"tags":[],"class_list":["post-8311","post","type-post","status-publish","format-standard","has-post-thumbnail","hentry","category-in-evidenza","category-tuffi","pmpro-has-access"],"featured_image_urls":{"woocommerce_thumbnail":"https:\/\/www.ccaniene.com\/wp-content\/uploads\/2015\/08\/11751469_10207313201897815_4469719995003803855_n-300x300.jpg","woocommerce_gallery_thumbnail":"https:\/\/www.ccaniene.com\/wp-content\/uploads\/2015\/08\/11751469_10207313201897815_4469719995003803855_n-100x100.jpg","woocommerce_single":"https:\/\/www.ccaniene.com\/wp-content\/uploads\/2015\/08\/11751469_10207313201897815_4469719995003803855_n-600x800.jpg","medium":"https:\/\/www.ccaniene.com\/wp-content\/uploads\/2015\/08\/11751469_10207313201897815_4469719995003803855_n-600x800.jpg","thumbnail":"https:\/\/www.ccaniene.com\/wp-content\/uploads\/2015\/08\/11751469_10207313201897815_4469719995003803855_n-400x400.jpg"},"appp_media":null,"yoast_head":"<!-- This site is optimized with the Yoast SEO plugin v23.6 - https:\/\/yoast.com\/wordpress\/plugins\/seo\/ -->\n<title>TUFFI: PER LA PRIMA VOLTA I TUFFATORI DELL\u2019ANIENE PRIMEGGIANO NELLA CLASSIFICA NAZIONALE DI SOCIETA\u2019 - Circolo Canottieri Aniene<\/title>\n<meta name=\"robots\" content=\"index, follow, max-snippet:-1, max-image-preview:large, max-video-preview:-1\" \/>\n<link rel=\"canonical\" href=\"https:\/\/www.ccaniene.com\/it_it\/tuffi-per-la-prima-volta-i-tuffatori-dellaniene-primeggiano-nella-classifica-nazionale-di-societa\/\" \/>\n<meta property=\"og:locale\" content=\"it_IT\" \/>\n<meta property=\"og:type\" content=\"article\" \/>\n<meta property=\"og:title\" content=\"TUFFI: PER LA PRIMA VOLTA I TUFFATORI DELL\u2019ANIENE PRIMEGGIANO NELLA CLASSIFICA NAZIONALE DI SOCIETA\u2019 - Circolo Canottieri Aniene\" \/>\n<meta property=\"og:description\" content=\"Dopo il successo dei Campionati Italiani Assoluti di Bergamo, mancava solo l\u2019ultima delle dieci gare valide ai fini della classifica per societ\u00e0 della stagione agonistica dei tuffi, i Campionati Italiani di Categoria di Roma. Al termine dei Campionati \u00e8 stata ufficialmente stilata la classifica nazionale assoluta di societ\u00e0 che il Circolo Canottieri Aniene ha vinto [&hellip;]\" \/>\n<meta property=\"og:url\" content=\"https:\/\/www.ccaniene.com\/it_it\/tuffi-per-la-prima-volta-i-tuffatori-dellaniene-primeggiano-nella-classifica-nazionale-di-societa\/\" \/>\n<meta property=\"og:site_name\" content=\"Circolo Canottieri Aniene\" \/>\n<meta property=\"article:published_time\" content=\"2015-08-07T04:43:45+00:00\" \/>\n<meta property=\"og:image\" content=\"https:\/\/www.ccaniene.com\/wp-content\/uploads\/2015\/08\/11751469_10207313201897815_4469719995003803855_n.jpg\" \/>\n\t<meta property=\"og:image:width\" content=\"720\" \/>\n\t<meta property=\"og:image:height\" content=\"960\" \/>\n\t<meta property=\"og:image:type\" content=\"image\/jpeg\" \/>\n<meta name=\"author\" content=\"ccaniene1892\" \/>\n<meta name=\"twitter:card\" content=\"summary_large_image\" \/>\n<meta name=\"twitter:label1\" content=\"Scritto da\" \/>\n\t<meta name=\"twitter:data1\" content=\"ccaniene1892\" \/>\n\t<meta name=\"twitter:label2\" content=\"Tempo di lettura stimato\" \/>\n\t<meta name=\"twitter:data2\" content=\"1 minuto\" \/>\n<script type=\"application\/ld+json\" class=\"yoast-schema-graph\">{\"@context\":\"https:\/\/schema.org\",\"@graph\":[{\"@type\":\"WebPage\",\"@id\":\"https:\/\/www.ccaniene.com\/en\/tuffi-per-la-prima-volta-i-tuffatori-dellaniene-primeggiano-nella-classifica-nazionale-di-societa\/\",\"url\":\"https:\/\/www.ccaniene.com\/en\/tuffi-per-la-prima-volta-i-tuffatori-dellaniene-primeggiano-nella-classifica-nazionale-di-societa\/\",\"name\":\"TUFFI: PER LA PRIMA VOLTA I TUFFATORI DELL\u2019ANIENE PRIMEGGIANO NELLA CLASSIFICA NAZIONALE DI SOCIETA\u2019 - Circolo Canottieri Aniene\",\"isPartOf\":{\"@id\":\"https:\/\/www.ccaniene.com\/it_it\/#website\"},\"primaryImageOfPage\":{\"@id\":\"https:\/\/www.ccaniene.com\/en\/tuffi-per-la-prima-volta-i-tuffatori-dellaniene-primeggiano-nella-classifica-nazionale-di-societa\/#primaryimage\"},\"image\":{\"@id\":\"https:\/\/www.ccaniene.com\/en\/tuffi-per-la-prima-volta-i-tuffatori-dellaniene-primeggiano-nella-classifica-nazionale-di-societa\/#primaryimage\"},\"thumbnailUrl\":\"https:\/\/www.ccaniene.com\/wp-content\/uploads\/2015\/08\/11751469_10207313201897815_4469719995003803855_n.jpg\",\"datePublished\":\"2015-08-07T04:43:45+00:00\",\"dateModified\":\"2015-08-07T04:43:45+00:00\",\"author\":{\"@id\":\"https:\/\/www.ccaniene.com\/it_it\/#\/schema\/person\/e9d8dc6c30c855799a336858c8ea05da\"},\"breadcrumb\":{\"@id\":\"https:\/\/www.ccaniene.com\/en\/tuffi-per-la-prima-volta-i-tuffatori-dellaniene-primeggiano-nella-classifica-nazionale-di-societa\/#breadcrumb\"},\"inLanguage\":\"it-IT\",\"potentialAction\":[{\"@type\":\"ReadAction\",\"target\":[\"https:\/\/www.ccaniene.com\/en\/tuffi-per-la-prima-volta-i-tuffatori-dellaniene-primeggiano-nella-classifica-nazionale-di-societa\/\"]}]},{\"@type\":\"ImageObject\",\"inLanguage\":\"it-IT\",\"@id\":\"https:\/\/www.ccaniene.com\/en\/tuffi-per-la-prima-volta-i-tuffatori-dellaniene-primeggiano-nella-classifica-nazionale-di-societa\/#primaryimage\",\"url\":\"https:\/\/www.ccaniene.com\/wp-content\/uploads\/2015\/08\/11751469_10207313201897815_4469719995003803855_n.jpg\",\"contentUrl\":\"https:\/\/www.ccaniene.com\/wp-content\/uploads\/2015\/08\/11751469_10207313201897815_4469719995003803855_n.jpg\",\"width\":720,\"height\":960},{\"@type\":\"BreadcrumbList\",\"@id\":\"https:\/\/www.ccaniene.com\/en\/tuffi-per-la-prima-volta-i-tuffatori-dellaniene-primeggiano-nella-classifica-nazionale-di-societa\/#breadcrumb\",\"itemListElement\":[{\"@type\":\"ListItem\",\"position\":1,\"name\":\"Home\",\"item\":\"https:\/\/www.ccaniene.com\/it_it\/\"},{\"@type\":\"ListItem\",\"position\":2,\"name\":\"TUFFI: PER LA PRIMA VOLTA I TUFFATORI DELL\u2019ANIENE PRIMEGGIANO NELLA CLASSIFICA NAZIONALE DI SOCIETA\u2019\"}]},{\"@type\":\"WebSite\",\"@id\":\"https:\/\/www.ccaniene.com\/it_it\/#website\",\"url\":\"https:\/\/www.ccaniene.com\/it_it\/\",\"name\":\"Circolo Canottieri Aniene\",\"description\":\"Collare d&#039;Oro e Stella d&#039;Oro al Merito Sportivo\",\"potentialAction\":[{\"@type\":\"SearchAction\",\"target\":{\"@type\":\"EntryPoint\",\"urlTemplate\":\"https:\/\/www.ccaniene.com\/it_it\/?s={search_term_string}\"},\"query-input\":{\"@type\":\"PropertyValueSpecification\",\"valueRequired\":true,\"valueName\":\"search_term_string\"}}],\"inLanguage\":\"it-IT\"},{\"@type\":\"Person\",\"@id\":\"https:\/\/www.ccaniene.com\/it_it\/#\/schema\/person\/e9d8dc6c30c855799a336858c8ea05da\",\"name\":\"ccaniene1892\",\"image\":{\"@type\":\"ImageObject\",\"inLanguage\":\"it-IT\",\"@id\":\"https:\/\/www.ccaniene.com\/it_it\/#\/schema\/person\/image\/\",\"url\":\"https:\/\/secure.gravatar.com\/avatar\/3458910e74e84c55d38369b8a2dd355c?s=96&d=mm&r=g\",\"contentUrl\":\"https:\/\/secure.gravatar.com\/avatar\/3458910e74e84c55d38369b8a2dd355c?s=96&d=mm&r=g\",\"caption\":\"ccaniene1892\"},\"url\":\"https:\/\/www.ccaniene.com\/it_it\/author\/ccaniene1892\/\"}]}<\/script>\n<!-- \/ Yoast SEO plugin. -->","yoast_head_json":{"title":"TUFFI: PER LA PRIMA VOLTA I TUFFATORI DELL\u2019ANIENE PRIMEGGIANO NELLA CLASSIFICA NAZIONALE DI SOCIETA\u2019 - Circolo Canottieri Aniene","robots":{"index":"index","follow":"follow","max-snippet":"max-snippet:-1","max-image-preview":"max-image-preview:large","max-video-preview":"max-video-preview:-1"},"canonical":"https:\/\/www.ccaniene.com\/it_it\/tuffi-per-la-prima-volta-i-tuffatori-dellaniene-primeggiano-nella-classifica-nazionale-di-societa\/","og_locale":"it_IT","og_type":"article","og_title":"TUFFI: PER LA PRIMA VOLTA I TUFFATORI DELL\u2019ANIENE PRIMEGGIANO NELLA CLASSIFICA NAZIONALE DI SOCIETA\u2019 - Circolo Canottieri Aniene","og_description":"Dopo il successo dei Campionati Italiani Assoluti di Bergamo, mancava solo l\u2019ultima delle dieci gare valide ai fini della classifica per societ\u00e0 della stagione agonistica dei tuffi, i Campionati Italiani di Categoria di Roma. Al termine dei Campionati \u00e8 stata ufficialmente stilata la classifica nazionale assoluta di societ\u00e0 che il Circolo Canottieri Aniene ha vinto [&hellip;]","og_url":"https:\/\/www.ccaniene.com\/it_it\/tuffi-per-la-prima-volta-i-tuffatori-dellaniene-primeggiano-nella-classifica-nazionale-di-societa\/","og_site_name":"Circolo Canottieri Aniene","article_published_time":"2015-08-07T04:43:45+00:00","og_image":[{"width":720,"height":960,"url":"https:\/\/www.ccaniene.com\/wp-content\/uploads\/2015\/08\/11751469_10207313201897815_4469719995003803855_n.jpg","type":"image\/jpeg"}],"author":"ccaniene1892","twitter_card":"summary_large_image","twitter_misc":{"Scritto da":"ccaniene1892","Tempo di lettura stimato":"1 minuto"},"schema":{"@context":"https:\/\/schema.org","@graph":[{"@type":"WebPage","@id":"https:\/\/www.ccaniene.com\/en\/tuffi-per-la-prima-volta-i-tuffatori-dellaniene-primeggiano-nella-classifica-nazionale-di-societa\/","url":"https:\/\/www.ccaniene.com\/en\/tuffi-per-la-prima-volta-i-tuffatori-dellaniene-primeggiano-nella-classifica-nazionale-di-societa\/","name":"TUFFI: PER LA PRIMA VOLTA I TUFFATORI DELL\u2019ANIENE PRIMEGGIANO NELLA CLASSIFICA NAZIONALE DI SOCIETA\u2019 - Circolo Canottieri Aniene","isPartOf":{"@id":"https:\/\/www.ccaniene.com\/it_it\/#website"},"primaryImageOfPage":{"@id":"https:\/\/www.ccaniene.com\/en\/tuffi-per-la-prima-volta-i-tuffatori-dellaniene-primeggiano-nella-classifica-nazionale-di-societa\/#primaryimage"},"image":{"@id":"https:\/\/www.ccaniene.com\/en\/tuffi-per-la-prima-volta-i-tuffatori-dellaniene-primeggiano-nella-classifica-nazionale-di-societa\/#primaryimage"},"thumbnailUrl":"https:\/\/www.ccaniene.com\/wp-content\/uploads\/2015\/08\/11751469_10207313201897815_4469719995003803855_n.jpg","datePublished":"2015-08-07T04:43:45+00:00","dateModified":"2015-08-07T04:43:45+00:00","author":{"@id":"https:\/\/www.ccaniene.com\/it_it\/#\/schema\/person\/e9d8dc6c30c855799a336858c8ea05da"},"breadcrumb":{"@id":"https:\/\/www.ccaniene.com\/en\/tuffi-per-la-prima-volta-i-tuffatori-dellaniene-primeggiano-nella-classifica-nazionale-di-societa\/#breadcrumb"},"inLanguage":"it-IT","potentialAction":[{"@type":"ReadAction","target":["https:\/\/www.ccaniene.com\/en\/tuffi-per-la-prima-volta-i-tuffatori-dellaniene-primeggiano-nella-classifica-nazionale-di-societa\/"]}]},{"@type":"ImageObject","inLanguage":"it-IT","@id":"https:\/\/www.ccaniene.com\/en\/tuffi-per-la-prima-volta-i-tuffatori-dellaniene-primeggiano-nella-classifica-nazionale-di-societa\/#primaryimage","url":"https:\/\/www.ccaniene.com\/wp-content\/uploads\/2015\/08\/11751469_10207313201897815_4469719995003803855_n.jpg","contentUrl":"https:\/\/www.ccaniene.com\/wp-content\/uploads\/2015\/08\/11751469_10207313201897815_4469719995003803855_n.jpg","width":720,"height":960},{"@type":"BreadcrumbList","@id":"https:\/\/www.ccaniene.com\/en\/tuffi-per-la-prima-volta-i-tuffatori-dellaniene-primeggiano-nella-classifica-nazionale-di-societa\/#breadcrumb","itemListElement":[{"@type":"ListItem","position":1,"name":"Home","item":"https:\/\/www.ccaniene.com\/it_it\/"},{"@type":"ListItem","position":2,"name":"TUFFI: PER LA PRIMA VOLTA I TUFFATORI DELL\u2019ANIENE PRIMEGGIANO NELLA CLASSIFICA NAZIONALE DI SOCIETA\u2019"}]},{"@type":"WebSite","@id":"https:\/\/www.ccaniene.com\/it_it\/#website","url":"https:\/\/www.ccaniene.com\/it_it\/","name":"Circolo Canottieri Aniene","description":"Collare d&#039;Oro e Stella d&#039;Oro al Merito Sportivo","potentialAction":[{"@type":"SearchAction","target":{"@type":"EntryPoint","urlTemplate":"https:\/\/www.ccaniene.com\/it_it\/?s={search_term_string}"},"query-input":{"@type":"PropertyValueSpecification","valueRequired":true,"valueName":"search_term_string"}}],"inLanguage":"it-IT"},{"@type":"Person","@id":"https:\/\/www.ccaniene.com\/it_it\/#\/schema\/person\/e9d8dc6c30c855799a336858c8ea05da","name":"ccaniene1892","image":{"@type":"ImageObject","inLanguage":"it-IT","@id":"https:\/\/www.ccaniene.com\/it_it\/#\/schema\/person\/image\/","url":"https:\/\/secure.gravatar.com\/avatar\/3458910e74e84c55d38369b8a2dd355c?s=96&d=mm&r=g","contentUrl":"https:\/\/secure.gravatar.com\/avatar\/3458910e74e84c55d38369b8a2dd355c?s=96&d=mm&r=g","caption":"ccaniene1892"},"url":"https:\/\/www.ccaniene.com\/it_it\/author\/ccaniene1892\/"}]}},"_links":{"self":[{"href":"https:\/\/www.ccaniene.com\/it_it\/wp-json\/wp\/v2\/posts\/8311"}],"collection":[{"href":"https:\/\/www.ccaniene.com\/it_it\/wp-json\/wp\/v2\/posts"}],"about":[{"href":"https:\/\/www.ccaniene.com\/it_it\/wp-json\/wp\/v2\/types\/post"}],"author":[{"embeddable":true,"href":"https:\/\/www.ccaniene.com\/it_it\/wp-json\/wp\/v2\/users\/6630"}],"replies":[{"embeddable":true,"href":"https:\/\/www.ccaniene.com\/it_it\/wp-json\/wp\/v2\/comments?post=8311"}],"version-history":[{"count":1,"href":"https:\/\/www.ccaniene.com\/it_it\/wp-json\/wp\/v2\/posts\/8311\/revisions"}],"predecessor-version":[{"id":8314,"href":"https:\/\/www.ccaniene.com\/it_it\/wp-json\/wp\/v2\/posts\/8311\/revisions\/8314"}],"wp:featuredmedia":[{"embeddable":true,"href":"https:\/\/www.ccaniene.com\/it_it\/wp-json\/wp\/v2\/media\/8313"}],"wp:attachment":[{"href":"https:\/\/www.ccaniene.com\/it_it\/wp-json\/wp\/v2\/media?parent=8311"}],"wp:term":[{"taxonomy":"category","embeddable":true,"href":"https:\/\/www.ccaniene.com\/it_it\/wp-json\/wp\/v2\/categories?post=8311"},{"taxonomy":"post_tag","embeddable":true,"href":"https:\/\/www.ccaniene.com\/it_it\/wp-json\/wp\/v2\/tags?post=8311"}],"curies":[{"name":"wp","href":"https:\/\/api.w.org\/{rel}","templated":true}]}}