{"id":7963,"date":"2015-05-25T17:21:50","date_gmt":"2015-05-25T15:21:50","guid":{"rendered":"https:\/\/www.ccaniene.com\/?p=7963"},"modified":"2015-05-25T17:21:50","modified_gmt":"2015-05-25T15:21:50","slug":"ccaniene-trionfa-al-campionato-italiano-e24-a-punta-ala","status":"publish","type":"post","link":"https:\/\/www.ccaniene.com\/it_it\/ccaniene-trionfa-al-campionato-italiano-e24-a-punta-ala\/","title":{"rendered":"CCANIENE trionfa al Campionato Italiano E24 a Punta Ala"},"content":{"rendered":"<p>E&#8217; stato un Campionato Nazionale entusiasmante, mai un titolo in questa classe si era risolto all&#8217;ul-tima regata, pardon, strambata e di un solo punto. A vincere il titolo \u00e8 stata la barca \u201csenior\u201d del Team del Circolo Canottieri Aniene, RiDeCoS\u00ec di Alessandro M. Rinaldi, insieme al consocio Mat-teo Aglietti ed ai tesserati Matteo Mason e Samuele Nicolettis, accompagnati da Gabrio Zandon\u00e0, che fino all&#8217;ultima strambata non sembrava poter concedere il bis dello scorso anno. Una finale al cardiopalma perch\u00e8 all&#8217;ultima manche di giornata le sorti non erano ancora decise.La Prima della Classe, Wasabino e Ricca d&#8217;Este cullavano il sogno di poter fare bottino pieno. Cos\u00ec non \u00e8 stato perch\u00e8 proprio nell&#8217;ultima spettacolare prova con vento teso e sole, il team capitolino \u00e8 riuscito grazie ad una poppa finale da oscar ad incorniciare il titolo. Una manifestazione che ha regalato tre giorni di grande vela a Punta Ala, ospiti dello Yacht Club. Podio anche per il team rosa dell&#8217; Aniene con Cristiana Monina, che conquista un terzo posto. I ragazzi di Luca Tubaro con Aniene Young sono stati premiati dal Circolo organizzatore per il team pi\u00f9 giovane.<\/p>\n<p>&#8220;E&#8217; stata una regata incredibile perch\u00e8 fino a questa mattina non si sapeva quali di queste barche avrebbero vinto il titolo \u2013 sono le parole di Alessandro M.Rinaldi, timoniere di RideCoS\u00ec \u2013 vento molto buono, la fortuna di una grande giornata di vela, vincere per un punto ancora non ci sembra vero. Voglio fare i complimenti a Marco Flemma a Cristiana Monina, ai ragazzi del lago D&#8217;Orta a quelli di Ancona a Wasabino per le grandi qualit\u00e0 dimostrate, decretando un livellamento della classe sempre verso l&#8217;alto. Voglio ringraziare i miei ragazzi a bordo, il consocio Matteo Aglietti, Gabrio Zandon\u00e0 con la sua esperienza insieme a Matteo Mason e Samuele Nicolettis, nocciolo duro di questo team del ns circolo &#8221;<\/p>\n<p>\u201cPeccato per la prima giornata dove potevamo fare meglio \u2013 sono le parole di Marco Flemma, timoniere di Ricca D&#8217;Este \u2013 perdere per un punto fa male, siamo entrati in forma il secondo giorno, oggi abbiamo regatato alla grande e siamo andati molto bene, voglio ringraziare Federico Chiatelli e tutti i ragazzi del team per questa ennesima grande esperienza insieme\u201d<\/p>\n","protected":false},"excerpt":{"rendered":"<p>E&#8217; stato un Campionato Nazionale entusiasmante, mai un titolo in questa classe si era risolto all&#8217;ul-tima regata, pardon, strambata e di un solo punto. A vincere il titolo \u00e8 stata la barca \u201csenior\u201d del Team del Circolo Canottieri Aniene, RiDeCoS\u00ec di Alessandro M. Rinaldi, insieme al consocio Mat-teo Aglietti ed ai tesserati Matteo Mason e [&hellip;]<\/p>\n","protected":false},"author":6630,"featured_media":7964,"comment_status":"open","ping_status":"closed","sticky":false,"template":"","format":"standard","meta":{"pmpro_default_level":0,"footnotes":"","_links_to":"","_links_to_target":""},"categories":[2,26],"tags":[],"class_list":["post-7963","post","type-post","status-publish","format-standard","has-post-thumbnail","hentry","category-in-evidenza","category-vela","pmpro-has-access"],"featured_image_urls":{"woocommerce_thumbnail":"https:\/\/www.ccaniene.com\/wp-content\/uploads\/2015\/05\/image1-4-300x300.jpg","woocommerce_gallery_thumbnail":"https:\/\/www.ccaniene.com\/wp-content\/uploads\/2015\/05\/image1-4-100x100.jpg","woocommerce_single":"https:\/\/www.ccaniene.com\/wp-content\/uploads\/2015\/05\/image1-4-600x450.jpg","thumbnail":"https:\/\/www.ccaniene.com\/wp-content\/uploads\/2015\/05\/image1-4-400x400.jpg"},"appp_media":null,"yoast_head":"<!-- This site is optimized with the Yoast SEO plugin v23.6 - https:\/\/yoast.com\/wordpress\/plugins\/seo\/ -->\n<title>CCANIENE trionfa al Campionato Italiano E24 a Punta Ala - Circolo Canottieri Aniene<\/title>\n<meta name=\"robots\" content=\"index, follow, max-snippet:-1, max-image-preview:large, max-video-preview:-1\" \/>\n<link rel=\"canonical\" href=\"https:\/\/www.ccaniene.com\/it_it\/ccaniene-trionfa-al-campionato-italiano-e24-a-punta-ala\/\" \/>\n<meta property=\"og:locale\" content=\"it_IT\" \/>\n<meta property=\"og:type\" content=\"article\" \/>\n<meta property=\"og:title\" content=\"CCANIENE trionfa al Campionato Italiano E24 a Punta Ala - Circolo Canottieri Aniene\" \/>\n<meta property=\"og:description\" content=\"E&#8217; stato un Campionato Nazionale entusiasmante, mai un titolo in questa classe si era risolto all&#8217;ul-tima regata, pardon, strambata e di un solo punto. A vincere il titolo \u00e8 stata la barca \u201csenior\u201d del Team del Circolo Canottieri Aniene, RiDeCoS\u00ec di Alessandro M. Rinaldi, insieme al consocio Mat-teo Aglietti ed ai tesserati Matteo Mason e [&hellip;]\" \/>\n<meta property=\"og:url\" content=\"https:\/\/www.ccaniene.com\/it_it\/ccaniene-trionfa-al-campionato-italiano-e24-a-punta-ala\/\" \/>\n<meta property=\"og:site_name\" content=\"Circolo Canottieri Aniene\" \/>\n<meta property=\"article:published_time\" content=\"2015-05-25T15:21:50+00:00\" \/>\n<meta property=\"og:image\" content=\"https:\/\/www.ccaniene.com\/wp-content\/uploads\/2015\/05\/image1-4.jpg\" \/>\n\t<meta property=\"og:image:width\" content=\"720\" \/>\n\t<meta property=\"og:image:height\" content=\"540\" \/>\n\t<meta property=\"og:image:type\" content=\"image\/jpeg\" \/>\n<meta name=\"author\" content=\"ccaniene1892\" \/>\n<meta name=\"twitter:card\" content=\"summary_large_image\" \/>\n<meta name=\"twitter:label1\" content=\"Scritto da\" \/>\n\t<meta name=\"twitter:data1\" content=\"ccaniene1892\" \/>\n\t<meta name=\"twitter:label2\" content=\"Tempo di lettura stimato\" \/>\n\t<meta name=\"twitter:data2\" content=\"2 minuti\" \/>\n<script type=\"application\/ld+json\" class=\"yoast-schema-graph\">{\"@context\":\"https:\/\/schema.org\",\"@graph\":[{\"@type\":\"WebPage\",\"@id\":\"https:\/\/www.ccaniene.com\/en\/ccaniene-trionfa-al-campionato-italiano-e24-a-punta-ala\/\",\"url\":\"https:\/\/www.ccaniene.com\/en\/ccaniene-trionfa-al-campionato-italiano-e24-a-punta-ala\/\",\"name\":\"CCANIENE trionfa al Campionato Italiano E24 a Punta Ala - Circolo Canottieri Aniene\",\"isPartOf\":{\"@id\":\"https:\/\/www.ccaniene.com\/it_it\/#website\"},\"primaryImageOfPage\":{\"@id\":\"https:\/\/www.ccaniene.com\/en\/ccaniene-trionfa-al-campionato-italiano-e24-a-punta-ala\/#primaryimage\"},\"image\":{\"@id\":\"https:\/\/www.ccaniene.com\/en\/ccaniene-trionfa-al-campionato-italiano-e24-a-punta-ala\/#primaryimage\"},\"thumbnailUrl\":\"https:\/\/www.ccaniene.com\/wp-content\/uploads\/2015\/05\/image1-4.jpg\",\"datePublished\":\"2015-05-25T15:21:50+00:00\",\"dateModified\":\"2015-05-25T15:21:50+00:00\",\"author\":{\"@id\":\"https:\/\/www.ccaniene.com\/it_it\/#\/schema\/person\/e9d8dc6c30c855799a336858c8ea05da\"},\"breadcrumb\":{\"@id\":\"https:\/\/www.ccaniene.com\/en\/ccaniene-trionfa-al-campionato-italiano-e24-a-punta-ala\/#breadcrumb\"},\"inLanguage\":\"it-IT\",\"potentialAction\":[{\"@type\":\"ReadAction\",\"target\":[\"https:\/\/www.ccaniene.com\/en\/ccaniene-trionfa-al-campionato-italiano-e24-a-punta-ala\/\"]}]},{\"@type\":\"ImageObject\",\"inLanguage\":\"it-IT\",\"@id\":\"https:\/\/www.ccaniene.com\/en\/ccaniene-trionfa-al-campionato-italiano-e24-a-punta-ala\/#primaryimage\",\"url\":\"https:\/\/www.ccaniene.com\/wp-content\/uploads\/2015\/05\/image1-4.jpg\",\"contentUrl\":\"https:\/\/www.ccaniene.com\/wp-content\/uploads\/2015\/05\/image1-4.jpg\",\"width\":720,\"height\":540},{\"@type\":\"BreadcrumbList\",\"@id\":\"https:\/\/www.ccaniene.com\/en\/ccaniene-trionfa-al-campionato-italiano-e24-a-punta-ala\/#breadcrumb\",\"itemListElement\":[{\"@type\":\"ListItem\",\"position\":1,\"name\":\"Home\",\"item\":\"https:\/\/www.ccaniene.com\/it_it\/\"},{\"@type\":\"ListItem\",\"position\":2,\"name\":\"CCANIENE trionfa al Campionato Italiano E24 a Punta Ala\"}]},{\"@type\":\"WebSite\",\"@id\":\"https:\/\/www.ccaniene.com\/it_it\/#website\",\"url\":\"https:\/\/www.ccaniene.com\/it_it\/\",\"name\":\"Circolo Canottieri Aniene\",\"description\":\"Collare d&#039;Oro e Stella d&#039;Oro al Merito Sportivo\",\"potentialAction\":[{\"@type\":\"SearchAction\",\"target\":{\"@type\":\"EntryPoint\",\"urlTemplate\":\"https:\/\/www.ccaniene.com\/it_it\/?s={search_term_string}\"},\"query-input\":{\"@type\":\"PropertyValueSpecification\",\"valueRequired\":true,\"valueName\":\"search_term_string\"}}],\"inLanguage\":\"it-IT\"},{\"@type\":\"Person\",\"@id\":\"https:\/\/www.ccaniene.com\/it_it\/#\/schema\/person\/e9d8dc6c30c855799a336858c8ea05da\",\"name\":\"ccaniene1892\",\"image\":{\"@type\":\"ImageObject\",\"inLanguage\":\"it-IT\",\"@id\":\"https:\/\/www.ccaniene.com\/it_it\/#\/schema\/person\/image\/\",\"url\":\"https:\/\/secure.gravatar.com\/avatar\/3458910e74e84c55d38369b8a2dd355c?s=96&d=mm&r=g\",\"contentUrl\":\"https:\/\/secure.gravatar.com\/avatar\/3458910e74e84c55d38369b8a2dd355c?s=96&d=mm&r=g\",\"caption\":\"ccaniene1892\"},\"url\":\"https:\/\/www.ccaniene.com\/it_it\/author\/ccaniene1892\/\"}]}<\/script>\n<!-- \/ Yoast SEO plugin. -->","yoast_head_json":{"title":"CCANIENE trionfa al Campionato Italiano E24 a Punta Ala - Circolo Canottieri Aniene","robots":{"index":"index","follow":"follow","max-snippet":"max-snippet:-1","max-image-preview":"max-image-preview:large","max-video-preview":"max-video-preview:-1"},"canonical":"https:\/\/www.ccaniene.com\/it_it\/ccaniene-trionfa-al-campionato-italiano-e24-a-punta-ala\/","og_locale":"it_IT","og_type":"article","og_title":"CCANIENE trionfa al Campionato Italiano E24 a Punta Ala - Circolo Canottieri Aniene","og_description":"E&#8217; stato un Campionato Nazionale entusiasmante, mai un titolo in questa classe si era risolto all&#8217;ul-tima regata, pardon, strambata e di un solo punto. A vincere il titolo \u00e8 stata la barca \u201csenior\u201d del Team del Circolo Canottieri Aniene, RiDeCoS\u00ec di Alessandro M. Rinaldi, insieme al consocio Mat-teo Aglietti ed ai tesserati Matteo Mason e [&hellip;]","og_url":"https:\/\/www.ccaniene.com\/it_it\/ccaniene-trionfa-al-campionato-italiano-e24-a-punta-ala\/","og_site_name":"Circolo Canottieri Aniene","article_published_time":"2015-05-25T15:21:50+00:00","og_image":[{"width":720,"height":540,"url":"https:\/\/www.ccaniene.com\/wp-content\/uploads\/2015\/05\/image1-4.jpg","type":"image\/jpeg"}],"author":"ccaniene1892","twitter_card":"summary_large_image","twitter_misc":{"Scritto da":"ccaniene1892","Tempo di lettura stimato":"2 minuti"},"schema":{"@context":"https:\/\/schema.org","@graph":[{"@type":"WebPage","@id":"https:\/\/www.ccaniene.com\/en\/ccaniene-trionfa-al-campionato-italiano-e24-a-punta-ala\/","url":"https:\/\/www.ccaniene.com\/en\/ccaniene-trionfa-al-campionato-italiano-e24-a-punta-ala\/","name":"CCANIENE trionfa al Campionato Italiano E24 a Punta Ala - Circolo Canottieri Aniene","isPartOf":{"@id":"https:\/\/www.ccaniene.com\/it_it\/#website"},"primaryImageOfPage":{"@id":"https:\/\/www.ccaniene.com\/en\/ccaniene-trionfa-al-campionato-italiano-e24-a-punta-ala\/#primaryimage"},"image":{"@id":"https:\/\/www.ccaniene.com\/en\/ccaniene-trionfa-al-campionato-italiano-e24-a-punta-ala\/#primaryimage"},"thumbnailUrl":"https:\/\/www.ccaniene.com\/wp-content\/uploads\/2015\/05\/image1-4.jpg","datePublished":"2015-05-25T15:21:50+00:00","dateModified":"2015-05-25T15:21:50+00:00","author":{"@id":"https:\/\/www.ccaniene.com\/it_it\/#\/schema\/person\/e9d8dc6c30c855799a336858c8ea05da"},"breadcrumb":{"@id":"https:\/\/www.ccaniene.com\/en\/ccaniene-trionfa-al-campionato-italiano-e24-a-punta-ala\/#breadcrumb"},"inLanguage":"it-IT","potentialAction":[{"@type":"ReadAction","target":["https:\/\/www.ccaniene.com\/en\/ccaniene-trionfa-al-campionato-italiano-e24-a-punta-ala\/"]}]},{"@type":"ImageObject","inLanguage":"it-IT","@id":"https:\/\/www.ccaniene.com\/en\/ccaniene-trionfa-al-campionato-italiano-e24-a-punta-ala\/#primaryimage","url":"https:\/\/www.ccaniene.com\/wp-content\/uploads\/2015\/05\/image1-4.jpg","contentUrl":"https:\/\/www.ccaniene.com\/wp-content\/uploads\/2015\/05\/image1-4.jpg","width":720,"height":540},{"@type":"BreadcrumbList","@id":"https:\/\/www.ccaniene.com\/en\/ccaniene-trionfa-al-campionato-italiano-e24-a-punta-ala\/#breadcrumb","itemListElement":[{"@type":"ListItem","position":1,"name":"Home","item":"https:\/\/www.ccaniene.com\/it_it\/"},{"@type":"ListItem","position":2,"name":"CCANIENE trionfa al Campionato Italiano E24 a Punta Ala"}]},{"@type":"WebSite","@id":"https:\/\/www.ccaniene.com\/it_it\/#website","url":"https:\/\/www.ccaniene.com\/it_it\/","name":"Circolo Canottieri Aniene","description":"Collare d&#039;Oro e Stella d&#039;Oro al Merito Sportivo","potentialAction":[{"@type":"SearchAction","target":{"@type":"EntryPoint","urlTemplate":"https:\/\/www.ccaniene.com\/it_it\/?s={search_term_string}"},"query-input":{"@type":"PropertyValueSpecification","valueRequired":true,"valueName":"search_term_string"}}],"inLanguage":"it-IT"},{"@type":"Person","@id":"https:\/\/www.ccaniene.com\/it_it\/#\/schema\/person\/e9d8dc6c30c855799a336858c8ea05da","name":"ccaniene1892","image":{"@type":"ImageObject","inLanguage":"it-IT","@id":"https:\/\/www.ccaniene.com\/it_it\/#\/schema\/person\/image\/","url":"https:\/\/secure.gravatar.com\/avatar\/3458910e74e84c55d38369b8a2dd355c?s=96&d=mm&r=g","contentUrl":"https:\/\/secure.gravatar.com\/avatar\/3458910e74e84c55d38369b8a2dd355c?s=96&d=mm&r=g","caption":"ccaniene1892"},"url":"https:\/\/www.ccaniene.com\/it_it\/author\/ccaniene1892\/"}]}},"_links":{"self":[{"href":"https:\/\/www.ccaniene.com\/it_it\/wp-json\/wp\/v2\/posts\/7963"}],"collection":[{"href":"https:\/\/www.ccaniene.com\/it_it\/wp-json\/wp\/v2\/posts"}],"about":[{"href":"https:\/\/www.ccaniene.com\/it_it\/wp-json\/wp\/v2\/types\/post"}],"author":[{"embeddable":true,"href":"https:\/\/www.ccaniene.com\/it_it\/wp-json\/wp\/v2\/users\/6630"}],"replies":[{"embeddable":true,"href":"https:\/\/www.ccaniene.com\/it_it\/wp-json\/wp\/v2\/comments?post=7963"}],"version-history":[{"count":1,"href":"https:\/\/www.ccaniene.com\/it_it\/wp-json\/wp\/v2\/posts\/7963\/revisions"}],"predecessor-version":[{"id":7965,"href":"https:\/\/www.ccaniene.com\/it_it\/wp-json\/wp\/v2\/posts\/7963\/revisions\/7965"}],"wp:featuredmedia":[{"embeddable":true,"href":"https:\/\/www.ccaniene.com\/it_it\/wp-json\/wp\/v2\/media\/7964"}],"wp:attachment":[{"href":"https:\/\/www.ccaniene.com\/it_it\/wp-json\/wp\/v2\/media?parent=7963"}],"wp:term":[{"taxonomy":"category","embeddable":true,"href":"https:\/\/www.ccaniene.com\/it_it\/wp-json\/wp\/v2\/categories?post=7963"},{"taxonomy":"post_tag","embeddable":true,"href":"https:\/\/www.ccaniene.com\/it_it\/wp-json\/wp\/v2\/tags?post=7963"}],"curies":[{"name":"wp","href":"https:\/\/api.w.org\/{rel}","templated":true}]}}