{"id":777,"date":"2013-06-21T08:29:13","date_gmt":"2013-06-21T08:29:13","guid":{"rendered":""},"modified":"2013-06-21T08:29:13","modified_gmt":"2013-06-21T08:29:13","slug":"este-24-alviero-martini-1o-classe-cup-ridecosi-detta-legge-a-san-vincenzo","status":"publish","type":"post","link":"https:\/\/www.ccaniene.com\/it_it\/este-24-alviero-martini-1o-classe-cup-ridecosi-detta-legge-a-san-vincenzo\/","title":{"rendered":"Este 24 Alviero Martini 1\u00aa Classe Cup: RiDeCoS\u00ec detta legge a San Vincenzo"},"content":{"rendered":"\n<p><img decoding=\"async\" src=\"http:\/\/www.ccaniene.com\/wp-content\/uploads\/dsc_8371.jpg\" border=\"0\" width=\"200\" style=\"float: left; margin-right: 8px;\" \/>Este 24 Alviero Martini 1\u00aa Classe Cup a San Vincenzo in un week end dai colori finalmente estivi. Dopo il Campionato Nazionale di fine maggio con toni tipicamente autunnali e condizioni monsoniche, la flotta degli Este 24 torna in mare per la quinta tappa del circuito Alviero Martini 1\u00aa Classe Cup.<\/p>\n<p \/>La prima giornata si apre con un vento a regime di brezza a salire nell&#8217;arco della giornata. Tre regate portate a termine dal Comitato di Regata del Circolo Nautico San Vincenzo. Come detto in apertura l&#8217;estate si fa sentire e gli equipaggi soffrono un po&#8217; il caldo, ma la giornata \u00e8 troppo \u201cperfetta\u201d per potersi lamentare. Con lo scudetto cucito sulle maglie, Ricca D&#8217;este di Marco Flemma mette tre secondi posti in fila che gli vale la testa della classifica della prima giornata, davanti a RiDeCoS\u00ec, timonata da Roberto Emanuele de Felice e La Poderosa Agt di Roberto Ugolini. A Gorditos II, Frog e RiDeCoS\u00ec le vittorie di manche.<br \/>\n<!--more-->\n<\/p>\n<p>La seconda giornata si apre con Eolo svogliato e il caldo in aumento, le previsioni non sbagliano, ma il comitato vuol portare a casa almeno due prove, in modo da far \u201cscattare\u201d lo scarto per premiare i pi\u00f9 costanti nella due giorni di regate. Dopo la cena sociale della sera precedente l&#8217;umore agli ormeggi del Marina di San Vincenzo \u00e8 ottimo. Un po&#8217; di corrente e poco vento per\u00f2 sono l&#8217;insidia che attender\u00e0 gli equipaggi in mare. La prima prova \u00e8 una sorta di \u201cprova di podio\u201d. RiDeCoS\u00ec, Ricca D&#8217;Este e La Poderosa, il tris \u00e8 servito. C&#8217;\u00e8 tempo per la quinta prova e per lo scarto che premia RiDeCoS\u00ec timonata da Roberto Emanuele de Felice, vincitore di questa quinta tappa Este24 Alviero Martini 1\u00aa Classe Cup, davanti a Ricca D&#8217;Este, La Poderosa Agt, Wasabino e Frog. A Wasabino di Gianluca Raggi, con Luigi Ravioli alla tattica, va il premio \u201cEquipaggio Fashion\u201d. Il Circolo Nautico San Vincenzo premia anche l&#8217;equipaggio \u201crosa\u201d della Prima della Classe, l&#8217;equipaggio pi\u00f9 lontano \u201cGnam Gnam\u201d, con i suoi 950 percorsi e \u201cBellavita\u201d, il pi\u00f9 nuovo, da Lugano, dell&#8217;Armatore Filippo Taiana.<\/p>\n<p>\u201cRiuscire ad infilare tre primi posti fa capire il potenziale di questo equipaggio \u2013 sono le parole di Roberto Emanuele de Felice, timoniere di RiDeCoS\u00ec \u2013 sono molto soddisfatto del lavoro fatto e di questa vittoria, dopo aver sfiorato il titolo al Nazionale di Scarlino. Con Alessandro Maria Rinaldi ci diamo il cambio, perch\u00e8 la stagione per il C.C.Aniene Sezione Altura \u00e8 molto intenso e la prossima settimana ci aspettiamo un appuntamento mondiale.\u201d<\/p>\n<p>Si ringrazia: Il Marina San Vincenzo, Cantiere Navale Golfo di Mola, Circolo Nautico San Vincenzo, Yacht Club San Vincenzo. Un ringraziamento speciale a Carlo Pulcini per il suo contributo speciale. Appuntamento a settembre, per il gran finale di San Marinella. Ricordiamo regate extra circuito trofeo bizzarri e palio dei quadranti, interessante regata organizzata dal Circolo di Fiumicino, parallela ad una gara di gastronomia.<\/p>\n<p>Alviero Martini S.p.A.<\/p>\n<p>La Alviero Martini S.p.A., fondata nel 1989, continua un percorso di crescita costante e strutturata in Italia e all\u2019estero. Oggi il brand Alviero Martini 1A Classe \u00e8 presente in numerose categorie di prodotto tra le quali: pelletteria e calzature, abbigliamento donna e uomo, orologi, penne e monili, linee bambino, cravatte e foulard, beach wear. Il gruppo vanta flagship store e monomarca sul territorio nazionale nonch\u00e9 una rete qualificata di punti vendita multimarca. Il brand \u00e8 distribuito in Europa, Middle East e Far East attraverso boutique monomarca e rivenditori specializzati. Dal 2003 l\u2019azionista di riferimento del gruppo \u00e8 Final S.p.A. e Presidente e proprietaria dell\u2019Alviero Martini S.p.A. \u00e8 Luisa Angelini.<\/p>\n","protected":false},"excerpt":{"rendered":"<p>Este 24 Alviero Martini 1\u00aa Classe Cup a San Vincenzo in un week end dai colori finalmente estivi. Dopo il Campionato Nazionale di fine maggio con toni tipicamente autunnali e condizioni monsoniche, la flotta degli Este 24 torna in mare per la quinta tappa del circuito Alviero Martini 1\u00aa Classe Cup. La prima giornata si [&hellip;]<\/p>\n","protected":false},"author":352,"featured_media":0,"comment_status":"open","ping_status":"closed","sticky":true,"template":"","format":"standard","meta":{"pmpro_default_level":0,"footnotes":"","_links_to":"","_links_to_target":""},"categories":[26],"tags":[],"class_list":["post-777","post","type-post","status-publish","format-standard","hentry","category-vela","pmpro-has-access"],"featured_image_urls":{},"appp_media":null,"yoast_head":"<!-- This site is optimized with the Yoast SEO plugin v23.6 - https:\/\/yoast.com\/wordpress\/plugins\/seo\/ -->\n<title>Este 24 Alviero Martini 1\u00aa Classe Cup: RiDeCoS\u00ec detta legge a San Vincenzo - Circolo Canottieri Aniene<\/title>\n<meta name=\"robots\" content=\"index, follow, max-snippet:-1, max-image-preview:large, max-video-preview:-1\" \/>\n<link rel=\"canonical\" href=\"https:\/\/www.ccaniene.com\/it_it\/este-24-alviero-martini-1o-classe-cup-ridecosi-detta-legge-a-san-vincenzo\/\" \/>\n<meta property=\"og:locale\" content=\"it_IT\" \/>\n<meta property=\"og:type\" content=\"article\" \/>\n<meta property=\"og:title\" content=\"Este 24 Alviero Martini 1\u00aa Classe Cup: RiDeCoS\u00ec detta legge a San Vincenzo - Circolo Canottieri Aniene\" \/>\n<meta property=\"og:description\" content=\"Este 24 Alviero Martini 1\u00aa Classe Cup a San Vincenzo in un week end dai colori finalmente estivi. Dopo il Campionato Nazionale di fine maggio con toni tipicamente autunnali e condizioni monsoniche, la flotta degli Este 24 torna in mare per la quinta tappa del circuito Alviero Martini 1\u00aa Classe Cup. La prima giornata si [&hellip;]\" \/>\n<meta property=\"og:url\" content=\"https:\/\/www.ccaniene.com\/it_it\/este-24-alviero-martini-1o-classe-cup-ridecosi-detta-legge-a-san-vincenzo\/\" \/>\n<meta property=\"og:site_name\" content=\"Circolo Canottieri Aniene\" \/>\n<meta property=\"article:published_time\" content=\"2013-06-21T08:29:13+00:00\" \/>\n<meta property=\"og:image\" content=\"http:\/\/www.ccaniene.com\/wp-content\/uploads\/dsc_8371.jpg\" \/>\n<meta name=\"twitter:card\" content=\"summary_large_image\" \/>\n<meta name=\"twitter:label1\" content=\"Scritto da\" \/>\n\t<meta name=\"twitter:data1\" content=\"\" \/>\n\t<meta name=\"twitter:label2\" content=\"Tempo di lettura stimato\" \/>\n\t<meta name=\"twitter:data2\" content=\"3 minuti\" \/>\n<script type=\"application\/ld+json\" class=\"yoast-schema-graph\">{\"@context\":\"https:\/\/schema.org\",\"@graph\":[{\"@type\":\"WebPage\",\"@id\":\"https:\/\/www.ccaniene.com\/it_it\/este-24-alviero-martini-1o-classe-cup-ridecosi-detta-legge-a-san-vincenzo\/\",\"url\":\"https:\/\/www.ccaniene.com\/it_it\/este-24-alviero-martini-1o-classe-cup-ridecosi-detta-legge-a-san-vincenzo\/\",\"name\":\"Este 24 Alviero Martini 1\u00aa Classe Cup: RiDeCoS\u00ec detta legge a San Vincenzo - Circolo Canottieri Aniene\",\"isPartOf\":{\"@id\":\"http:\/\/www.ccaniene.com\/it_it\/#website\"},\"primaryImageOfPage\":{\"@id\":\"https:\/\/www.ccaniene.com\/it_it\/este-24-alviero-martini-1o-classe-cup-ridecosi-detta-legge-a-san-vincenzo\/#primaryimage\"},\"image\":{\"@id\":\"https:\/\/www.ccaniene.com\/it_it\/este-24-alviero-martini-1o-classe-cup-ridecosi-detta-legge-a-san-vincenzo\/#primaryimage\"},\"thumbnailUrl\":\"http:\/\/www.ccaniene.com\/wp-content\/uploads\/dsc_8371.jpg\",\"datePublished\":\"2013-06-21T08:29:13+00:00\",\"dateModified\":\"2013-06-21T08:29:13+00:00\",\"author\":{\"@id\":\"\"},\"breadcrumb\":{\"@id\":\"https:\/\/www.ccaniene.com\/it_it\/este-24-alviero-martini-1o-classe-cup-ridecosi-detta-legge-a-san-vincenzo\/#breadcrumb\"},\"inLanguage\":\"it-IT\",\"potentialAction\":[{\"@type\":\"ReadAction\",\"target\":[\"https:\/\/www.ccaniene.com\/it_it\/este-24-alviero-martini-1o-classe-cup-ridecosi-detta-legge-a-san-vincenzo\/\"]}]},{\"@type\":\"ImageObject\",\"inLanguage\":\"it-IT\",\"@id\":\"https:\/\/www.ccaniene.com\/it_it\/este-24-alviero-martini-1o-classe-cup-ridecosi-detta-legge-a-san-vincenzo\/#primaryimage\",\"url\":\"http:\/\/www.ccaniene.com\/wp-content\/uploads\/dsc_8371.jpg\",\"contentUrl\":\"http:\/\/www.ccaniene.com\/wp-content\/uploads\/dsc_8371.jpg\"},{\"@type\":\"BreadcrumbList\",\"@id\":\"https:\/\/www.ccaniene.com\/it_it\/este-24-alviero-martini-1o-classe-cup-ridecosi-detta-legge-a-san-vincenzo\/#breadcrumb\",\"itemListElement\":[{\"@type\":\"ListItem\",\"position\":1,\"name\":\"Home\",\"item\":\"http:\/\/www.ccaniene.com\/it_it\/\"},{\"@type\":\"ListItem\",\"position\":2,\"name\":\"Este 24 Alviero Martini 1\u00aa Classe Cup: RiDeCoS\u00ec detta legge a San Vincenzo\"}]},{\"@type\":\"WebSite\",\"@id\":\"http:\/\/www.ccaniene.com\/it_it\/#website\",\"url\":\"http:\/\/www.ccaniene.com\/it_it\/\",\"name\":\"Circolo Canottieri Aniene\",\"description\":\"Collare d&#039;Oro e Stella d&#039;Oro al Merito Sportivo\",\"potentialAction\":[{\"@type\":\"SearchAction\",\"target\":{\"@type\":\"EntryPoint\",\"urlTemplate\":\"http:\/\/www.ccaniene.com\/it_it\/?s={search_term_string}\"},\"query-input\":{\"@type\":\"PropertyValueSpecification\",\"valueRequired\":true,\"valueName\":\"search_term_string\"}}],\"inLanguage\":\"it-IT\"},{\"@type\":\"Person\",\"@id\":\"\",\"url\":\"https:\/\/www.ccaniene.com\/it_it\/author\/\"}]}<\/script>\n<!-- \/ Yoast SEO plugin. -->","yoast_head_json":{"title":"Este 24 Alviero Martini 1\u00aa Classe Cup: RiDeCoS\u00ec detta legge a San Vincenzo - Circolo Canottieri Aniene","robots":{"index":"index","follow":"follow","max-snippet":"max-snippet:-1","max-image-preview":"max-image-preview:large","max-video-preview":"max-video-preview:-1"},"canonical":"https:\/\/www.ccaniene.com\/it_it\/este-24-alviero-martini-1o-classe-cup-ridecosi-detta-legge-a-san-vincenzo\/","og_locale":"it_IT","og_type":"article","og_title":"Este 24 Alviero Martini 1\u00aa Classe Cup: RiDeCoS\u00ec detta legge a San Vincenzo - Circolo Canottieri Aniene","og_description":"Este 24 Alviero Martini 1\u00aa Classe Cup a San Vincenzo in un week end dai colori finalmente estivi. Dopo il Campionato Nazionale di fine maggio con toni tipicamente autunnali e condizioni monsoniche, la flotta degli Este 24 torna in mare per la quinta tappa del circuito Alviero Martini 1\u00aa Classe Cup. La prima giornata si [&hellip;]","og_url":"https:\/\/www.ccaniene.com\/it_it\/este-24-alviero-martini-1o-classe-cup-ridecosi-detta-legge-a-san-vincenzo\/","og_site_name":"Circolo Canottieri Aniene","article_published_time":"2013-06-21T08:29:13+00:00","og_image":[{"url":"http:\/\/www.ccaniene.com\/wp-content\/uploads\/dsc_8371.jpg"}],"twitter_card":"summary_large_image","twitter_misc":{"Scritto da":"","Tempo di lettura stimato":"3 minuti"},"schema":{"@context":"https:\/\/schema.org","@graph":[{"@type":"WebPage","@id":"https:\/\/www.ccaniene.com\/it_it\/este-24-alviero-martini-1o-classe-cup-ridecosi-detta-legge-a-san-vincenzo\/","url":"https:\/\/www.ccaniene.com\/it_it\/este-24-alviero-martini-1o-classe-cup-ridecosi-detta-legge-a-san-vincenzo\/","name":"Este 24 Alviero Martini 1\u00aa Classe Cup: RiDeCoS\u00ec detta legge a San Vincenzo - Circolo Canottieri Aniene","isPartOf":{"@id":"http:\/\/www.ccaniene.com\/it_it\/#website"},"primaryImageOfPage":{"@id":"https:\/\/www.ccaniene.com\/it_it\/este-24-alviero-martini-1o-classe-cup-ridecosi-detta-legge-a-san-vincenzo\/#primaryimage"},"image":{"@id":"https:\/\/www.ccaniene.com\/it_it\/este-24-alviero-martini-1o-classe-cup-ridecosi-detta-legge-a-san-vincenzo\/#primaryimage"},"thumbnailUrl":"http:\/\/www.ccaniene.com\/wp-content\/uploads\/dsc_8371.jpg","datePublished":"2013-06-21T08:29:13+00:00","dateModified":"2013-06-21T08:29:13+00:00","author":{"@id":""},"breadcrumb":{"@id":"https:\/\/www.ccaniene.com\/it_it\/este-24-alviero-martini-1o-classe-cup-ridecosi-detta-legge-a-san-vincenzo\/#breadcrumb"},"inLanguage":"it-IT","potentialAction":[{"@type":"ReadAction","target":["https:\/\/www.ccaniene.com\/it_it\/este-24-alviero-martini-1o-classe-cup-ridecosi-detta-legge-a-san-vincenzo\/"]}]},{"@type":"ImageObject","inLanguage":"it-IT","@id":"https:\/\/www.ccaniene.com\/it_it\/este-24-alviero-martini-1o-classe-cup-ridecosi-detta-legge-a-san-vincenzo\/#primaryimage","url":"http:\/\/www.ccaniene.com\/wp-content\/uploads\/dsc_8371.jpg","contentUrl":"http:\/\/www.ccaniene.com\/wp-content\/uploads\/dsc_8371.jpg"},{"@type":"BreadcrumbList","@id":"https:\/\/www.ccaniene.com\/it_it\/este-24-alviero-martini-1o-classe-cup-ridecosi-detta-legge-a-san-vincenzo\/#breadcrumb","itemListElement":[{"@type":"ListItem","position":1,"name":"Home","item":"http:\/\/www.ccaniene.com\/it_it\/"},{"@type":"ListItem","position":2,"name":"Este 24 Alviero Martini 1\u00aa Classe Cup: RiDeCoS\u00ec detta legge a San Vincenzo"}]},{"@type":"WebSite","@id":"http:\/\/www.ccaniene.com\/it_it\/#website","url":"http:\/\/www.ccaniene.com\/it_it\/","name":"Circolo Canottieri Aniene","description":"Collare d&#039;Oro e Stella d&#039;Oro al Merito Sportivo","potentialAction":[{"@type":"SearchAction","target":{"@type":"EntryPoint","urlTemplate":"http:\/\/www.ccaniene.com\/it_it\/?s={search_term_string}"},"query-input":{"@type":"PropertyValueSpecification","valueRequired":true,"valueName":"search_term_string"}}],"inLanguage":"it-IT"},{"@type":"Person","@id":"","url":"https:\/\/www.ccaniene.com\/it_it\/author\/"}]}},"_links":{"self":[{"href":"https:\/\/www.ccaniene.com\/it_it\/wp-json\/wp\/v2\/posts\/777"}],"collection":[{"href":"https:\/\/www.ccaniene.com\/it_it\/wp-json\/wp\/v2\/posts"}],"about":[{"href":"https:\/\/www.ccaniene.com\/it_it\/wp-json\/wp\/v2\/types\/post"}],"author":[{"embeddable":true,"href":"https:\/\/www.ccaniene.com\/it_it\/wp-json\/wp\/v2\/users\/352"}],"replies":[{"embeddable":true,"href":"https:\/\/www.ccaniene.com\/it_it\/wp-json\/wp\/v2\/comments?post=777"}],"version-history":[{"count":0,"href":"https:\/\/www.ccaniene.com\/it_it\/wp-json\/wp\/v2\/posts\/777\/revisions"}],"wp:attachment":[{"href":"https:\/\/www.ccaniene.com\/it_it\/wp-json\/wp\/v2\/media?parent=777"}],"wp:term":[{"taxonomy":"category","embeddable":true,"href":"https:\/\/www.ccaniene.com\/it_it\/wp-json\/wp\/v2\/categories?post=777"},{"taxonomy":"post_tag","embeddable":true,"href":"https:\/\/www.ccaniene.com\/it_it\/wp-json\/wp\/v2\/tags?post=777"}],"curies":[{"name":"wp","href":"https:\/\/api.w.org\/{rel}","templated":true}]}}