{"id":758,"date":"2013-06-03T08:27:52","date_gmt":"2013-06-03T08:27:52","guid":{"rendered":""},"modified":"2013-06-03T08:27:52","modified_gmt":"2013-06-03T08:27:52","slug":"risultati-della-regata-nazionale-470-di-formia","status":"publish","type":"post","link":"https:\/\/www.ccaniene.com\/it_it\/risultati-della-regata-nazionale-470-di-formia\/","title":{"rendered":"Risultati della Regata Nazionale 470 di Formia"},"content":{"rendered":"\n<p><img decoding=\"async\" src=\"http:\/\/www.ccaniene.com\/wp-content\/uploads\/berta sinno 2.jpg\" border=\"0\" width=\"200\" style=\"float: left; margin-right: 8px;\" \/>Un fine settimana con un meteo di difficile interpretazione ha caratterizzato la regata nazionale 470  a Formia.<\/p>\n<p \/>Dopo la prima giornata i nostri <strong>Francesco<\/strong> <strong>Falcetelli<\/strong> e <strong>Enrico\u00a0Clementi<\/strong> erano secondi assoluti e primi degli italiani, addirittura le ragazze <strong>Roberta<\/strong> <strong>Caputo<\/strong> e <strong>Giulia<\/strong> <strong>Paolillo<\/strong> erano il migliore equipaggio femminile della flotta.\u00a0<br \/>\n<!--more-->\n<\/p>\n<p>Cosa sia accaduto nella notte di sabato \u00e8 di difficile spiegazione, tant\u2019\u00e8 che la classifica si \u00e8 evoluta cos\u00ec:<\/p>\n<p>1\u00b0 assoluta equipaggio olimpico femminile nzl JO ALEH-POLLY POWRE<\/p>\n<p>2\u00b0assoluto , primo equipaggio maschile e primo Italiano  Capurro &#8211; Damiani<\/p>\n<p>1\u00b0 equipaggio femminile italiano:Eugenia di Girolamo -Giulia Moetto LNI<\/p>\n<p>2\u00b0 equipaggio femminile italiano : <strong>ROBERTA CAPUTO <\/strong>&#8211; <strong>GIULIA PAOLILLO<\/strong> Circolo Canottieri Aniene<\/p>\n<p>Il C.C. ANIENE  HA CONQUISTATO PER LA QUARTA VOLTA SU QUATTRO REGATE IL TROFEO DEL MIGLIOR CIRCOLO in base ai piazzamenti dei propri atleti.<\/p>\n<p>Giancarlo Gianni, dirigente della sezione Vela: &#8220;Si ama sempre il campo di regata che ci vede fare bene, e sabato i nostri erano in una condizione\u00a0<span style=\"font-size: 10px;\">di classifica  eccellente. Ma le regate sono fatte da percorsi difficili da interpretare, e credo che i nostri nella mediocre prestazione di domenica abbiano imparato pi\u00f9 che nella giornata di sabato&#8230;Almeno spero.&#8221; <\/span><\/p>\n<p><span style=\"font-size: 10px;\">Appuntamento al 9 giugno per il Campionato Europeo 470, stesso campo ma posta in palio ben pi\u00f9 alta , sar\u00e0 presente tutto  il podio di weymouth, i nostri obiettivi permangono inalterati ed ambiziosi.<\/span><\/p>\n","protected":false},"excerpt":{"rendered":"<p>Un fine settimana con un meteo di difficile interpretazione ha caratterizzato la regata nazionale 470 a Formia. Dopo la prima giornata i nostri Francesco Falcetelli e Enrico\u00a0Clementi erano secondi assoluti e primi degli italiani, addirittura le ragazze Roberta Caputo e Giulia Paolillo erano il migliore equipaggio femminile della flotta.\u00a0<\/p>\n","protected":false},"author":352,"featured_media":0,"comment_status":"open","ping_status":"closed","sticky":true,"template":"","format":"standard","meta":{"pmpro_default_level":0,"footnotes":"","_links_to":"","_links_to_target":""},"categories":[26],"tags":[],"class_list":["post-758","post","type-post","status-publish","format-standard","hentry","category-vela","pmpro-has-access"],"featured_image_urls":{},"appp_media":null,"yoast_head":"<!-- This site is optimized with the Yoast SEO plugin v23.6 - https:\/\/yoast.com\/wordpress\/plugins\/seo\/ -->\n<title>Risultati della Regata Nazionale 470 di Formia - Circolo Canottieri Aniene<\/title>\n<meta name=\"robots\" content=\"index, follow, max-snippet:-1, max-image-preview:large, max-video-preview:-1\" \/>\n<link rel=\"canonical\" href=\"https:\/\/www.ccaniene.com\/it_it\/risultati-della-regata-nazionale-470-di-formia\/\" \/>\n<meta property=\"og:locale\" content=\"it_IT\" \/>\n<meta property=\"og:type\" content=\"article\" \/>\n<meta property=\"og:title\" content=\"Risultati della Regata Nazionale 470 di Formia - Circolo Canottieri Aniene\" \/>\n<meta property=\"og:description\" content=\"Un fine settimana con un meteo di difficile interpretazione ha caratterizzato la regata nazionale 470 a Formia. Dopo la prima giornata i nostri Francesco Falcetelli e Enrico\u00a0Clementi erano secondi assoluti e primi degli italiani, addirittura le ragazze Roberta Caputo e Giulia Paolillo erano il migliore equipaggio femminile della flotta.\u00a0\" \/>\n<meta property=\"og:url\" content=\"https:\/\/www.ccaniene.com\/it_it\/risultati-della-regata-nazionale-470-di-formia\/\" \/>\n<meta property=\"og:site_name\" content=\"Circolo Canottieri Aniene\" \/>\n<meta property=\"article:published_time\" content=\"2013-06-03T08:27:52+00:00\" \/>\n<meta property=\"og:image\" content=\"https:\/\/www.ccaniene.com\/wp-content\/uploads\/2008\/02\/DSC_0354_1-1.jpg\" \/>\n\t<meta property=\"og:image:width\" content=\"960\" \/>\n\t<meta property=\"og:image:height\" content=\"639\" \/>\n\t<meta property=\"og:image:type\" content=\"image\/jpeg\" \/>\n<meta name=\"twitter:card\" content=\"summary_large_image\" \/>\n<meta name=\"twitter:label1\" content=\"Scritto da\" \/>\n\t<meta name=\"twitter:data1\" content=\"\" \/>\n\t<meta name=\"twitter:label2\" content=\"Tempo di lettura stimato\" \/>\n\t<meta name=\"twitter:data2\" content=\"1 minuto\" \/>\n<script type=\"application\/ld+json\" class=\"yoast-schema-graph\">{\"@context\":\"https:\/\/schema.org\",\"@graph\":[{\"@type\":\"WebPage\",\"@id\":\"https:\/\/www.ccaniene.com\/it_it\/risultati-della-regata-nazionale-470-di-formia\/\",\"url\":\"https:\/\/www.ccaniene.com\/it_it\/risultati-della-regata-nazionale-470-di-formia\/\",\"name\":\"Risultati della Regata Nazionale 470 di Formia - Circolo Canottieri Aniene\",\"isPartOf\":{\"@id\":\"http:\/\/www.ccaniene.com\/it_it\/#website\"},\"datePublished\":\"2013-06-03T08:27:52+00:00\",\"dateModified\":\"2013-06-03T08:27:52+00:00\",\"author\":{\"@id\":\"\"},\"breadcrumb\":{\"@id\":\"https:\/\/www.ccaniene.com\/it_it\/risultati-della-regata-nazionale-470-di-formia\/#breadcrumb\"},\"inLanguage\":\"it-IT\",\"potentialAction\":[{\"@type\":\"ReadAction\",\"target\":[\"https:\/\/www.ccaniene.com\/it_it\/risultati-della-regata-nazionale-470-di-formia\/\"]}]},{\"@type\":\"BreadcrumbList\",\"@id\":\"https:\/\/www.ccaniene.com\/it_it\/risultati-della-regata-nazionale-470-di-formia\/#breadcrumb\",\"itemListElement\":[{\"@type\":\"ListItem\",\"position\":1,\"name\":\"Home\",\"item\":\"http:\/\/www.ccaniene.com\/it_it\/\"},{\"@type\":\"ListItem\",\"position\":2,\"name\":\"Risultati della Regata Nazionale 470 di Formia\"}]},{\"@type\":\"WebSite\",\"@id\":\"http:\/\/www.ccaniene.com\/it_it\/#website\",\"url\":\"http:\/\/www.ccaniene.com\/it_it\/\",\"name\":\"Circolo Canottieri Aniene\",\"description\":\"Collare d&#039;Oro e Stella d&#039;Oro al Merito Sportivo\",\"potentialAction\":[{\"@type\":\"SearchAction\",\"target\":{\"@type\":\"EntryPoint\",\"urlTemplate\":\"http:\/\/www.ccaniene.com\/it_it\/?s={search_term_string}\"},\"query-input\":{\"@type\":\"PropertyValueSpecification\",\"valueRequired\":true,\"valueName\":\"search_term_string\"}}],\"inLanguage\":\"it-IT\"},{\"@type\":\"Person\",\"@id\":\"\",\"url\":\"https:\/\/www.ccaniene.com\/it_it\/author\/\"}]}<\/script>\n<!-- \/ Yoast SEO plugin. -->","yoast_head_json":{"title":"Risultati della Regata Nazionale 470 di Formia - Circolo Canottieri Aniene","robots":{"index":"index","follow":"follow","max-snippet":"max-snippet:-1","max-image-preview":"max-image-preview:large","max-video-preview":"max-video-preview:-1"},"canonical":"https:\/\/www.ccaniene.com\/it_it\/risultati-della-regata-nazionale-470-di-formia\/","og_locale":"it_IT","og_type":"article","og_title":"Risultati della Regata Nazionale 470 di Formia - Circolo Canottieri Aniene","og_description":"Un fine settimana con un meteo di difficile interpretazione ha caratterizzato la regata nazionale 470 a Formia. Dopo la prima giornata i nostri Francesco Falcetelli e Enrico\u00a0Clementi erano secondi assoluti e primi degli italiani, addirittura le ragazze Roberta Caputo e Giulia Paolillo erano il migliore equipaggio femminile della flotta.\u00a0","og_url":"https:\/\/www.ccaniene.com\/it_it\/risultati-della-regata-nazionale-470-di-formia\/","og_site_name":"Circolo Canottieri Aniene","article_published_time":"2013-06-03T08:27:52+00:00","og_image":[{"width":960,"height":639,"url":"https:\/\/www.ccaniene.com\/wp-content\/uploads\/2008\/02\/DSC_0354_1-1.jpg","type":"image\/jpeg"}],"twitter_card":"summary_large_image","twitter_misc":{"Scritto da":"","Tempo di lettura stimato":"1 minuto"},"schema":{"@context":"https:\/\/schema.org","@graph":[{"@type":"WebPage","@id":"https:\/\/www.ccaniene.com\/it_it\/risultati-della-regata-nazionale-470-di-formia\/","url":"https:\/\/www.ccaniene.com\/it_it\/risultati-della-regata-nazionale-470-di-formia\/","name":"Risultati della Regata Nazionale 470 di Formia - Circolo Canottieri Aniene","isPartOf":{"@id":"http:\/\/www.ccaniene.com\/it_it\/#website"},"datePublished":"2013-06-03T08:27:52+00:00","dateModified":"2013-06-03T08:27:52+00:00","author":{"@id":""},"breadcrumb":{"@id":"https:\/\/www.ccaniene.com\/it_it\/risultati-della-regata-nazionale-470-di-formia\/#breadcrumb"},"inLanguage":"it-IT","potentialAction":[{"@type":"ReadAction","target":["https:\/\/www.ccaniene.com\/it_it\/risultati-della-regata-nazionale-470-di-formia\/"]}]},{"@type":"BreadcrumbList","@id":"https:\/\/www.ccaniene.com\/it_it\/risultati-della-regata-nazionale-470-di-formia\/#breadcrumb","itemListElement":[{"@type":"ListItem","position":1,"name":"Home","item":"http:\/\/www.ccaniene.com\/it_it\/"},{"@type":"ListItem","position":2,"name":"Risultati della Regata Nazionale 470 di Formia"}]},{"@type":"WebSite","@id":"http:\/\/www.ccaniene.com\/it_it\/#website","url":"http:\/\/www.ccaniene.com\/it_it\/","name":"Circolo Canottieri Aniene","description":"Collare d&#039;Oro e Stella d&#039;Oro al Merito Sportivo","potentialAction":[{"@type":"SearchAction","target":{"@type":"EntryPoint","urlTemplate":"http:\/\/www.ccaniene.com\/it_it\/?s={search_term_string}"},"query-input":{"@type":"PropertyValueSpecification","valueRequired":true,"valueName":"search_term_string"}}],"inLanguage":"it-IT"},{"@type":"Person","@id":"","url":"https:\/\/www.ccaniene.com\/it_it\/author\/"}]}},"_links":{"self":[{"href":"https:\/\/www.ccaniene.com\/it_it\/wp-json\/wp\/v2\/posts\/758"}],"collection":[{"href":"https:\/\/www.ccaniene.com\/it_it\/wp-json\/wp\/v2\/posts"}],"about":[{"href":"https:\/\/www.ccaniene.com\/it_it\/wp-json\/wp\/v2\/types\/post"}],"author":[{"embeddable":true,"href":"https:\/\/www.ccaniene.com\/it_it\/wp-json\/wp\/v2\/users\/352"}],"replies":[{"embeddable":true,"href":"https:\/\/www.ccaniene.com\/it_it\/wp-json\/wp\/v2\/comments?post=758"}],"version-history":[{"count":0,"href":"https:\/\/www.ccaniene.com\/it_it\/wp-json\/wp\/v2\/posts\/758\/revisions"}],"wp:attachment":[{"href":"https:\/\/www.ccaniene.com\/it_it\/wp-json\/wp\/v2\/media?parent=758"}],"wp:term":[{"taxonomy":"category","embeddable":true,"href":"https:\/\/www.ccaniene.com\/it_it\/wp-json\/wp\/v2\/categories?post=758"},{"taxonomy":"post_tag","embeddable":true,"href":"https:\/\/www.ccaniene.com\/it_it\/wp-json\/wp\/v2\/tags?post=758"}],"curies":[{"name":"wp","href":"https:\/\/api.w.org\/{rel}","templated":true}]}}