{"id":757,"date":"2013-05-31T08:49:35","date_gmt":"2013-05-31T08:49:35","guid":{"rendered":""},"modified":"2013-05-31T08:49:35","modified_gmt":"2013-05-31T08:49:35","slug":"i-470-allesame-di-formia","status":"publish","type":"post","link":"https:\/\/www.ccaniene.com\/it_it\/i-470-allesame-di-formia\/","title":{"rendered":"I 470 all\u2019esame di Formia"},"content":{"rendered":"\n<p><span style=\"font-size: 10px;\"><img decoding=\"async\" src=\"http:\/\/www.ccaniene.com\/wp-content\/uploads\/garda.jpg\" border=\"0\" width=\"200\" style=\"float: left; margin-right: 8px;\" \/>Nel  50\u00b0 anno dalla nascita della Classe 470  la cittadina laziale sar\u00e0 teatro dei pi\u00f9 importanti eventi nazionali ed internazionali di questa barca. <\/span><span style=\"font-size: 10px;\">Si comincia il prossimo week end, 1 e 2 giugno 2013, con la 4\u00b0 ed ultima regata nazionale e continuer\u00e0 la settimana successiva, da sabato 8 a sabato 15 giugno, con il campionato Europeo.<\/span><\/p>\n<p>La base logistica del Campionato Europeo 470 sar\u00e0 il porticciolo di Caposele, struttura nautica di origine romana restaurato nell\u2019800 dai Borboni, inserito in un percorso turistico e archeologico di grande interesse e in corso di riqualificazione, nei pressi del \u201clitorale di Vindicio\u201d, una delle aree centrali della citt\u00e0, molto frequentata nel periodo estivo.<\/p>\n<p>Presso il porticciolo sar\u00e0 realizzato anche il \u201cVillaggio della Vela\u201d, che ospiter\u00e0 gli eventi collaterali.<\/p>\n<p>Le aspirazioni dei nostri Atleti del <strong>\u201cTeam Salini Squadra Olimpica Circolo Canottieri Aniene\u201d <\/strong>per quanto riguarda la regata nazionale sono quelle di fare  l\u2019en\u2013plein, ovvero vincere per la quarta volta il premio come miglior Circolo classificato. Sar\u00e0 una regata particolare perch\u00e9 nella flotta ci saranno anche equipaggi che parteciperanno all\u2019europeo, e questo render\u00e0 pi\u00f9 alto il livello tecnico dell\u2019evento.<\/p>\n<p><!--more--><\/p>\n<p><span style=\"font-size: 10px;\">In gara all\u2019Europeo 470 di Formia 2013 saranno presenti ben 34 nazioni (Argentina, Australia, Austria, Brasile, Canada, Cina, Croazia, Spagna, Finlandia, Francia, Gran Bretagna, Germania, Grecia, Israele, Italia, Giappone, Malesia, Myanmar, Nuova Zelanda, Polonia, Russia, Portogallo, Slovenia, Svizzera, Stati Uniti, Svezia, Turchia, Bulgaria, Cile, Repubblica Ceca, Estonia, Olanda, Romania e Ucraina).<\/span><\/p>\n<p>Il livello tecnico dei partecipanti \u00e8 stellare. Basta considerare che a Formia 2013 sar\u00e0 presente l\u2019intero podio olimpico di Londra 2012 per il 470 maschile: il timoniere australiano Matthew Belcher con il nuovo prodiere Will Ryan (oro), gli inglesi Luke Patience e Jonathan Glanfield (argento) e gli argentini Lucas Calabrese e Juan De La Fuente (bronzo), l\u2019equipaggio che ha superato di un soffio gli azzurri Gabrio Zandon\u00e0 e Pietro Zucchetti alle Olimpiadi. Ci saranno inoltre i campioni europei in carica, i defender croati Sime Fantela e Igor Marenic, i forti spagnoli Jorge Martinez Doreste e Aaron Sarmiento Padilla, e il temibile team francese composto tra gli altri da due figli d\u2019arte come Sofian Bouvet e Kevin Peponnet.<\/p>\n<p>La vela azzurra schiera una squadra maschile folta (13 barche) che  vede presente al completo il \u201cTeam Salini Squadra Olimpica Circolo Canottieri Aniene\u201d: Falcetelli Clemente ,Spina Bernard ,Caputo Paolillo e Berta Sinno, altri  equipaggi di rilievo sono i campioni juniores mondiali e europei in carica, i triestini Simon Sivitz Kosuta e Jas Farneti, i liguri Matteo Capurro e Matteo Ramian,  Matteo Bertola e Massimiliano Berta (Aeronautica Militare). Sar\u00e0 presente il tecnico FIV Nicola Pitanti.<\/p>\n<p>Anche in campo femminile l\u2019Europeo 470 di Formia 2013 vede al via la medaglia d\u2019oro di Londra 2012, le neozelandesi Jo Aleh e Olivia Powrie. La flotta in rosa \u00e8 inoltre nobilitata dalla presenza dell\u2019australiana medaglia d\u2019oro a Pechino 2008 Elise Reichichi con Sarah Cook, dalle esperte francesi Maelen Lemaitre e Camille Lecontre, dal rinnovato dream team inglese.<\/p>\n<p>Tra le veliste azzurre (4 equipaggi) , anche  le nazionali Francesca Komatar e Sveva Carraro (Aeronautica Militare), e le giovani Gaia Scotti e Norma Nardeschi  Presente il tecnico FIV Andrea Trani.<\/p>\n<p><span style=\"font-size: 10px;\">IL PROGRAMMA<\/span><\/p>\n<p>Molti equipaggi sono gi\u00e0 a Formia in allenamento da alcuni giorni, il grosso della flotta \u00e8 in arrivo nei prossimi giorni. E per questo weekend 1-2 giugno \u00e8 prevista una Nazionale 470 che sta diventando un vero e proprio warm-up per l\u2019Europeo.<\/p>\n<p>Le prime regate da luned\u00ec 10 giugno nel golfo. Previsti 3 giorni di qualifiche con flotta divisa in batterie. Quindi giovedi 13 e venerdi 14 due giorni di finali per definire le classifiche. I titoli continentali (Maschile e Femminile assoluto e junior) saranno assegnati sabato 15 giugno con la disputa delle spettacolari Medal Race, le finalissime maschili e femminili tra i top 10 della classifica, a punteggio doppio non scartabile e con arbitraggio in mare.<\/p>\n<p>Queste finalissime saranno disputate molto vicino alla costa di Vindicio per consentire al pubblico di seguire le regate.<\/p>\n<p>A Formia saranno presenti tv e media nazionali e internazionali.<\/p>\n<p><a href=\"https:\/\/www.ccaniene.com\/news\/nuoto-paralimpico-record-mondiale-per-stefania-chiarioni\/\" target=\"_blank\">http:\/\/events.sailracer.org\/eventsites\/default_s.asp?eventid=124147<\/a><\/p>\n<p>\u00a0<\/p>\n","protected":false},"excerpt":{"rendered":"<p>Nel 50\u00b0 anno dalla nascita della Classe 470 la cittadina laziale sar\u00e0 teatro dei pi\u00f9 importanti eventi nazionali ed internazionali di questa barca. Si comincia il prossimo week end, 1 e 2 giugno 2013, con la 4\u00b0 ed ultima regata nazionale e continuer\u00e0 la settimana successiva, da sabato 8 a sabato 15 giugno, con il [&hellip;]<\/p>\n","protected":false},"author":352,"featured_media":0,"comment_status":"open","ping_status":"closed","sticky":true,"template":"","format":"standard","meta":{"pmpro_default_level":0,"footnotes":"","_links_to":"","_links_to_target":""},"categories":[26],"tags":[],"class_list":["post-757","post","type-post","status-publish","format-standard","hentry","category-vela","pmpro-has-access"],"featured_image_urls":{},"appp_media":null,"yoast_head":"<!-- This site is optimized with the Yoast SEO plugin v23.6 - https:\/\/yoast.com\/wordpress\/plugins\/seo\/ -->\n<title>I 470 all\u2019esame di Formia - Circolo Canottieri Aniene<\/title>\n<meta name=\"robots\" content=\"index, follow, max-snippet:-1, max-image-preview:large, max-video-preview:-1\" \/>\n<link rel=\"canonical\" href=\"https:\/\/www.ccaniene.com\/it_it\/i-470-allesame-di-formia\/\" \/>\n<meta property=\"og:locale\" content=\"it_IT\" \/>\n<meta property=\"og:type\" content=\"article\" \/>\n<meta property=\"og:title\" content=\"I 470 all\u2019esame di Formia - Circolo Canottieri Aniene\" \/>\n<meta property=\"og:description\" content=\"Nel 50\u00b0 anno dalla nascita della Classe 470 la cittadina laziale sar\u00e0 teatro dei pi\u00f9 importanti eventi nazionali ed internazionali di questa barca. Si comincia il prossimo week end, 1 e 2 giugno 2013, con la 4\u00b0 ed ultima regata nazionale e continuer\u00e0 la settimana successiva, da sabato 8 a sabato 15 giugno, con il [&hellip;]\" \/>\n<meta property=\"og:url\" content=\"https:\/\/www.ccaniene.com\/it_it\/i-470-allesame-di-formia\/\" \/>\n<meta property=\"og:site_name\" content=\"Circolo Canottieri Aniene\" \/>\n<meta property=\"article:published_time\" content=\"2013-05-31T08:49:35+00:00\" \/>\n<meta property=\"og:image\" content=\"http:\/\/www.ccaniene.com\/wp-content\/uploads\/garda.jpg\" \/>\n<meta name=\"twitter:card\" content=\"summary_large_image\" \/>\n<meta name=\"twitter:label1\" content=\"Scritto da\" \/>\n\t<meta name=\"twitter:data1\" content=\"\" \/>\n\t<meta name=\"twitter:label2\" content=\"Tempo di lettura stimato\" \/>\n\t<meta name=\"twitter:data2\" content=\"3 minuti\" \/>\n<script type=\"application\/ld+json\" class=\"yoast-schema-graph\">{\"@context\":\"https:\/\/schema.org\",\"@graph\":[{\"@type\":\"WebPage\",\"@id\":\"https:\/\/www.ccaniene.com\/it_it\/i-470-allesame-di-formia\/\",\"url\":\"https:\/\/www.ccaniene.com\/it_it\/i-470-allesame-di-formia\/\",\"name\":\"I 470 all\u2019esame di Formia - Circolo Canottieri Aniene\",\"isPartOf\":{\"@id\":\"http:\/\/www.ccaniene.com\/it_it\/#website\"},\"primaryImageOfPage\":{\"@id\":\"https:\/\/www.ccaniene.com\/it_it\/i-470-allesame-di-formia\/#primaryimage\"},\"image\":{\"@id\":\"https:\/\/www.ccaniene.com\/it_it\/i-470-allesame-di-formia\/#primaryimage\"},\"thumbnailUrl\":\"http:\/\/www.ccaniene.com\/wp-content\/uploads\/garda.jpg\",\"datePublished\":\"2013-05-31T08:49:35+00:00\",\"dateModified\":\"2013-05-31T08:49:35+00:00\",\"author\":{\"@id\":\"\"},\"breadcrumb\":{\"@id\":\"https:\/\/www.ccaniene.com\/it_it\/i-470-allesame-di-formia\/#breadcrumb\"},\"inLanguage\":\"it-IT\",\"potentialAction\":[{\"@type\":\"ReadAction\",\"target\":[\"https:\/\/www.ccaniene.com\/it_it\/i-470-allesame-di-formia\/\"]}]},{\"@type\":\"ImageObject\",\"inLanguage\":\"it-IT\",\"@id\":\"https:\/\/www.ccaniene.com\/it_it\/i-470-allesame-di-formia\/#primaryimage\",\"url\":\"http:\/\/www.ccaniene.com\/wp-content\/uploads\/garda.jpg\",\"contentUrl\":\"http:\/\/www.ccaniene.com\/wp-content\/uploads\/garda.jpg\"},{\"@type\":\"BreadcrumbList\",\"@id\":\"https:\/\/www.ccaniene.com\/it_it\/i-470-allesame-di-formia\/#breadcrumb\",\"itemListElement\":[{\"@type\":\"ListItem\",\"position\":1,\"name\":\"Home\",\"item\":\"http:\/\/www.ccaniene.com\/it_it\/\"},{\"@type\":\"ListItem\",\"position\":2,\"name\":\"I 470 all\u2019esame di Formia\"}]},{\"@type\":\"WebSite\",\"@id\":\"http:\/\/www.ccaniene.com\/it_it\/#website\",\"url\":\"http:\/\/www.ccaniene.com\/it_it\/\",\"name\":\"Circolo Canottieri Aniene\",\"description\":\"Collare d&#039;Oro e Stella d&#039;Oro al Merito Sportivo\",\"potentialAction\":[{\"@type\":\"SearchAction\",\"target\":{\"@type\":\"EntryPoint\",\"urlTemplate\":\"http:\/\/www.ccaniene.com\/it_it\/?s={search_term_string}\"},\"query-input\":{\"@type\":\"PropertyValueSpecification\",\"valueRequired\":true,\"valueName\":\"search_term_string\"}}],\"inLanguage\":\"it-IT\"},{\"@type\":\"Person\",\"@id\":\"\",\"url\":\"https:\/\/www.ccaniene.com\/it_it\/author\/\"}]}<\/script>\n<!-- \/ Yoast SEO plugin. -->","yoast_head_json":{"title":"I 470 all\u2019esame di Formia - Circolo Canottieri Aniene","robots":{"index":"index","follow":"follow","max-snippet":"max-snippet:-1","max-image-preview":"max-image-preview:large","max-video-preview":"max-video-preview:-1"},"canonical":"https:\/\/www.ccaniene.com\/it_it\/i-470-allesame-di-formia\/","og_locale":"it_IT","og_type":"article","og_title":"I 470 all\u2019esame di Formia - Circolo Canottieri Aniene","og_description":"Nel 50\u00b0 anno dalla nascita della Classe 470 la cittadina laziale sar\u00e0 teatro dei pi\u00f9 importanti eventi nazionali ed internazionali di questa barca. Si comincia il prossimo week end, 1 e 2 giugno 2013, con la 4\u00b0 ed ultima regata nazionale e continuer\u00e0 la settimana successiva, da sabato 8 a sabato 15 giugno, con il [&hellip;]","og_url":"https:\/\/www.ccaniene.com\/it_it\/i-470-allesame-di-formia\/","og_site_name":"Circolo Canottieri Aniene","article_published_time":"2013-05-31T08:49:35+00:00","og_image":[{"url":"http:\/\/www.ccaniene.com\/wp-content\/uploads\/garda.jpg"}],"twitter_card":"summary_large_image","twitter_misc":{"Scritto da":"","Tempo di lettura stimato":"3 minuti"},"schema":{"@context":"https:\/\/schema.org","@graph":[{"@type":"WebPage","@id":"https:\/\/www.ccaniene.com\/it_it\/i-470-allesame-di-formia\/","url":"https:\/\/www.ccaniene.com\/it_it\/i-470-allesame-di-formia\/","name":"I 470 all\u2019esame di Formia - Circolo Canottieri Aniene","isPartOf":{"@id":"http:\/\/www.ccaniene.com\/it_it\/#website"},"primaryImageOfPage":{"@id":"https:\/\/www.ccaniene.com\/it_it\/i-470-allesame-di-formia\/#primaryimage"},"image":{"@id":"https:\/\/www.ccaniene.com\/it_it\/i-470-allesame-di-formia\/#primaryimage"},"thumbnailUrl":"http:\/\/www.ccaniene.com\/wp-content\/uploads\/garda.jpg","datePublished":"2013-05-31T08:49:35+00:00","dateModified":"2013-05-31T08:49:35+00:00","author":{"@id":""},"breadcrumb":{"@id":"https:\/\/www.ccaniene.com\/it_it\/i-470-allesame-di-formia\/#breadcrumb"},"inLanguage":"it-IT","potentialAction":[{"@type":"ReadAction","target":["https:\/\/www.ccaniene.com\/it_it\/i-470-allesame-di-formia\/"]}]},{"@type":"ImageObject","inLanguage":"it-IT","@id":"https:\/\/www.ccaniene.com\/it_it\/i-470-allesame-di-formia\/#primaryimage","url":"http:\/\/www.ccaniene.com\/wp-content\/uploads\/garda.jpg","contentUrl":"http:\/\/www.ccaniene.com\/wp-content\/uploads\/garda.jpg"},{"@type":"BreadcrumbList","@id":"https:\/\/www.ccaniene.com\/it_it\/i-470-allesame-di-formia\/#breadcrumb","itemListElement":[{"@type":"ListItem","position":1,"name":"Home","item":"http:\/\/www.ccaniene.com\/it_it\/"},{"@type":"ListItem","position":2,"name":"I 470 all\u2019esame di Formia"}]},{"@type":"WebSite","@id":"http:\/\/www.ccaniene.com\/it_it\/#website","url":"http:\/\/www.ccaniene.com\/it_it\/","name":"Circolo Canottieri Aniene","description":"Collare d&#039;Oro e Stella d&#039;Oro al Merito Sportivo","potentialAction":[{"@type":"SearchAction","target":{"@type":"EntryPoint","urlTemplate":"http:\/\/www.ccaniene.com\/it_it\/?s={search_term_string}"},"query-input":{"@type":"PropertyValueSpecification","valueRequired":true,"valueName":"search_term_string"}}],"inLanguage":"it-IT"},{"@type":"Person","@id":"","url":"https:\/\/www.ccaniene.com\/it_it\/author\/"}]}},"_links":{"self":[{"href":"https:\/\/www.ccaniene.com\/it_it\/wp-json\/wp\/v2\/posts\/757"}],"collection":[{"href":"https:\/\/www.ccaniene.com\/it_it\/wp-json\/wp\/v2\/posts"}],"about":[{"href":"https:\/\/www.ccaniene.com\/it_it\/wp-json\/wp\/v2\/types\/post"}],"author":[{"embeddable":true,"href":"https:\/\/www.ccaniene.com\/it_it\/wp-json\/wp\/v2\/users\/352"}],"replies":[{"embeddable":true,"href":"https:\/\/www.ccaniene.com\/it_it\/wp-json\/wp\/v2\/comments?post=757"}],"version-history":[{"count":0,"href":"https:\/\/www.ccaniene.com\/it_it\/wp-json\/wp\/v2\/posts\/757\/revisions"}],"wp:attachment":[{"href":"https:\/\/www.ccaniene.com\/it_it\/wp-json\/wp\/v2\/media?parent=757"}],"wp:term":[{"taxonomy":"category","embeddable":true,"href":"https:\/\/www.ccaniene.com\/it_it\/wp-json\/wp\/v2\/categories?post=757"},{"taxonomy":"post_tag","embeddable":true,"href":"https:\/\/www.ccaniene.com\/it_it\/wp-json\/wp\/v2\/tags?post=757"}],"curies":[{"name":"wp","href":"https:\/\/api.w.org\/{rel}","templated":true}]}}