{"id":7501,"date":"2015-03-03T04:19:34","date_gmt":"2015-03-03T03:19:34","guid":{"rendered":"https:\/\/www.ccaniene.com\/?p=7501"},"modified":"2016-10-05T17:36:30","modified_gmt":"2016-10-05T15:36:30","slug":"al-via-martedi-3-marzo-il-torneo-sociale-2015","status":"publish","type":"post","link":"https:\/\/www.ccaniene.com\/it_it\/al-via-martedi-3-marzo-il-torneo-sociale-2015\/","title":{"rendered":"Al via marted\u00ec 3 marzo il Torneo Sociale 2015"},"content":{"rendered":"<p>Le squadre sono formate, pronti per l&#8217;attesissimo TORNEO SOCIALE 2015 di Calcio a 5.<\/p>\n<p>Il torneo avr\u00e0 inizio marted\u00ec 3 marzo e terminer\u00e0 il 9 maggio.<\/p>\n<p>Asta di Calciomercato conclusa, di seguito\u00a0le formazioni delle 8 squadre che si contenderanno il titolo che l&#8217;anno scorso \u00e8 andato a Fabbricini:<\/p>\n<p><a href=\"http:\/\/www.ccaniene.com\/wp-content\/uploads\/2015\/02\/Schermata-03-2457084-alle-03.35.07.png\"><img fetchpriority=\"high\" decoding=\"async\" class=\"alignnone size-full wp-image-7518\" src=\"http:\/\/www.ccaniene.com\/wp-content\/uploads\/2015\/02\/Schermata-03-2457084-alle-03.35.07.png\" alt=\"Schermata 03-2457084 alle 03.35.07\" width=\"979\" height=\"306\" srcset=\"https:\/\/www.ccaniene.com\/wp-content\/uploads\/2015\/02\/Schermata-03-2457084-alle-03.35.07.png 979w, https:\/\/www.ccaniene.com\/wp-content\/uploads\/2015\/02\/Schermata-03-2457084-alle-03.35.07-600x188.png 600w, https:\/\/www.ccaniene.com\/wp-content\/uploads\/2015\/02\/Schermata-03-2457084-alle-03.35.07-800x250.png 800w, https:\/\/www.ccaniene.com\/wp-content\/uploads\/2015\/02\/Schermata-03-2457084-alle-03.35.07-768x240.png 768w\" sizes=\"(max-width: 979px) 100vw, 979px\" \/><\/a><\/p>\n<p>&nbsp;<\/p>\n<p>Al seguente link \u00e8 possibile scaricare il calendario del Torneo:<\/p>\n<p><a href=\"http:\/\/www.ccaniene.com\/wp-content\/uploads\/2015\/03\/Calendario-Torneo-Sociale2015_-.pdf\">Calendario Torneo Sociale2015_<\/a><\/p>\n<p>Vi terremo costantemente aggiornati sul nostro sito<\/p>\n","protected":false},"excerpt":{"rendered":"<p>Le squadre sono formate, pronti per l&#8217;attesissimo TORNEO SOCIALE 2015 di Calcio a 5. Il torneo avr\u00e0 inizio marted\u00ec 3 marzo e terminer\u00e0 il 9 maggio. Asta di Calciomercato conclusa, di seguito\u00a0le formazioni delle 8 squadre che si contenderanno il titolo che l&#8217;anno scorso \u00e8 andato a Fabbricini: &nbsp; Al seguente link \u00e8 possibile scaricare [&hellip;]<\/p>\n","protected":false},"author":4667,"featured_media":7260,"comment_status":"open","ping_status":"closed","sticky":false,"template":"","format":"standard","meta":{"pmpro_default_level":0,"footnotes":"","_links_to":"","_links_to_target":""},"categories":[39],"tags":[],"class_list":["post-7501","post","type-post","status-publish","format-standard","has-post-thumbnail","hentry","category-calcetto","pmpro-has-access"],"featured_image_urls":{"woocommerce_thumbnail":"https:\/\/www.ccaniene.com\/wp-content\/uploads\/2014\/12\/DSC_3605-ser-300x300.jpg","woocommerce_gallery_thumbnail":"https:\/\/www.ccaniene.com\/wp-content\/uploads\/2014\/12\/DSC_3605-ser-100x100.jpg","woocommerce_single":"https:\/\/www.ccaniene.com\/wp-content\/uploads\/2014\/12\/DSC_3605-ser-600x399.jpg","thumbnail":"https:\/\/www.ccaniene.com\/wp-content\/uploads\/2014\/12\/DSC_3605-ser-400x400.jpg"},"appp_media":null,"yoast_head":"<!-- This site is optimized with the Yoast SEO plugin v23.6 - https:\/\/yoast.com\/wordpress\/plugins\/seo\/ -->\n<title>Al via marted\u00ec 3 marzo il Torneo Sociale 2015 - Circolo Canottieri Aniene<\/title>\n<meta name=\"robots\" content=\"index, follow, max-snippet:-1, max-image-preview:large, max-video-preview:-1\" \/>\n<link rel=\"canonical\" href=\"https:\/\/www.ccaniene.com\/it_it\/al-via-martedi-3-marzo-il-torneo-sociale-2015\/\" \/>\n<meta property=\"og:locale\" content=\"it_IT\" \/>\n<meta property=\"og:type\" content=\"article\" \/>\n<meta property=\"og:title\" content=\"Al via marted\u00ec 3 marzo il Torneo Sociale 2015 - Circolo Canottieri Aniene\" \/>\n<meta property=\"og:description\" content=\"Le squadre sono formate, pronti per l&#8217;attesissimo TORNEO SOCIALE 2015 di Calcio a 5. Il torneo avr\u00e0 inizio marted\u00ec 3 marzo e terminer\u00e0 il 9 maggio. Asta di Calciomercato conclusa, di seguito\u00a0le formazioni delle 8 squadre che si contenderanno il titolo che l&#8217;anno scorso \u00e8 andato a Fabbricini: &nbsp; Al seguente link \u00e8 possibile scaricare [&hellip;]\" \/>\n<meta property=\"og:url\" content=\"https:\/\/www.ccaniene.com\/it_it\/al-via-martedi-3-marzo-il-torneo-sociale-2015\/\" \/>\n<meta property=\"og:site_name\" content=\"Circolo Canottieri Aniene\" \/>\n<meta property=\"article:published_time\" content=\"2015-03-03T03:19:34+00:00\" \/>\n<meta property=\"article:modified_time\" content=\"2016-10-05T15:36:30+00:00\" \/>\n<meta property=\"og:image\" content=\"https:\/\/www.ccaniene.com\/wp-content\/uploads\/2014\/12\/DSC_3605-ser.jpg\" \/>\n\t<meta property=\"og:image:width\" content=\"709\" \/>\n\t<meta property=\"og:image:height\" content=\"472\" \/>\n\t<meta property=\"og:image:type\" content=\"image\/jpeg\" \/>\n<meta name=\"twitter:card\" content=\"summary_large_image\" \/>\n<meta name=\"twitter:label1\" content=\"Scritto da\" \/>\n\t<meta name=\"twitter:data1\" content=\"\" \/>\n<script type=\"application\/ld+json\" class=\"yoast-schema-graph\">{\"@context\":\"https:\/\/schema.org\",\"@graph\":[{\"@type\":\"WebPage\",\"@id\":\"https:\/\/www.ccaniene.com\/it_it\/al-via-martedi-3-marzo-il-torneo-sociale-2015\/\",\"url\":\"https:\/\/www.ccaniene.com\/it_it\/al-via-martedi-3-marzo-il-torneo-sociale-2015\/\",\"name\":\"Al via marted\u00ec 3 marzo il Torneo Sociale 2015 - Circolo Canottieri Aniene\",\"isPartOf\":{\"@id\":\"https:\/\/www.ccaniene.com\/it_it\/#website\"},\"primaryImageOfPage\":{\"@id\":\"https:\/\/www.ccaniene.com\/it_it\/al-via-martedi-3-marzo-il-torneo-sociale-2015\/#primaryimage\"},\"image\":{\"@id\":\"https:\/\/www.ccaniene.com\/it_it\/al-via-martedi-3-marzo-il-torneo-sociale-2015\/#primaryimage\"},\"thumbnailUrl\":\"https:\/\/www.ccaniene.com\/wp-content\/uploads\/2014\/12\/DSC_3605-ser.jpg\",\"datePublished\":\"2015-03-03T03:19:34+00:00\",\"dateModified\":\"2016-10-05T15:36:30+00:00\",\"author\":{\"@id\":\"\"},\"breadcrumb\":{\"@id\":\"https:\/\/www.ccaniene.com\/it_it\/al-via-martedi-3-marzo-il-torneo-sociale-2015\/#breadcrumb\"},\"inLanguage\":\"it-IT\",\"potentialAction\":[{\"@type\":\"ReadAction\",\"target\":[\"https:\/\/www.ccaniene.com\/it_it\/al-via-martedi-3-marzo-il-torneo-sociale-2015\/\"]}]},{\"@type\":\"ImageObject\",\"inLanguage\":\"it-IT\",\"@id\":\"https:\/\/www.ccaniene.com\/it_it\/al-via-martedi-3-marzo-il-torneo-sociale-2015\/#primaryimage\",\"url\":\"https:\/\/www.ccaniene.com\/wp-content\/uploads\/2014\/12\/DSC_3605-ser.jpg\",\"contentUrl\":\"https:\/\/www.ccaniene.com\/wp-content\/uploads\/2014\/12\/DSC_3605-ser.jpg\",\"width\":709,\"height\":472,\"caption\":\"La squadra vincitrice della scorsa edizione: Fabbricini\"},{\"@type\":\"BreadcrumbList\",\"@id\":\"https:\/\/www.ccaniene.com\/it_it\/al-via-martedi-3-marzo-il-torneo-sociale-2015\/#breadcrumb\",\"itemListElement\":[{\"@type\":\"ListItem\",\"position\":1,\"name\":\"Home\",\"item\":\"https:\/\/www.ccaniene.com\/it_it\/\"},{\"@type\":\"ListItem\",\"position\":2,\"name\":\"Al via marted\u00ec 3 marzo il Torneo Sociale 2015\"}]},{\"@type\":\"WebSite\",\"@id\":\"https:\/\/www.ccaniene.com\/it_it\/#website\",\"url\":\"https:\/\/www.ccaniene.com\/it_it\/\",\"name\":\"Circolo Canottieri Aniene\",\"description\":\"Collare d&#039;Oro e Stella d&#039;Oro al Merito Sportivo\",\"potentialAction\":[{\"@type\":\"SearchAction\",\"target\":{\"@type\":\"EntryPoint\",\"urlTemplate\":\"https:\/\/www.ccaniene.com\/it_it\/?s={search_term_string}\"},\"query-input\":{\"@type\":\"PropertyValueSpecification\",\"valueRequired\":true,\"valueName\":\"search_term_string\"}}],\"inLanguage\":\"it-IT\"},{\"@type\":\"Person\",\"@id\":\"\",\"url\":\"https:\/\/www.ccaniene.com\/it_it\/author\/\"}]}<\/script>\n<!-- \/ Yoast SEO plugin. -->","yoast_head_json":{"title":"Al via marted\u00ec 3 marzo il Torneo Sociale 2015 - Circolo Canottieri Aniene","robots":{"index":"index","follow":"follow","max-snippet":"max-snippet:-1","max-image-preview":"max-image-preview:large","max-video-preview":"max-video-preview:-1"},"canonical":"https:\/\/www.ccaniene.com\/it_it\/al-via-martedi-3-marzo-il-torneo-sociale-2015\/","og_locale":"it_IT","og_type":"article","og_title":"Al via marted\u00ec 3 marzo il Torneo Sociale 2015 - Circolo Canottieri Aniene","og_description":"Le squadre sono formate, pronti per l&#8217;attesissimo TORNEO SOCIALE 2015 di Calcio a 5. Il torneo avr\u00e0 inizio marted\u00ec 3 marzo e terminer\u00e0 il 9 maggio. Asta di Calciomercato conclusa, di seguito\u00a0le formazioni delle 8 squadre che si contenderanno il titolo che l&#8217;anno scorso \u00e8 andato a Fabbricini: &nbsp; Al seguente link \u00e8 possibile scaricare [&hellip;]","og_url":"https:\/\/www.ccaniene.com\/it_it\/al-via-martedi-3-marzo-il-torneo-sociale-2015\/","og_site_name":"Circolo Canottieri Aniene","article_published_time":"2015-03-03T03:19:34+00:00","article_modified_time":"2016-10-05T15:36:30+00:00","og_image":[{"width":709,"height":472,"url":"https:\/\/www.ccaniene.com\/wp-content\/uploads\/2014\/12\/DSC_3605-ser.jpg","type":"image\/jpeg"}],"twitter_card":"summary_large_image","twitter_misc":{"Scritto da":""},"schema":{"@context":"https:\/\/schema.org","@graph":[{"@type":"WebPage","@id":"https:\/\/www.ccaniene.com\/it_it\/al-via-martedi-3-marzo-il-torneo-sociale-2015\/","url":"https:\/\/www.ccaniene.com\/it_it\/al-via-martedi-3-marzo-il-torneo-sociale-2015\/","name":"Al via marted\u00ec 3 marzo il Torneo Sociale 2015 - Circolo Canottieri Aniene","isPartOf":{"@id":"https:\/\/www.ccaniene.com\/it_it\/#website"},"primaryImageOfPage":{"@id":"https:\/\/www.ccaniene.com\/it_it\/al-via-martedi-3-marzo-il-torneo-sociale-2015\/#primaryimage"},"image":{"@id":"https:\/\/www.ccaniene.com\/it_it\/al-via-martedi-3-marzo-il-torneo-sociale-2015\/#primaryimage"},"thumbnailUrl":"https:\/\/www.ccaniene.com\/wp-content\/uploads\/2014\/12\/DSC_3605-ser.jpg","datePublished":"2015-03-03T03:19:34+00:00","dateModified":"2016-10-05T15:36:30+00:00","author":{"@id":""},"breadcrumb":{"@id":"https:\/\/www.ccaniene.com\/it_it\/al-via-martedi-3-marzo-il-torneo-sociale-2015\/#breadcrumb"},"inLanguage":"it-IT","potentialAction":[{"@type":"ReadAction","target":["https:\/\/www.ccaniene.com\/it_it\/al-via-martedi-3-marzo-il-torneo-sociale-2015\/"]}]},{"@type":"ImageObject","inLanguage":"it-IT","@id":"https:\/\/www.ccaniene.com\/it_it\/al-via-martedi-3-marzo-il-torneo-sociale-2015\/#primaryimage","url":"https:\/\/www.ccaniene.com\/wp-content\/uploads\/2014\/12\/DSC_3605-ser.jpg","contentUrl":"https:\/\/www.ccaniene.com\/wp-content\/uploads\/2014\/12\/DSC_3605-ser.jpg","width":709,"height":472,"caption":"La squadra vincitrice della scorsa edizione: Fabbricini"},{"@type":"BreadcrumbList","@id":"https:\/\/www.ccaniene.com\/it_it\/al-via-martedi-3-marzo-il-torneo-sociale-2015\/#breadcrumb","itemListElement":[{"@type":"ListItem","position":1,"name":"Home","item":"https:\/\/www.ccaniene.com\/it_it\/"},{"@type":"ListItem","position":2,"name":"Al via marted\u00ec 3 marzo il Torneo Sociale 2015"}]},{"@type":"WebSite","@id":"https:\/\/www.ccaniene.com\/it_it\/#website","url":"https:\/\/www.ccaniene.com\/it_it\/","name":"Circolo Canottieri Aniene","description":"Collare d&#039;Oro e Stella d&#039;Oro al Merito Sportivo","potentialAction":[{"@type":"SearchAction","target":{"@type":"EntryPoint","urlTemplate":"https:\/\/www.ccaniene.com\/it_it\/?s={search_term_string}"},"query-input":{"@type":"PropertyValueSpecification","valueRequired":true,"valueName":"search_term_string"}}],"inLanguage":"it-IT"},{"@type":"Person","@id":"","url":"https:\/\/www.ccaniene.com\/it_it\/author\/"}]}},"_links":{"self":[{"href":"https:\/\/www.ccaniene.com\/it_it\/wp-json\/wp\/v2\/posts\/7501"}],"collection":[{"href":"https:\/\/www.ccaniene.com\/it_it\/wp-json\/wp\/v2\/posts"}],"about":[{"href":"https:\/\/www.ccaniene.com\/it_it\/wp-json\/wp\/v2\/types\/post"}],"author":[{"embeddable":true,"href":"https:\/\/www.ccaniene.com\/it_it\/wp-json\/wp\/v2\/users\/4667"}],"replies":[{"embeddable":true,"href":"https:\/\/www.ccaniene.com\/it_it\/wp-json\/wp\/v2\/comments?post=7501"}],"version-history":[{"count":4,"href":"https:\/\/www.ccaniene.com\/it_it\/wp-json\/wp\/v2\/posts\/7501\/revisions"}],"predecessor-version":[{"id":7606,"href":"https:\/\/www.ccaniene.com\/it_it\/wp-json\/wp\/v2\/posts\/7501\/revisions\/7606"}],"wp:featuredmedia":[{"embeddable":true,"href":"https:\/\/www.ccaniene.com\/it_it\/wp-json\/wp\/v2\/media\/7260"}],"wp:attachment":[{"href":"https:\/\/www.ccaniene.com\/it_it\/wp-json\/wp\/v2\/media?parent=7501"}],"wp:term":[{"taxonomy":"category","embeddable":true,"href":"https:\/\/www.ccaniene.com\/it_it\/wp-json\/wp\/v2\/categories?post=7501"},{"taxonomy":"post_tag","embeddable":true,"href":"https:\/\/www.ccaniene.com\/it_it\/wp-json\/wp\/v2\/tags?post=7501"}],"curies":[{"name":"wp","href":"https:\/\/api.w.org\/{rel}","templated":true}]}}