{"id":7495,"date":"2015-02-23T15:25:39","date_gmt":"2015-02-23T14:25:39","guid":{"rendered":"https:\/\/www.ccaniene.com\/?p=7495"},"modified":"2015-03-03T04:19:55","modified_gmt":"2015-03-03T03:19:55","slug":"c-c-aniene-vince-il-campionato-invernale-este-24-ridecosi-ccaniene-con-alberto-e-claudia-rossi","status":"publish","type":"post","link":"https:\/\/www.ccaniene.com\/it_it\/c-c-aniene-vince-il-campionato-invernale-este-24-ridecosi-ccaniene-con-alberto-e-claudia-rossi\/","title":{"rendered":"C.C.Aniene vince il Campionato Invernale Este 24, RiDeCoS\u00ec &#8211; CCAniene con Alberto e Claudia Rossi"},"content":{"rendered":"<p>Santa Marinella regala un week end di condizioni veramente dure per la flotta degli oltre venti Este24. Un vento di libeccio bello tosto con onda formata nella prima giornata e un nulla di fatto con moto ondoso intenso e poco vento nella seconda, hanno permesso al comitato di regata di chiudere comunque degnamente un bel campionato invernale dedicato ai monotipi, se si pensa che sabato si \u00e8 svolta una sola prova per le condizioni che hanno impedito lo svolgimento di una seconda, raffiche quasi prossime ai 30 nodi d\u2019intensit\u00e0 e qualche equipaggio che ha dovuto abbandonare per rottura. <\/p>\n<p>\u201cInizialmente avevo ceduto il timone a Pap\u00e0 per difendere il titolo, io ero all\u2019estero &#8211; sono le parole di Claudia Rossi, timoniere di RiDeCoS\u00ec &#8211; alla fine mi sono persa una sola tappa per\u00f2, sono rientrata e ho ripreso il timone, con pap\u00e0 come pitman. Come al solito \u00e8 stato un invernale bellissimo, sono state fatte molte prove, ogni volta con diverse condizioni. Non \u00e9 stato facile vincere perch\u00e9 ogni volta bastava una prova per sconvolgere la classifica, per\u00f2 abbiamo tenuto duro fino all&#8217;ultimo e abbiamo concluso il campionato in bellezza con la prova di ieri. Per quanto riguarda il Circuito Nazionale, saremo sicuramente alla prima tappa di fine marzo.\u201d<\/p>\n<p>Le parole del Presidente della Classe Este24, Alessandro Maria Rinaldi sono di buon auspicio per il Circuito Nazionale che inizier\u00e0 a fine marzo: &#8221; Il Campionato Invernale dedicato ai nostri monotipi ha sempre rappresentato un&#8217;importante palestra d&#8217;allenamento per il Circuito Nazionale. Dalle battaglie in acqua viste in queste ultime tappe , scommetto che quest&#8217;anno il Circuito sar\u00e0 ancora pi\u00f9 competitivo dello scorso anno, e far\u00f2 bene anch&#8217;io ad allenarmi bene per recuperare il gap invernale. Dopo la prima tappa di fine marzo qui a Santa Marinella, ci aspetter\u00e0  la Coastal Race di 80 miglia , all&#8217;interno della La Lunga Bolina in programma dal 24 al 26 aprile. Dopodich\u00e9 si andr\u00e0 a Punta Ala per l&#8217;appuntamento clou dell&#8217;anno, dal 21 al 24 maggio, per il Campionato Nazionale E24, all&#8217;interno del Gavitello d&#8217;Argento. La quarta tappa poi ritorner\u00e0 a Santa Marinella con la Coppa Vasari in programma il 14-15 giugno. Al rientro della pausa estiva gli Este24 ripartiranno con la 5\u00aa tappa a S. Marinella il 19 e 20 settembre per la Coppa Marconi, per poi chiudere con la novit\u00e0 di Trieste come 6\u00aa e ultima tappa all&#8217;interno della Barcolana. Un calendario ricchissimo di eventi e regate per tutti i gusti&#8221;.<\/p>\n<p>Sono felice dell\u2019evoluzione di alcuni equipaggi e del clima che si respira in banchina ad ogni regata &#8211; sono le parole di Paolo Brinati, Segretario della Classe Este24 &#8211; c\u2019\u00e8 sempre molta voglia di migliorare e vedere 26 imbarcazioni iscritte ad un campionato invernale \u00e8 una bella soddisfazione, c\u2019\u00e8 molto fermento, nuovi armatori per il circuito nazionale si stanno muovendo e molti team si stanno dando da fare per avere la barca pronta per la prima tappa di fine marzo.\u201d<\/p>\n<p>Si chiude il sipario sul Campionato Invernale, giusto il tempo di tornare in cantiere per sistemare le barche e ripartire fra poco pi\u00f9 di un mese per il Circuito Nazionale, che vedr\u00e0 lo svolgimento di sei tappe, di cui 5 in Tirreno tra cui il Campionato Nazionale di Punta Ala a met\u00e0 maggio e il gran finale a Trieste nel secondo week end di ottobre. <\/p>\n<p>1\u00aa Tappa Coppa d\u2019 Este Santa Marinella 28-29 Marzo 2015<br \/>\n2\u00aa Tappa Coastal Race Santa Marinella Porto Ercole Santa Marinella 24-25-26 Aprile 2015<br \/>\n3\u00aa Tappa Campionato Nazionale Punta Ala 22-23-24 Maggio 2015<br \/>\n4\u00aa Tappa Coppa Vasari Santa Marinella 13-14 Giugno 2015<br \/>\n5\u00aa Tappa Coppa Marconi Santa Marinella 19-20 Settembre 2015<br \/>\n6\u00aa Tappa Barcolana TriEste Trieste10-11 Ottobre 2015<\/p>\n","protected":false},"excerpt":{"rendered":"<p>Santa Marinella regala un week end di condizioni veramente dure per la flotta degli oltre venti Este24. Un vento di libeccio bello tosto con onda formata nella prima giornata e un nulla di fatto con moto ondoso intenso e poco vento nella seconda, hanno permesso al comitato di regata di chiudere comunque degnamente un bel [&hellip;]<\/p>\n","protected":false},"author":4667,"featured_media":7496,"comment_status":"open","ping_status":"closed","sticky":false,"template":"","format":"standard","meta":{"pmpro_default_level":0,"footnotes":"","_links_to":"","_links_to_target":""},"categories":[26],"tags":[],"class_list":["post-7495","post","type-post","status-publish","format-standard","has-post-thumbnail","hentry","category-vela","pmpro-has-access"],"featured_image_urls":{"woocommerce_thumbnail":"https:\/\/www.ccaniene.com\/wp-content\/uploads\/2015\/02\/image1-2-scaled-300x300.jpg","woocommerce_gallery_thumbnail":"https:\/\/www.ccaniene.com\/wp-content\/uploads\/2015\/02\/image1-2-scaled-100x100.jpg","woocommerce_single":"https:\/\/www.ccaniene.com\/wp-content\/uploads\/2015\/02\/image1-2-scaled-600x400.jpg","medium":"https:\/\/www.ccaniene.com\/wp-content\/uploads\/2015\/02\/image1-2-800x533.jpg","large":"https:\/\/www.ccaniene.com\/wp-content\/uploads\/2015\/02\/image1-2-1920x1280.jpg","thumbnail":"https:\/\/www.ccaniene.com\/wp-content\/uploads\/2015\/02\/image1-2-400x400.jpg","medium_large":"https:\/\/www.ccaniene.com\/wp-content\/uploads\/2015\/02\/image1-2-768x512.jpg","1536x1536":"https:\/\/www.ccaniene.com\/wp-content\/uploads\/2015\/02\/image1-2-1536x1024.jpg","2048x2048":"https:\/\/www.ccaniene.com\/wp-content\/uploads\/2015\/02\/image1-2-2048x1366.jpg","slider":"https:\/\/www.ccaniene.com\/wp-content\/uploads\/2015\/02\/image1-2-1920x1080.jpg"},"appp_media":null,"yoast_head":"<!-- This site is optimized with the Yoast SEO plugin v23.6 - https:\/\/yoast.com\/wordpress\/plugins\/seo\/ -->\n<title>C.C.Aniene vince il Campionato Invernale Este 24, RiDeCoS\u00ec - CCAniene con Alberto e Claudia Rossi - Circolo Canottieri Aniene<\/title>\n<meta name=\"robots\" content=\"index, follow, max-snippet:-1, max-image-preview:large, max-video-preview:-1\" \/>\n<link rel=\"canonical\" href=\"https:\/\/www.ccaniene.com\/it_it\/c-c-aniene-vince-il-campionato-invernale-este-24-ridecosi-ccaniene-con-alberto-e-claudia-rossi\/\" \/>\n<meta property=\"og:locale\" content=\"it_IT\" \/>\n<meta property=\"og:type\" content=\"article\" \/>\n<meta property=\"og:title\" content=\"C.C.Aniene vince il Campionato Invernale Este 24, RiDeCoS\u00ec - CCAniene con Alberto e Claudia Rossi - Circolo Canottieri Aniene\" \/>\n<meta property=\"og:description\" content=\"Santa Marinella regala un week end di condizioni veramente dure per la flotta degli oltre venti Este24. Un vento di libeccio bello tosto con onda formata nella prima giornata e un nulla di fatto con moto ondoso intenso e poco vento nella seconda, hanno permesso al comitato di regata di chiudere comunque degnamente un bel [&hellip;]\" \/>\n<meta property=\"og:url\" content=\"https:\/\/www.ccaniene.com\/it_it\/c-c-aniene-vince-il-campionato-invernale-este-24-ridecosi-ccaniene-con-alberto-e-claudia-rossi\/\" \/>\n<meta property=\"og:site_name\" content=\"Circolo Canottieri Aniene\" \/>\n<meta property=\"article:published_time\" content=\"2015-02-23T14:25:39+00:00\" \/>\n<meta property=\"article:modified_time\" content=\"2015-03-03T03:19:55+00:00\" \/>\n<meta property=\"og:image\" content=\"https:\/\/www.ccaniene.com\/wp-content\/uploads\/2015\/02\/image1-2-scaled.jpg\" \/>\n\t<meta property=\"og:image:width\" content=\"2560\" \/>\n\t<meta property=\"og:image:height\" content=\"1707\" \/>\n\t<meta property=\"og:image:type\" content=\"image\/jpeg\" \/>\n<meta name=\"twitter:card\" content=\"summary_large_image\" \/>\n<meta name=\"twitter:label1\" content=\"Scritto da\" \/>\n\t<meta name=\"twitter:data1\" content=\"\" \/>\n\t<meta name=\"twitter:label2\" content=\"Tempo di lettura stimato\" \/>\n\t<meta name=\"twitter:data2\" content=\"3 minuti\" \/>\n<script type=\"application\/ld+json\" class=\"yoast-schema-graph\">{\"@context\":\"https:\/\/schema.org\",\"@graph\":[{\"@type\":\"WebPage\",\"@id\":\"https:\/\/www.ccaniene.com\/en\/c-c-aniene-vince-il-campionato-invernale-este-24-ridecosi-ccaniene-con-alberto-e-claudia-rossi\/\",\"url\":\"https:\/\/www.ccaniene.com\/en\/c-c-aniene-vince-il-campionato-invernale-este-24-ridecosi-ccaniene-con-alberto-e-claudia-rossi\/\",\"name\":\"C.C.Aniene vince il Campionato Invernale Este 24, RiDeCoS\u00ec - CCAniene con Alberto e Claudia Rossi - Circolo Canottieri Aniene\",\"isPartOf\":{\"@id\":\"https:\/\/www.ccaniene.com\/it_it\/#website\"},\"primaryImageOfPage\":{\"@id\":\"https:\/\/www.ccaniene.com\/en\/c-c-aniene-vince-il-campionato-invernale-este-24-ridecosi-ccaniene-con-alberto-e-claudia-rossi\/#primaryimage\"},\"image\":{\"@id\":\"https:\/\/www.ccaniene.com\/en\/c-c-aniene-vince-il-campionato-invernale-este-24-ridecosi-ccaniene-con-alberto-e-claudia-rossi\/#primaryimage\"},\"thumbnailUrl\":\"https:\/\/www.ccaniene.com\/wp-content\/uploads\/2015\/02\/image1-2-scaled.jpg\",\"datePublished\":\"2015-02-23T14:25:39+00:00\",\"dateModified\":\"2015-03-03T03:19:55+00:00\",\"author\":{\"@id\":\"\"},\"breadcrumb\":{\"@id\":\"https:\/\/www.ccaniene.com\/en\/c-c-aniene-vince-il-campionato-invernale-este-24-ridecosi-ccaniene-con-alberto-e-claudia-rossi\/#breadcrumb\"},\"inLanguage\":\"it-IT\",\"potentialAction\":[{\"@type\":\"ReadAction\",\"target\":[\"https:\/\/www.ccaniene.com\/en\/c-c-aniene-vince-il-campionato-invernale-este-24-ridecosi-ccaniene-con-alberto-e-claudia-rossi\/\"]}]},{\"@type\":\"ImageObject\",\"inLanguage\":\"it-IT\",\"@id\":\"https:\/\/www.ccaniene.com\/en\/c-c-aniene-vince-il-campionato-invernale-este-24-ridecosi-ccaniene-con-alberto-e-claudia-rossi\/#primaryimage\",\"url\":\"https:\/\/www.ccaniene.com\/wp-content\/uploads\/2015\/02\/image1-2-scaled.jpg\",\"contentUrl\":\"https:\/\/www.ccaniene.com\/wp-content\/uploads\/2015\/02\/image1-2-scaled.jpg\",\"width\":2560,\"height\":1707},{\"@type\":\"BreadcrumbList\",\"@id\":\"https:\/\/www.ccaniene.com\/en\/c-c-aniene-vince-il-campionato-invernale-este-24-ridecosi-ccaniene-con-alberto-e-claudia-rossi\/#breadcrumb\",\"itemListElement\":[{\"@type\":\"ListItem\",\"position\":1,\"name\":\"Home\",\"item\":\"https:\/\/www.ccaniene.com\/it_it\/\"},{\"@type\":\"ListItem\",\"position\":2,\"name\":\"C.C.Aniene vince il Campionato Invernale Este 24, RiDeCoS\u00ec &#8211; CCAniene con Alberto e Claudia Rossi\"}]},{\"@type\":\"WebSite\",\"@id\":\"https:\/\/www.ccaniene.com\/it_it\/#website\",\"url\":\"https:\/\/www.ccaniene.com\/it_it\/\",\"name\":\"Circolo Canottieri Aniene\",\"description\":\"Collare d&#039;Oro e Stella d&#039;Oro al Merito Sportivo\",\"potentialAction\":[{\"@type\":\"SearchAction\",\"target\":{\"@type\":\"EntryPoint\",\"urlTemplate\":\"https:\/\/www.ccaniene.com\/it_it\/?s={search_term_string}\"},\"query-input\":{\"@type\":\"PropertyValueSpecification\",\"valueRequired\":true,\"valueName\":\"search_term_string\"}}],\"inLanguage\":\"it-IT\"},{\"@type\":\"Person\",\"@id\":\"\",\"url\":\"https:\/\/www.ccaniene.com\/it_it\/author\/\"}]}<\/script>\n<!-- \/ Yoast SEO plugin. -->","yoast_head_json":{"title":"C.C.Aniene vince il Campionato Invernale Este 24, RiDeCoS\u00ec - CCAniene con Alberto e Claudia Rossi - Circolo Canottieri Aniene","robots":{"index":"index","follow":"follow","max-snippet":"max-snippet:-1","max-image-preview":"max-image-preview:large","max-video-preview":"max-video-preview:-1"},"canonical":"https:\/\/www.ccaniene.com\/it_it\/c-c-aniene-vince-il-campionato-invernale-este-24-ridecosi-ccaniene-con-alberto-e-claudia-rossi\/","og_locale":"it_IT","og_type":"article","og_title":"C.C.Aniene vince il Campionato Invernale Este 24, RiDeCoS\u00ec - CCAniene con Alberto e Claudia Rossi - Circolo Canottieri Aniene","og_description":"Santa Marinella regala un week end di condizioni veramente dure per la flotta degli oltre venti Este24. Un vento di libeccio bello tosto con onda formata nella prima giornata e un nulla di fatto con moto ondoso intenso e poco vento nella seconda, hanno permesso al comitato di regata di chiudere comunque degnamente un bel [&hellip;]","og_url":"https:\/\/www.ccaniene.com\/it_it\/c-c-aniene-vince-il-campionato-invernale-este-24-ridecosi-ccaniene-con-alberto-e-claudia-rossi\/","og_site_name":"Circolo Canottieri Aniene","article_published_time":"2015-02-23T14:25:39+00:00","article_modified_time":"2015-03-03T03:19:55+00:00","og_image":[{"width":2560,"height":1707,"url":"https:\/\/www.ccaniene.com\/wp-content\/uploads\/2015\/02\/image1-2-scaled.jpg","type":"image\/jpeg"}],"twitter_card":"summary_large_image","twitter_misc":{"Scritto da":"","Tempo di lettura stimato":"3 minuti"},"schema":{"@context":"https:\/\/schema.org","@graph":[{"@type":"WebPage","@id":"https:\/\/www.ccaniene.com\/en\/c-c-aniene-vince-il-campionato-invernale-este-24-ridecosi-ccaniene-con-alberto-e-claudia-rossi\/","url":"https:\/\/www.ccaniene.com\/en\/c-c-aniene-vince-il-campionato-invernale-este-24-ridecosi-ccaniene-con-alberto-e-claudia-rossi\/","name":"C.C.Aniene vince il Campionato Invernale Este 24, RiDeCoS\u00ec - CCAniene con Alberto e Claudia Rossi - Circolo Canottieri Aniene","isPartOf":{"@id":"https:\/\/www.ccaniene.com\/it_it\/#website"},"primaryImageOfPage":{"@id":"https:\/\/www.ccaniene.com\/en\/c-c-aniene-vince-il-campionato-invernale-este-24-ridecosi-ccaniene-con-alberto-e-claudia-rossi\/#primaryimage"},"image":{"@id":"https:\/\/www.ccaniene.com\/en\/c-c-aniene-vince-il-campionato-invernale-este-24-ridecosi-ccaniene-con-alberto-e-claudia-rossi\/#primaryimage"},"thumbnailUrl":"https:\/\/www.ccaniene.com\/wp-content\/uploads\/2015\/02\/image1-2-scaled.jpg","datePublished":"2015-02-23T14:25:39+00:00","dateModified":"2015-03-03T03:19:55+00:00","author":{"@id":""},"breadcrumb":{"@id":"https:\/\/www.ccaniene.com\/en\/c-c-aniene-vince-il-campionato-invernale-este-24-ridecosi-ccaniene-con-alberto-e-claudia-rossi\/#breadcrumb"},"inLanguage":"it-IT","potentialAction":[{"@type":"ReadAction","target":["https:\/\/www.ccaniene.com\/en\/c-c-aniene-vince-il-campionato-invernale-este-24-ridecosi-ccaniene-con-alberto-e-claudia-rossi\/"]}]},{"@type":"ImageObject","inLanguage":"it-IT","@id":"https:\/\/www.ccaniene.com\/en\/c-c-aniene-vince-il-campionato-invernale-este-24-ridecosi-ccaniene-con-alberto-e-claudia-rossi\/#primaryimage","url":"https:\/\/www.ccaniene.com\/wp-content\/uploads\/2015\/02\/image1-2-scaled.jpg","contentUrl":"https:\/\/www.ccaniene.com\/wp-content\/uploads\/2015\/02\/image1-2-scaled.jpg","width":2560,"height":1707},{"@type":"BreadcrumbList","@id":"https:\/\/www.ccaniene.com\/en\/c-c-aniene-vince-il-campionato-invernale-este-24-ridecosi-ccaniene-con-alberto-e-claudia-rossi\/#breadcrumb","itemListElement":[{"@type":"ListItem","position":1,"name":"Home","item":"https:\/\/www.ccaniene.com\/it_it\/"},{"@type":"ListItem","position":2,"name":"C.C.Aniene vince il Campionato Invernale Este 24, RiDeCoS\u00ec &#8211; CCAniene con Alberto e Claudia Rossi"}]},{"@type":"WebSite","@id":"https:\/\/www.ccaniene.com\/it_it\/#website","url":"https:\/\/www.ccaniene.com\/it_it\/","name":"Circolo Canottieri Aniene","description":"Collare d&#039;Oro e Stella d&#039;Oro al Merito Sportivo","potentialAction":[{"@type":"SearchAction","target":{"@type":"EntryPoint","urlTemplate":"https:\/\/www.ccaniene.com\/it_it\/?s={search_term_string}"},"query-input":{"@type":"PropertyValueSpecification","valueRequired":true,"valueName":"search_term_string"}}],"inLanguage":"it-IT"},{"@type":"Person","@id":"","url":"https:\/\/www.ccaniene.com\/it_it\/author\/"}]}},"_links":{"self":[{"href":"https:\/\/www.ccaniene.com\/it_it\/wp-json\/wp\/v2\/posts\/7495"}],"collection":[{"href":"https:\/\/www.ccaniene.com\/it_it\/wp-json\/wp\/v2\/posts"}],"about":[{"href":"https:\/\/www.ccaniene.com\/it_it\/wp-json\/wp\/v2\/types\/post"}],"author":[{"embeddable":true,"href":"https:\/\/www.ccaniene.com\/it_it\/wp-json\/wp\/v2\/users\/4667"}],"replies":[{"embeddable":true,"href":"https:\/\/www.ccaniene.com\/it_it\/wp-json\/wp\/v2\/comments?post=7495"}],"version-history":[{"count":1,"href":"https:\/\/www.ccaniene.com\/it_it\/wp-json\/wp\/v2\/posts\/7495\/revisions"}],"predecessor-version":[{"id":7497,"href":"https:\/\/www.ccaniene.com\/it_it\/wp-json\/wp\/v2\/posts\/7495\/revisions\/7497"}],"wp:featuredmedia":[{"embeddable":true,"href":"https:\/\/www.ccaniene.com\/it_it\/wp-json\/wp\/v2\/media\/7496"}],"wp:attachment":[{"href":"https:\/\/www.ccaniene.com\/it_it\/wp-json\/wp\/v2\/media?parent=7495"}],"wp:term":[{"taxonomy":"category","embeddable":true,"href":"https:\/\/www.ccaniene.com\/it_it\/wp-json\/wp\/v2\/categories?post=7495"},{"taxonomy":"post_tag","embeddable":true,"href":"https:\/\/www.ccaniene.com\/it_it\/wp-json\/wp\/v2\/tags?post=7495"}],"curies":[{"name":"wp","href":"https:\/\/api.w.org\/{rel}","templated":true}]}}