{"id":738,"date":"2013-05-02T19:06:02","date_gmt":"2013-05-02T19:06:02","guid":{"rendered":""},"modified":"2013-05-02T19:06:02","modified_gmt":"2013-05-02T19:06:02","slug":"ritorna-in-acqua-il-tp52-aniene-e-la-volta-dei-giovani-under-30-e-della-nutrita-flotta-qanieneq","status":"publish","type":"post","link":"https:\/\/www.ccaniene.com\/it_it\/ritorna-in-acqua-il-tp52-aniene-e-la-volta-dei-giovani-under-30-e-della-nutrita-flotta-qanieneq\/","title":{"rendered":"Ritorna in acqua il Tp52 Aniene, \u00e8 la volta dei giovani Under 30 e della nutrita flotta &#8220;Aniene&#8221;"},"content":{"rendered":"\n<p><img decoding=\"async\" src=\"http:\/\/www.ccaniene.com\/wp-content\/uploads\/lino_sonego.jpg\" border=\"0\" width=\"200\" style=\"float: left; margin-right: 8px;\" \/>Appena terminate le regate Pirelli, dove vince il Tp52 Aniene (per l&#8217;occasione charterizzato dal Team Bombarda Racing di Stefano e Andrea Pozzi) seguito a ruota dall&#8217;altro team armatoriale del Circolo Canottieri Aniene, lo Swan 45 Swanted di Stefano Piccolo, nemmeno il tempo di rientrare dalla Liguria e parte la 2\u00aa prova del Campionato Italiano OffShore .<\/p>\n<p>Questa volta il Tp52 Aniene &#8220;gioca&#8221; in casa a &#8220;La Lunga Bolina&#8221;, regata organizzata dal Circolo capitolino che quest&#8217;anno ha battuto il record di iscrizioni, grazie all&#8217;inserimento della regata nel bouquet di prove da effettuare per competere al titolo italiano offshore.<\/p>\n<p><!--more--><\/p>\n<p>\u00a0<\/p>\n<p>Giorgio Martin, armatore della barca e tesserato Aniene, insieme al team creato ad hoc dal responsabile Vela d&#8217;Altura Alessandro Maria Rinaldi, \u00e8 pronto a dare battaglia con i migliori ragazzi Under 30 del Circolo Canottieri Aniene, lungo il percorso che come di consuetudine vedr\u00e0 la partenza venerd\u00ec 3 maggio alle 20.00 davanti al Porto di Riva di Traiano, direzione Isola del Giglio, Formiche di Grosseto, Formiche di Burano, Isola di Giannutri e rientro a Riva di Traiano per un totale di 137 miglia.<\/p>\n<p>Inoltre come lo scorso anno, all&#8217;interno della regata, corrono gli Este24 in un percorso suggestivo di due tappe : la Coastal Race, valida come terza regata del Circuito Alviero Martini 1\u00aa Classe Cup. La regata dei monotipi incarna il desiderio di uscire dai percorsi a bastone delle serie precedenti, che prevedono , con partenza sabato alle 9,30 un percorso di circa 35 miglia di andata da Santa Marinella a Cala Galera e un ritorno, partenza la domenica mattina alle 9,30, sempre da Cala Galera e rientro a Santa Marinella.<\/p>\n<p>Inoltre a La Lunga Bolina ci saranno altre 5 imbarcazioni armatoriali battenti il guidone giallo celeste : Durlindana II di Giancarlo Gianni, vincitore dell&#8217;edizione precedente, Rosso Amaranto di Claudio de Giovanni, Gorditos II di Paolo Brinati, vincitore della Coastal Race e RiDeCoS\u00ec di Alessandro M. Rinaldi, con i consoci Roberto E. de Felice e Francesco de Sanctis. Inoltre ci sar\u00e0 anche un\u2019altra novit\u00e0 in acqua : un gruppo di giovani studenti dell\u2019 Universit\u00e0 di Roma LUISS, che attraverso un accordo di tesseramento con il Circolo Canottieri Aniene ha presentato una barca battente il guidone dell\u2019Aniene, Bonheur un First 36.7 armata dal responsabile Vela Luiss, Stefano Maugeri, atleta CCA, timonata da Enrico Bruschini con il supporto di Giuseppe Tesorone e tanti studenti appassionati di vela.<\/p>\n<p>Come annunciato, a bordo, l&#8217;et\u00e0 media sar\u00e0 molto bassa, grazie all&#8217;inserimento nella crew list di un nutrito gruppo di soci del Circolo Canottieri Aniene under 30, velisti e appassionati delle regate d&#8217;altura come Luca Tubaro, Giorgio Gucci, Leonardo Cucchiara, Edoardo Sordi, Rodolfo D&#8217;Ippolito, Federico de Felice.<\/p>\n<p>Alessandro Maria Rinaldi, Commodoro dell&#8217; Aniene, ci spiega le linee guida del progetto: \u201c Quest&#8217;anno abbiamo voluto affidare questa importante tappa valida per il titolo offshore a tutti i ragazzi dell&#8217; Aniene ed ai loro amici velisti, come segno di un team sportivo che va avanti e che \u00e8 in grado di trovare tra i giovani delle forze nuove che possono perpetuare i successi dei loro consoci pi\u00f9 grandi. Inoltre siccome questa bellissima lunga avr\u00e0 una grande partecipazione dei soci Aniene, abbiamo preferito mandare avanti i giovani sulla barca di punta, per farli contribuire alla raccolta punti dell&#8217;Offshore e anche per seminare le presenze di soci esperti sulle altre imbarcazioni armatoriali presenti alla regata.\u201d<\/p>\n<p>\u201cE&#8217; la seconda tappa del circuito Offshore, che rientra nel piano di regate di questa stagione 2013, \u2013 sono le parole di Giorgio Martin, armatore del Tp52 Aniene e tesserato C.C.Aniene \u2013 le 500 miglia della Roma x tutti sono state intense per la carenza di vento e questo ci ha un po&#8217; penalizzato, cercheremo ovviamente di dare sempre il massimo e di continuare il nostro programma di regate in avvicinamento ad uno dei momenti clou della nostra stagione, il Mondiale Orc di Ancona\u201d.<\/p>\n<p>Il via, come detto verr\u00e0 dato alle ore 20.00 di venerd\u00ec 3 maggio davanti all&#8217;uscita del porto di Riva di Traiano, e potrete seguire le regate, collegandovi al sito www.geomat.it ed i commenti su facebook Aniene 1\u00aa Classe.<\/p>\n","protected":false},"excerpt":{"rendered":"<p>Appena terminate le regate Pirelli, dove vince il Tp52 Aniene (per l&#8217;occasione charterizzato dal Team Bombarda Racing di Stefano e Andrea Pozzi) seguito a ruota dall&#8217;altro team armatoriale del Circolo Canottieri Aniene, lo Swan 45 Swanted di Stefano Piccolo, nemmeno il tempo di rientrare dalla Liguria e parte la 2\u00aa prova del Campionato Italiano OffShore [&hellip;]<\/p>\n","protected":false},"author":352,"featured_media":0,"comment_status":"open","ping_status":"closed","sticky":true,"template":"","format":"standard","meta":{"pmpro_default_level":0,"footnotes":"","_links_to":"","_links_to_target":""},"categories":[28],"tags":[],"class_list":["post-738","post","type-post","status-publish","format-standard","hentry","category-regate","pmpro-has-access"],"featured_image_urls":{},"appp_media":null,"yoast_head":"<!-- This site is optimized with the Yoast SEO plugin v23.6 - https:\/\/yoast.com\/wordpress\/plugins\/seo\/ -->\n<title>Ritorna in acqua il Tp52 Aniene, \u00e8 la volta dei giovani Under 30 e della nutrita flotta &quot;Aniene&quot; - Circolo Canottieri Aniene<\/title>\n<meta name=\"robots\" content=\"index, follow, max-snippet:-1, max-image-preview:large, max-video-preview:-1\" \/>\n<link rel=\"canonical\" href=\"https:\/\/www.ccaniene.com\/it_it\/ritorna-in-acqua-il-tp52-aniene-e-la-volta-dei-giovani-under-30-e-della-nutrita-flotta-qanieneq\/\" \/>\n<meta property=\"og:locale\" content=\"it_IT\" \/>\n<meta property=\"og:type\" content=\"article\" \/>\n<meta property=\"og:title\" content=\"Ritorna in acqua il Tp52 Aniene, \u00e8 la volta dei giovani Under 30 e della nutrita flotta &quot;Aniene&quot; - Circolo Canottieri Aniene\" \/>\n<meta property=\"og:description\" content=\"Appena terminate le regate Pirelli, dove vince il Tp52 Aniene (per l&#8217;occasione charterizzato dal Team Bombarda Racing di Stefano e Andrea Pozzi) seguito a ruota dall&#8217;altro team armatoriale del Circolo Canottieri Aniene, lo Swan 45 Swanted di Stefano Piccolo, nemmeno il tempo di rientrare dalla Liguria e parte la 2\u00aa prova del Campionato Italiano OffShore [&hellip;]\" \/>\n<meta property=\"og:url\" content=\"https:\/\/www.ccaniene.com\/it_it\/ritorna-in-acqua-il-tp52-aniene-e-la-volta-dei-giovani-under-30-e-della-nutrita-flotta-qanieneq\/\" \/>\n<meta property=\"og:site_name\" content=\"Circolo Canottieri Aniene\" \/>\n<meta property=\"article:published_time\" content=\"2013-05-02T19:06:02+00:00\" \/>\n<meta property=\"og:image\" content=\"http:\/\/www.ccaniene.com\/wp-content\/uploads\/lino_sonego.jpg\" \/>\n<meta name=\"twitter:card\" content=\"summary_large_image\" \/>\n<meta name=\"twitter:label1\" content=\"Scritto da\" \/>\n\t<meta name=\"twitter:data1\" content=\"\" \/>\n\t<meta name=\"twitter:label2\" content=\"Tempo di lettura stimato\" \/>\n\t<meta name=\"twitter:data2\" content=\"3 minuti\" \/>\n<script type=\"application\/ld+json\" class=\"yoast-schema-graph\">{\"@context\":\"https:\/\/schema.org\",\"@graph\":[{\"@type\":\"WebPage\",\"@id\":\"https:\/\/www.ccaniene.com\/it_it\/ritorna-in-acqua-il-tp52-aniene-e-la-volta-dei-giovani-under-30-e-della-nutrita-flotta-qanieneq\/\",\"url\":\"https:\/\/www.ccaniene.com\/it_it\/ritorna-in-acqua-il-tp52-aniene-e-la-volta-dei-giovani-under-30-e-della-nutrita-flotta-qanieneq\/\",\"name\":\"Ritorna in acqua il Tp52 Aniene, \u00e8 la volta dei giovani Under 30 e della nutrita flotta \\\"Aniene\\\" - Circolo Canottieri Aniene\",\"isPartOf\":{\"@id\":\"http:\/\/www.ccaniene.com\/it_it\/#website\"},\"primaryImageOfPage\":{\"@id\":\"https:\/\/www.ccaniene.com\/it_it\/ritorna-in-acqua-il-tp52-aniene-e-la-volta-dei-giovani-under-30-e-della-nutrita-flotta-qanieneq\/#primaryimage\"},\"image\":{\"@id\":\"https:\/\/www.ccaniene.com\/it_it\/ritorna-in-acqua-il-tp52-aniene-e-la-volta-dei-giovani-under-30-e-della-nutrita-flotta-qanieneq\/#primaryimage\"},\"thumbnailUrl\":\"http:\/\/www.ccaniene.com\/wp-content\/uploads\/lino_sonego.jpg\",\"datePublished\":\"2013-05-02T19:06:02+00:00\",\"dateModified\":\"2013-05-02T19:06:02+00:00\",\"author\":{\"@id\":\"\"},\"breadcrumb\":{\"@id\":\"https:\/\/www.ccaniene.com\/it_it\/ritorna-in-acqua-il-tp52-aniene-e-la-volta-dei-giovani-under-30-e-della-nutrita-flotta-qanieneq\/#breadcrumb\"},\"inLanguage\":\"it-IT\",\"potentialAction\":[{\"@type\":\"ReadAction\",\"target\":[\"https:\/\/www.ccaniene.com\/it_it\/ritorna-in-acqua-il-tp52-aniene-e-la-volta-dei-giovani-under-30-e-della-nutrita-flotta-qanieneq\/\"]}]},{\"@type\":\"ImageObject\",\"inLanguage\":\"it-IT\",\"@id\":\"https:\/\/www.ccaniene.com\/it_it\/ritorna-in-acqua-il-tp52-aniene-e-la-volta-dei-giovani-under-30-e-della-nutrita-flotta-qanieneq\/#primaryimage\",\"url\":\"http:\/\/www.ccaniene.com\/wp-content\/uploads\/lino_sonego.jpg\",\"contentUrl\":\"http:\/\/www.ccaniene.com\/wp-content\/uploads\/lino_sonego.jpg\"},{\"@type\":\"BreadcrumbList\",\"@id\":\"https:\/\/www.ccaniene.com\/it_it\/ritorna-in-acqua-il-tp52-aniene-e-la-volta-dei-giovani-under-30-e-della-nutrita-flotta-qanieneq\/#breadcrumb\",\"itemListElement\":[{\"@type\":\"ListItem\",\"position\":1,\"name\":\"Home\",\"item\":\"http:\/\/www.ccaniene.com\/it_it\/\"},{\"@type\":\"ListItem\",\"position\":2,\"name\":\"Ritorna in acqua il Tp52 Aniene, \u00e8 la volta dei giovani Under 30 e della nutrita flotta &#8220;Aniene&#8221;\"}]},{\"@type\":\"WebSite\",\"@id\":\"http:\/\/www.ccaniene.com\/it_it\/#website\",\"url\":\"http:\/\/www.ccaniene.com\/it_it\/\",\"name\":\"Circolo Canottieri Aniene\",\"description\":\"Collare d&#039;Oro e Stella d&#039;Oro al Merito Sportivo\",\"potentialAction\":[{\"@type\":\"SearchAction\",\"target\":{\"@type\":\"EntryPoint\",\"urlTemplate\":\"http:\/\/www.ccaniene.com\/it_it\/?s={search_term_string}\"},\"query-input\":{\"@type\":\"PropertyValueSpecification\",\"valueRequired\":true,\"valueName\":\"search_term_string\"}}],\"inLanguage\":\"it-IT\"},{\"@type\":\"Person\",\"@id\":\"\",\"url\":\"https:\/\/www.ccaniene.com\/it_it\/author\/\"}]}<\/script>\n<!-- \/ Yoast SEO plugin. -->","yoast_head_json":{"title":"Ritorna in acqua il Tp52 Aniene, \u00e8 la volta dei giovani Under 30 e della nutrita flotta \"Aniene\" - Circolo Canottieri Aniene","robots":{"index":"index","follow":"follow","max-snippet":"max-snippet:-1","max-image-preview":"max-image-preview:large","max-video-preview":"max-video-preview:-1"},"canonical":"https:\/\/www.ccaniene.com\/it_it\/ritorna-in-acqua-il-tp52-aniene-e-la-volta-dei-giovani-under-30-e-della-nutrita-flotta-qanieneq\/","og_locale":"it_IT","og_type":"article","og_title":"Ritorna in acqua il Tp52 Aniene, \u00e8 la volta dei giovani Under 30 e della nutrita flotta \"Aniene\" - Circolo Canottieri Aniene","og_description":"Appena terminate le regate Pirelli, dove vince il Tp52 Aniene (per l&#8217;occasione charterizzato dal Team Bombarda Racing di Stefano e Andrea Pozzi) seguito a ruota dall&#8217;altro team armatoriale del Circolo Canottieri Aniene, lo Swan 45 Swanted di Stefano Piccolo, nemmeno il tempo di rientrare dalla Liguria e parte la 2\u00aa prova del Campionato Italiano OffShore [&hellip;]","og_url":"https:\/\/www.ccaniene.com\/it_it\/ritorna-in-acqua-il-tp52-aniene-e-la-volta-dei-giovani-under-30-e-della-nutrita-flotta-qanieneq\/","og_site_name":"Circolo Canottieri Aniene","article_published_time":"2013-05-02T19:06:02+00:00","og_image":[{"url":"http:\/\/www.ccaniene.com\/wp-content\/uploads\/lino_sonego.jpg"}],"twitter_card":"summary_large_image","twitter_misc":{"Scritto da":"","Tempo di lettura stimato":"3 minuti"},"schema":{"@context":"https:\/\/schema.org","@graph":[{"@type":"WebPage","@id":"https:\/\/www.ccaniene.com\/it_it\/ritorna-in-acqua-il-tp52-aniene-e-la-volta-dei-giovani-under-30-e-della-nutrita-flotta-qanieneq\/","url":"https:\/\/www.ccaniene.com\/it_it\/ritorna-in-acqua-il-tp52-aniene-e-la-volta-dei-giovani-under-30-e-della-nutrita-flotta-qanieneq\/","name":"Ritorna in acqua il Tp52 Aniene, \u00e8 la volta dei giovani Under 30 e della nutrita flotta \"Aniene\" - Circolo Canottieri Aniene","isPartOf":{"@id":"http:\/\/www.ccaniene.com\/it_it\/#website"},"primaryImageOfPage":{"@id":"https:\/\/www.ccaniene.com\/it_it\/ritorna-in-acqua-il-tp52-aniene-e-la-volta-dei-giovani-under-30-e-della-nutrita-flotta-qanieneq\/#primaryimage"},"image":{"@id":"https:\/\/www.ccaniene.com\/it_it\/ritorna-in-acqua-il-tp52-aniene-e-la-volta-dei-giovani-under-30-e-della-nutrita-flotta-qanieneq\/#primaryimage"},"thumbnailUrl":"http:\/\/www.ccaniene.com\/wp-content\/uploads\/lino_sonego.jpg","datePublished":"2013-05-02T19:06:02+00:00","dateModified":"2013-05-02T19:06:02+00:00","author":{"@id":""},"breadcrumb":{"@id":"https:\/\/www.ccaniene.com\/it_it\/ritorna-in-acqua-il-tp52-aniene-e-la-volta-dei-giovani-under-30-e-della-nutrita-flotta-qanieneq\/#breadcrumb"},"inLanguage":"it-IT","potentialAction":[{"@type":"ReadAction","target":["https:\/\/www.ccaniene.com\/it_it\/ritorna-in-acqua-il-tp52-aniene-e-la-volta-dei-giovani-under-30-e-della-nutrita-flotta-qanieneq\/"]}]},{"@type":"ImageObject","inLanguage":"it-IT","@id":"https:\/\/www.ccaniene.com\/it_it\/ritorna-in-acqua-il-tp52-aniene-e-la-volta-dei-giovani-under-30-e-della-nutrita-flotta-qanieneq\/#primaryimage","url":"http:\/\/www.ccaniene.com\/wp-content\/uploads\/lino_sonego.jpg","contentUrl":"http:\/\/www.ccaniene.com\/wp-content\/uploads\/lino_sonego.jpg"},{"@type":"BreadcrumbList","@id":"https:\/\/www.ccaniene.com\/it_it\/ritorna-in-acqua-il-tp52-aniene-e-la-volta-dei-giovani-under-30-e-della-nutrita-flotta-qanieneq\/#breadcrumb","itemListElement":[{"@type":"ListItem","position":1,"name":"Home","item":"http:\/\/www.ccaniene.com\/it_it\/"},{"@type":"ListItem","position":2,"name":"Ritorna in acqua il Tp52 Aniene, \u00e8 la volta dei giovani Under 30 e della nutrita flotta &#8220;Aniene&#8221;"}]},{"@type":"WebSite","@id":"http:\/\/www.ccaniene.com\/it_it\/#website","url":"http:\/\/www.ccaniene.com\/it_it\/","name":"Circolo Canottieri Aniene","description":"Collare d&#039;Oro e Stella d&#039;Oro al Merito Sportivo","potentialAction":[{"@type":"SearchAction","target":{"@type":"EntryPoint","urlTemplate":"http:\/\/www.ccaniene.com\/it_it\/?s={search_term_string}"},"query-input":{"@type":"PropertyValueSpecification","valueRequired":true,"valueName":"search_term_string"}}],"inLanguage":"it-IT"},{"@type":"Person","@id":"","url":"https:\/\/www.ccaniene.com\/it_it\/author\/"}]}},"_links":{"self":[{"href":"https:\/\/www.ccaniene.com\/it_it\/wp-json\/wp\/v2\/posts\/738"}],"collection":[{"href":"https:\/\/www.ccaniene.com\/it_it\/wp-json\/wp\/v2\/posts"}],"about":[{"href":"https:\/\/www.ccaniene.com\/it_it\/wp-json\/wp\/v2\/types\/post"}],"author":[{"embeddable":true,"href":"https:\/\/www.ccaniene.com\/it_it\/wp-json\/wp\/v2\/users\/352"}],"replies":[{"embeddable":true,"href":"https:\/\/www.ccaniene.com\/it_it\/wp-json\/wp\/v2\/comments?post=738"}],"version-history":[{"count":0,"href":"https:\/\/www.ccaniene.com\/it_it\/wp-json\/wp\/v2\/posts\/738\/revisions"}],"wp:attachment":[{"href":"https:\/\/www.ccaniene.com\/it_it\/wp-json\/wp\/v2\/media?parent=738"}],"wp:term":[{"taxonomy":"category","embeddable":true,"href":"https:\/\/www.ccaniene.com\/it_it\/wp-json\/wp\/v2\/categories?post=738"},{"taxonomy":"post_tag","embeddable":true,"href":"https:\/\/www.ccaniene.com\/it_it\/wp-json\/wp\/v2\/tags?post=738"}],"curies":[{"name":"wp","href":"https:\/\/api.w.org\/{rel}","templated":true}]}}