{"id":737,"date":"2013-05-02T09:02:35","date_gmt":"2013-05-02T09:02:35","guid":{"rendered":""},"modified":"2013-05-02T09:02:35","modified_gmt":"2013-05-02T09:02:35","slug":"al-via-domani-la-lunga-bolina-trofeo-wind","status":"publish","type":"post","link":"https:\/\/www.ccaniene.com\/it_it\/al-via-domani-la-lunga-bolina-trofeo-wind\/","title":{"rendered":"Al via domani La Lunga Bolina &#8211; Trofeo Wind"},"content":{"rendered":"\n<p><span style=\"font-size: 10px;\"><img decoding=\"async\" src=\"http:\/\/www.ccaniene.com\/wp-content\/uploads\/lunga-bolina12-2467.jpg\" border=\"0\" width=\"200\" style=\"float: left; margin-right: 8px;\" \/>Domani la tanto attesa partenza della Lunga Bolina-Trofeo Wind ed \u00e8 gi\u00e0 record d\u2019iscrizioni per la regata d\u2019altura fiore all\u2019occhiello del calendario agonistico del Circolo Canottieri Aniene: ad oggi sono ben 63 le barche d\u2019altura iscritte a questa regata, tappa tra le pi\u00f9 importanti del Campionato Italiano Offshore 2013 della Fiv, a cui vanno aggiunti almeno una ventina di monotipi Este 24, impegnati nella Coastal Race.<\/span><\/p>\n<p><span style=\"font-size: 10px;\">Supportata dal main sponsor Wind <\/span><\/p>\n<p><!--more--><br \/>\n&#8211; la compagnia telefonica che fa parte del Gruppo VimpelCom, presente in 18 paesi con 212 milioni di clienti mobili &#8211; e dal technical partner Intermatica &#8211; azienda che opera nel settore delle telecomunicazioni con particolare attenzione ai prodotti e ai servizi per la telefonia mobile satellitare e della sicurezza in mare &#8211; La Lunga Bolina prender\u00e0 il via nella serata di venerd\u00ec 3 maggio e le barche (Orc International e Irc) si sfideranno lungo un percorso di oltre 130 miglia con partenza da Riva di Traiano (Civitavecchia), passaggi all&#8217;isola del Giglio, Formiche di Grosseto, Formiche di Burano e Giannutri, e arrivo nuovamente a Riva di Traiano. Per il secondo anno consecutivo, la regata del Cc Aniene sar\u00e0 inoltre aperta anche ai monotipi della classe Este 24, che si sfideranno nella Coastal Race su un percorso ridotto diviso in due tappe: partenza da Santa Marinella la mattina di sabato 4 maggio, arrivo a Cala Galera e, dopo una sosta notturna all&#8217;Argentario, nuova partenza la domenica da Cala Galera e arrivo a Santa Marinella.<\/p>\n<div><span style=\"font-size: 10px;\"><br \/><\/span><\/div>\n<div><span style=\"font-size: 10px;\">Tra gli iscritti, spiccano il Tp 52 Aniene, il Cookson 50 Cippa Lippa 8, l\u2019X-46 Canapiglia, il Grand Soleil 43 Vanit\u00e9, il Felci 61 Almabrada, l\u2019Este 35 Whisky Echo, il Comet 45 Pifferaio Magico, il Comet 41 Prospettica, il Farr 31 Loucura, gli Este 24 Ridecos\u00ec, Gorditos II e La Poderosa Agt, e l\u2019X-512 Durlindana II, la barca del patron della regata Giancarlo Gianni dominatrice della Lunga Bolina 2012 e rientrata in fretta dai Caraibi, dopo aver partecipato con successo all\u2019Atlantic Rally for Cruisers, proprio per non mancare all\u2019evento.<\/span><\/p>\n<p><span style=\"font-size: 10px;\">Numerosi i trofei e i premi in palio &#8211; dal Trofeo Wind al Trofeo Intermatica, fino alla Coppa Cc Aniene Challenger dei Circoli, alla Coppa Francesco Caravita di Toritto e alla Coppa Challenger Sergio Recchi &#8211; cos\u00ec come le facilitazioni per gli iscritti, che potranno ormeggiare gratuitamente dall&#8217;1 al 6 maggio presso il porto di Riva di Traiano, dove dal pomeriggio di sabato, per tutta la notte e fino al pomeriggio di domenica verr\u00e0 istituito un punto ristoro e accoglienza per gli equipaggi.<\/span><\/p>\n<p><span style=\"font-size: 10px;\">Il programma dell&#8217;evento \u00e8 gi\u00e0 sul sito www.lalungabolina.it, attraverso il quale \u00e8 possibile effettuare l&#8217;iscrizione on line, gratuita per gli armatori che stipuleranno tre contratti di telefonia mobile con Wind. La premiazione, invece, si svolger\u00e0 mercoled\u00ec 8 maggio, nel tardo pomeriggio, presso la sede del Circolo Canottieri Aniene a Roma.<\/span><\/p>\n<p><span style=\"font-size: 10px;\">Come negli anni passati, infine, grazie alla partnership con Intermatica sar\u00e0 possibile seguire la regata in diretta sul web, sul sito www.geomat.it, attraverso il sistema di georeferenziazione satellitare Navisat Tracker.<\/span><\/p>\n<p>\u00a0<\/p>\n<\/div>\n","protected":false},"excerpt":{"rendered":"<p>Domani la tanto attesa partenza della Lunga Bolina-Trofeo Wind ed \u00e8 gi\u00e0 record d\u2019iscrizioni per la regata d\u2019altura fiore all\u2019occhiello del calendario agonistico del Circolo Canottieri Aniene: ad oggi sono ben 63 le barche d\u2019altura iscritte a questa regata, tappa tra le pi\u00f9 importanti del Campionato Italiano Offshore 2013 della Fiv, a cui vanno aggiunti [&hellip;]<\/p>\n","protected":false},"author":352,"featured_media":0,"comment_status":"open","ping_status":"closed","sticky":true,"template":"","format":"standard","meta":{"pmpro_default_level":0,"footnotes":"","_links_to":"","_links_to_target":""},"categories":[28],"tags":[],"class_list":["post-737","post","type-post","status-publish","format-standard","hentry","category-regate","pmpro-has-access"],"featured_image_urls":{},"appp_media":null,"yoast_head":"<!-- This site is optimized with the Yoast SEO plugin v23.6 - https:\/\/yoast.com\/wordpress\/plugins\/seo\/ -->\n<title>Al via domani La Lunga Bolina - Trofeo Wind - Circolo Canottieri Aniene<\/title>\n<meta name=\"robots\" content=\"index, follow, max-snippet:-1, max-image-preview:large, max-video-preview:-1\" \/>\n<link rel=\"canonical\" href=\"https:\/\/www.ccaniene.com\/it_it\/al-via-domani-la-lunga-bolina-trofeo-wind\/\" \/>\n<meta property=\"og:locale\" content=\"it_IT\" \/>\n<meta property=\"og:type\" content=\"article\" \/>\n<meta property=\"og:title\" content=\"Al via domani La Lunga Bolina - Trofeo Wind - Circolo Canottieri Aniene\" \/>\n<meta property=\"og:description\" content=\"Domani la tanto attesa partenza della Lunga Bolina-Trofeo Wind ed \u00e8 gi\u00e0 record d\u2019iscrizioni per la regata d\u2019altura fiore all\u2019occhiello del calendario agonistico del Circolo Canottieri Aniene: ad oggi sono ben 63 le barche d\u2019altura iscritte a questa regata, tappa tra le pi\u00f9 importanti del Campionato Italiano Offshore 2013 della Fiv, a cui vanno aggiunti [&hellip;]\" \/>\n<meta property=\"og:url\" content=\"https:\/\/www.ccaniene.com\/it_it\/al-via-domani-la-lunga-bolina-trofeo-wind\/\" \/>\n<meta property=\"og:site_name\" content=\"Circolo Canottieri Aniene\" \/>\n<meta property=\"article:published_time\" content=\"2013-05-02T09:02:35+00:00\" \/>\n<meta property=\"og:image\" content=\"http:\/\/www.ccaniene.com\/wp-content\/uploads\/lunga-bolina12-2467.jpg\" \/>\n<meta name=\"twitter:card\" content=\"summary_large_image\" \/>\n<meta name=\"twitter:label1\" content=\"Scritto da\" \/>\n\t<meta name=\"twitter:data1\" content=\"\" \/>\n\t<meta name=\"twitter:label2\" content=\"Tempo di lettura stimato\" \/>\n\t<meta name=\"twitter:data2\" content=\"2 minuti\" \/>\n<script type=\"application\/ld+json\" class=\"yoast-schema-graph\">{\"@context\":\"https:\/\/schema.org\",\"@graph\":[{\"@type\":\"WebPage\",\"@id\":\"https:\/\/www.ccaniene.com\/en\/al-via-domani-la-lunga-bolina-trofeo-wind\/\",\"url\":\"https:\/\/www.ccaniene.com\/en\/al-via-domani-la-lunga-bolina-trofeo-wind\/\",\"name\":\"Al via domani La Lunga Bolina - Trofeo Wind - Circolo Canottieri Aniene\",\"isPartOf\":{\"@id\":\"http:\/\/www.ccaniene.com\/it_it\/#website\"},\"primaryImageOfPage\":{\"@id\":\"https:\/\/www.ccaniene.com\/en\/al-via-domani-la-lunga-bolina-trofeo-wind\/#primaryimage\"},\"image\":{\"@id\":\"https:\/\/www.ccaniene.com\/en\/al-via-domani-la-lunga-bolina-trofeo-wind\/#primaryimage\"},\"thumbnailUrl\":\"http:\/\/www.ccaniene.com\/wp-content\/uploads\/lunga-bolina12-2467.jpg\",\"datePublished\":\"2013-05-02T09:02:35+00:00\",\"dateModified\":\"2013-05-02T09:02:35+00:00\",\"author\":{\"@id\":\"\"},\"breadcrumb\":{\"@id\":\"https:\/\/www.ccaniene.com\/en\/al-via-domani-la-lunga-bolina-trofeo-wind\/#breadcrumb\"},\"inLanguage\":\"it-IT\",\"potentialAction\":[{\"@type\":\"ReadAction\",\"target\":[\"https:\/\/www.ccaniene.com\/en\/al-via-domani-la-lunga-bolina-trofeo-wind\/\"]}]},{\"@type\":\"ImageObject\",\"inLanguage\":\"it-IT\",\"@id\":\"https:\/\/www.ccaniene.com\/en\/al-via-domani-la-lunga-bolina-trofeo-wind\/#primaryimage\",\"url\":\"http:\/\/www.ccaniene.com\/wp-content\/uploads\/lunga-bolina12-2467.jpg\",\"contentUrl\":\"http:\/\/www.ccaniene.com\/wp-content\/uploads\/lunga-bolina12-2467.jpg\"},{\"@type\":\"BreadcrumbList\",\"@id\":\"https:\/\/www.ccaniene.com\/en\/al-via-domani-la-lunga-bolina-trofeo-wind\/#breadcrumb\",\"itemListElement\":[{\"@type\":\"ListItem\",\"position\":1,\"name\":\"Home\",\"item\":\"http:\/\/www.ccaniene.com\/it_it\/\"},{\"@type\":\"ListItem\",\"position\":2,\"name\":\"Al via domani La Lunga Bolina &#8211; Trofeo Wind\"}]},{\"@type\":\"WebSite\",\"@id\":\"http:\/\/www.ccaniene.com\/it_it\/#website\",\"url\":\"http:\/\/www.ccaniene.com\/it_it\/\",\"name\":\"Circolo Canottieri Aniene\",\"description\":\"Collare d&#039;Oro e Stella d&#039;Oro al Merito Sportivo\",\"potentialAction\":[{\"@type\":\"SearchAction\",\"target\":{\"@type\":\"EntryPoint\",\"urlTemplate\":\"http:\/\/www.ccaniene.com\/it_it\/?s={search_term_string}\"},\"query-input\":{\"@type\":\"PropertyValueSpecification\",\"valueRequired\":true,\"valueName\":\"search_term_string\"}}],\"inLanguage\":\"it-IT\"},{\"@type\":\"Person\",\"@id\":\"\",\"url\":\"https:\/\/www.ccaniene.com\/it_it\/author\/\"}]}<\/script>\n<!-- \/ Yoast SEO plugin. -->","yoast_head_json":{"title":"Al via domani La Lunga Bolina - Trofeo Wind - Circolo Canottieri Aniene","robots":{"index":"index","follow":"follow","max-snippet":"max-snippet:-1","max-image-preview":"max-image-preview:large","max-video-preview":"max-video-preview:-1"},"canonical":"https:\/\/www.ccaniene.com\/it_it\/al-via-domani-la-lunga-bolina-trofeo-wind\/","og_locale":"it_IT","og_type":"article","og_title":"Al via domani La Lunga Bolina - Trofeo Wind - Circolo Canottieri Aniene","og_description":"Domani la tanto attesa partenza della Lunga Bolina-Trofeo Wind ed \u00e8 gi\u00e0 record d\u2019iscrizioni per la regata d\u2019altura fiore all\u2019occhiello del calendario agonistico del Circolo Canottieri Aniene: ad oggi sono ben 63 le barche d\u2019altura iscritte a questa regata, tappa tra le pi\u00f9 importanti del Campionato Italiano Offshore 2013 della Fiv, a cui vanno aggiunti [&hellip;]","og_url":"https:\/\/www.ccaniene.com\/it_it\/al-via-domani-la-lunga-bolina-trofeo-wind\/","og_site_name":"Circolo Canottieri Aniene","article_published_time":"2013-05-02T09:02:35+00:00","og_image":[{"url":"http:\/\/www.ccaniene.com\/wp-content\/uploads\/lunga-bolina12-2467.jpg"}],"twitter_card":"summary_large_image","twitter_misc":{"Scritto da":"","Tempo di lettura stimato":"2 minuti"},"schema":{"@context":"https:\/\/schema.org","@graph":[{"@type":"WebPage","@id":"https:\/\/www.ccaniene.com\/en\/al-via-domani-la-lunga-bolina-trofeo-wind\/","url":"https:\/\/www.ccaniene.com\/en\/al-via-domani-la-lunga-bolina-trofeo-wind\/","name":"Al via domani La Lunga Bolina - Trofeo Wind - Circolo Canottieri Aniene","isPartOf":{"@id":"http:\/\/www.ccaniene.com\/it_it\/#website"},"primaryImageOfPage":{"@id":"https:\/\/www.ccaniene.com\/en\/al-via-domani-la-lunga-bolina-trofeo-wind\/#primaryimage"},"image":{"@id":"https:\/\/www.ccaniene.com\/en\/al-via-domani-la-lunga-bolina-trofeo-wind\/#primaryimage"},"thumbnailUrl":"http:\/\/www.ccaniene.com\/wp-content\/uploads\/lunga-bolina12-2467.jpg","datePublished":"2013-05-02T09:02:35+00:00","dateModified":"2013-05-02T09:02:35+00:00","author":{"@id":""},"breadcrumb":{"@id":"https:\/\/www.ccaniene.com\/en\/al-via-domani-la-lunga-bolina-trofeo-wind\/#breadcrumb"},"inLanguage":"it-IT","potentialAction":[{"@type":"ReadAction","target":["https:\/\/www.ccaniene.com\/en\/al-via-domani-la-lunga-bolina-trofeo-wind\/"]}]},{"@type":"ImageObject","inLanguage":"it-IT","@id":"https:\/\/www.ccaniene.com\/en\/al-via-domani-la-lunga-bolina-trofeo-wind\/#primaryimage","url":"http:\/\/www.ccaniene.com\/wp-content\/uploads\/lunga-bolina12-2467.jpg","contentUrl":"http:\/\/www.ccaniene.com\/wp-content\/uploads\/lunga-bolina12-2467.jpg"},{"@type":"BreadcrumbList","@id":"https:\/\/www.ccaniene.com\/en\/al-via-domani-la-lunga-bolina-trofeo-wind\/#breadcrumb","itemListElement":[{"@type":"ListItem","position":1,"name":"Home","item":"http:\/\/www.ccaniene.com\/it_it\/"},{"@type":"ListItem","position":2,"name":"Al via domani La Lunga Bolina &#8211; Trofeo Wind"}]},{"@type":"WebSite","@id":"http:\/\/www.ccaniene.com\/it_it\/#website","url":"http:\/\/www.ccaniene.com\/it_it\/","name":"Circolo Canottieri Aniene","description":"Collare d&#039;Oro e Stella d&#039;Oro al Merito Sportivo","potentialAction":[{"@type":"SearchAction","target":{"@type":"EntryPoint","urlTemplate":"http:\/\/www.ccaniene.com\/it_it\/?s={search_term_string}"},"query-input":{"@type":"PropertyValueSpecification","valueRequired":true,"valueName":"search_term_string"}}],"inLanguage":"it-IT"},{"@type":"Person","@id":"","url":"https:\/\/www.ccaniene.com\/it_it\/author\/"}]}},"_links":{"self":[{"href":"https:\/\/www.ccaniene.com\/it_it\/wp-json\/wp\/v2\/posts\/737"}],"collection":[{"href":"https:\/\/www.ccaniene.com\/it_it\/wp-json\/wp\/v2\/posts"}],"about":[{"href":"https:\/\/www.ccaniene.com\/it_it\/wp-json\/wp\/v2\/types\/post"}],"author":[{"embeddable":true,"href":"https:\/\/www.ccaniene.com\/it_it\/wp-json\/wp\/v2\/users\/352"}],"replies":[{"embeddable":true,"href":"https:\/\/www.ccaniene.com\/it_it\/wp-json\/wp\/v2\/comments?post=737"}],"version-history":[{"count":0,"href":"https:\/\/www.ccaniene.com\/it_it\/wp-json\/wp\/v2\/posts\/737\/revisions"}],"wp:attachment":[{"href":"https:\/\/www.ccaniene.com\/it_it\/wp-json\/wp\/v2\/media?parent=737"}],"wp:term":[{"taxonomy":"category","embeddable":true,"href":"https:\/\/www.ccaniene.com\/it_it\/wp-json\/wp\/v2\/categories?post=737"},{"taxonomy":"post_tag","embeddable":true,"href":"https:\/\/www.ccaniene.com\/it_it\/wp-json\/wp\/v2\/tags?post=737"}],"curies":[{"name":"wp","href":"https:\/\/api.w.org\/{rel}","templated":true}]}}