{"id":730,"date":"2013-04-22T12:57:18","date_gmt":"2013-04-22T12:57:18","guid":{"rendered":""},"modified":"2013-04-22T12:57:18","modified_gmt":"2013-04-22T12:57:18","slug":"finale-scudetto-serie-a-coppa-brema-ancora-un-trionfo-per-i-nuotatori-dellaniene","status":"publish","type":"post","link":"https:\/\/www.ccaniene.com\/it_it\/finale-scudetto-serie-a-coppa-brema-ancora-un-trionfo-per-i-nuotatori-dellaniene\/","title":{"rendered":"FINALE SCUDETTO SERIE \u201cA\u201d COPPA BREMA ANCORA UN TRIONFO PER I NUOTATORI DELL\u2019ANIENE!"},"content":{"rendered":"\n<p><img decoding=\"async\" src=\"http:\/\/www.ccaniene.com\/wp-content\/uploads\/coppabrema_2013.jpg\" border=\"0\" width=\"600\" style=\"vertical-align: top;\" \/><\/p>\n<p>Reduce dai successi dei Campionati Italiani Assoluti Primaverili la squadra della Sezione Nuoto del Circolo Canottieri Aniene si\u00a0<span style=\"font-size: 10px;\">rituffa in vasca corta a Verona, nella <strong>Finale Scudetto di Serie \u201cA\u201d della Coppa Brema<\/strong>. Otto le societ\u00e0 finaliste in campo <\/span><span style=\"font-size: 10px;\">femminile ed otto in campo maschile. Classifiche separate per settore e chi vincer\u00e0 potr\u00e0 fregiarsi dello Scudetto di Campione <\/span><span style=\"font-size: 10px;\">d\u2019Italia 2013.<\/span><\/p>\n<p>L\u2019Aniene parte con i favori del pronostico con la squadra femminile, ma sa bene sar\u00e0 pi\u00f9 dura in campo maschile, sperando\u00a0<span style=\"font-size: 10px;\">comunque di bissare lo Scudetto della passata stagione. P<\/span><span style=\"font-size: 10px;\">ubblico delle grandi occasioni, la tensione \u00e8 alta. La si avverte dagli sguardi delle nuotatrici e nuotatori che si incontrano a <\/span><span style=\"font-size: 10px;\">bordo vasca per le nuotate di riscaldamento.<\/span><\/p>\n<p><span style=\"font-size: 10px;\">Tutto \u00e8 pronto, ore 10.00, si parte! <\/span><\/p>\n<p><!--more--><\/p>\n<p>\u00a0<\/p>\n<p>E\u2019 <strong>Giulia De Ascentis<\/strong> che d\u00e0 il via alla manifestazione con i 200 misti ed \u00e8 seconda in 2\u201913\u201d39. Ed ora in campo maschile <strong>Alex <\/strong><span style=\"font-size: 10px;\"><strong>Di Giorgio<\/strong> affronta i 400 stile libero, terzo in 3\u201947\u201d43. <strong>Federica Pellegrini<\/strong> \u00e8 sui blocchetti per la gara dei 200 stile libero, il <\/span><span style=\"font-size: 10px;\">piglio \u00e8 quello giusto, suo \u00e8 il primo posto in 1\u201954\u201d51. E\u2019 la volta di <strong>Piero Codia<\/strong> nei 100 farfalla, non pu\u00f2 fallire il primo posto <\/span><span style=\"font-size: 10px;\">in 51\u201d71. <strong>Ilaria Scarcella<\/strong>, bravissima nei 100 rana, prima in 1\u201907\u201d90. <strong>Edoardo Giorgetti<\/strong> si classifica secondo nei 200 rana in <\/span><span style=\"font-size: 10px;\">2\u201907\u201d53. In campo femminile ci aggiudichiamo altri nove punti grazie al primo posto di <strong>Elena Gemo<\/strong> nei 100 dorso in 59\u201d11. E\u2019 <\/span><span style=\"font-size: 10px;\">terzo <strong>Damiano Lestingi<\/strong> nei 200 dorso in 1\u201955\u201d75. <\/span><span style=\"font-size: 10px;\">Bene <strong>Teresa Strickner<\/strong> terza in 2\u201910\u201d22 nei 200 farfalla. <strong>Lorenzo Benatti<\/strong> quarto nei 100 stile libero in 48\u201d75 ma non poteva <\/span><span style=\"font-size: 10px;\">fare di pi\u00f9 dietro ai mostri sacri Orsi, Dotto e Magnini. In 24\u201d75 <strong>Silvia Di Pietro<\/strong> \u00e8 prima nei 50 stile libero. In campo femminile <\/span><span style=\"font-size: 10px;\">siamo primi con 49 punti. <strong>Luca Marin<\/strong> si aggiudica i 400 misti in 4\u201914\u201d41. Anche in campo maschile siamo al comando con 42 <\/span><span style=\"font-size: 10px;\">punti. 8\u201924\u201d83 il tempo di <strong>Aurora Ponsel\u00e8<\/strong> negli 800 stile libero che le consente di chiudere al secondo posto. <\/span><span style=\"font-size: 10px;\">Staffetta <strong>4&#215;100 mista maschile<\/strong>: <strong>Matteo Milli<\/strong>, <strong>Edoardo Giorgetti<\/strong>, <strong>Piero Codia<\/strong>,<strong> Lorenzo Benatti<\/strong>, primi in 3\u201930\u201d31. Al termine <\/span><span style=\"font-size: 10px;\">della prima parte siamo in testa con 60 punti, + 11 sul Team Lombardia. La <strong>staffetta 4&#215;100 stile libero<\/strong> conclude la prima parte <\/span><span style=\"font-size: 10px;\">del settore femminile. Al via <strong>Lucrezia Raco<\/strong>, <strong>Silvia Di Pietro<\/strong>, <strong>Gigliola Tecchio<\/strong>, <strong>Federica Pellegrini<\/strong>: prime in 3\u201948\u201d48 a soli 2 <\/span><span style=\"font-size: 10px;\">centesimi dal Record Italiano di Societ\u00e0 e prime in classifica con 74 punti e pi\u00f9 20 sulle seconde, sempre Team Lombardia.<\/span><\/p>\n<p>Per la seconda parte apre i giochi <strong>Lestingi<\/strong> terzo in 1\u201958\u201d37 nei 200 misti. Sei punti in carniere per il terzo posto della <strong>Ponsel\u00e8 <\/strong>nei\u00a0<span style=\"font-size: 10px;\">400 stile libero in 4\u201909\u201d37. <strong>Di Giorgio<\/strong> in 1\u201945\u201d39 \u00e8 terzo nei 200 stile libero. Sono 10 i punti di vantaggio dell\u2019Aniene sul Team <\/span><span style=\"font-size: 10px;\">Lombardia. Per le ragazze <strong>Elena Di Liddo<\/strong> \u00e8 seconda nei 100 farfalla in 58\u201d00, sono ora 21 i punti di vantaggio. <strong>Giorgetti <\/strong>chiude <\/span><span style=\"font-size: 10px;\">al terzo posto i 100 rana in 59\u201d05. Bene la <strong>Scarcella<\/strong>, 2\u201926\u201d10 nei 200 rana e sette punti in classifica per il suo secondo posto.<strong> <\/strong><\/span><span style=\"font-size: 10px;\"><strong>Matteo Milli<\/strong> secondo in un ottimo 51\u201d68 nei 100 dorso, siamo ora a pi\u00f9 14. Non poteva essere altrimenti, la <strong>Pellegrini<\/strong> nei 200 <\/span><span style=\"font-size: 10px;\">dorso, nove punti per la sua vittoria con il crono di 2\u201905\u201d71. Si inizia a scorgere il traguardo della vittoria in campo femminile. <\/span><span style=\"font-size: 10px;\"><strong>Matteo Pelizzari<\/strong> domina i 200 farfalla in 1\u201954\u201d86, siamo a pi\u00f9 20. Continua la cavalcata delle nostre valchirie, prima nei 100 <\/span><span style=\"font-size: 10px;\">stile libero <strong>Silvia Di Pietro <\/strong>in un eccellente 53\u201d88. <\/span><span style=\"font-size: 10px;\">Lotta come un leone <strong>Benatti<\/strong> terzo nei 50 stile libero in 21\u201d88. <strong>De Ascentis<\/strong> controlla la quinta posizione nei 400 misti in 4\u201950\u201d83 <\/span><span style=\"font-size: 10px;\">cercando di risparmiare energie preziose per la successiva staffetta femminile. Siamo ai 1500 stile libero, ultima gara individuale <\/span><span style=\"font-size: 10px;\">per i ragazzi. Fondamentali i sette punti in classifica grazie a <strong>Federico Vanelli<\/strong> secondo in 15\u201904\u201d93. <\/span><\/p>\n<p><span style=\"font-size: 10px;\"><strong>4&#215;100 mista femminile<\/strong>: <strong>Gemo<\/strong>,<strong> De Ascentis<\/strong>, <strong>Di Liddo<\/strong> , <strong>Pellegrini<\/strong>, 3\u201957\u201d41, nuovo Record Italiano di Societ\u00e0. Prime con 134 <\/span><span style=\"font-size: 10px;\">punti, Campionesse d\u2019Italia!<\/span><\/p>\n<p><strong>4&#215;100 stile libero maschi<\/strong>: <strong>Benatti<\/strong>, <strong>Codia<\/strong>, <strong>Marco Belotti<\/strong>, <strong>Di Giorgio<\/strong>, quarti con 3\u201914\u201d77 ma primi in classifica con 117 punti,<span style=\"font-size: 10px;\">Campioni d\u2019Italia!<\/span><\/p>\n<p>Anche quest\u2019anno un trionfo, pi\u00f9 sofferto pertanto ancora pi\u00f9 bello da apprezzare.<\/p>\n<p>Chiamano per le premiazioni. Le ragazze ed i ragazzi, ebbri di gioia, si abbracciano e si tuffano in quell\u2019acqua che poco prima li\u00a0<span style=\"font-size: 10px;\">ha visti protagonisti. Salgono sul gradino pi\u00f9 alto del podio, grondanti di gioia e di fatica, ma felici di urlare: Campioni d\u2019Italia!<\/span><\/p>\n<p><strong>GIANNI NAGNI<\/strong> \u2013 D.T. CCANIENE:\u00a0<span style=\"font-size: 10px;\">\u201cCi davano favoriti, ma non \u00e8 mai facile confermarsi. Con la squadra femminile avevamo un certo margine da gestire; nel settore <\/span><span style=\"font-size: 10px;\">maschile la concorrenza del Team Nuoto Lombardia era forte. Sono molto soddisfatto, oltre che per il successo, per <\/span><span style=\"font-size: 10px;\">l\u2019attaccamento ed il senso di appartenenza mostrato da tutti i ragazzi e ragazze che hanno moltiplicato forze e determinazione. <\/span><span style=\"font-size: 10px;\">Complimenti a tutti!!!\u201d<\/span><\/p>\n","protected":false},"excerpt":{"rendered":"<p>Reduce dai successi dei Campionati Italiani Assoluti Primaverili la squadra della Sezione Nuoto del Circolo Canottieri Aniene si\u00a0rituffa in vasca corta a Verona, nella Finale Scudetto di Serie \u201cA\u201d della Coppa Brema. Otto le societ\u00e0 finaliste in campo femminile ed otto in campo maschile. Classifiche separate per settore e chi vincer\u00e0 potr\u00e0 fregiarsi dello Scudetto [&hellip;]<\/p>\n","protected":false},"author":352,"featured_media":0,"comment_status":"open","ping_status":"closed","sticky":true,"template":"","format":"standard","meta":{"pmpro_default_level":0,"footnotes":"","_links_to":"","_links_to_target":""},"categories":[11],"tags":[],"class_list":["post-730","post","type-post","status-publish","format-standard","hentry","category-nuoto","pmpro-has-access"],"featured_image_urls":{},"appp_media":null,"yoast_head":"<!-- This site is optimized with the Yoast SEO plugin v23.6 - https:\/\/yoast.com\/wordpress\/plugins\/seo\/ -->\n<title>FINALE SCUDETTO SERIE \u201cA\u201d COPPA BREMA ANCORA UN TRIONFO PER I NUOTATORI DELL\u2019ANIENE! - Circolo Canottieri Aniene<\/title>\n<meta name=\"robots\" content=\"index, follow, max-snippet:-1, max-image-preview:large, max-video-preview:-1\" \/>\n<link rel=\"canonical\" href=\"http:\/\/www.ccaniene.com\/it_it\/finale-scudetto-serie-a-coppa-brema-ancora-un-trionfo-per-i-nuotatori-dellaniene\/\" \/>\n<meta property=\"og:locale\" content=\"it_IT\" \/>\n<meta property=\"og:type\" content=\"article\" \/>\n<meta property=\"og:title\" content=\"FINALE SCUDETTO SERIE \u201cA\u201d COPPA BREMA ANCORA UN TRIONFO PER I NUOTATORI DELL\u2019ANIENE! - Circolo Canottieri Aniene\" \/>\n<meta property=\"og:description\" content=\"Reduce dai successi dei Campionati Italiani Assoluti Primaverili la squadra della Sezione Nuoto del Circolo Canottieri Aniene si\u00a0rituffa in vasca corta a Verona, nella Finale Scudetto di Serie \u201cA\u201d della Coppa Brema. Otto le societ\u00e0 finaliste in campo femminile ed otto in campo maschile. Classifiche separate per settore e chi vincer\u00e0 potr\u00e0 fregiarsi dello Scudetto [&hellip;]\" \/>\n<meta property=\"og:url\" content=\"http:\/\/www.ccaniene.com\/it_it\/finale-scudetto-serie-a-coppa-brema-ancora-un-trionfo-per-i-nuotatori-dellaniene\/\" \/>\n<meta property=\"og:site_name\" content=\"Circolo Canottieri Aniene\" \/>\n<meta property=\"article:published_time\" content=\"2013-04-22T12:57:18+00:00\" \/>\n<meta property=\"og:image\" content=\"http:\/\/www.ccaniene.com\/wp-content\/uploads\/coppabrema_2013.jpg\" \/>\n<meta name=\"twitter:card\" content=\"summary_large_image\" \/>\n<meta name=\"twitter:label1\" content=\"Scritto da\" \/>\n\t<meta name=\"twitter:data1\" content=\"\" \/>\n\t<meta name=\"twitter:label2\" content=\"Tempo di lettura stimato\" \/>\n\t<meta name=\"twitter:data2\" content=\"4 minuti\" \/>\n<script type=\"application\/ld+json\" class=\"yoast-schema-graph\">{\"@context\":\"https:\/\/schema.org\",\"@graph\":[{\"@type\":\"WebPage\",\"@id\":\"http:\/\/www.ccaniene.com\/en\/finale-scudetto-serie-a-coppa-brema-ancora-un-trionfo-per-i-nuotatori-dellaniene\/\",\"url\":\"http:\/\/www.ccaniene.com\/en\/finale-scudetto-serie-a-coppa-brema-ancora-un-trionfo-per-i-nuotatori-dellaniene\/\",\"name\":\"FINALE SCUDETTO SERIE \u201cA\u201d COPPA BREMA ANCORA UN TRIONFO PER I NUOTATORI DELL\u2019ANIENE! - Circolo Canottieri Aniene\",\"isPartOf\":{\"@id\":\"http:\/\/www.ccaniene.com\/it_it\/#website\"},\"primaryImageOfPage\":{\"@id\":\"http:\/\/www.ccaniene.com\/en\/finale-scudetto-serie-a-coppa-brema-ancora-un-trionfo-per-i-nuotatori-dellaniene\/#primaryimage\"},\"image\":{\"@id\":\"http:\/\/www.ccaniene.com\/en\/finale-scudetto-serie-a-coppa-brema-ancora-un-trionfo-per-i-nuotatori-dellaniene\/#primaryimage\"},\"thumbnailUrl\":\"http:\/\/www.ccaniene.com\/wp-content\/uploads\/coppabrema_2013.jpg\",\"datePublished\":\"2013-04-22T12:57:18+00:00\",\"dateModified\":\"2013-04-22T12:57:18+00:00\",\"author\":{\"@id\":\"\"},\"breadcrumb\":{\"@id\":\"http:\/\/www.ccaniene.com\/en\/finale-scudetto-serie-a-coppa-brema-ancora-un-trionfo-per-i-nuotatori-dellaniene\/#breadcrumb\"},\"inLanguage\":\"it-IT\",\"potentialAction\":[{\"@type\":\"ReadAction\",\"target\":[\"http:\/\/www.ccaniene.com\/en\/finale-scudetto-serie-a-coppa-brema-ancora-un-trionfo-per-i-nuotatori-dellaniene\/\"]}]},{\"@type\":\"ImageObject\",\"inLanguage\":\"it-IT\",\"@id\":\"http:\/\/www.ccaniene.com\/en\/finale-scudetto-serie-a-coppa-brema-ancora-un-trionfo-per-i-nuotatori-dellaniene\/#primaryimage\",\"url\":\"http:\/\/www.ccaniene.com\/wp-content\/uploads\/coppabrema_2013.jpg\",\"contentUrl\":\"http:\/\/www.ccaniene.com\/wp-content\/uploads\/coppabrema_2013.jpg\"},{\"@type\":\"BreadcrumbList\",\"@id\":\"http:\/\/www.ccaniene.com\/en\/finale-scudetto-serie-a-coppa-brema-ancora-un-trionfo-per-i-nuotatori-dellaniene\/#breadcrumb\",\"itemListElement\":[{\"@type\":\"ListItem\",\"position\":1,\"name\":\"Home\",\"item\":\"http:\/\/www.ccaniene.com\/it_it\/\"},{\"@type\":\"ListItem\",\"position\":2,\"name\":\"FINALE SCUDETTO SERIE \u201cA\u201d COPPA BREMA ANCORA UN TRIONFO PER I NUOTATORI DELL\u2019ANIENE!\"}]},{\"@type\":\"WebSite\",\"@id\":\"http:\/\/www.ccaniene.com\/it_it\/#website\",\"url\":\"http:\/\/www.ccaniene.com\/it_it\/\",\"name\":\"Circolo Canottieri Aniene\",\"description\":\"Collare d&#039;Oro e Stella d&#039;Oro al Merito Sportivo\",\"potentialAction\":[{\"@type\":\"SearchAction\",\"target\":{\"@type\":\"EntryPoint\",\"urlTemplate\":\"http:\/\/www.ccaniene.com\/it_it\/?s={search_term_string}\"},\"query-input\":{\"@type\":\"PropertyValueSpecification\",\"valueRequired\":true,\"valueName\":\"search_term_string\"}}],\"inLanguage\":\"it-IT\"},{\"@type\":\"Person\",\"@id\":\"\",\"url\":\"https:\/\/www.ccaniene.com\/it_it\/author\/\"}]}<\/script>\n<!-- \/ Yoast SEO plugin. -->","yoast_head_json":{"title":"FINALE SCUDETTO SERIE \u201cA\u201d COPPA BREMA ANCORA UN TRIONFO PER I NUOTATORI DELL\u2019ANIENE! - Circolo Canottieri Aniene","robots":{"index":"index","follow":"follow","max-snippet":"max-snippet:-1","max-image-preview":"max-image-preview:large","max-video-preview":"max-video-preview:-1"},"canonical":"http:\/\/www.ccaniene.com\/it_it\/finale-scudetto-serie-a-coppa-brema-ancora-un-trionfo-per-i-nuotatori-dellaniene\/","og_locale":"it_IT","og_type":"article","og_title":"FINALE SCUDETTO SERIE \u201cA\u201d COPPA BREMA ANCORA UN TRIONFO PER I NUOTATORI DELL\u2019ANIENE! - Circolo Canottieri Aniene","og_description":"Reduce dai successi dei Campionati Italiani Assoluti Primaverili la squadra della Sezione Nuoto del Circolo Canottieri Aniene si\u00a0rituffa in vasca corta a Verona, nella Finale Scudetto di Serie \u201cA\u201d della Coppa Brema. Otto le societ\u00e0 finaliste in campo femminile ed otto in campo maschile. Classifiche separate per settore e chi vincer\u00e0 potr\u00e0 fregiarsi dello Scudetto [&hellip;]","og_url":"http:\/\/www.ccaniene.com\/it_it\/finale-scudetto-serie-a-coppa-brema-ancora-un-trionfo-per-i-nuotatori-dellaniene\/","og_site_name":"Circolo Canottieri Aniene","article_published_time":"2013-04-22T12:57:18+00:00","og_image":[{"url":"http:\/\/www.ccaniene.com\/wp-content\/uploads\/coppabrema_2013.jpg"}],"twitter_card":"summary_large_image","twitter_misc":{"Scritto da":"","Tempo di lettura stimato":"4 minuti"},"schema":{"@context":"https:\/\/schema.org","@graph":[{"@type":"WebPage","@id":"http:\/\/www.ccaniene.com\/en\/finale-scudetto-serie-a-coppa-brema-ancora-un-trionfo-per-i-nuotatori-dellaniene\/","url":"http:\/\/www.ccaniene.com\/en\/finale-scudetto-serie-a-coppa-brema-ancora-un-trionfo-per-i-nuotatori-dellaniene\/","name":"FINALE SCUDETTO SERIE \u201cA\u201d COPPA BREMA ANCORA UN TRIONFO PER I NUOTATORI DELL\u2019ANIENE! - Circolo Canottieri Aniene","isPartOf":{"@id":"http:\/\/www.ccaniene.com\/it_it\/#website"},"primaryImageOfPage":{"@id":"http:\/\/www.ccaniene.com\/en\/finale-scudetto-serie-a-coppa-brema-ancora-un-trionfo-per-i-nuotatori-dellaniene\/#primaryimage"},"image":{"@id":"http:\/\/www.ccaniene.com\/en\/finale-scudetto-serie-a-coppa-brema-ancora-un-trionfo-per-i-nuotatori-dellaniene\/#primaryimage"},"thumbnailUrl":"http:\/\/www.ccaniene.com\/wp-content\/uploads\/coppabrema_2013.jpg","datePublished":"2013-04-22T12:57:18+00:00","dateModified":"2013-04-22T12:57:18+00:00","author":{"@id":""},"breadcrumb":{"@id":"http:\/\/www.ccaniene.com\/en\/finale-scudetto-serie-a-coppa-brema-ancora-un-trionfo-per-i-nuotatori-dellaniene\/#breadcrumb"},"inLanguage":"it-IT","potentialAction":[{"@type":"ReadAction","target":["http:\/\/www.ccaniene.com\/en\/finale-scudetto-serie-a-coppa-brema-ancora-un-trionfo-per-i-nuotatori-dellaniene\/"]}]},{"@type":"ImageObject","inLanguage":"it-IT","@id":"http:\/\/www.ccaniene.com\/en\/finale-scudetto-serie-a-coppa-brema-ancora-un-trionfo-per-i-nuotatori-dellaniene\/#primaryimage","url":"http:\/\/www.ccaniene.com\/wp-content\/uploads\/coppabrema_2013.jpg","contentUrl":"http:\/\/www.ccaniene.com\/wp-content\/uploads\/coppabrema_2013.jpg"},{"@type":"BreadcrumbList","@id":"http:\/\/www.ccaniene.com\/en\/finale-scudetto-serie-a-coppa-brema-ancora-un-trionfo-per-i-nuotatori-dellaniene\/#breadcrumb","itemListElement":[{"@type":"ListItem","position":1,"name":"Home","item":"http:\/\/www.ccaniene.com\/it_it\/"},{"@type":"ListItem","position":2,"name":"FINALE SCUDETTO SERIE \u201cA\u201d COPPA BREMA ANCORA UN TRIONFO PER I NUOTATORI DELL\u2019ANIENE!"}]},{"@type":"WebSite","@id":"http:\/\/www.ccaniene.com\/it_it\/#website","url":"http:\/\/www.ccaniene.com\/it_it\/","name":"Circolo Canottieri Aniene","description":"Collare d&#039;Oro e Stella d&#039;Oro al Merito Sportivo","potentialAction":[{"@type":"SearchAction","target":{"@type":"EntryPoint","urlTemplate":"http:\/\/www.ccaniene.com\/it_it\/?s={search_term_string}"},"query-input":{"@type":"PropertyValueSpecification","valueRequired":true,"valueName":"search_term_string"}}],"inLanguage":"it-IT"},{"@type":"Person","@id":"","url":"https:\/\/www.ccaniene.com\/it_it\/author\/"}]}},"_links":{"self":[{"href":"https:\/\/www.ccaniene.com\/it_it\/wp-json\/wp\/v2\/posts\/730"}],"collection":[{"href":"https:\/\/www.ccaniene.com\/it_it\/wp-json\/wp\/v2\/posts"}],"about":[{"href":"https:\/\/www.ccaniene.com\/it_it\/wp-json\/wp\/v2\/types\/post"}],"author":[{"embeddable":true,"href":"https:\/\/www.ccaniene.com\/it_it\/wp-json\/wp\/v2\/users\/352"}],"replies":[{"embeddable":true,"href":"https:\/\/www.ccaniene.com\/it_it\/wp-json\/wp\/v2\/comments?post=730"}],"version-history":[{"count":0,"href":"https:\/\/www.ccaniene.com\/it_it\/wp-json\/wp\/v2\/posts\/730\/revisions"}],"wp:attachment":[{"href":"https:\/\/www.ccaniene.com\/it_it\/wp-json\/wp\/v2\/media?parent=730"}],"wp:term":[{"taxonomy":"category","embeddable":true,"href":"https:\/\/www.ccaniene.com\/it_it\/wp-json\/wp\/v2\/categories?post=730"},{"taxonomy":"post_tag","embeddable":true,"href":"https:\/\/www.ccaniene.com\/it_it\/wp-json\/wp\/v2\/tags?post=730"}],"curies":[{"name":"wp","href":"https:\/\/api.w.org\/{rel}","templated":true}]}}