{"id":722,"date":"2013-04-15T12:31:24","date_gmt":"2013-04-15T12:31:24","guid":{"rendered":""},"modified":"2013-04-15T12:31:24","modified_gmt":"2013-04-15T12:31:24","slug":"laniene-trionfa-agli-assoluti-primaverili-di-riccione","status":"publish","type":"post","link":"https:\/\/www.ccaniene.com\/it_it\/laniene-trionfa-agli-assoluti-primaverili-di-riccione\/","title":{"rendered":"L\u2019ANIENE TRIONFA AGLI ASSOLUTI PRIMAVERILI DI RICCIONE"},"content":{"rendered":"<p> <img decoding=\"async\" src=\"http:\/\/www.ccaniene.com\/wp-content\/uploads\/4x100mx_riccione2013.jpg\" border=\"0\" alt=\"Photo by Deepbluemedia.eu by Giorgio Scala\" title=\"Staffetta 4x100 mista\" width=\"200\" style=\"float: left; margin-right: 8px;\" \/>10 medaglie d\u2019oro, 13 d\u2019argento, 10 di bronzo.\u00a0<span style=\"font-size: 10px;\">Un totale di 33 medaglie che rappresentano un importante risultato per la Sezione Nuoto del Circolo Canottieri Aniene agli ultimi <strong>Campionati Assoluti Primaverili<\/strong> di nuoto, svoltisi a Riccione dal 9 al 13 aprile. Un successo reso ancor pi\u00f9 evidente dalle classifiche di Societ\u00e0, che vede l\u2019Aniene stravincere nei confronti sia delle Societ\u00e0 Civili che, dato ancor pi\u00f9 significativo, delle Societ\u00e0 Militari.<\/span><\/p>\n<p>Cinque giorni di gare che ci hanno regalato attimi di pura adrenalina e di grandi emozioni tecniche. Mattatrice assoluta ancora una volta \u00e8 lei, <strong>Federica Pellegrini<\/strong>.<\/p>\n<p><!--more--><br \/>\nTutti l\u2019aspettavano al varco, avrebbe gareggiato solo a dorso? E lo stile libero? Ed ecco i 100 dorso della prima\u00a0giornata: 1.00.69 il crono, notevole, e Fede ci regala il suo primo oro. Sempre nella prima giornata ottiene un argento nella 4&#215;100 stile libero insieme alle compagne <strong>Gigliola Tecchio<\/strong>,<strong> Miriana Durante<\/strong> e <strong>Lucrezia Raco<\/strong>. Ma \u00e8 nella stessa giornata che Federica dimostra la sua immensa classe. Parte per la finale dei 200 dorso: 2.08.05 il tempo realizzato, prestazione di sicuro valore mondiale ed \u00e8 altro oro nella sua nuova specialit\u00e0. Passano pochi momenti e con <strong>Miriana Durante<\/strong>, <strong>Giulia De Ascentis<\/strong> ed <strong>Aurora Ponsel\u00e8<\/strong> ottiene un argento nella 4&#215;200 stile libero. Ma Federica non si accontenta ed eccola allora sui blocchetti della finale dei 200 stile libero: oro con il tempo di 1.56.51. Pi\u00f9 tardi con De Ascentis, Di Liddo e Raco sale al secondo gradino del podio nella 4&#215;100 mista.\u00a0<img decoding=\"async\" src=\"http:\/\/www.ccaniene.com\/wp-content\/uploads\/pellegrini_riccione2013.jpg\" border=\"0\" alt=\"Photo by Deepbluemedia.eu by Giorgio Scala\" title=\"Federica Pellegrini\" width=\"200\" style=\"float: right; margin-left: 8px; \" \/><\/p>\n<p>\u00a0<\/p>\n<p><img decoding=\"async\" src=\"http:\/\/www.ccaniene.com\/wp-content\/uploads\/digiorgio_riccione2013.jpg\" border=\"0\" alt=\"Photo by Deepbluemedia.eu by Giorgio Scala\" title=\"Alex Di Giorgio\" width=\"200\" style=\"float: left;  margin-right: 8px;\" \/>E veniamo agli altri protagonisti delle medaglie d\u2019oro. <strong>Alex Di Giorgio<\/strong> al termine di una gara che mette a dura prova le coronarie di tecnici, atleti e spettatori si aggiudica il titolo di Campione Italiano Assoluto Primaverile nei 200 stile libero con l\u2019ottimo tempo di 1.48.12 davanti a Magnini che precede di un niente il nostro Damiano Lestingi bronzo con 1.48.48. Oro al cardiopalmo nella 4&#215;200 stile libero maschile con <strong>Di Giorgio<\/strong>, <strong>Lestingi<\/strong>, <strong>Marco Belotti <\/strong>e <strong>Nicola Cassio<\/strong> che riesce all\u2019ultima bracciata a porre il sigillo della sofferta vittoria. Un nuovo volto per i colori dell\u2019Aniene \u00e8 quello di <strong>Matteo Milli <\/strong>che centra il titolo assoluto nei 100 dorso in 54.73 e con Lestingi medaglia d\u2019argento sempre nella stessa gara. Anche lei al suo primo titolo assoluto: <strong>Giulia De Ascentis<\/strong> nei 200 rana in 2.28.16, oro per un solo ma fondamentale centesimo. Oro nei 50 farfalla, 23.72 il tempo, per <strong>Piero Codia <\/strong>ed ancora oro sempre nei 50 farfalla per <strong>Silvia Di Pietro<\/strong> in 26.75. Ultimo oro la soffertissima vittoria nella staffetta 4&#215;100 mista con <strong>Matteo Milli<\/strong>, <strong>Edoardo Giorgetti<\/strong>, <strong>Piero Codia<\/strong> e<strong> Lorenzo Benatti<\/strong> che resiste stoicamente al ritorno degli squadroni militari delle Fiamme Oro ed Esercito.<\/p>\n<p>Ecco le medaglie d\u2019argento: Elena Gemo nei 50 e 100 dorso, Codia nei 100 farfalla, Luca Marin nei 400 misti, Aurora Ponsel\u00e8, anche lei ai suoi primi podi per l\u2019Aniene, negli 800 e 1500 stile libero. Elena Di Liddo nei 100 farfalla ed ancora la Di Pietro nei 50 stile libero.<\/p>\n<p>I Bronzi: Edoardo Giorgetti, 50 e 200 rana, Ponsel\u00e8 400 stile libero, Gemo nei 50 farfalla, Di Pietro nei 100 stile libero, Mattia Aversa nei 200 dorso, Ilaria Scarcella nei 50 rana, De Ascentis nei 100 rana e 200 misti.<\/p>\n<p>Ma non finisce qui. Il giorno dopo si sono svolti i Campionati Italiani di Fondo. Aurora Ponsel\u00e8 si aggiudica il Titolo Italiano nei 5000 mt con il nuovo Record Nazionale che gi\u00e0 apparteneva alla nostra Giorgia Consiglio, assente in questa manifestazione per uno stage in Arizona. Sempre nei 5000 mt medaglia di Bronzo per Federico Vanelli e per finire in bellezza C.C.Aniene prima Societ\u00e0 classificata sia nel settore femminile che maschile.<\/p>\n<p>Soddisfatto al termine dei campionati il D.T. Gianni Nagni: \u201cUn\u2019edizione particolarmente felice per il nostro Club. Federica Pellegrini ha dimostrato per l\u2019ennesima volta la classe che la contraddistingue. Ma accanto a lei le conferme di atleti gi\u00e0 titolati e soprattutto l\u2019inserimento di nuovi elementi che si affacciano con prepotenza alla ribalta nazionale. Che dire di pi\u00f9, i complimenti vanno a tutto lo staff tecnico \u2013 dirigenziale a dimostrazione di una compattezza e d\u2019unit\u00e0 d\u2019intenti che rappresentano una costante nella storia del nostro glorioso Circolo.\u201d<\/p>\n<p>\u00a0<\/p>\n","protected":false},"excerpt":{"rendered":"<p>10 medaglie d\u2019oro, 13 d\u2019argento, 10 di bronzo.\u00a0Un totale di 33 medaglie che rappresentano un importante risultato per la Sezione Nuoto del Circolo Canottieri Aniene agli ultimi Campionati Assoluti Primaverili di nuoto, svoltisi a Riccione dal 9 al 13 aprile. Un successo reso ancor pi\u00f9 evidente dalle classifiche di Societ\u00e0, che vede l\u2019Aniene stravincere nei [&hellip;]<\/p>\n","protected":false},"author":352,"featured_media":0,"comment_status":"open","ping_status":"closed","sticky":true,"template":"","format":"standard","meta":{"pmpro_default_level":0,"footnotes":"","_links_to":"","_links_to_target":""},"categories":[11],"tags":[],"class_list":["post-722","post","type-post","status-publish","format-standard","hentry","category-nuoto","pmpro-has-access"],"featured_image_urls":{},"appp_media":null,"yoast_head":"<!-- This site is optimized with the Yoast SEO plugin v23.6 - https:\/\/yoast.com\/wordpress\/plugins\/seo\/ -->\n<title>L\u2019ANIENE TRIONFA AGLI ASSOLUTI PRIMAVERILI DI RICCIONE - Circolo Canottieri Aniene<\/title>\n<meta name=\"robots\" content=\"index, follow, max-snippet:-1, max-image-preview:large, max-video-preview:-1\" \/>\n<link rel=\"canonical\" href=\"http:\/\/www.ccaniene.com\/it_it\/laniene-trionfa-agli-assoluti-primaverili-di-riccione\/\" \/>\n<meta property=\"og:locale\" content=\"it_IT\" \/>\n<meta property=\"og:type\" content=\"article\" \/>\n<meta property=\"og:title\" content=\"L\u2019ANIENE TRIONFA AGLI ASSOLUTI PRIMAVERILI DI RICCIONE - Circolo Canottieri Aniene\" \/>\n<meta property=\"og:description\" content=\"10 medaglie d\u2019oro, 13 d\u2019argento, 10 di bronzo.\u00a0Un totale di 33 medaglie che rappresentano un importante risultato per la Sezione Nuoto del Circolo Canottieri Aniene agli ultimi Campionati Assoluti Primaverili di nuoto, svoltisi a Riccione dal 9 al 13 aprile. Un successo reso ancor pi\u00f9 evidente dalle classifiche di Societ\u00e0, che vede l\u2019Aniene stravincere nei [&hellip;]\" \/>\n<meta property=\"og:url\" content=\"http:\/\/www.ccaniene.com\/it_it\/laniene-trionfa-agli-assoluti-primaverili-di-riccione\/\" \/>\n<meta property=\"og:site_name\" content=\"Circolo Canottieri Aniene\" \/>\n<meta property=\"article:published_time\" content=\"2013-04-15T12:31:24+00:00\" \/>\n<meta property=\"og:image\" content=\"http:\/\/www.ccaniene.com\/wp-content\/uploads\/4x100mx_riccione2013.jpg\" \/>\n<meta name=\"twitter:card\" content=\"summary_large_image\" \/>\n<meta name=\"twitter:label1\" content=\"Scritto da\" \/>\n\t<meta name=\"twitter:data1\" content=\"\" \/>\n\t<meta name=\"twitter:label2\" content=\"Tempo di lettura stimato\" \/>\n\t<meta name=\"twitter:data2\" content=\"3 minuti\" \/>\n<script type=\"application\/ld+json\" class=\"yoast-schema-graph\">{\"@context\":\"https:\/\/schema.org\",\"@graph\":[{\"@type\":\"WebPage\",\"@id\":\"http:\/\/www.ccaniene.com\/it_it\/laniene-trionfa-agli-assoluti-primaverili-di-riccione\/\",\"url\":\"http:\/\/www.ccaniene.com\/it_it\/laniene-trionfa-agli-assoluti-primaverili-di-riccione\/\",\"name\":\"L\u2019ANIENE TRIONFA AGLI ASSOLUTI PRIMAVERILI DI RICCIONE - Circolo Canottieri Aniene\",\"isPartOf\":{\"@id\":\"http:\/\/www.ccaniene.com\/it_it\/#website\"},\"primaryImageOfPage\":{\"@id\":\"http:\/\/www.ccaniene.com\/it_it\/laniene-trionfa-agli-assoluti-primaverili-di-riccione\/#primaryimage\"},\"image\":{\"@id\":\"http:\/\/www.ccaniene.com\/it_it\/laniene-trionfa-agli-assoluti-primaverili-di-riccione\/#primaryimage\"},\"thumbnailUrl\":\"http:\/\/www.ccaniene.com\/wp-content\/uploads\/4x100mx_riccione2013.jpg\",\"datePublished\":\"2013-04-15T12:31:24+00:00\",\"dateModified\":\"2013-04-15T12:31:24+00:00\",\"author\":{\"@id\":\"\"},\"breadcrumb\":{\"@id\":\"http:\/\/www.ccaniene.com\/it_it\/laniene-trionfa-agli-assoluti-primaverili-di-riccione\/#breadcrumb\"},\"inLanguage\":\"it-IT\",\"potentialAction\":[{\"@type\":\"ReadAction\",\"target\":[\"http:\/\/www.ccaniene.com\/it_it\/laniene-trionfa-agli-assoluti-primaverili-di-riccione\/\"]}]},{\"@type\":\"ImageObject\",\"inLanguage\":\"it-IT\",\"@id\":\"http:\/\/www.ccaniene.com\/it_it\/laniene-trionfa-agli-assoluti-primaverili-di-riccione\/#primaryimage\",\"url\":\"http:\/\/www.ccaniene.com\/wp-content\/uploads\/4x100mx_riccione2013.jpg\",\"contentUrl\":\"http:\/\/www.ccaniene.com\/wp-content\/uploads\/4x100mx_riccione2013.jpg\"},{\"@type\":\"BreadcrumbList\",\"@id\":\"http:\/\/www.ccaniene.com\/it_it\/laniene-trionfa-agli-assoluti-primaverili-di-riccione\/#breadcrumb\",\"itemListElement\":[{\"@type\":\"ListItem\",\"position\":1,\"name\":\"Home\",\"item\":\"http:\/\/www.ccaniene.com\/it_it\/\"},{\"@type\":\"ListItem\",\"position\":2,\"name\":\"L\u2019ANIENE TRIONFA AGLI ASSOLUTI PRIMAVERILI DI RICCIONE\"}]},{\"@type\":\"WebSite\",\"@id\":\"http:\/\/www.ccaniene.com\/it_it\/#website\",\"url\":\"http:\/\/www.ccaniene.com\/it_it\/\",\"name\":\"Circolo Canottieri Aniene\",\"description\":\"Collare d&#039;Oro e Stella d&#039;Oro al Merito Sportivo\",\"potentialAction\":[{\"@type\":\"SearchAction\",\"target\":{\"@type\":\"EntryPoint\",\"urlTemplate\":\"http:\/\/www.ccaniene.com\/it_it\/?s={search_term_string}\"},\"query-input\":{\"@type\":\"PropertyValueSpecification\",\"valueRequired\":true,\"valueName\":\"search_term_string\"}}],\"inLanguage\":\"it-IT\"},{\"@type\":\"Person\",\"@id\":\"\",\"url\":\"https:\/\/www.ccaniene.com\/it_it\/author\/\"}]}<\/script>\n<!-- \/ Yoast SEO plugin. -->","yoast_head_json":{"title":"L\u2019ANIENE TRIONFA AGLI ASSOLUTI PRIMAVERILI DI RICCIONE - Circolo Canottieri Aniene","robots":{"index":"index","follow":"follow","max-snippet":"max-snippet:-1","max-image-preview":"max-image-preview:large","max-video-preview":"max-video-preview:-1"},"canonical":"http:\/\/www.ccaniene.com\/it_it\/laniene-trionfa-agli-assoluti-primaverili-di-riccione\/","og_locale":"it_IT","og_type":"article","og_title":"L\u2019ANIENE TRIONFA AGLI ASSOLUTI PRIMAVERILI DI RICCIONE - Circolo Canottieri Aniene","og_description":"10 medaglie d\u2019oro, 13 d\u2019argento, 10 di bronzo.\u00a0Un totale di 33 medaglie che rappresentano un importante risultato per la Sezione Nuoto del Circolo Canottieri Aniene agli ultimi Campionati Assoluti Primaverili di nuoto, svoltisi a Riccione dal 9 al 13 aprile. Un successo reso ancor pi\u00f9 evidente dalle classifiche di Societ\u00e0, che vede l\u2019Aniene stravincere nei [&hellip;]","og_url":"http:\/\/www.ccaniene.com\/it_it\/laniene-trionfa-agli-assoluti-primaverili-di-riccione\/","og_site_name":"Circolo Canottieri Aniene","article_published_time":"2013-04-15T12:31:24+00:00","og_image":[{"url":"http:\/\/www.ccaniene.com\/wp-content\/uploads\/4x100mx_riccione2013.jpg"}],"twitter_card":"summary_large_image","twitter_misc":{"Scritto da":"","Tempo di lettura stimato":"3 minuti"},"schema":{"@context":"https:\/\/schema.org","@graph":[{"@type":"WebPage","@id":"http:\/\/www.ccaniene.com\/it_it\/laniene-trionfa-agli-assoluti-primaverili-di-riccione\/","url":"http:\/\/www.ccaniene.com\/it_it\/laniene-trionfa-agli-assoluti-primaverili-di-riccione\/","name":"L\u2019ANIENE TRIONFA AGLI ASSOLUTI PRIMAVERILI DI RICCIONE - Circolo Canottieri Aniene","isPartOf":{"@id":"http:\/\/www.ccaniene.com\/it_it\/#website"},"primaryImageOfPage":{"@id":"http:\/\/www.ccaniene.com\/it_it\/laniene-trionfa-agli-assoluti-primaverili-di-riccione\/#primaryimage"},"image":{"@id":"http:\/\/www.ccaniene.com\/it_it\/laniene-trionfa-agli-assoluti-primaverili-di-riccione\/#primaryimage"},"thumbnailUrl":"http:\/\/www.ccaniene.com\/wp-content\/uploads\/4x100mx_riccione2013.jpg","datePublished":"2013-04-15T12:31:24+00:00","dateModified":"2013-04-15T12:31:24+00:00","author":{"@id":""},"breadcrumb":{"@id":"http:\/\/www.ccaniene.com\/it_it\/laniene-trionfa-agli-assoluti-primaverili-di-riccione\/#breadcrumb"},"inLanguage":"it-IT","potentialAction":[{"@type":"ReadAction","target":["http:\/\/www.ccaniene.com\/it_it\/laniene-trionfa-agli-assoluti-primaverili-di-riccione\/"]}]},{"@type":"ImageObject","inLanguage":"it-IT","@id":"http:\/\/www.ccaniene.com\/it_it\/laniene-trionfa-agli-assoluti-primaverili-di-riccione\/#primaryimage","url":"http:\/\/www.ccaniene.com\/wp-content\/uploads\/4x100mx_riccione2013.jpg","contentUrl":"http:\/\/www.ccaniene.com\/wp-content\/uploads\/4x100mx_riccione2013.jpg"},{"@type":"BreadcrumbList","@id":"http:\/\/www.ccaniene.com\/it_it\/laniene-trionfa-agli-assoluti-primaverili-di-riccione\/#breadcrumb","itemListElement":[{"@type":"ListItem","position":1,"name":"Home","item":"http:\/\/www.ccaniene.com\/it_it\/"},{"@type":"ListItem","position":2,"name":"L\u2019ANIENE TRIONFA AGLI ASSOLUTI PRIMAVERILI DI RICCIONE"}]},{"@type":"WebSite","@id":"http:\/\/www.ccaniene.com\/it_it\/#website","url":"http:\/\/www.ccaniene.com\/it_it\/","name":"Circolo Canottieri Aniene","description":"Collare d&#039;Oro e Stella d&#039;Oro al Merito Sportivo","potentialAction":[{"@type":"SearchAction","target":{"@type":"EntryPoint","urlTemplate":"http:\/\/www.ccaniene.com\/it_it\/?s={search_term_string}"},"query-input":{"@type":"PropertyValueSpecification","valueRequired":true,"valueName":"search_term_string"}}],"inLanguage":"it-IT"},{"@type":"Person","@id":"","url":"https:\/\/www.ccaniene.com\/it_it\/author\/"}]}},"_links":{"self":[{"href":"https:\/\/www.ccaniene.com\/it_it\/wp-json\/wp\/v2\/posts\/722"}],"collection":[{"href":"https:\/\/www.ccaniene.com\/it_it\/wp-json\/wp\/v2\/posts"}],"about":[{"href":"https:\/\/www.ccaniene.com\/it_it\/wp-json\/wp\/v2\/types\/post"}],"author":[{"embeddable":true,"href":"https:\/\/www.ccaniene.com\/it_it\/wp-json\/wp\/v2\/users\/352"}],"replies":[{"embeddable":true,"href":"https:\/\/www.ccaniene.com\/it_it\/wp-json\/wp\/v2\/comments?post=722"}],"version-history":[{"count":0,"href":"https:\/\/www.ccaniene.com\/it_it\/wp-json\/wp\/v2\/posts\/722\/revisions"}],"wp:attachment":[{"href":"https:\/\/www.ccaniene.com\/it_it\/wp-json\/wp\/v2\/media?parent=722"}],"wp:term":[{"taxonomy":"category","embeddable":true,"href":"https:\/\/www.ccaniene.com\/it_it\/wp-json\/wp\/v2\/categories?post=722"},{"taxonomy":"post_tag","embeddable":true,"href":"https:\/\/www.ccaniene.com\/it_it\/wp-json\/wp\/v2\/tags?post=722"}],"curies":[{"name":"wp","href":"https:\/\/api.w.org\/{rel}","templated":true}]}}