{"id":660,"date":"2013-01-02T13:14:42","date_gmt":"2013-01-02T13:14:42","guid":{"rendered":""},"modified":"2013-01-02T13:14:42","modified_gmt":"2013-01-02T13:14:42","slug":"programma-ciclistico-2013","status":"publish","type":"post","link":"https:\/\/www.ccaniene.com\/it_it\/programma-ciclistico-2013\/","title":{"rendered":"Programma ciclistico 2013"},"content":{"rendered":"\n<p><img decoding=\"async\" src=\"http:\/\/www.ccaniene.com\/wp-content\/uploads\/roma-20121225-00552.jpg\" border=\"0\" alt=\"Ammiraglia della Federazione guidata eccezionalmente dall\u2019amico Consocio e Presidente Renato Di Rocco. Incontro avvenuto casualmente su Viale di Tor di Quinto tra ragazzi di Bicitaly e il Presidente e subito immortalato nell\u2019occasione.\" title=\"Ammiraglia della Federazione guidata eccezionalmente dall\u2019amico Consocio e Presidente Renato Di Rocco. Incontro avvenuto casualmente su Viale di Tor di Quinto tra ragazzi di Bicitaly e il Presidente e subito immortalato nell\u2019occasione.\" width=\"230\" style=\"float: left; margin-right: 8px; border: 0px;\" \/>Grazie all&#8217;iniziativa del consocio Santilli, dirigente della sezione bicicletta del Circolo Canottieri Aniene, l&#8217;idea di diffondere ancor di pi\u00f9 l\u2019utilizzo e la pratica di questo sport tra tutti i Soci sfruttando anche la consolidata partnership con Bicitaly, associazione della quale, oltre all&#8217;avvocato Santilli ed al Presidente Giovanni Malag\u00f2, fanno parte attiva molti Soci del Circolo.<\/p>\n<p><span style=\"color: #ffffff;\">hddohefnnnnksdlf<\/span><\/p>\n<p><span style=\"color: #ffffff;\"><br \/><\/span><\/p>\n<p><span style=\"color: #ffffff;\">vjbdfjkvbdfjkbvkjsbjwekfjksdjfksjdfksdjfksdjfksjkfjsj<\/span><\/p>\n<div>Ammiraglia della Federazione guidata<\/div>\n<div>eccezionalmente dall\u2019amico Consocio<\/div>\n<div>e Presidente Renato Di Rocco.<\/div>\n<div>Incontro avvenuto casualmente su<\/div>\n<div>Viale di Tor di Quinto tra ragazzi di<\/div>\n<div>Bicitaly e il Presidente e subito<\/div>\n<div \/>immortalato nell\u2019occasione.<br \/>\n<!--more--><\/p>\n<p>Di seguito il programma che Bicitaly ha organizzato e che \u00e8 ovviamente aperto a tutti i ciclisti presenti e futuri Soci del nostro Circolo.<\/p>\n<ul>\n<li>16\/24 febbraio:\u00a0<strong>Gran Canaria<\/strong> con la Bike Academy di Davide Cassani, nostro amico e socio. Credo ci sia ancora modo di prenotare e vi consiglio, se potete, di venire, perch\u00e9 oltre ad essere molto divertente vi allenate senza quasi accorgervene. (<a href=\"#https:\/\/www.ccaniene.com\/16\/24 febbraio: Gran Canaria con la Bike Academy di Davide Cassani, nostro amico e socio. Credo ci sia ancora modo di prenotare e vi consiglio, se potete, di venire, perch\u00e9 oltre ad essere molto divertente vi allenate senza quasi accorgervene. Vi allego il programma (http:\/www.davidecassani.it\/bike-academy).   17 marzo: Cronosquadre della Versilia Michele Bartoli a Forte dei Marmi (http:\/www.cronosquadredellaversilia.it\/public\/pages\/it\/regolamento.php). Troppo divertente se corsa con lo spirito giusto. Stiamo pensando di fare una o due squadre di cui una mista. Mandate le adesioni.   17 marzo: GF Davide Cassani: per chi preferisce una GF alla Crono quella di Davide Cassani \u00e8 perfetta. (http:\/www.granfondodavidecassani.it\/)   28\/31 marzo: Giro delle Fiandre. Chicca del programma, edizione 100, esperienza che ogni ciclista deve provare. Il sabato pedaliamo noi e la domenica i professionisti. Vi allego il programma di Xevents, nostro partner. Fatemi rapidamente avere le adesioni   Zingarata di aprile: la faremo in Toscana, in una location ideale, con ex professionisti, con i partner Bicitaly che ci mostreranno le ultime diavolerie, mangiando e soprattutto bevendo adeguatamente.     21 aprile: GF Garibaldina. Va benissimo per i romani e fa parte del circuito Pedalatium che ho promosso. Siamo ospiti privilegiati e quindi \u00e8 bene partecipare in massa (http:\/www.pedalatium.com\/)   28 aprile: GF Fiuggi. Altra GF di Pedalatium e quindi vale quanto detto per la Garibaldina (http:\/www.pedalatium.com\/)   19 maggio: Nove Colli Fa parte del circuito Five Stars League del quale Bicitaly \u00e8 partner. I pettorali sono stati tutti assegnati ma chi \u00e8 interessato me lo dica e vedr\u00f2 di farlo partire (http:\/www.novecolli.it\/)   19 maggio: GFNY (http:\/granfondony.com\/). Gemellata con la Granfondo Campagnolo Roma, va fatta perch\u00e9 \u00e8 un\u2019ottima scusa per godersi New York in un periodo magnifico. Si fa tutti assieme, grazie al meccanismo della classifica solo sulle 3 cronoscalate. Mandate le adesioni e organizziamo.   23\/26 maggio: Giro d\u2019Italia \u2013 tappe Stelvio e Tre Cime di Lavaredo. Come lo scorso anno per la tappa di Cortina, organizzeremo una zingarata lungo i percorsi e saremo dotati di pass VIP per l\u2019arrivo e per un pulmino al seguito. Dare adesioni di massima rapidamente, perch\u00e9 non potremo essere in troppi. (http:\/www.gazzetta.it\/Speciali\/Giroditalia\/2013\/it\/percorso.shtml)   9 giugno: GF Cerase \u2013 passo Corese - prova Pedalatium per i sudisti (http:\/www.pedalatium.com\/)   17 giugno: GF Sportful \u2013 Feltre - (http:\/www.gfsportful.it\/). Altra prova FSL. La organizza Ivan Piol, grande amico e organizzatore di GF Roma e la sponsorizza Sportful, nostro partner. Quindi \u00e8 una granfondo alla quale \u00e8 praticamente obbligatorio partecipare   14 luglio: La Pina \u2013 Treviso (http:\/www.lapinarello.com\/gare-ciclismo-granfondo\/granfondo-ciclismo-presentazione.php). Ultima prova FSL. Fausto Pinarello e Ivan Piol ci aspettano   14 luglio: GF Terminillo - Rieti: ultima prova Pedalatium (http:\/www.pedalatium.com\/)   13 ottobre 2013: Granfondo Campagnolo Roma. Ogni commento \u00e8 superfluo visto che la organizzo io con Bicitaly (www.granfondoroma.com).\" target=\"_blank\">http:\/\/www.davidecassani.it\/bike-academy<\/a>).<\/li>\n<li>17 marzo: <strong>Cronosquadre della Versilia Michele Bartoli <\/strong>a Forte dei Marmi (<a href=\"#https:\/\/www.ccaniene.com\/16\/24 febbraio: Gran Canaria con la Bike Academy di Davide Cassani, nostro amico e socio. Credo ci sia ancora modo di prenotare e vi consiglio, se potete, di venire, perch\u00e9 oltre ad essere molto divertente vi allenate senza quasi accorgervene. Vi allego il programma (http:\/www.davidecassani.it\/bike-academy).   17 marzo: Cronosquadre della Versilia Michele Bartoli a Forte dei Marmi (http:\/www.cronosquadredellaversilia.it\/public\/pages\/it\/regolamento.php). Troppo divertente se corsa con lo spirito giusto. Stiamo pensando di fare una o due squadre di cui una mista. Mandate le adesioni.   17 marzo: GF Davide Cassani: per chi preferisce una GF alla Crono quella di Davide Cassani \u00e8 perfetta. (http:\/www.granfondodavidecassani.it\/)   28\/31 marzo: Giro delle Fiandre. Chicca del programma, edizione 100, esperienza che ogni ciclista deve provare. Il sabato pedaliamo noi e la domenica i professionisti. Vi allego il programma di Xevents, nostro partner. Fatemi rapidamente avere le adesioni   Zingarata di aprile: la faremo in Toscana, in una location ideale, con ex professionisti, con i partner Bicitaly che ci mostreranno le ultime diavolerie, mangiando e soprattutto bevendo adeguatamente.     21 aprile: GF Garibaldina. Va benissimo per i romani e fa parte del circuito Pedalatium che ho promosso. Siamo ospiti privilegiati e quindi \u00e8 bene partecipare in massa (http:\/www.pedalatium.com\/)   28 aprile: GF Fiuggi. Altra GF di Pedalatium e quindi vale quanto detto per la Garibaldina (http:\/www.pedalatium.com\/)   19 maggio: Nove Colli Fa parte del circuito Five Stars League del quale Bicitaly \u00e8 partner. I pettorali sono stati tutti assegnati ma chi \u00e8 interessato me lo dica e vedr\u00f2 di farlo partire (http:\/www.novecolli.it\/)   19 maggio: GFNY (http:\/granfondony.com\/). Gemellata con la Granfondo Campagnolo Roma, va fatta perch\u00e9 \u00e8 un\u2019ottima scusa per godersi New York in un periodo magnifico. Si fa tutti assieme, grazie al meccanismo della classifica solo sulle 3 cronoscalate. Mandate le adesioni e organizziamo.   23\/26 maggio: Giro d\u2019Italia \u2013 tappe Stelvio e Tre Cime di Lavaredo. Come lo scorso anno per la tappa di Cortina, organizzeremo una zingarata lungo i percorsi e saremo dotati di pass VIP per l\u2019arrivo e per un pulmino al seguito. Dare adesioni di massima rapidamente, perch\u00e9 non potremo essere in troppi. (http:\/www.gazzetta.it\/Speciali\/Giroditalia\/2013\/it\/percorso.shtml)   9 giugno: GF Cerase \u2013 passo Corese - prova Pedalatium per i sudisti (http:\/www.pedalatium.com\/)   17 giugno: GF Sportful \u2013 Feltre - (http:\/www.gfsportful.it\/). Altra prova FSL. La organizza Ivan Piol, grande amico e organizzatore di GF Roma e la sponsorizza Sportful, nostro partner. Quindi \u00e8 una granfondo alla quale \u00e8 praticamente obbligatorio partecipare   14 luglio: La Pina \u2013 Treviso (http:\/www.lapinarello.com\/gare-ciclismo-granfondo\/granfondo-ciclismo-presentazione.php). Ultima prova FSL. Fausto Pinarello e Ivan Piol ci aspettano   14 luglio: GF Terminillo - Rieti: ultima prova Pedalatium (http:\/www.pedalatium.com\/)   13 ottobre 2013: Granfondo Campagnolo Roma. Ogni commento \u00e8 superfluo visto che la organizzo io con Bicitaly (www.granfondoroma.com).\" target=\"_blank\">http:\/\/www.cronosquadredellaversilia.it\/public\/pages\/it\/regolamento.php<\/a>). Troppo divertente se corsa con lo spirito giusto. Stiamo pensando di fare una o due squadre di cui una mista. Mandate le adesioni.<\/li>\n<li>17 marzo: <strong>GF Davide Cassani<\/strong>: per chi preferisce una GF alla Crono quella di Davide Cassani \u00e8 perfetta. (<a href=\"http:\/\/www.granfondodavidecassani.it\/\" target=\"_blank\">http:\/\/www.granfondodavidecassani.it\/<\/a>)<\/li>\n<\/ul>\n<\/div>\n<div>\n<ul>\n<li>28\/31 marzo: <strong>Giro delle Fiandre<\/strong>. Chicca del programma, edizione 100, esperienza che ogni ciclista deve provare. Il sabato pedaliamo noi e la domenica i professionisti. Vi allego il programma di Xevents, nostro partner. <\/li>\n<li><strong>Zingarata di aprile<\/strong>: Si svolger\u00e0 in Toscana, in una location ideale, con ex professionisti, con i partner Bicitaly che ci mostreranno le ultime diavolerie, mangiando e soprattutto bevendo adeguatamente.<\/li>\n<li>21 aprile: <strong>GF Garibaldina<\/strong>. Va benissimo per i romani e fa parte del circuito Pedalatium. Siamo ospiti privilegiati e quindi \u00e8 bene partecipare in massa (<a href=\"http:\/\/www.pedalatium.com\/\" target=\"_blank\">http:\/\/www.pedalatium.com\/<\/a>)<\/li>\n<li>28 aprile: <strong>GF Fiuggi<\/strong>. Altra GF di Pedalatium e quindi vale quanto detto per la Garibaldina (<a href=\"http:\/\/www.pedalatium.com\/\" target=\"_blank\">http:\/\/www.pedalatium.com\/<\/a>)<\/li>\n<\/ul>\n<ul>\n<li>19 maggio: <strong>Nove Colli<\/strong> Fa parte del circuito Five Stars League del quale Bicitaly \u00e8 partner. <\/li>\n<li>I pettorali sono stati tutti assegnati ma chi \u00e8 interessato me lo dica e vedr\u00f2 di farlo partire. (<a href=\"http:\/\/www.novecolli.it\/\" target=\"_blank\">http:\/\/www.novecolli.it\/<\/a>)<\/li>\n<li>19 maggio: <strong>GFNY<\/strong> (<a href=\"http:\/\/granfondony.com\/\" target=\"_blank\">http:\/\/granfondony.com\/<\/a>). Gemellata con la Granfondo Campagnolo Roma, va fatta perch\u00e9 \u00e8 un\u2019ottima scusa per godersi New York in un periodo magnifico. Si fa tutti assieme, grazie al meccanismo della classifica solo sulle 3 cronoscalate. Mandate le adesioni e organizziamo.<\/li>\n<li>23\/26 maggio: <strong>Giro d\u2019Italia \u2013 tappe Stelvio e Tre Cime di Lavaredo<\/strong>. Come lo scorso anno per la tappa di Cortina, organizzeremo una zingarata lungo i percorsi e saremo dotati di pass VIP per l\u2019arrivo e per un pulmino al seguito. Dare adesioni di massima rapidamente, perch\u00e9 non potremo essere in troppi. (<a href=\"http:\/\/granfondony.com\/\" target=\"_blank\">http:\/\/www.gazzetta.it\/Speciali\/Giroditalia\/2013\/it\/percorso.shtml<\/a>)<\/li>\n<li>9 giugno: <strong>GF Cerase <\/strong>\u2013 passo Corese &#8211; prova Pedalatium per i sudisti (<a href=\"http:\/\/www.pedalatium.com\/\" target=\"_blank\">http:\/\/www.pedalatium.com\/<\/a>) <\/li>\n<li>17 giugno: <strong>GF Sportful <\/strong>\u2013 Feltre &#8211; (<a href=\"http:\/\/www.gfsportful.it\/\" target=\"_blank\">http:\/\/www.gfsportful.it\/<\/a>). Altra prova FSL. La organizza Ivan Piol, grande amico e organizzatore di GF Roma e la sponsorizza Sportful, nostro partner. Quindi \u00e8 una granfondo alla quale \u00e8 praticamente obbligatorio partecipare<\/li>\n<li>14 luglio:<strong> La Pina <\/strong>\u2013 Treviso (<a href=\"http:\/\/www.lapinarello.com\/gare-ciclismo-granfondo\/granfondo-ciclismo-presentazione.php\" target=\"_blank\">http:\/\/www.lapinarello.com\/gare-ciclismo-granfondo\/granfondo-ciclismo-presentazione.php<\/a>). Ultima prova FSL. Fausto Pinarello e Ivan Piol ci aspettano<\/li>\n<li>14 luglio: <strong>GF Terminillo<\/strong> &#8211; Rieti: ultima prova Pedalatium (<a href=\"http:\/\/www.pedalatium.com\/\" target=\"_blank\">http:\/\/www.pedalatium.com\/<\/a>)<\/li>\n<li>13 ottobre 2013: <strong>Granfondo Campagnolo Roma<\/strong>. (<a href=\"http:\/\/www.granfondoroma.com\" target=\"_blank\">www.granfondoroma.com<\/a>).<\/li>\n<\/ul>\n<div>Per informazioni mandare una mail a:\u00a0G.Santilli@lslex.com<\/div>\n<p>\u00a0<\/p>\n<\/div>\n","protected":false},"excerpt":{"rendered":"<p>Grazie all&#8217;iniziativa del consocio Santilli, dirigente della sezione bicicletta del Circolo Canottieri Aniene, l&#8217;idea di diffondere ancor di pi\u00f9 l\u2019utilizzo e la pratica di questo sport tra tutti i Soci sfruttando anche la consolidata partnership con Bicitaly, associazione della quale, oltre all&#8217;avvocato Santilli ed al Presidente Giovanni Malag\u00f2, fanno parte attiva molti Soci del Circolo. [&hellip;]<\/p>\n","protected":false},"author":352,"featured_media":0,"comment_status":"open","ping_status":"closed","sticky":true,"template":"","format":"standard","meta":{"pmpro_default_level":0,"footnotes":"","_links_to":"","_links_to_target":""},"categories":[13],"tags":[],"class_list":["post-660","post","type-post","status-publish","format-standard","hentry","category-altri-sport","pmpro-has-access"],"featured_image_urls":{},"appp_media":null,"yoast_head":"<!-- This site is optimized with the Yoast SEO plugin v23.6 - https:\/\/yoast.com\/wordpress\/plugins\/seo\/ -->\n<title>Programma ciclistico 2013 - Circolo Canottieri Aniene<\/title>\n<meta name=\"robots\" content=\"index, follow, max-snippet:-1, max-image-preview:large, max-video-preview:-1\" \/>\n<link rel=\"canonical\" href=\"https:\/\/www.ccaniene.com\/it_it\/programma-ciclistico-2013\/\" \/>\n<meta property=\"og:locale\" content=\"it_IT\" \/>\n<meta property=\"og:type\" content=\"article\" \/>\n<meta property=\"og:title\" content=\"Programma ciclistico 2013 - Circolo Canottieri Aniene\" \/>\n<meta property=\"og:description\" content=\"Grazie all&#8217;iniziativa del consocio Santilli, dirigente della sezione bicicletta del Circolo Canottieri Aniene, l&#8217;idea di diffondere ancor di pi\u00f9 l\u2019utilizzo e la pratica di questo sport tra tutti i Soci sfruttando anche la consolidata partnership con Bicitaly, associazione della quale, oltre all&#8217;avvocato Santilli ed al Presidente Giovanni Malag\u00f2, fanno parte attiva molti Soci del Circolo. [&hellip;]\" \/>\n<meta property=\"og:url\" content=\"https:\/\/www.ccaniene.com\/it_it\/programma-ciclistico-2013\/\" \/>\n<meta property=\"og:site_name\" content=\"Circolo Canottieri Aniene\" \/>\n<meta property=\"article:published_time\" content=\"2013-01-02T13:14:42+00:00\" \/>\n<meta property=\"og:image\" content=\"http:\/\/www.ccaniene.com\/wp-content\/uploads\/roma-20121225-00552.jpg\" \/>\n<meta name=\"twitter:card\" content=\"summary_large_image\" \/>\n<meta name=\"twitter:label1\" content=\"Scritto da\" \/>\n\t<meta name=\"twitter:data1\" content=\"\" \/>\n\t<meta name=\"twitter:label2\" content=\"Tempo di lettura stimato\" \/>\n\t<meta name=\"twitter:data2\" content=\"3 minuti\" \/>\n<script type=\"application\/ld+json\" class=\"yoast-schema-graph\">{\"@context\":\"https:\/\/schema.org\",\"@graph\":[{\"@type\":\"WebPage\",\"@id\":\"https:\/\/www.ccaniene.com\/en\/programma-ciclistico-2013\/\",\"url\":\"https:\/\/www.ccaniene.com\/en\/programma-ciclistico-2013\/\",\"name\":\"Programma ciclistico 2013 - Circolo Canottieri Aniene\",\"isPartOf\":{\"@id\":\"http:\/\/www.ccaniene.com\/it_it\/#website\"},\"primaryImageOfPage\":{\"@id\":\"https:\/\/www.ccaniene.com\/en\/programma-ciclistico-2013\/#primaryimage\"},\"image\":{\"@id\":\"https:\/\/www.ccaniene.com\/en\/programma-ciclistico-2013\/#primaryimage\"},\"thumbnailUrl\":\"http:\/\/www.ccaniene.com\/wp-content\/uploads\/roma-20121225-00552.jpg\",\"datePublished\":\"2013-01-02T13:14:42+00:00\",\"dateModified\":\"2013-01-02T13:14:42+00:00\",\"author\":{\"@id\":\"\"},\"breadcrumb\":{\"@id\":\"https:\/\/www.ccaniene.com\/en\/programma-ciclistico-2013\/#breadcrumb\"},\"inLanguage\":\"it-IT\",\"potentialAction\":[{\"@type\":\"ReadAction\",\"target\":[\"https:\/\/www.ccaniene.com\/en\/programma-ciclistico-2013\/\"]}]},{\"@type\":\"ImageObject\",\"inLanguage\":\"it-IT\",\"@id\":\"https:\/\/www.ccaniene.com\/en\/programma-ciclistico-2013\/#primaryimage\",\"url\":\"http:\/\/www.ccaniene.com\/wp-content\/uploads\/roma-20121225-00552.jpg\",\"contentUrl\":\"http:\/\/www.ccaniene.com\/wp-content\/uploads\/roma-20121225-00552.jpg\"},{\"@type\":\"BreadcrumbList\",\"@id\":\"https:\/\/www.ccaniene.com\/en\/programma-ciclistico-2013\/#breadcrumb\",\"itemListElement\":[{\"@type\":\"ListItem\",\"position\":1,\"name\":\"Home\",\"item\":\"http:\/\/www.ccaniene.com\/it_it\/\"},{\"@type\":\"ListItem\",\"position\":2,\"name\":\"Programma ciclistico 2013\"}]},{\"@type\":\"WebSite\",\"@id\":\"http:\/\/www.ccaniene.com\/it_it\/#website\",\"url\":\"http:\/\/www.ccaniene.com\/it_it\/\",\"name\":\"Circolo Canottieri Aniene\",\"description\":\"Collare d&#039;Oro e Stella d&#039;Oro al Merito Sportivo\",\"potentialAction\":[{\"@type\":\"SearchAction\",\"target\":{\"@type\":\"EntryPoint\",\"urlTemplate\":\"http:\/\/www.ccaniene.com\/it_it\/?s={search_term_string}\"},\"query-input\":{\"@type\":\"PropertyValueSpecification\",\"valueRequired\":true,\"valueName\":\"search_term_string\"}}],\"inLanguage\":\"it-IT\"},{\"@type\":\"Person\",\"@id\":\"\",\"url\":\"https:\/\/www.ccaniene.com\/it_it\/author\/\"}]}<\/script>\n<!-- \/ Yoast SEO plugin. -->","yoast_head_json":{"title":"Programma ciclistico 2013 - Circolo Canottieri Aniene","robots":{"index":"index","follow":"follow","max-snippet":"max-snippet:-1","max-image-preview":"max-image-preview:large","max-video-preview":"max-video-preview:-1"},"canonical":"https:\/\/www.ccaniene.com\/it_it\/programma-ciclistico-2013\/","og_locale":"it_IT","og_type":"article","og_title":"Programma ciclistico 2013 - Circolo Canottieri Aniene","og_description":"Grazie all&#8217;iniziativa del consocio Santilli, dirigente della sezione bicicletta del Circolo Canottieri Aniene, l&#8217;idea di diffondere ancor di pi\u00f9 l\u2019utilizzo e la pratica di questo sport tra tutti i Soci sfruttando anche la consolidata partnership con Bicitaly, associazione della quale, oltre all&#8217;avvocato Santilli ed al Presidente Giovanni Malag\u00f2, fanno parte attiva molti Soci del Circolo. [&hellip;]","og_url":"https:\/\/www.ccaniene.com\/it_it\/programma-ciclistico-2013\/","og_site_name":"Circolo Canottieri Aniene","article_published_time":"2013-01-02T13:14:42+00:00","og_image":[{"url":"http:\/\/www.ccaniene.com\/wp-content\/uploads\/roma-20121225-00552.jpg"}],"twitter_card":"summary_large_image","twitter_misc":{"Scritto da":"","Tempo di lettura stimato":"3 minuti"},"schema":{"@context":"https:\/\/schema.org","@graph":[{"@type":"WebPage","@id":"https:\/\/www.ccaniene.com\/en\/programma-ciclistico-2013\/","url":"https:\/\/www.ccaniene.com\/en\/programma-ciclistico-2013\/","name":"Programma ciclistico 2013 - Circolo Canottieri Aniene","isPartOf":{"@id":"http:\/\/www.ccaniene.com\/it_it\/#website"},"primaryImageOfPage":{"@id":"https:\/\/www.ccaniene.com\/en\/programma-ciclistico-2013\/#primaryimage"},"image":{"@id":"https:\/\/www.ccaniene.com\/en\/programma-ciclistico-2013\/#primaryimage"},"thumbnailUrl":"http:\/\/www.ccaniene.com\/wp-content\/uploads\/roma-20121225-00552.jpg","datePublished":"2013-01-02T13:14:42+00:00","dateModified":"2013-01-02T13:14:42+00:00","author":{"@id":""},"breadcrumb":{"@id":"https:\/\/www.ccaniene.com\/en\/programma-ciclistico-2013\/#breadcrumb"},"inLanguage":"it-IT","potentialAction":[{"@type":"ReadAction","target":["https:\/\/www.ccaniene.com\/en\/programma-ciclistico-2013\/"]}]},{"@type":"ImageObject","inLanguage":"it-IT","@id":"https:\/\/www.ccaniene.com\/en\/programma-ciclistico-2013\/#primaryimage","url":"http:\/\/www.ccaniene.com\/wp-content\/uploads\/roma-20121225-00552.jpg","contentUrl":"http:\/\/www.ccaniene.com\/wp-content\/uploads\/roma-20121225-00552.jpg"},{"@type":"BreadcrumbList","@id":"https:\/\/www.ccaniene.com\/en\/programma-ciclistico-2013\/#breadcrumb","itemListElement":[{"@type":"ListItem","position":1,"name":"Home","item":"http:\/\/www.ccaniene.com\/it_it\/"},{"@type":"ListItem","position":2,"name":"Programma ciclistico 2013"}]},{"@type":"WebSite","@id":"http:\/\/www.ccaniene.com\/it_it\/#website","url":"http:\/\/www.ccaniene.com\/it_it\/","name":"Circolo Canottieri Aniene","description":"Collare d&#039;Oro e Stella d&#039;Oro al Merito Sportivo","potentialAction":[{"@type":"SearchAction","target":{"@type":"EntryPoint","urlTemplate":"http:\/\/www.ccaniene.com\/it_it\/?s={search_term_string}"},"query-input":{"@type":"PropertyValueSpecification","valueRequired":true,"valueName":"search_term_string"}}],"inLanguage":"it-IT"},{"@type":"Person","@id":"","url":"https:\/\/www.ccaniene.com\/it_it\/author\/"}]}},"_links":{"self":[{"href":"https:\/\/www.ccaniene.com\/it_it\/wp-json\/wp\/v2\/posts\/660"}],"collection":[{"href":"https:\/\/www.ccaniene.com\/it_it\/wp-json\/wp\/v2\/posts"}],"about":[{"href":"https:\/\/www.ccaniene.com\/it_it\/wp-json\/wp\/v2\/types\/post"}],"author":[{"embeddable":true,"href":"https:\/\/www.ccaniene.com\/it_it\/wp-json\/wp\/v2\/users\/352"}],"replies":[{"embeddable":true,"href":"https:\/\/www.ccaniene.com\/it_it\/wp-json\/wp\/v2\/comments?post=660"}],"version-history":[{"count":0,"href":"https:\/\/www.ccaniene.com\/it_it\/wp-json\/wp\/v2\/posts\/660\/revisions"}],"wp:attachment":[{"href":"https:\/\/www.ccaniene.com\/it_it\/wp-json\/wp\/v2\/media?parent=660"}],"wp:term":[{"taxonomy":"category","embeddable":true,"href":"https:\/\/www.ccaniene.com\/it_it\/wp-json\/wp\/v2\/categories?post=660"},{"taxonomy":"post_tag","embeddable":true,"href":"https:\/\/www.ccaniene.com\/it_it\/wp-json\/wp\/v2\/tags?post=660"}],"curies":[{"name":"wp","href":"https:\/\/api.w.org\/{rel}","templated":true}]}}