{"id":6279,"date":"2014-10-23T04:27:31","date_gmt":"2014-10-23T02:27:31","guid":{"rendered":"https:\/\/www.ccaniene.com\/?p=6279"},"modified":"2014-10-23T04:27:31","modified_gmt":"2014-10-23T02:27:31","slug":"prima-finale-della-carriera-per-la-promettente-michela-buglione","status":"publish","type":"post","link":"https:\/\/www.ccaniene.com\/it_it\/prima-finale-della-carriera-per-la-promettente-michela-buglione\/","title":{"rendered":"Prima finale della carriera per la promettente Michela Buglione"},"content":{"rendered":"<p>La nostra giovane giocatrice Michela Buglione, appena quattordicenne, gi\u00e0 classificata in categoria C, ha raggiunto la prima finale della sua breve carriera in un importante torneo regionale che si \u00e8 svolto al Circolo I Gabbiani Sporting Club.<br \/>\nPur uscendo sconfitta, Michela ha messo in mostra nel corso della competizione tutte le sue qualit\u00e0 tecniche ed agonistiche che gli hanno permesso di imporsi, nei turni precedenti, su avversarie meglio classificate e pi\u00f9 grandi di et\u00e0.<br \/>\nAttualmente Michela si allena presso la scuola tennis del nostro Circolo diretta da Vincenzo Santopadre, ed ha imparato a giocare sin da bambina sotto le cure del Maestro Nazionale Marco Barbiero anch\u2019esso in forza dello staff tecnico Aniene.<br \/>\nSentiremo ancora parlare di questa piccola grande tennista.<\/p>\n","protected":false},"excerpt":{"rendered":"<p>La nostra giovane giocatrice Michela Buglione, appena quattordicenne, gi\u00e0 classificata in categoria C, ha raggiunto la prima finale della sua breve carriera in un importante torneo regionale che si \u00e8 svolto al Circolo I Gabbiani Sporting Club. Pur uscendo sconfitta, Michela ha messo in mostra nel corso della competizione tutte le sue qualit\u00e0 tecniche ed [&hellip;]<\/p>\n","protected":false},"author":4667,"featured_media":6277,"comment_status":"open","ping_status":"closed","sticky":false,"template":"","format":"standard","meta":{"pmpro_default_level":0,"footnotes":"","_links_to":"","_links_to_target":""},"categories":[10],"tags":[],"class_list":["post-6279","post","type-post","status-publish","format-standard","has-post-thumbnail","hentry","category-tennis","pmpro-has-access"],"featured_image_urls":{"woocommerce_thumbnail":"https:\/\/www.ccaniene.com\/wp-content\/uploads\/2014\/10\/IMG-20140929-WA0000-300x300.jpg","woocommerce_gallery_thumbnail":"https:\/\/www.ccaniene.com\/wp-content\/uploads\/2014\/10\/IMG-20140929-WA0000-100x100.jpg","woocommerce_single":"https:\/\/www.ccaniene.com\/wp-content\/uploads\/2014\/10\/IMG-20140929-WA0000-600x800.jpg","thumbnail":"https:\/\/www.ccaniene.com\/wp-content\/uploads\/2014\/10\/IMG-20140929-WA0000-200x200.jpg","medium":"https:\/\/www.ccaniene.com\/wp-content\/uploads\/2014\/10\/IMG-20140929-WA0000-345x460.jpg","medium_large":"https:\/\/www.ccaniene.com\/wp-content\/uploads\/2014\/10\/IMG-20140929-WA0000-768x1024.jpg","large":"https:\/\/www.ccaniene.com\/wp-content\/uploads\/2014\/10\/IMG-20140929-WA0000-735x980.jpg","second":"https:\/\/www.ccaniene.com\/wp-content\/uploads\/2014\/10\/IMG-20140929-WA0000-270x246.jpg","single-thumb":"https:\/\/www.ccaniene.com\/wp-content\/uploads\/2014\/10\/IMG-20140929-WA0000-870x450.jpg","large-thumb":"https:\/\/www.ccaniene.com\/wp-content\/uploads\/2014\/10\/IMG-20140929-WA0000-780x450.jpg","medium-thumb":"https:\/\/www.ccaniene.com\/wp-content\/uploads\/2014\/10\/IMG-20140929-WA0000-390x225.jpg","large-archive-thumb":"https:\/\/www.ccaniene.com\/wp-content\/uploads\/2014\/10\/IMG-20140929-WA0000-570x300.jpg","small-archive-thumb":"https:\/\/www.ccaniene.com\/wp-content\/uploads\/2014\/10\/IMG-20140929-WA0000-300x200.jpg","portrait-thumb":"https:\/\/www.ccaniene.com\/wp-content\/uploads\/2014\/10\/IMG-20140929-WA0000-285x380.jpg","portrait":"https:\/\/www.ccaniene.com\/wp-content\/uploads\/2014\/10\/IMG-20140929-WA0000-870x1160.jpg","gallery":"https:\/\/www.ccaniene.com\/wp-content\/uploads\/2014\/10\/IMG-20140929-WA0000-270x270.jpg"},"appp_media":null,"yoast_head":"<!-- This site is optimized with the Yoast SEO plugin v23.6 - https:\/\/yoast.com\/wordpress\/plugins\/seo\/ -->\n<title>Prima finale della carriera per la promettente Michela Buglione - Circolo Canottieri Aniene<\/title>\n<meta name=\"robots\" content=\"index, follow, max-snippet:-1, max-image-preview:large, max-video-preview:-1\" \/>\n<link rel=\"canonical\" href=\"https:\/\/www.ccaniene.com\/it_it\/prima-finale-della-carriera-per-la-promettente-michela-buglione\/\" \/>\n<meta property=\"og:locale\" content=\"it_IT\" \/>\n<meta property=\"og:type\" content=\"article\" \/>\n<meta property=\"og:title\" content=\"Prima finale della carriera per la promettente Michela Buglione - Circolo Canottieri Aniene\" \/>\n<meta property=\"og:description\" content=\"La nostra giovane giocatrice Michela Buglione, appena quattordicenne, gi\u00e0 classificata in categoria C, ha raggiunto la prima finale della sua breve carriera in un importante torneo regionale che si \u00e8 svolto al Circolo I Gabbiani Sporting Club. Pur uscendo sconfitta, Michela ha messo in mostra nel corso della competizione tutte le sue qualit\u00e0 tecniche ed [&hellip;]\" \/>\n<meta property=\"og:url\" content=\"https:\/\/www.ccaniene.com\/it_it\/prima-finale-della-carriera-per-la-promettente-michela-buglione\/\" \/>\n<meta property=\"og:site_name\" content=\"Circolo Canottieri Aniene\" \/>\n<meta property=\"article:published_time\" content=\"2014-10-23T02:27:31+00:00\" \/>\n<meta property=\"og:image\" content=\"https:\/\/www.ccaniene.com\/wp-content\/uploads\/2014\/10\/IMG-20140929-WA0000.jpg\" \/>\n\t<meta property=\"og:image:width\" content=\"960\" \/>\n\t<meta property=\"og:image:height\" content=\"1280\" \/>\n\t<meta property=\"og:image:type\" content=\"image\/jpeg\" \/>\n<meta name=\"twitter:card\" content=\"summary_large_image\" \/>\n<meta name=\"twitter:label1\" content=\"Scritto da\" \/>\n\t<meta name=\"twitter:data1\" content=\"\" \/>\n\t<meta name=\"twitter:label2\" content=\"Tempo di lettura stimato\" \/>\n\t<meta name=\"twitter:data2\" content=\"1 minuto\" \/>\n<script type=\"application\/ld+json\" class=\"yoast-schema-graph\">{\"@context\":\"https:\/\/schema.org\",\"@graph\":[{\"@type\":\"WebPage\",\"@id\":\"https:\/\/www.ccaniene.com\/it_it\/prima-finale-della-carriera-per-la-promettente-michela-buglione\/\",\"url\":\"https:\/\/www.ccaniene.com\/it_it\/prima-finale-della-carriera-per-la-promettente-michela-buglione\/\",\"name\":\"Prima finale della carriera per la promettente Michela Buglione - Circolo Canottieri Aniene\",\"isPartOf\":{\"@id\":\"https:\/\/www.ccaniene.com\/it_it\/#website\"},\"primaryImageOfPage\":{\"@id\":\"https:\/\/www.ccaniene.com\/it_it\/prima-finale-della-carriera-per-la-promettente-michela-buglione\/#primaryimage\"},\"image\":{\"@id\":\"https:\/\/www.ccaniene.com\/it_it\/prima-finale-della-carriera-per-la-promettente-michela-buglione\/#primaryimage\"},\"thumbnailUrl\":\"https:\/\/www.ccaniene.com\/wp-content\/uploads\/2014\/10\/IMG-20140929-WA0000.jpg\",\"datePublished\":\"2014-10-23T02:27:31+00:00\",\"dateModified\":\"2014-10-23T02:27:31+00:00\",\"author\":{\"@id\":\"\"},\"breadcrumb\":{\"@id\":\"https:\/\/www.ccaniene.com\/it_it\/prima-finale-della-carriera-per-la-promettente-michela-buglione\/#breadcrumb\"},\"inLanguage\":\"it-IT\",\"potentialAction\":[{\"@type\":\"ReadAction\",\"target\":[\"https:\/\/www.ccaniene.com\/it_it\/prima-finale-della-carriera-per-la-promettente-michela-buglione\/\"]}]},{\"@type\":\"ImageObject\",\"inLanguage\":\"it-IT\",\"@id\":\"https:\/\/www.ccaniene.com\/it_it\/prima-finale-della-carriera-per-la-promettente-michela-buglione\/#primaryimage\",\"url\":\"https:\/\/www.ccaniene.com\/wp-content\/uploads\/2014\/10\/IMG-20140929-WA0000.jpg\",\"contentUrl\":\"https:\/\/www.ccaniene.com\/wp-content\/uploads\/2014\/10\/IMG-20140929-WA0000.jpg\",\"width\":960,\"height\":1280},{\"@type\":\"BreadcrumbList\",\"@id\":\"https:\/\/www.ccaniene.com\/it_it\/prima-finale-della-carriera-per-la-promettente-michela-buglione\/#breadcrumb\",\"itemListElement\":[{\"@type\":\"ListItem\",\"position\":1,\"name\":\"Home\",\"item\":\"https:\/\/www.ccaniene.com\/it_it\/\"},{\"@type\":\"ListItem\",\"position\":2,\"name\":\"Prima finale della carriera per la promettente Michela Buglione\"}]},{\"@type\":\"WebSite\",\"@id\":\"https:\/\/www.ccaniene.com\/it_it\/#website\",\"url\":\"https:\/\/www.ccaniene.com\/it_it\/\",\"name\":\"Circolo Canottieri Aniene\",\"description\":\"Collare d&#039;Oro e Stella d&#039;Oro al Merito Sportivo\",\"potentialAction\":[{\"@type\":\"SearchAction\",\"target\":{\"@type\":\"EntryPoint\",\"urlTemplate\":\"https:\/\/www.ccaniene.com\/it_it\/?s={search_term_string}\"},\"query-input\":{\"@type\":\"PropertyValueSpecification\",\"valueRequired\":true,\"valueName\":\"search_term_string\"}}],\"inLanguage\":\"it-IT\"},{\"@type\":\"Person\",\"@id\":\"\",\"url\":\"https:\/\/www.ccaniene.com\/it_it\/author\/\"}]}<\/script>\n<!-- \/ Yoast SEO plugin. -->","yoast_head_json":{"title":"Prima finale della carriera per la promettente Michela Buglione - Circolo Canottieri Aniene","robots":{"index":"index","follow":"follow","max-snippet":"max-snippet:-1","max-image-preview":"max-image-preview:large","max-video-preview":"max-video-preview:-1"},"canonical":"https:\/\/www.ccaniene.com\/it_it\/prima-finale-della-carriera-per-la-promettente-michela-buglione\/","og_locale":"it_IT","og_type":"article","og_title":"Prima finale della carriera per la promettente Michela Buglione - Circolo Canottieri Aniene","og_description":"La nostra giovane giocatrice Michela Buglione, appena quattordicenne, gi\u00e0 classificata in categoria C, ha raggiunto la prima finale della sua breve carriera in un importante torneo regionale che si \u00e8 svolto al Circolo I Gabbiani Sporting Club. Pur uscendo sconfitta, Michela ha messo in mostra nel corso della competizione tutte le sue qualit\u00e0 tecniche ed [&hellip;]","og_url":"https:\/\/www.ccaniene.com\/it_it\/prima-finale-della-carriera-per-la-promettente-michela-buglione\/","og_site_name":"Circolo Canottieri Aniene","article_published_time":"2014-10-23T02:27:31+00:00","og_image":[{"width":960,"height":1280,"url":"https:\/\/www.ccaniene.com\/wp-content\/uploads\/2014\/10\/IMG-20140929-WA0000.jpg","type":"image\/jpeg"}],"twitter_card":"summary_large_image","twitter_misc":{"Scritto da":"","Tempo di lettura stimato":"1 minuto"},"schema":{"@context":"https:\/\/schema.org","@graph":[{"@type":"WebPage","@id":"https:\/\/www.ccaniene.com\/it_it\/prima-finale-della-carriera-per-la-promettente-michela-buglione\/","url":"https:\/\/www.ccaniene.com\/it_it\/prima-finale-della-carriera-per-la-promettente-michela-buglione\/","name":"Prima finale della carriera per la promettente Michela Buglione - Circolo Canottieri Aniene","isPartOf":{"@id":"https:\/\/www.ccaniene.com\/it_it\/#website"},"primaryImageOfPage":{"@id":"https:\/\/www.ccaniene.com\/it_it\/prima-finale-della-carriera-per-la-promettente-michela-buglione\/#primaryimage"},"image":{"@id":"https:\/\/www.ccaniene.com\/it_it\/prima-finale-della-carriera-per-la-promettente-michela-buglione\/#primaryimage"},"thumbnailUrl":"https:\/\/www.ccaniene.com\/wp-content\/uploads\/2014\/10\/IMG-20140929-WA0000.jpg","datePublished":"2014-10-23T02:27:31+00:00","dateModified":"2014-10-23T02:27:31+00:00","author":{"@id":""},"breadcrumb":{"@id":"https:\/\/www.ccaniene.com\/it_it\/prima-finale-della-carriera-per-la-promettente-michela-buglione\/#breadcrumb"},"inLanguage":"it-IT","potentialAction":[{"@type":"ReadAction","target":["https:\/\/www.ccaniene.com\/it_it\/prima-finale-della-carriera-per-la-promettente-michela-buglione\/"]}]},{"@type":"ImageObject","inLanguage":"it-IT","@id":"https:\/\/www.ccaniene.com\/it_it\/prima-finale-della-carriera-per-la-promettente-michela-buglione\/#primaryimage","url":"https:\/\/www.ccaniene.com\/wp-content\/uploads\/2014\/10\/IMG-20140929-WA0000.jpg","contentUrl":"https:\/\/www.ccaniene.com\/wp-content\/uploads\/2014\/10\/IMG-20140929-WA0000.jpg","width":960,"height":1280},{"@type":"BreadcrumbList","@id":"https:\/\/www.ccaniene.com\/it_it\/prima-finale-della-carriera-per-la-promettente-michela-buglione\/#breadcrumb","itemListElement":[{"@type":"ListItem","position":1,"name":"Home","item":"https:\/\/www.ccaniene.com\/it_it\/"},{"@type":"ListItem","position":2,"name":"Prima finale della carriera per la promettente Michela Buglione"}]},{"@type":"WebSite","@id":"https:\/\/www.ccaniene.com\/it_it\/#website","url":"https:\/\/www.ccaniene.com\/it_it\/","name":"Circolo Canottieri Aniene","description":"Collare d&#039;Oro e Stella d&#039;Oro al Merito Sportivo","potentialAction":[{"@type":"SearchAction","target":{"@type":"EntryPoint","urlTemplate":"https:\/\/www.ccaniene.com\/it_it\/?s={search_term_string}"},"query-input":{"@type":"PropertyValueSpecification","valueRequired":true,"valueName":"search_term_string"}}],"inLanguage":"it-IT"},{"@type":"Person","@id":"","url":"https:\/\/www.ccaniene.com\/it_it\/author\/"}]}},"_links":{"self":[{"href":"https:\/\/www.ccaniene.com\/it_it\/wp-json\/wp\/v2\/posts\/6279"}],"collection":[{"href":"https:\/\/www.ccaniene.com\/it_it\/wp-json\/wp\/v2\/posts"}],"about":[{"href":"https:\/\/www.ccaniene.com\/it_it\/wp-json\/wp\/v2\/types\/post"}],"author":[{"embeddable":true,"href":"https:\/\/www.ccaniene.com\/it_it\/wp-json\/wp\/v2\/users\/4667"}],"replies":[{"embeddable":true,"href":"https:\/\/www.ccaniene.com\/it_it\/wp-json\/wp\/v2\/comments?post=6279"}],"version-history":[{"count":1,"href":"https:\/\/www.ccaniene.com\/it_it\/wp-json\/wp\/v2\/posts\/6279\/revisions"}],"predecessor-version":[{"id":6280,"href":"https:\/\/www.ccaniene.com\/it_it\/wp-json\/wp\/v2\/posts\/6279\/revisions\/6280"}],"wp:featuredmedia":[{"embeddable":true,"href":"https:\/\/www.ccaniene.com\/it_it\/wp-json\/wp\/v2\/media\/6277"}],"wp:attachment":[{"href":"https:\/\/www.ccaniene.com\/it_it\/wp-json\/wp\/v2\/media?parent=6279"}],"wp:term":[{"taxonomy":"category","embeddable":true,"href":"https:\/\/www.ccaniene.com\/it_it\/wp-json\/wp\/v2\/categories?post=6279"},{"taxonomy":"post_tag","embeddable":true,"href":"https:\/\/www.ccaniene.com\/it_it\/wp-json\/wp\/v2\/tags?post=6279"}],"curies":[{"name":"wp","href":"https:\/\/api.w.org\/{rel}","templated":true}]}}