{"id":596,"date":"2012-07-25T20:27:50","date_gmt":"2012-07-25T20:27:50","guid":{"rendered":""},"modified":"2012-07-25T20:27:50","modified_gmt":"2012-07-25T20:27:50","slug":"nuoto-e-tuffi-ottimo-il-bilancio-del-settore-giovanile-dellaniene","status":"publish","type":"post","link":"https:\/\/www.ccaniene.com\/it_it\/nuoto-e-tuffi-ottimo-il-bilancio-del-settore-giovanile-dellaniene\/","title":{"rendered":"NUOTO E TUFFI, OTTIMO IL BILANCIO DEL SETTORE GIOVANILE DELL\u2019ANIENE"},"content":{"rendered":"\n<p><img decoding=\"async\" src=\"http:\/\/www.ccaniene.com\/wp-content\/uploads\/mencarini.jpg\" border=\"0\" alt=\"Luca Mencarini e Fabio De Santis\" style=\"float: left;\" \/>Vittorie, e medaglie \u2018pesanti\u2019, hanno caratterizzato la stagione estiva del movimento giovanile, sia nel settore nuoto che in quello dei tuffi.<\/p>\n<p>In attesa dei Campionati Italiani Giovanili Estivi di nuoto, si sono registrate importanti performances sia in occasione degli <strong>Eurojunior di Anversa <\/strong>\u2013 la manifestazione internazionale giovanile pi\u00f9 prestigiosa della stagione \u2013 che della <strong>Coppa Comen di Torrevieja<\/strong> (Spagna).<\/p>\n<p \/>In terra belga sugli scudi <strong>Luca Mencarini<\/strong>, capace di chiudere in seconda posizione la prova dei 200 dorso (1\u201959\u201d66), a soli 21 centesimi dal vincitore, l\u2019inglese Joseph Patching. Argento anche per la staffetta 4&#215;200 stile libero femminile, con <strong>Miriana Durante<\/strong> in seconda frazione. Sfortunato <strong>Andrea Fabbroni<\/strong>, sceso in vasca nei 400 stile libero nonostante una forte influenza, che ha dovuto rinunciare ai 1.500 stile libero: il suo miglior crono stagionale, in quest\u2019ultima specialit\u00e0, poteva valere risultati importanti.<br \/>\n<!--more-->\n<\/p>\n<p>In Coppa Comen sono da registrarsi i significativi successi di <strong>Alessandro Broglia <\/strong>nei 100 stile libero (51\u201d81) e <strong>Carlo Troiano<\/strong> nei 100 rana (1\u201905\u201d81). Per i due atleti \u2018Aniene\u2019 anche le affermazioni nella 4&#215;100 mista (Troiano in seconda frazione) e nella 4&#215;100 stile libero (con Broglia in prima frazione).<\/p>\n<p>\u00a0<\/p>\n<p>Nel settore <strong>tuffi <\/strong>di particolare valore tecnico la medaglia d\u2019argento di <strong>Giacomo Ciammarughi<\/strong>, nella specialit\u00e0 trampolino da 1 metro, ottenuta ai <strong>Campionati Europei Giovanili di Graz<\/strong> (manifestazione nella quale \u00e8 giunto anche ottavo nel trampolino 3 metri). Per Ciammarughi \u2013 laureatosi anche campione italiano nella categoria Ragazzi nel trampolino da un metro ed in quello da 3 metri \u2013 l\u2019importante riconoscimento della qualificazione per i Campionati Mondiali Giovanili, in programma ad Adelaide (Australia) dal 9 al 13 ottobre prossimi.<\/p>\n<p>Ancora conferme per <strong>Malvina Catalano Gonzaga<\/strong>, campionessa italiana categoria Ragazze (trampolino da un metro) e medaglia di bronzo, nella specialit\u00e0 sincro 3 metri, agli Assoluti di Cosenza nonch\u00e9 finalista in due specialit\u00e0 (trampolino 1 metro e trampolino 3 metri) ai Campionati Europei Giovanili di Graz.<\/p>\n<p>Da segnalare altres\u00ec che il settore tuffi del Circolo Canottieri Aniene ha ottenuto la vittoria nella Finale del Trofeo Giovanissimi Esordienti C2 di Bergamo e si \u00e8 aggiudicato, nello scorso fine settimana a Roma, il \u2018Trofeo Azzurri d\u2019Italia\u2019, dedicato alle categorie Esordienti C1, Ragazzi e Junior.<\/p>\n<p>\u00a0<\/p>\n","protected":false},"excerpt":{"rendered":"<p>Vittorie, e medaglie \u2018pesanti\u2019, hanno caratterizzato la stagione estiva del movimento giovanile, sia nel settore nuoto che in quello dei tuffi. In attesa dei Campionati Italiani Giovanili Estivi di nuoto, si sono registrate importanti performances sia in occasione degli Eurojunior di Anversa \u2013 la manifestazione internazionale giovanile pi\u00f9 prestigiosa della stagione \u2013 che della Coppa [&hellip;]<\/p>\n","protected":false},"author":352,"featured_media":0,"comment_status":"open","ping_status":"closed","sticky":true,"template":"","format":"standard","meta":{"pmpro_default_level":0,"footnotes":"","_links_to":"","_links_to_target":""},"categories":[11],"tags":[],"class_list":["post-596","post","type-post","status-publish","format-standard","hentry","category-nuoto","pmpro-has-access"],"featured_image_urls":{},"appp_media":null,"yoast_head":"<!-- This site is optimized with the Yoast SEO plugin v23.6 - https:\/\/yoast.com\/wordpress\/plugins\/seo\/ -->\n<title>NUOTO E TUFFI, OTTIMO IL BILANCIO DEL SETTORE GIOVANILE DELL\u2019ANIENE - Circolo Canottieri Aniene<\/title>\n<meta name=\"robots\" content=\"index, follow, max-snippet:-1, max-image-preview:large, max-video-preview:-1\" \/>\n<link rel=\"canonical\" href=\"https:\/\/www.ccaniene.com\/it_it\/nuoto-e-tuffi-ottimo-il-bilancio-del-settore-giovanile-dellaniene\/\" \/>\n<meta property=\"og:locale\" content=\"it_IT\" \/>\n<meta property=\"og:type\" content=\"article\" \/>\n<meta property=\"og:title\" content=\"NUOTO E TUFFI, OTTIMO IL BILANCIO DEL SETTORE GIOVANILE DELL\u2019ANIENE - Circolo Canottieri Aniene\" \/>\n<meta property=\"og:description\" content=\"Vittorie, e medaglie \u2018pesanti\u2019, hanno caratterizzato la stagione estiva del movimento giovanile, sia nel settore nuoto che in quello dei tuffi. In attesa dei Campionati Italiani Giovanili Estivi di nuoto, si sono registrate importanti performances sia in occasione degli Eurojunior di Anversa \u2013 la manifestazione internazionale giovanile pi\u00f9 prestigiosa della stagione \u2013 che della Coppa [&hellip;]\" \/>\n<meta property=\"og:url\" content=\"https:\/\/www.ccaniene.com\/it_it\/nuoto-e-tuffi-ottimo-il-bilancio-del-settore-giovanile-dellaniene\/\" \/>\n<meta property=\"og:site_name\" content=\"Circolo Canottieri Aniene\" \/>\n<meta property=\"article:published_time\" content=\"2012-07-25T20:27:50+00:00\" \/>\n<meta property=\"og:image\" content=\"http:\/\/www.ccaniene.com\/wp-content\/uploads\/mencarini.jpg\" \/>\n<meta name=\"twitter:card\" content=\"summary_large_image\" \/>\n<meta name=\"twitter:label1\" content=\"Scritto da\" \/>\n\t<meta name=\"twitter:data1\" content=\"\" \/>\n\t<meta name=\"twitter:label2\" content=\"Tempo di lettura stimato\" \/>\n\t<meta name=\"twitter:data2\" content=\"2 minuti\" \/>\n<script type=\"application\/ld+json\" class=\"yoast-schema-graph\">{\"@context\":\"https:\/\/schema.org\",\"@graph\":[{\"@type\":\"WebPage\",\"@id\":\"https:\/\/www.ccaniene.com\/en\/nuoto-e-tuffi-ottimo-il-bilancio-del-settore-giovanile-dellaniene\/\",\"url\":\"https:\/\/www.ccaniene.com\/en\/nuoto-e-tuffi-ottimo-il-bilancio-del-settore-giovanile-dellaniene\/\",\"name\":\"NUOTO E TUFFI, OTTIMO IL BILANCIO DEL SETTORE GIOVANILE DELL\u2019ANIENE - Circolo Canottieri Aniene\",\"isPartOf\":{\"@id\":\"https:\/\/www.ccaniene.com\/it_it\/#website\"},\"primaryImageOfPage\":{\"@id\":\"https:\/\/www.ccaniene.com\/en\/nuoto-e-tuffi-ottimo-il-bilancio-del-settore-giovanile-dellaniene\/#primaryimage\"},\"image\":{\"@id\":\"https:\/\/www.ccaniene.com\/en\/nuoto-e-tuffi-ottimo-il-bilancio-del-settore-giovanile-dellaniene\/#primaryimage\"},\"thumbnailUrl\":\"http:\/\/www.ccaniene.com\/wp-content\/uploads\/mencarini.jpg\",\"datePublished\":\"2012-07-25T20:27:50+00:00\",\"dateModified\":\"2012-07-25T20:27:50+00:00\",\"author\":{\"@id\":\"\"},\"breadcrumb\":{\"@id\":\"https:\/\/www.ccaniene.com\/en\/nuoto-e-tuffi-ottimo-il-bilancio-del-settore-giovanile-dellaniene\/#breadcrumb\"},\"inLanguage\":\"it-IT\",\"potentialAction\":[{\"@type\":\"ReadAction\",\"target\":[\"https:\/\/www.ccaniene.com\/en\/nuoto-e-tuffi-ottimo-il-bilancio-del-settore-giovanile-dellaniene\/\"]}]},{\"@type\":\"ImageObject\",\"inLanguage\":\"it-IT\",\"@id\":\"https:\/\/www.ccaniene.com\/en\/nuoto-e-tuffi-ottimo-il-bilancio-del-settore-giovanile-dellaniene\/#primaryimage\",\"url\":\"http:\/\/www.ccaniene.com\/wp-content\/uploads\/mencarini.jpg\",\"contentUrl\":\"http:\/\/www.ccaniene.com\/wp-content\/uploads\/mencarini.jpg\"},{\"@type\":\"BreadcrumbList\",\"@id\":\"https:\/\/www.ccaniene.com\/en\/nuoto-e-tuffi-ottimo-il-bilancio-del-settore-giovanile-dellaniene\/#breadcrumb\",\"itemListElement\":[{\"@type\":\"ListItem\",\"position\":1,\"name\":\"Home\",\"item\":\"https:\/\/www.ccaniene.com\/it_it\/\"},{\"@type\":\"ListItem\",\"position\":2,\"name\":\"NUOTO E TUFFI, OTTIMO IL BILANCIO DEL SETTORE GIOVANILE DELL\u2019ANIENE\"}]},{\"@type\":\"WebSite\",\"@id\":\"https:\/\/www.ccaniene.com\/it_it\/#website\",\"url\":\"https:\/\/www.ccaniene.com\/it_it\/\",\"name\":\"Circolo Canottieri Aniene\",\"description\":\"Collare d&#039;Oro e Stella d&#039;Oro al Merito Sportivo\",\"potentialAction\":[{\"@type\":\"SearchAction\",\"target\":{\"@type\":\"EntryPoint\",\"urlTemplate\":\"https:\/\/www.ccaniene.com\/it_it\/?s={search_term_string}\"},\"query-input\":{\"@type\":\"PropertyValueSpecification\",\"valueRequired\":true,\"valueName\":\"search_term_string\"}}],\"inLanguage\":\"it-IT\"},{\"@type\":\"Person\",\"@id\":\"\",\"url\":\"https:\/\/www.ccaniene.com\/it_it\/author\/\"}]}<\/script>\n<!-- \/ Yoast SEO plugin. -->","yoast_head_json":{"title":"NUOTO E TUFFI, OTTIMO IL BILANCIO DEL SETTORE GIOVANILE DELL\u2019ANIENE - Circolo Canottieri Aniene","robots":{"index":"index","follow":"follow","max-snippet":"max-snippet:-1","max-image-preview":"max-image-preview:large","max-video-preview":"max-video-preview:-1"},"canonical":"https:\/\/www.ccaniene.com\/it_it\/nuoto-e-tuffi-ottimo-il-bilancio-del-settore-giovanile-dellaniene\/","og_locale":"it_IT","og_type":"article","og_title":"NUOTO E TUFFI, OTTIMO IL BILANCIO DEL SETTORE GIOVANILE DELL\u2019ANIENE - Circolo Canottieri Aniene","og_description":"Vittorie, e medaglie \u2018pesanti\u2019, hanno caratterizzato la stagione estiva del movimento giovanile, sia nel settore nuoto che in quello dei tuffi. In attesa dei Campionati Italiani Giovanili Estivi di nuoto, si sono registrate importanti performances sia in occasione degli Eurojunior di Anversa \u2013 la manifestazione internazionale giovanile pi\u00f9 prestigiosa della stagione \u2013 che della Coppa [&hellip;]","og_url":"https:\/\/www.ccaniene.com\/it_it\/nuoto-e-tuffi-ottimo-il-bilancio-del-settore-giovanile-dellaniene\/","og_site_name":"Circolo Canottieri Aniene","article_published_time":"2012-07-25T20:27:50+00:00","og_image":[{"url":"http:\/\/www.ccaniene.com\/wp-content\/uploads\/mencarini.jpg"}],"twitter_card":"summary_large_image","twitter_misc":{"Scritto da":"","Tempo di lettura stimato":"2 minuti"},"schema":{"@context":"https:\/\/schema.org","@graph":[{"@type":"WebPage","@id":"https:\/\/www.ccaniene.com\/en\/nuoto-e-tuffi-ottimo-il-bilancio-del-settore-giovanile-dellaniene\/","url":"https:\/\/www.ccaniene.com\/en\/nuoto-e-tuffi-ottimo-il-bilancio-del-settore-giovanile-dellaniene\/","name":"NUOTO E TUFFI, OTTIMO IL BILANCIO DEL SETTORE GIOVANILE DELL\u2019ANIENE - Circolo Canottieri Aniene","isPartOf":{"@id":"https:\/\/www.ccaniene.com\/it_it\/#website"},"primaryImageOfPage":{"@id":"https:\/\/www.ccaniene.com\/en\/nuoto-e-tuffi-ottimo-il-bilancio-del-settore-giovanile-dellaniene\/#primaryimage"},"image":{"@id":"https:\/\/www.ccaniene.com\/en\/nuoto-e-tuffi-ottimo-il-bilancio-del-settore-giovanile-dellaniene\/#primaryimage"},"thumbnailUrl":"http:\/\/www.ccaniene.com\/wp-content\/uploads\/mencarini.jpg","datePublished":"2012-07-25T20:27:50+00:00","dateModified":"2012-07-25T20:27:50+00:00","author":{"@id":""},"breadcrumb":{"@id":"https:\/\/www.ccaniene.com\/en\/nuoto-e-tuffi-ottimo-il-bilancio-del-settore-giovanile-dellaniene\/#breadcrumb"},"inLanguage":"it-IT","potentialAction":[{"@type":"ReadAction","target":["https:\/\/www.ccaniene.com\/en\/nuoto-e-tuffi-ottimo-il-bilancio-del-settore-giovanile-dellaniene\/"]}]},{"@type":"ImageObject","inLanguage":"it-IT","@id":"https:\/\/www.ccaniene.com\/en\/nuoto-e-tuffi-ottimo-il-bilancio-del-settore-giovanile-dellaniene\/#primaryimage","url":"http:\/\/www.ccaniene.com\/wp-content\/uploads\/mencarini.jpg","contentUrl":"http:\/\/www.ccaniene.com\/wp-content\/uploads\/mencarini.jpg"},{"@type":"BreadcrumbList","@id":"https:\/\/www.ccaniene.com\/en\/nuoto-e-tuffi-ottimo-il-bilancio-del-settore-giovanile-dellaniene\/#breadcrumb","itemListElement":[{"@type":"ListItem","position":1,"name":"Home","item":"https:\/\/www.ccaniene.com\/it_it\/"},{"@type":"ListItem","position":2,"name":"NUOTO E TUFFI, OTTIMO IL BILANCIO DEL SETTORE GIOVANILE DELL\u2019ANIENE"}]},{"@type":"WebSite","@id":"https:\/\/www.ccaniene.com\/it_it\/#website","url":"https:\/\/www.ccaniene.com\/it_it\/","name":"Circolo Canottieri Aniene","description":"Collare d&#039;Oro e Stella d&#039;Oro al Merito Sportivo","potentialAction":[{"@type":"SearchAction","target":{"@type":"EntryPoint","urlTemplate":"https:\/\/www.ccaniene.com\/it_it\/?s={search_term_string}"},"query-input":{"@type":"PropertyValueSpecification","valueRequired":true,"valueName":"search_term_string"}}],"inLanguage":"it-IT"},{"@type":"Person","@id":"","url":"https:\/\/www.ccaniene.com\/it_it\/author\/"}]}},"_links":{"self":[{"href":"https:\/\/www.ccaniene.com\/it_it\/wp-json\/wp\/v2\/posts\/596"}],"collection":[{"href":"https:\/\/www.ccaniene.com\/it_it\/wp-json\/wp\/v2\/posts"}],"about":[{"href":"https:\/\/www.ccaniene.com\/it_it\/wp-json\/wp\/v2\/types\/post"}],"author":[{"embeddable":true,"href":"https:\/\/www.ccaniene.com\/it_it\/wp-json\/wp\/v2\/users\/352"}],"replies":[{"embeddable":true,"href":"https:\/\/www.ccaniene.com\/it_it\/wp-json\/wp\/v2\/comments?post=596"}],"version-history":[{"count":0,"href":"https:\/\/www.ccaniene.com\/it_it\/wp-json\/wp\/v2\/posts\/596\/revisions"}],"wp:attachment":[{"href":"https:\/\/www.ccaniene.com\/it_it\/wp-json\/wp\/v2\/media?parent=596"}],"wp:term":[{"taxonomy":"category","embeddable":true,"href":"https:\/\/www.ccaniene.com\/it_it\/wp-json\/wp\/v2\/categories?post=596"},{"taxonomy":"post_tag","embeddable":true,"href":"https:\/\/www.ccaniene.com\/it_it\/wp-json\/wp\/v2\/tags?post=596"}],"curies":[{"name":"wp","href":"https:\/\/api.w.org\/{rel}","templated":true}]}}