{"id":5952,"date":"2014-10-12T18:26:02","date_gmt":"2014-10-12T16:26:02","guid":{"rendered":"https:\/\/www.ccaniene.com\/?p=5952"},"modified":"2014-10-13T12:36:46","modified_gmt":"2014-10-13T10:36:46","slug":"la-terza-giornata-dei-campionati-italiani-classi-olimpiche","status":"publish","type":"post","link":"https:\/\/www.ccaniene.com\/it_it\/la-terza-giornata-dei-campionati-italiani-classi-olimpiche\/","title":{"rendered":"La terza giornata dei Campionati Italiani Classi Olimpiche"},"content":{"rendered":"<p>I Campionati Italiani Classi Olimpiche si avviano verso la conclusione, in programma domani con le ultime prove della serie e l\u2019assegnazione dei titoli italiani, dopo un\u2019altra giornata di regate disputata tra Loano (Savona) e Riva del Garda (Trento), le due localit\u00e0 che ospitano, in contemporanea, i CICO 2014. <\/p>\n<p>CICO Loano<br \/>\nDopo un\u2019attesa dovuta alle difficili e imprevedibili condizioni meteo che stanno mettendo in ginocchio la Liguria, oggi, verso met\u00e0 pomeriggio, una brezza di 6-7 nodi molto oscillante (da 180\u00b0 a 110\u00b0 la direzione) ha consentito al Comitato di Regata di far disputare una prova per le classi 470, Finn e 2.4, e due per i Nacra 17, 49er e 49er FX. Regate molto difficili, anche per via della forte corrente che ha attraversato i due campi allestiti di fronte a Loano, nelle acque della Riviera delle Palme.<br \/>\nNei Nacra 17, due primi di giornata per Francesco Porro e Caterina Marianna Banti del Circolo Canottieri Aniene, che grazie a questa doppietta balzano al comando della classifica generale dopo quattro prove, davanti ai compagni di club Francesco Sabatini-Marcella Mamusa e David Bond\u00ec-Laura Marimon. Doppia vittoria anche per Uberto Crivelli Visconti e Gianmarco Togni del Circolo del Remo e della Vela Italia, che guidano la graduatoria dei 49er (anche qui dopo quattro prove) davanti a Jacopo Plazzi-Umberto Molineris del CC Aniene e a Giorgio e Francesco Pantzarzis del Circolo della Vela Bari. Lo stesso risultato ottenuto nella classe 49er FX da Ottavia Raggio e Paola Bergamaschi del Circolo Velico La Spezia, che con quattro primi su quattro prove sono saldamente al comando della classifica che ha in Giulia Genesio e Francesca Volpi (Circolo Nautico Loano) le seconde e in Martina Castagna e Lucia Miani (Fraglia Vela Riva) le terze.<br \/>\nTra i 2.4 mR, la classe pi\u00f9 numerosa di questo CICO di Loano con i 470, nuova vittoria di Antonio Squizzato della Canottieri Garda Sal\u00f2, che con due primi su due prove \u00e8 il leader della classifica davanti ad Angelo Boscolo (CV Faro Piave Vecchia) e a Rossella Mengascini (ASD Liberi nel vento), prima tra le donne, mentre nell\u2019ambito dei Finn, successo di giornata per Giorgio Poggi delle Fiamme Gialle, che guida anche la classifica generale a pari punti con Filippo Baldassari (Fiamme Gialle), con Alessandro Vongher del Circolo Nautico San Vincenzo ottimo terzo. Per quanto riguarda i 470, infine, nuova vittoria per le azzurre Elena Berta e Giulia Paolillo del CC Aniene, che con due primi su due prove sono ovviamente anche in testa alla classifica generale provvisoria, davanti alle compagne di club Roberta Caputo-Alice Sinno e a Francesco Rebaudi-Matteo Ramian dello Yacht Club Italiano, primo equipaggio maschile.<br \/>\nIl CICO \u00e8 organizzato su delega della FIV dal Circolo Nautico Loano con lo Yacht Club Marina di Loano, il Circolo Nautico Andora, il Circolo Nautico Al Mare di Alassio e il Circolo Nautico del Finale, con il patrocinio del Comune di Loano, Regione Liguria e Fondazione De Mari, e con Marina di Loano come sede.<br \/>\nQui le classifiche provvisorie: www.cicoloano.it\/classifiche2014<\/p>\n<p>CICO Riva del Garda<br \/>\nSoltanto una prova disputata oggi a Riva del Garda dalle classi Laser Standard e Laser Radial, dato che il Comitato di regata ha dovuto cancellare la seconda, quando il vento \u00e8 calato del tutto a causa di un grosso temporale in arrivo. Nella classe Standard, dopo due richiami generali, la flotta \u00e8 partita sotto bandiera nera, con un vento intorno ai 10 nodi d\u2019intensit\u00e0. Dopo una bella partenza in barca Comitato, alla prima boa di bolina \u00e8 passato in testa Alessio Spadoni del Circolo Canottieri Aniene, davanti al brasiliano Robert Scheidt del Circolo Vela Torbole; Spadoni ha poi conservato la testa fino alla boa di poppa ma l&#8217;ha persa nel bordeggio della seconda bolina, quando il vento \u00e8 saltato prima a destra, poi a sinistra, con un notevole calo d\u2019intensit\u00e0. Ed \u00e8 proprio questo secondo salto a sinistra che ha compromesso la regata di Spadoni (di poche parole il suo commento: &#8220;ho sbagliato&#8221;) e che ha salvato invece la regata dell\u2019atleta delle Fiamme Gialle Francesco Marrai, rientrato dall&#8217;ottavo posto a un pi\u00f9 che onorevole terzo. L&#8217;unica prova \u00e8 stata vinta quindi da Scheidt, alla terza vittoria consecutiva, seguito al secondo posto da un ottimo Enrico Strazzera dello Yacht Club Cagliari. In classifica generale, dopo 5 prove e uno scarto, il leader Scheidt sembra ormai irraggiungibile, Francesco Marrai \u00e8 secondo e primo tra gli italiani, seguito da Enrico Strazzera che ha due punti di vantaggio su Alessio Spadoni. Qui le classifiche: www.fragliavelariva.it\/sites\/default\/files\/regatta\/r1598-result-f3401.htm Nella classe Radial, la lituana Gintare Scheidt (CV Torbole) segue l&#8217;esempio del marito vincendo l&#8217;unica prova del giorno (anche per lei si tratta della terza prova vinta). Seconda \u00e8 Silvia Zennaro della Compagnia della Vela Venezia, davanti a Joyce Floridia (Fraglia Vela Riva) e a Martha Faraguna (Yacht Club Adriaco). In classifica generale, dietro Gintare Scheidt, troviamo Silvia Zennaro, prima delle italiane, che ha 5 punti di vantaggio su Martha Faraguna, mentre la Floridia, che continua a recuperare posizioni, \u00e8 terza.<br \/>\nQui le classifiche: www.fragliavelariva.it\/sites\/default\/files\/regatta\/r1598-result-f3400.htm<br \/>\nIl CICO di Riva \u00e8 organizzato, sempre su delega della FIV, dalla Fraglia Vela di Riva del Garda. <\/p>\n<p>Ulteriori informazioni sui CICO sono reperibili negli appositi spazi web creati ad hoc sul sito della FIV (www.federvela.it\/vela-agonistica\/content\/cico-loano-9-12-ottobre-2014 e www.federvela.it\/vela-agonistica\/content\/cico-riva-del-garda-9-12-ottobre-2014), nonch\u00e9 agli indirizzi www.cicoloano.it e www.fragliavelariva.it, oltre che sui vari social network correlati, dove in tempo reale sono pubblicate classifiche, news, curiosit\u00e0 e immagini.<\/p>\n","protected":false},"excerpt":{"rendered":"<p>I Campionati Italiani Classi Olimpiche si avviano verso la conclusione, in programma domani con le ultime prove della serie e l\u2019assegnazione dei titoli italiani, dopo un\u2019altra giornata di regate disputata tra Loano (Savona) e Riva del Garda (Trento), le due localit\u00e0 che ospitano, in contemporanea, i CICO 2014. CICO Loano Dopo un\u2019attesa dovuta alle difficili [&hellip;]<\/p>\n","protected":false},"author":4667,"featured_media":5953,"comment_status":"open","ping_status":"closed","sticky":false,"template":"","format":"standard","meta":{"pmpro_default_level":0,"footnotes":"","_links_to":"","_links_to_target":""},"categories":[26],"tags":[],"class_list":["post-5952","post","type-post","status-publish","format-standard","has-post-thumbnail","hentry","category-vela","pmpro-has-access"],"featured_image_urls":{"woocommerce_thumbnail":"https:\/\/www.ccaniene.com\/wp-content\/uploads\/2014\/10\/CICO.2014.fTaccola_FTL3018-300x300.jpg","woocommerce_gallery_thumbnail":"https:\/\/www.ccaniene.com\/wp-content\/uploads\/2014\/10\/CICO.2014.fTaccola_FTL3018-100x100.jpg","woocommerce_single":"https:\/\/www.ccaniene.com\/wp-content\/uploads\/2014\/10\/CICO.2014.fTaccola_FTL3018-600x417.jpg","thumbnail":"https:\/\/www.ccaniene.com\/wp-content\/uploads\/2014\/10\/CICO.2014.fTaccola_FTL3018-200x200.jpg","medium":"https:\/\/www.ccaniene.com\/wp-content\/uploads\/2014\/10\/CICO.2014.fTaccola_FTL3018-460x320.jpg","medium_large":"https:\/\/www.ccaniene.com\/wp-content\/uploads\/2014\/10\/CICO.2014.fTaccola_FTL3018-768x534.jpg","large":"https:\/\/www.ccaniene.com\/wp-content\/uploads\/2014\/10\/CICO.2014.fTaccola_FTL3018-980x681.jpg","second":"https:\/\/www.ccaniene.com\/wp-content\/uploads\/2014\/10\/CICO.2014.fTaccola_FTL3018-270x246.jpg","single-thumb":"https:\/\/www.ccaniene.com\/wp-content\/uploads\/2014\/10\/CICO.2014.fTaccola_FTL3018-870x450.jpg","large-thumb":"https:\/\/www.ccaniene.com\/wp-content\/uploads\/2014\/10\/CICO.2014.fTaccola_FTL3018-780x450.jpg","medium-thumb":"https:\/\/www.ccaniene.com\/wp-content\/uploads\/2014\/10\/CICO.2014.fTaccola_FTL3018-390x225.jpg","large-archive-thumb":"https:\/\/www.ccaniene.com\/wp-content\/uploads\/2014\/10\/CICO.2014.fTaccola_FTL3018-570x300.jpg","small-archive-thumb":"https:\/\/www.ccaniene.com\/wp-content\/uploads\/2014\/10\/CICO.2014.fTaccola_FTL3018-300x200.jpg","portrait-thumb":"https:\/\/www.ccaniene.com\/wp-content\/uploads\/2014\/10\/CICO.2014.fTaccola_FTL3018-300x209.jpg","portrait":"https:\/\/www.ccaniene.com\/wp-content\/uploads\/2014\/10\/CICO.2014.fTaccola_FTL3018-870x605.jpg","gallery":"https:\/\/www.ccaniene.com\/wp-content\/uploads\/2014\/10\/CICO.2014.fTaccola_FTL3018-270x270.jpg"},"appp_media":null,"yoast_head":"<!-- This site is optimized with the Yoast SEO plugin v23.6 - https:\/\/yoast.com\/wordpress\/plugins\/seo\/ -->\n<title>La terza giornata dei Campionati Italiani Classi Olimpiche - Circolo Canottieri Aniene<\/title>\n<meta name=\"robots\" content=\"index, follow, max-snippet:-1, max-image-preview:large, max-video-preview:-1\" \/>\n<link rel=\"canonical\" href=\"http:\/\/www.ccaniene.com\/it_it\/la-terza-giornata-dei-campionati-italiani-classi-olimpiche\/\" \/>\n<meta property=\"og:locale\" content=\"it_IT\" \/>\n<meta property=\"og:type\" content=\"article\" \/>\n<meta property=\"og:title\" content=\"La terza giornata dei Campionati Italiani Classi Olimpiche - Circolo Canottieri Aniene\" \/>\n<meta property=\"og:description\" content=\"I Campionati Italiani Classi Olimpiche si avviano verso la conclusione, in programma domani con le ultime prove della serie e l\u2019assegnazione dei titoli italiani, dopo un\u2019altra giornata di regate disputata tra Loano (Savona) e Riva del Garda (Trento), le due localit\u00e0 che ospitano, in contemporanea, i CICO 2014. CICO Loano Dopo un\u2019attesa dovuta alle difficili [&hellip;]\" \/>\n<meta property=\"og:url\" content=\"http:\/\/www.ccaniene.com\/it_it\/la-terza-giornata-dei-campionati-italiani-classi-olimpiche\/\" \/>\n<meta property=\"og:site_name\" content=\"Circolo Canottieri Aniene\" \/>\n<meta property=\"article:published_time\" content=\"2014-10-12T16:26:02+00:00\" \/>\n<meta property=\"article:modified_time\" content=\"2014-10-13T10:36:46+00:00\" \/>\n<meta property=\"og:image\" content=\"http:\/\/www.ccaniene.com\/wp-content\/uploads\/2014\/10\/CICO.2014.fTaccola_FTL3018.jpg\" \/>\n\t<meta property=\"og:image:width\" content=\"1200\" \/>\n\t<meta property=\"og:image:height\" content=\"834\" \/>\n\t<meta property=\"og:image:type\" content=\"image\/jpeg\" \/>\n<meta name=\"twitter:card\" content=\"summary_large_image\" \/>\n<meta name=\"twitter:label1\" content=\"Scritto da\" \/>\n\t<meta name=\"twitter:data1\" content=\"\" \/>\n\t<meta name=\"twitter:label2\" content=\"Tempo di lettura stimato\" \/>\n\t<meta name=\"twitter:data2\" content=\"5 minuti\" \/>\n<script type=\"application\/ld+json\" class=\"yoast-schema-graph\">{\"@context\":\"https:\/\/schema.org\",\"@graph\":[{\"@type\":\"WebPage\",\"@id\":\"http:\/\/www.ccaniene.com\/la-terza-giornata-dei-campionati-italiani-classi-olimpiche\/\",\"url\":\"http:\/\/www.ccaniene.com\/la-terza-giornata-dei-campionati-italiani-classi-olimpiche\/\",\"name\":\"La terza giornata dei Campionati Italiani Classi Olimpiche - Circolo Canottieri Aniene\",\"isPartOf\":{\"@id\":\"https:\/\/www.ccaniene.com\/it_it\/#website\"},\"primaryImageOfPage\":{\"@id\":\"http:\/\/www.ccaniene.com\/la-terza-giornata-dei-campionati-italiani-classi-olimpiche\/#primaryimage\"},\"image\":{\"@id\":\"http:\/\/www.ccaniene.com\/la-terza-giornata-dei-campionati-italiani-classi-olimpiche\/#primaryimage\"},\"thumbnailUrl\":\"https:\/\/www.ccaniene.com\/wp-content\/uploads\/2014\/10\/CICO.2014.fTaccola_FTL3018.jpg\",\"datePublished\":\"2014-10-12T16:26:02+00:00\",\"dateModified\":\"2014-10-13T10:36:46+00:00\",\"author\":{\"@id\":\"\"},\"breadcrumb\":{\"@id\":\"http:\/\/www.ccaniene.com\/la-terza-giornata-dei-campionati-italiani-classi-olimpiche\/#breadcrumb\"},\"inLanguage\":\"it-IT\",\"potentialAction\":[{\"@type\":\"ReadAction\",\"target\":[\"http:\/\/www.ccaniene.com\/la-terza-giornata-dei-campionati-italiani-classi-olimpiche\/\"]}]},{\"@type\":\"ImageObject\",\"inLanguage\":\"it-IT\",\"@id\":\"http:\/\/www.ccaniene.com\/la-terza-giornata-dei-campionati-italiani-classi-olimpiche\/#primaryimage\",\"url\":\"https:\/\/www.ccaniene.com\/wp-content\/uploads\/2014\/10\/CICO.2014.fTaccola_FTL3018.jpg\",\"contentUrl\":\"https:\/\/www.ccaniene.com\/wp-content\/uploads\/2014\/10\/CICO.2014.fTaccola_FTL3018.jpg\",\"width\":1200,\"height\":834,\"caption\":\"Foto Fabio Taccola\"},{\"@type\":\"BreadcrumbList\",\"@id\":\"http:\/\/www.ccaniene.com\/la-terza-giornata-dei-campionati-italiani-classi-olimpiche\/#breadcrumb\",\"itemListElement\":[{\"@type\":\"ListItem\",\"position\":1,\"name\":\"Home\",\"item\":\"https:\/\/www.ccaniene.com\/it_it\/\"},{\"@type\":\"ListItem\",\"position\":2,\"name\":\"La terza giornata dei Campionati Italiani Classi Olimpiche\"}]},{\"@type\":\"WebSite\",\"@id\":\"https:\/\/www.ccaniene.com\/it_it\/#website\",\"url\":\"https:\/\/www.ccaniene.com\/it_it\/\",\"name\":\"Circolo Canottieri Aniene\",\"description\":\"Collare d&#039;Oro e Stella d&#039;Oro al Merito Sportivo\",\"potentialAction\":[{\"@type\":\"SearchAction\",\"target\":{\"@type\":\"EntryPoint\",\"urlTemplate\":\"https:\/\/www.ccaniene.com\/it_it\/?s={search_term_string}\"},\"query-input\":{\"@type\":\"PropertyValueSpecification\",\"valueRequired\":true,\"valueName\":\"search_term_string\"}}],\"inLanguage\":\"it-IT\"},{\"@type\":\"Person\",\"@id\":\"\",\"url\":\"https:\/\/www.ccaniene.com\/it_it\/author\/\"}]}<\/script>\n<!-- \/ Yoast SEO plugin. -->","yoast_head_json":{"title":"La terza giornata dei Campionati Italiani Classi Olimpiche - Circolo Canottieri Aniene","robots":{"index":"index","follow":"follow","max-snippet":"max-snippet:-1","max-image-preview":"max-image-preview:large","max-video-preview":"max-video-preview:-1"},"canonical":"http:\/\/www.ccaniene.com\/it_it\/la-terza-giornata-dei-campionati-italiani-classi-olimpiche\/","og_locale":"it_IT","og_type":"article","og_title":"La terza giornata dei Campionati Italiani Classi Olimpiche - Circolo Canottieri Aniene","og_description":"I Campionati Italiani Classi Olimpiche si avviano verso la conclusione, in programma domani con le ultime prove della serie e l\u2019assegnazione dei titoli italiani, dopo un\u2019altra giornata di regate disputata tra Loano (Savona) e Riva del Garda (Trento), le due localit\u00e0 che ospitano, in contemporanea, i CICO 2014. CICO Loano Dopo un\u2019attesa dovuta alle difficili [&hellip;]","og_url":"http:\/\/www.ccaniene.com\/it_it\/la-terza-giornata-dei-campionati-italiani-classi-olimpiche\/","og_site_name":"Circolo Canottieri Aniene","article_published_time":"2014-10-12T16:26:02+00:00","article_modified_time":"2014-10-13T10:36:46+00:00","og_image":[{"width":1200,"height":834,"url":"http:\/\/www.ccaniene.com\/wp-content\/uploads\/2014\/10\/CICO.2014.fTaccola_FTL3018.jpg","type":"image\/jpeg"}],"twitter_card":"summary_large_image","twitter_misc":{"Scritto da":"","Tempo di lettura stimato":"5 minuti"},"schema":{"@context":"https:\/\/schema.org","@graph":[{"@type":"WebPage","@id":"http:\/\/www.ccaniene.com\/la-terza-giornata-dei-campionati-italiani-classi-olimpiche\/","url":"http:\/\/www.ccaniene.com\/la-terza-giornata-dei-campionati-italiani-classi-olimpiche\/","name":"La terza giornata dei Campionati Italiani Classi Olimpiche - Circolo Canottieri Aniene","isPartOf":{"@id":"https:\/\/www.ccaniene.com\/it_it\/#website"},"primaryImageOfPage":{"@id":"http:\/\/www.ccaniene.com\/la-terza-giornata-dei-campionati-italiani-classi-olimpiche\/#primaryimage"},"image":{"@id":"http:\/\/www.ccaniene.com\/la-terza-giornata-dei-campionati-italiani-classi-olimpiche\/#primaryimage"},"thumbnailUrl":"https:\/\/www.ccaniene.com\/wp-content\/uploads\/2014\/10\/CICO.2014.fTaccola_FTL3018.jpg","datePublished":"2014-10-12T16:26:02+00:00","dateModified":"2014-10-13T10:36:46+00:00","author":{"@id":""},"breadcrumb":{"@id":"http:\/\/www.ccaniene.com\/la-terza-giornata-dei-campionati-italiani-classi-olimpiche\/#breadcrumb"},"inLanguage":"it-IT","potentialAction":[{"@type":"ReadAction","target":["http:\/\/www.ccaniene.com\/la-terza-giornata-dei-campionati-italiani-classi-olimpiche\/"]}]},{"@type":"ImageObject","inLanguage":"it-IT","@id":"http:\/\/www.ccaniene.com\/la-terza-giornata-dei-campionati-italiani-classi-olimpiche\/#primaryimage","url":"https:\/\/www.ccaniene.com\/wp-content\/uploads\/2014\/10\/CICO.2014.fTaccola_FTL3018.jpg","contentUrl":"https:\/\/www.ccaniene.com\/wp-content\/uploads\/2014\/10\/CICO.2014.fTaccola_FTL3018.jpg","width":1200,"height":834,"caption":"Foto Fabio Taccola"},{"@type":"BreadcrumbList","@id":"http:\/\/www.ccaniene.com\/la-terza-giornata-dei-campionati-italiani-classi-olimpiche\/#breadcrumb","itemListElement":[{"@type":"ListItem","position":1,"name":"Home","item":"https:\/\/www.ccaniene.com\/it_it\/"},{"@type":"ListItem","position":2,"name":"La terza giornata dei Campionati Italiani Classi Olimpiche"}]},{"@type":"WebSite","@id":"https:\/\/www.ccaniene.com\/it_it\/#website","url":"https:\/\/www.ccaniene.com\/it_it\/","name":"Circolo Canottieri Aniene","description":"Collare d&#039;Oro e Stella d&#039;Oro al Merito Sportivo","potentialAction":[{"@type":"SearchAction","target":{"@type":"EntryPoint","urlTemplate":"https:\/\/www.ccaniene.com\/it_it\/?s={search_term_string}"},"query-input":{"@type":"PropertyValueSpecification","valueRequired":true,"valueName":"search_term_string"}}],"inLanguage":"it-IT"},{"@type":"Person","@id":"","url":"https:\/\/www.ccaniene.com\/it_it\/author\/"}]}},"_links":{"self":[{"href":"https:\/\/www.ccaniene.com\/it_it\/wp-json\/wp\/v2\/posts\/5952"}],"collection":[{"href":"https:\/\/www.ccaniene.com\/it_it\/wp-json\/wp\/v2\/posts"}],"about":[{"href":"https:\/\/www.ccaniene.com\/it_it\/wp-json\/wp\/v2\/types\/post"}],"author":[{"embeddable":true,"href":"https:\/\/www.ccaniene.com\/it_it\/wp-json\/wp\/v2\/users\/4667"}],"replies":[{"embeddable":true,"href":"https:\/\/www.ccaniene.com\/it_it\/wp-json\/wp\/v2\/comments?post=5952"}],"version-history":[{"count":1,"href":"https:\/\/www.ccaniene.com\/it_it\/wp-json\/wp\/v2\/posts\/5952\/revisions"}],"predecessor-version":[{"id":5954,"href":"https:\/\/www.ccaniene.com\/it_it\/wp-json\/wp\/v2\/posts\/5952\/revisions\/5954"}],"wp:featuredmedia":[{"embeddable":true,"href":"https:\/\/www.ccaniene.com\/it_it\/wp-json\/wp\/v2\/media\/5953"}],"wp:attachment":[{"href":"https:\/\/www.ccaniene.com\/it_it\/wp-json\/wp\/v2\/media?parent=5952"}],"wp:term":[{"taxonomy":"category","embeddable":true,"href":"https:\/\/www.ccaniene.com\/it_it\/wp-json\/wp\/v2\/categories?post=5952"},{"taxonomy":"post_tag","embeddable":true,"href":"https:\/\/www.ccaniene.com\/it_it\/wp-json\/wp\/v2\/tags?post=5952"}],"curies":[{"name":"wp","href":"https:\/\/api.w.org\/{rel}","templated":true}]}}