{"id":4637,"date":"2014-06-20T10:44:58","date_gmt":"2014-06-20T08:44:58","guid":{"rendered":"https:\/\/www.ccaniene.com\/?p=4637"},"modified":"2014-06-20T10:47:33","modified_gmt":"2014-06-20T08:47:33","slug":"vela-aniene-invitata-al-team-racing-challenge","status":"publish","type":"post","link":"https:\/\/www.ccaniene.com\/it_it\/vela-aniene-invitata-al-team-racing-challenge\/","title":{"rendered":"Vela: Aniene invitata al Team Racing Challenge"},"content":{"rendered":"<p>Fervono i preparativi per l&#8217; INVITATIONAL TEAM RACING CHALLENGE dello Yacht Club Costa Smeralda, primo impegno della nuova squadra di Team Racing del Circolo Canottieri Aniene. Da mercoled\u00ec 2 fino alla domenica 6 luglio a Porto Cervo , il Team giallo celeste, composto da 2 equipaggi capitanati dalla nostra tesserata Cristiana Monina e dal nostro socio Luca Tubaro, affronteranno nel primo loro appuntamento internazionale altri 7 agguerriti team, tra i quali gli inglesi del Royal Thames Yacht Club e del Serpentine Team Racing, gli australiani del Royal Perth Yacht Club, i greci dello Yacht Club Greece, i tedeschi del Bayerischer Yacht Club e del Norddeutscher Regatta, ed i padroni di casa dello Yacht Club Costa Smeralda. Ogni team partecipa con due equipaggi misti di 4 membri l&#8217;uno che si sfideranno in percorsi a bastone con 8 nuovissimi monotipi Bavaria B\/One. Questa disciplina prevede che ogni team con 2 barche debba sfidare l&#8217;altro team con altrettante barche con l&#8217;obiettivo di piazzare le proprie 2 barche entro i primi 3 posti. Quindi guai a chi si fa bloccare e taglia per ultimo il traguardo. Specialit\u00e0 molto diffusa nei paesi anglosassoni che si \u00e8 recentemente sviluppata anche in Italia. Il team dello YCCS ha gi\u00e0 avuto i suoi primi successi in Inghilterra e conta su una squadra all&#8217;altezza del suo guidone.<br \/>\nPer il CCAniene \u00e8 una importantissima occasione di partecipare ad un Invitational cos\u00ec prestigioso, unico Circolo Italiano in gara dopo gli ospiti di Porto Cervo.<br \/>\nDopo gli allenamenti di febbraio ( Clinic 2k Racing) ed al triangolare a Cala Galera con il CNVA ed lo YCCS, l&#8217;Aniene 2K Team Racing a raffinato le sue tecniche di regate per affrontare i maestri inglesi del Team Racing. Sar\u00e0 un banco di prova utile per acquisire le tattiche di regata per questa affascinante specialit\u00e0 che fa divertire tutti, in acqua e a terra. Buon vento ragazzi!<\/p>\n","protected":false},"excerpt":{"rendered":"<p>Fervono i preparativi per l&#8217; INVITATIONAL TEAM RACING CHALLENGE dello Yacht Club Costa Smeralda, primo impegno della nuova squadra di Team Racing del Circolo Canottieri Aniene. Da mercoled\u00ec 2 fino alla domenica 6 luglio a Porto Cervo , il Team giallo celeste, composto da 2 equipaggi capitanati dalla nostra tesserata Cristiana Monina e dal nostro [&hellip;]<\/p>\n","protected":false},"author":4667,"featured_media":4639,"comment_status":"open","ping_status":"closed","sticky":false,"template":"","format":"standard","meta":{"pmpro_default_level":0,"footnotes":"","_links_to":"","_links_to_target":""},"categories":[2,28,26],"tags":[],"class_list":["post-4637","post","type-post","status-publish","format-standard","has-post-thumbnail","hentry","category-in-evidenza","category-regate","category-vela","pmpro-has-access"],"featured_image_urls":{"woocommerce_thumbnail":"https:\/\/www.ccaniene.com\/wp-content\/uploads\/2014\/06\/aniene2kteam-e1403254037400-300x253.png","woocommerce_gallery_thumbnail":"https:\/\/www.ccaniene.com\/wp-content\/uploads\/2014\/06\/aniene2kteam-e1403254037400-100x100.png","thumbnail":"https:\/\/www.ccaniene.com\/wp-content\/uploads\/2014\/06\/aniene2kteam-e1403254037400-200x200.png","medium":"https:\/\/www.ccaniene.com\/wp-content\/uploads\/2014\/06\/aniene2kteam-e1403254037400-460x233.png","second":"https:\/\/www.ccaniene.com\/wp-content\/uploads\/2014\/06\/aniene2kteam-e1403254037400-270x246.png","medium-thumb":"https:\/\/www.ccaniene.com\/wp-content\/uploads\/2014\/06\/aniene2kteam-e1403254037400-390x225.png","small-archive-thumb":"https:\/\/www.ccaniene.com\/wp-content\/uploads\/2014\/06\/aniene2kteam-e1403254037400-300x200.png","portrait-thumb":"https:\/\/www.ccaniene.com\/wp-content\/uploads\/2014\/06\/aniene2kteam-e1403254037400-300x152.png","gallery":"https:\/\/www.ccaniene.com\/wp-content\/uploads\/2014\/06\/aniene2kteam-e1403254037400-270x253.png"},"appp_media":null,"yoast_head":"<!-- This site is optimized with the Yoast SEO plugin v23.6 - https:\/\/yoast.com\/wordpress\/plugins\/seo\/ -->\n<title>Vela: Aniene invitata al Team Racing Challenge - Circolo Canottieri Aniene<\/title>\n<meta name=\"robots\" content=\"index, follow, max-snippet:-1, max-image-preview:large, max-video-preview:-1\" \/>\n<link rel=\"canonical\" href=\"https:\/\/www.ccaniene.com\/it_it\/vela-aniene-invitata-al-team-racing-challenge\/\" \/>\n<meta property=\"og:locale\" content=\"it_IT\" \/>\n<meta property=\"og:type\" content=\"article\" \/>\n<meta property=\"og:title\" content=\"Vela: Aniene invitata al Team Racing Challenge - Circolo Canottieri Aniene\" \/>\n<meta property=\"og:description\" content=\"Fervono i preparativi per l&#8217; INVITATIONAL TEAM RACING CHALLENGE dello Yacht Club Costa Smeralda, primo impegno della nuova squadra di Team Racing del Circolo Canottieri Aniene. Da mercoled\u00ec 2 fino alla domenica 6 luglio a Porto Cervo , il Team giallo celeste, composto da 2 equipaggi capitanati dalla nostra tesserata Cristiana Monina e dal nostro [&hellip;]\" \/>\n<meta property=\"og:url\" content=\"https:\/\/www.ccaniene.com\/it_it\/vela-aniene-invitata-al-team-racing-challenge\/\" \/>\n<meta property=\"og:site_name\" content=\"Circolo Canottieri Aniene\" \/>\n<meta property=\"article:published_time\" content=\"2014-06-20T08:44:58+00:00\" \/>\n<meta property=\"article:modified_time\" content=\"2014-06-20T08:47:33+00:00\" \/>\n<meta property=\"og:image\" content=\"https:\/\/www.ccaniene.com\/wp-content\/uploads\/2014\/06\/aniene2kteam-e1403254037400.png\" \/>\n\t<meta property=\"og:image:width\" content=\"500\" \/>\n\t<meta property=\"og:image:height\" content=\"253\" \/>\n\t<meta property=\"og:image:type\" content=\"image\/png\" \/>\n<meta name=\"twitter:card\" content=\"summary_large_image\" \/>\n<meta name=\"twitter:label1\" content=\"Scritto da\" \/>\n\t<meta name=\"twitter:data1\" content=\"\" \/>\n\t<meta name=\"twitter:label2\" content=\"Tempo di lettura stimato\" \/>\n\t<meta name=\"twitter:data2\" content=\"1 minuto\" \/>\n<script type=\"application\/ld+json\" class=\"yoast-schema-graph\">{\"@context\":\"https:\/\/schema.org\",\"@graph\":[{\"@type\":\"WebPage\",\"@id\":\"https:\/\/www.ccaniene.com\/it_it\/vela-aniene-invitata-al-team-racing-challenge\/\",\"url\":\"https:\/\/www.ccaniene.com\/it_it\/vela-aniene-invitata-al-team-racing-challenge\/\",\"name\":\"Vela: Aniene invitata al Team Racing Challenge - Circolo Canottieri Aniene\",\"isPartOf\":{\"@id\":\"https:\/\/www.ccaniene.com\/it_it\/#website\"},\"primaryImageOfPage\":{\"@id\":\"https:\/\/www.ccaniene.com\/it_it\/vela-aniene-invitata-al-team-racing-challenge\/#primaryimage\"},\"image\":{\"@id\":\"https:\/\/www.ccaniene.com\/it_it\/vela-aniene-invitata-al-team-racing-challenge\/#primaryimage\"},\"thumbnailUrl\":\"https:\/\/www.ccaniene.com\/wp-content\/uploads\/2014\/06\/aniene2kteam-e1403254037400.png\",\"datePublished\":\"2014-06-20T08:44:58+00:00\",\"dateModified\":\"2014-06-20T08:47:33+00:00\",\"author\":{\"@id\":\"\"},\"breadcrumb\":{\"@id\":\"https:\/\/www.ccaniene.com\/it_it\/vela-aniene-invitata-al-team-racing-challenge\/#breadcrumb\"},\"inLanguage\":\"it-IT\",\"potentialAction\":[{\"@type\":\"ReadAction\",\"target\":[\"https:\/\/www.ccaniene.com\/it_it\/vela-aniene-invitata-al-team-racing-challenge\/\"]}]},{\"@type\":\"ImageObject\",\"inLanguage\":\"it-IT\",\"@id\":\"https:\/\/www.ccaniene.com\/it_it\/vela-aniene-invitata-al-team-racing-challenge\/#primaryimage\",\"url\":\"https:\/\/www.ccaniene.com\/wp-content\/uploads\/2014\/06\/aniene2kteam-e1403254037400.png\",\"contentUrl\":\"https:\/\/www.ccaniene.com\/wp-content\/uploads\/2014\/06\/aniene2kteam-e1403254037400.png\",\"width\":500,\"height\":253},{\"@type\":\"BreadcrumbList\",\"@id\":\"https:\/\/www.ccaniene.com\/it_it\/vela-aniene-invitata-al-team-racing-challenge\/#breadcrumb\",\"itemListElement\":[{\"@type\":\"ListItem\",\"position\":1,\"name\":\"Home\",\"item\":\"https:\/\/www.ccaniene.com\/it_it\/\"},{\"@type\":\"ListItem\",\"position\":2,\"name\":\"Vela: Aniene invitata al Team Racing Challenge\"}]},{\"@type\":\"WebSite\",\"@id\":\"https:\/\/www.ccaniene.com\/it_it\/#website\",\"url\":\"https:\/\/www.ccaniene.com\/it_it\/\",\"name\":\"Circolo Canottieri Aniene\",\"description\":\"Collare d&#039;Oro e Stella d&#039;Oro al Merito Sportivo\",\"potentialAction\":[{\"@type\":\"SearchAction\",\"target\":{\"@type\":\"EntryPoint\",\"urlTemplate\":\"https:\/\/www.ccaniene.com\/it_it\/?s={search_term_string}\"},\"query-input\":{\"@type\":\"PropertyValueSpecification\",\"valueRequired\":true,\"valueName\":\"search_term_string\"}}],\"inLanguage\":\"it-IT\"},{\"@type\":\"Person\",\"@id\":\"\",\"url\":\"https:\/\/www.ccaniene.com\/it_it\/author\/\"}]}<\/script>\n<!-- \/ Yoast SEO plugin. -->","yoast_head_json":{"title":"Vela: Aniene invitata al Team Racing Challenge - Circolo Canottieri Aniene","robots":{"index":"index","follow":"follow","max-snippet":"max-snippet:-1","max-image-preview":"max-image-preview:large","max-video-preview":"max-video-preview:-1"},"canonical":"https:\/\/www.ccaniene.com\/it_it\/vela-aniene-invitata-al-team-racing-challenge\/","og_locale":"it_IT","og_type":"article","og_title":"Vela: Aniene invitata al Team Racing Challenge - Circolo Canottieri Aniene","og_description":"Fervono i preparativi per l&#8217; INVITATIONAL TEAM RACING CHALLENGE dello Yacht Club Costa Smeralda, primo impegno della nuova squadra di Team Racing del Circolo Canottieri Aniene. Da mercoled\u00ec 2 fino alla domenica 6 luglio a Porto Cervo , il Team giallo celeste, composto da 2 equipaggi capitanati dalla nostra tesserata Cristiana Monina e dal nostro [&hellip;]","og_url":"https:\/\/www.ccaniene.com\/it_it\/vela-aniene-invitata-al-team-racing-challenge\/","og_site_name":"Circolo Canottieri Aniene","article_published_time":"2014-06-20T08:44:58+00:00","article_modified_time":"2014-06-20T08:47:33+00:00","og_image":[{"width":500,"height":253,"url":"https:\/\/www.ccaniene.com\/wp-content\/uploads\/2014\/06\/aniene2kteam-e1403254037400.png","type":"image\/png"}],"twitter_card":"summary_large_image","twitter_misc":{"Scritto da":"","Tempo di lettura stimato":"1 minuto"},"schema":{"@context":"https:\/\/schema.org","@graph":[{"@type":"WebPage","@id":"https:\/\/www.ccaniene.com\/it_it\/vela-aniene-invitata-al-team-racing-challenge\/","url":"https:\/\/www.ccaniene.com\/it_it\/vela-aniene-invitata-al-team-racing-challenge\/","name":"Vela: Aniene invitata al Team Racing Challenge - Circolo Canottieri Aniene","isPartOf":{"@id":"https:\/\/www.ccaniene.com\/it_it\/#website"},"primaryImageOfPage":{"@id":"https:\/\/www.ccaniene.com\/it_it\/vela-aniene-invitata-al-team-racing-challenge\/#primaryimage"},"image":{"@id":"https:\/\/www.ccaniene.com\/it_it\/vela-aniene-invitata-al-team-racing-challenge\/#primaryimage"},"thumbnailUrl":"https:\/\/www.ccaniene.com\/wp-content\/uploads\/2014\/06\/aniene2kteam-e1403254037400.png","datePublished":"2014-06-20T08:44:58+00:00","dateModified":"2014-06-20T08:47:33+00:00","author":{"@id":""},"breadcrumb":{"@id":"https:\/\/www.ccaniene.com\/it_it\/vela-aniene-invitata-al-team-racing-challenge\/#breadcrumb"},"inLanguage":"it-IT","potentialAction":[{"@type":"ReadAction","target":["https:\/\/www.ccaniene.com\/it_it\/vela-aniene-invitata-al-team-racing-challenge\/"]}]},{"@type":"ImageObject","inLanguage":"it-IT","@id":"https:\/\/www.ccaniene.com\/it_it\/vela-aniene-invitata-al-team-racing-challenge\/#primaryimage","url":"https:\/\/www.ccaniene.com\/wp-content\/uploads\/2014\/06\/aniene2kteam-e1403254037400.png","contentUrl":"https:\/\/www.ccaniene.com\/wp-content\/uploads\/2014\/06\/aniene2kteam-e1403254037400.png","width":500,"height":253},{"@type":"BreadcrumbList","@id":"https:\/\/www.ccaniene.com\/it_it\/vela-aniene-invitata-al-team-racing-challenge\/#breadcrumb","itemListElement":[{"@type":"ListItem","position":1,"name":"Home","item":"https:\/\/www.ccaniene.com\/it_it\/"},{"@type":"ListItem","position":2,"name":"Vela: Aniene invitata al Team Racing Challenge"}]},{"@type":"WebSite","@id":"https:\/\/www.ccaniene.com\/it_it\/#website","url":"https:\/\/www.ccaniene.com\/it_it\/","name":"Circolo Canottieri Aniene","description":"Collare d&#039;Oro e Stella d&#039;Oro al Merito Sportivo","potentialAction":[{"@type":"SearchAction","target":{"@type":"EntryPoint","urlTemplate":"https:\/\/www.ccaniene.com\/it_it\/?s={search_term_string}"},"query-input":{"@type":"PropertyValueSpecification","valueRequired":true,"valueName":"search_term_string"}}],"inLanguage":"it-IT"},{"@type":"Person","@id":"","url":"https:\/\/www.ccaniene.com\/it_it\/author\/"}]}},"_links":{"self":[{"href":"https:\/\/www.ccaniene.com\/it_it\/wp-json\/wp\/v2\/posts\/4637"}],"collection":[{"href":"https:\/\/www.ccaniene.com\/it_it\/wp-json\/wp\/v2\/posts"}],"about":[{"href":"https:\/\/www.ccaniene.com\/it_it\/wp-json\/wp\/v2\/types\/post"}],"author":[{"embeddable":true,"href":"https:\/\/www.ccaniene.com\/it_it\/wp-json\/wp\/v2\/users\/4667"}],"replies":[{"embeddable":true,"href":"https:\/\/www.ccaniene.com\/it_it\/wp-json\/wp\/v2\/comments?post=4637"}],"version-history":[{"count":1,"href":"https:\/\/www.ccaniene.com\/it_it\/wp-json\/wp\/v2\/posts\/4637\/revisions"}],"predecessor-version":[{"id":4638,"href":"https:\/\/www.ccaniene.com\/it_it\/wp-json\/wp\/v2\/posts\/4637\/revisions\/4638"}],"wp:featuredmedia":[{"embeddable":true,"href":"https:\/\/www.ccaniene.com\/it_it\/wp-json\/wp\/v2\/media\/4639"}],"wp:attachment":[{"href":"https:\/\/www.ccaniene.com\/it_it\/wp-json\/wp\/v2\/media?parent=4637"}],"wp:term":[{"taxonomy":"category","embeddable":true,"href":"https:\/\/www.ccaniene.com\/it_it\/wp-json\/wp\/v2\/categories?post=4637"},{"taxonomy":"post_tag","embeddable":true,"href":"https:\/\/www.ccaniene.com\/it_it\/wp-json\/wp\/v2\/tags?post=4637"}],"curies":[{"name":"wp","href":"https:\/\/api.w.org\/{rel}","templated":true}]}}