{"id":435,"date":"2011-10-03T19:32:51","date_gmt":"2011-10-03T19:32:51","guid":{"rendered":""},"modified":"2011-10-03T19:32:51","modified_gmt":"2011-10-03T19:32:51","slug":"la-coppa-lysistrata-va-allaniene","status":"publish","type":"post","link":"https:\/\/www.ccaniene.com\/it_it\/la-coppa-lysistrata-va-allaniene\/","title":{"rendered":"La Coppa Lysistrata va all&#8217;Aniene"},"content":{"rendered":"<p> <img decoding=\"async\" src=\"http:\/\/www.ccaniene.com\/wp-content\/uploads\/coppa-lysistrata.jpg\" border=\"0\" width=\"250\" style=\"float: left; margin-right: 8px;\" \/>La <strong>Coppa Lysistrata<\/strong>, regata storica che si tiene tutti gli anni a Napoli \u00e8 giunta quest&#8217;anno alla sua 102a edizione.<\/p>\n<div \/>Dopo tanti anni torna a trionfare il <strong>Circolo Canottieri Aniene <\/strong>che fa suo il <strong>titolo <\/strong>per la terza volta nella storia di questa centenaria manifestazione, l&#8217;ultima edizione vinta dal nostro Circolo risaliva al 2004 mentre la prima \u00e8 stata nel 1994. L&#8217;equipaggio dell&#8217;Aniene era formato da atleti di caratura mondiale come <strong>Raffaello Leonardo<\/strong> e <strong>Lorenzo Porzio<\/strong>, Bronzi Olimpici ad Atene 2004; <strong>Giuseppe De Vita<\/strong>, finalista Olimpico; <strong>Andrea Palmisano<\/strong>, medaglia d&#8217;Oro ai mondiali under 23; il timoniere <strong>Gaetano Iannuzzi<\/strong>, plurimedagliato ai Mondiali. Hanno avuto l&#8217;onore e la bravura di remare \u00a0assieme a questi grandi Campioni quattro giovani promesse dell&#8217;Aniene: <strong>Alessandro Rocchegiani<\/strong>, <strong>Guglielmo Cavicchioli<\/strong>, <strong>Luca Di Francesco<\/strong> e <strong>Alessandro Orfei<\/strong>.<br \/>\n<!--more--><\/p>\n<div>La gara si svolge in mare con equipaggi otto jole, il regolamento prevede che la formazione dell&#8217;equipaggio sia composta da 2 atleti della categoria Ragazzi, due atleti Junior, due Senior under 27 e due Senior over 27, un equipaggio che unisce giovani atleti ad atleti affermati: &#8220;questa bellissima vittoria dimostra che il nostro Circolo vanta validi atleti in tutte le categorie&#8221; afferma il dirigente della sezione Canottaggio del Circolo Canottieri Aniene Andrea Rocchegiani, e continua &#8220;ringrazio gli allenatori Giovanni Suarez e Matteo Giuffrida che ci tenevano molto alla vittoria di questa Coppa&#8221;.<\/div>\n<\/div>\n<div>Raffaello Leonardo dopo quest&#8217;ultima vittoria ha dichiarato il suo ritiro dalle competizioni, a 38 anni dopo una carriera brillantissima in cui ha vinto 23 titoli Italiani, due titoli Mondiali e un Bronzo Olimpico.<\/div>\n<div>La tradizione vuole che la Coppa Lysistrata venga conservata nelle bacheche del circolo che la organizza: il Circolo Italia di Napoli, quest&#8217;anno il Presidente Roberto Mottola di Amato ha affermato che conceder\u00e0 l&#8217;onore di portare la Coppa in esposizione presso il nostro Circolo a patto che il Presidente Giovanni Malag\u00f2 gli far\u00e0 visita.<\/div>\n","protected":false},"excerpt":{"rendered":"<p>La Coppa Lysistrata, regata storica che si tiene tutti gli anni a Napoli \u00e8 giunta quest&#8217;anno alla sua 102a edizione. Dopo tanti anni torna a trionfare il Circolo Canottieri Aniene che fa suo il titolo per la terza volta nella storia di questa centenaria manifestazione, l&#8217;ultima edizione vinta dal nostro Circolo risaliva al 2004 mentre [&hellip;]<\/p>\n","protected":false},"author":352,"featured_media":0,"comment_status":"open","ping_status":"closed","sticky":true,"template":"","format":"standard","meta":{"pmpro_default_level":0,"footnotes":"","_links_to":"","_links_to_target":""},"categories":[9],"tags":[],"class_list":["post-435","post","type-post","status-publish","format-standard","hentry","category-canottaggio","pmpro-has-access"],"featured_image_urls":{},"appp_media":null,"yoast_head":"<!-- This site is optimized with the Yoast SEO plugin v23.6 - https:\/\/yoast.com\/wordpress\/plugins\/seo\/ -->\n<title>La Coppa Lysistrata va all&#039;Aniene - Circolo Canottieri Aniene<\/title>\n<meta name=\"robots\" content=\"index, follow, max-snippet:-1, max-image-preview:large, max-video-preview:-1\" \/>\n<link rel=\"canonical\" href=\"https:\/\/www.ccaniene.com\/it_it\/la-coppa-lysistrata-va-allaniene\/\" \/>\n<meta property=\"og:locale\" content=\"it_IT\" \/>\n<meta property=\"og:type\" content=\"article\" \/>\n<meta property=\"og:title\" content=\"La Coppa Lysistrata va all&#039;Aniene - Circolo Canottieri Aniene\" \/>\n<meta property=\"og:description\" content=\"La Coppa Lysistrata, regata storica che si tiene tutti gli anni a Napoli \u00e8 giunta quest&#8217;anno alla sua 102a edizione. Dopo tanti anni torna a trionfare il Circolo Canottieri Aniene che fa suo il titolo per la terza volta nella storia di questa centenaria manifestazione, l&#8217;ultima edizione vinta dal nostro Circolo risaliva al 2004 mentre [&hellip;]\" \/>\n<meta property=\"og:url\" content=\"https:\/\/www.ccaniene.com\/it_it\/la-coppa-lysistrata-va-allaniene\/\" \/>\n<meta property=\"og:site_name\" content=\"Circolo Canottieri Aniene\" \/>\n<meta property=\"article:published_time\" content=\"2011-10-03T19:32:51+00:00\" \/>\n<meta property=\"og:image\" content=\"http:\/\/www.ccaniene.com\/wp-content\/uploads\/coppa-lysistrata.jpg\" \/>\n<meta name=\"twitter:card\" content=\"summary_large_image\" \/>\n<meta name=\"twitter:label1\" content=\"Scritto da\" \/>\n\t<meta name=\"twitter:data1\" content=\"\" \/>\n\t<meta name=\"twitter:label2\" content=\"Tempo di lettura stimato\" \/>\n\t<meta name=\"twitter:data2\" content=\"1 minuto\" \/>\n<script type=\"application\/ld+json\" class=\"yoast-schema-graph\">{\"@context\":\"https:\/\/schema.org\",\"@graph\":[{\"@type\":\"WebPage\",\"@id\":\"https:\/\/www.ccaniene.com\/en\/la-coppa-lysistrata-va-allaniene\/\",\"url\":\"https:\/\/www.ccaniene.com\/en\/la-coppa-lysistrata-va-allaniene\/\",\"name\":\"La Coppa Lysistrata va all'Aniene - Circolo Canottieri Aniene\",\"isPartOf\":{\"@id\":\"https:\/\/www.ccaniene.com\/it_it\/#website\"},\"primaryImageOfPage\":{\"@id\":\"https:\/\/www.ccaniene.com\/en\/la-coppa-lysistrata-va-allaniene\/#primaryimage\"},\"image\":{\"@id\":\"https:\/\/www.ccaniene.com\/en\/la-coppa-lysistrata-va-allaniene\/#primaryimage\"},\"thumbnailUrl\":\"http:\/\/www.ccaniene.com\/wp-content\/uploads\/coppa-lysistrata.jpg\",\"datePublished\":\"2011-10-03T19:32:51+00:00\",\"dateModified\":\"2011-10-03T19:32:51+00:00\",\"author\":{\"@id\":\"\"},\"breadcrumb\":{\"@id\":\"https:\/\/www.ccaniene.com\/en\/la-coppa-lysistrata-va-allaniene\/#breadcrumb\"},\"inLanguage\":\"it-IT\",\"potentialAction\":[{\"@type\":\"ReadAction\",\"target\":[\"https:\/\/www.ccaniene.com\/en\/la-coppa-lysistrata-va-allaniene\/\"]}]},{\"@type\":\"ImageObject\",\"inLanguage\":\"it-IT\",\"@id\":\"https:\/\/www.ccaniene.com\/en\/la-coppa-lysistrata-va-allaniene\/#primaryimage\",\"url\":\"http:\/\/www.ccaniene.com\/wp-content\/uploads\/coppa-lysistrata.jpg\",\"contentUrl\":\"http:\/\/www.ccaniene.com\/wp-content\/uploads\/coppa-lysistrata.jpg\"},{\"@type\":\"BreadcrumbList\",\"@id\":\"https:\/\/www.ccaniene.com\/en\/la-coppa-lysistrata-va-allaniene\/#breadcrumb\",\"itemListElement\":[{\"@type\":\"ListItem\",\"position\":1,\"name\":\"Home\",\"item\":\"https:\/\/www.ccaniene.com\/it_it\/\"},{\"@type\":\"ListItem\",\"position\":2,\"name\":\"La Coppa Lysistrata va all&#8217;Aniene\"}]},{\"@type\":\"WebSite\",\"@id\":\"https:\/\/www.ccaniene.com\/it_it\/#website\",\"url\":\"https:\/\/www.ccaniene.com\/it_it\/\",\"name\":\"Circolo Canottieri Aniene\",\"description\":\"Collare d&#039;Oro e Stella d&#039;Oro al Merito Sportivo\",\"potentialAction\":[{\"@type\":\"SearchAction\",\"target\":{\"@type\":\"EntryPoint\",\"urlTemplate\":\"https:\/\/www.ccaniene.com\/it_it\/?s={search_term_string}\"},\"query-input\":{\"@type\":\"PropertyValueSpecification\",\"valueRequired\":true,\"valueName\":\"search_term_string\"}}],\"inLanguage\":\"it-IT\"},{\"@type\":\"Person\",\"@id\":\"\",\"url\":\"https:\/\/www.ccaniene.com\/it_it\/author\/\"}]}<\/script>\n<!-- \/ Yoast SEO plugin. -->","yoast_head_json":{"title":"La Coppa Lysistrata va all'Aniene - Circolo Canottieri Aniene","robots":{"index":"index","follow":"follow","max-snippet":"max-snippet:-1","max-image-preview":"max-image-preview:large","max-video-preview":"max-video-preview:-1"},"canonical":"https:\/\/www.ccaniene.com\/it_it\/la-coppa-lysistrata-va-allaniene\/","og_locale":"it_IT","og_type":"article","og_title":"La Coppa Lysistrata va all'Aniene - Circolo Canottieri Aniene","og_description":"La Coppa Lysistrata, regata storica che si tiene tutti gli anni a Napoli \u00e8 giunta quest&#8217;anno alla sua 102a edizione. Dopo tanti anni torna a trionfare il Circolo Canottieri Aniene che fa suo il titolo per la terza volta nella storia di questa centenaria manifestazione, l&#8217;ultima edizione vinta dal nostro Circolo risaliva al 2004 mentre [&hellip;]","og_url":"https:\/\/www.ccaniene.com\/it_it\/la-coppa-lysistrata-va-allaniene\/","og_site_name":"Circolo Canottieri Aniene","article_published_time":"2011-10-03T19:32:51+00:00","og_image":[{"url":"http:\/\/www.ccaniene.com\/wp-content\/uploads\/coppa-lysistrata.jpg"}],"twitter_card":"summary_large_image","twitter_misc":{"Scritto da":"","Tempo di lettura stimato":"1 minuto"},"schema":{"@context":"https:\/\/schema.org","@graph":[{"@type":"WebPage","@id":"https:\/\/www.ccaniene.com\/en\/la-coppa-lysistrata-va-allaniene\/","url":"https:\/\/www.ccaniene.com\/en\/la-coppa-lysistrata-va-allaniene\/","name":"La Coppa Lysistrata va all'Aniene - Circolo Canottieri Aniene","isPartOf":{"@id":"https:\/\/www.ccaniene.com\/it_it\/#website"},"primaryImageOfPage":{"@id":"https:\/\/www.ccaniene.com\/en\/la-coppa-lysistrata-va-allaniene\/#primaryimage"},"image":{"@id":"https:\/\/www.ccaniene.com\/en\/la-coppa-lysistrata-va-allaniene\/#primaryimage"},"thumbnailUrl":"http:\/\/www.ccaniene.com\/wp-content\/uploads\/coppa-lysistrata.jpg","datePublished":"2011-10-03T19:32:51+00:00","dateModified":"2011-10-03T19:32:51+00:00","author":{"@id":""},"breadcrumb":{"@id":"https:\/\/www.ccaniene.com\/en\/la-coppa-lysistrata-va-allaniene\/#breadcrumb"},"inLanguage":"it-IT","potentialAction":[{"@type":"ReadAction","target":["https:\/\/www.ccaniene.com\/en\/la-coppa-lysistrata-va-allaniene\/"]}]},{"@type":"ImageObject","inLanguage":"it-IT","@id":"https:\/\/www.ccaniene.com\/en\/la-coppa-lysistrata-va-allaniene\/#primaryimage","url":"http:\/\/www.ccaniene.com\/wp-content\/uploads\/coppa-lysistrata.jpg","contentUrl":"http:\/\/www.ccaniene.com\/wp-content\/uploads\/coppa-lysistrata.jpg"},{"@type":"BreadcrumbList","@id":"https:\/\/www.ccaniene.com\/en\/la-coppa-lysistrata-va-allaniene\/#breadcrumb","itemListElement":[{"@type":"ListItem","position":1,"name":"Home","item":"https:\/\/www.ccaniene.com\/it_it\/"},{"@type":"ListItem","position":2,"name":"La Coppa Lysistrata va all&#8217;Aniene"}]},{"@type":"WebSite","@id":"https:\/\/www.ccaniene.com\/it_it\/#website","url":"https:\/\/www.ccaniene.com\/it_it\/","name":"Circolo Canottieri Aniene","description":"Collare d&#039;Oro e Stella d&#039;Oro al Merito Sportivo","potentialAction":[{"@type":"SearchAction","target":{"@type":"EntryPoint","urlTemplate":"https:\/\/www.ccaniene.com\/it_it\/?s={search_term_string}"},"query-input":{"@type":"PropertyValueSpecification","valueRequired":true,"valueName":"search_term_string"}}],"inLanguage":"it-IT"},{"@type":"Person","@id":"","url":"https:\/\/www.ccaniene.com\/it_it\/author\/"}]}},"_links":{"self":[{"href":"https:\/\/www.ccaniene.com\/it_it\/wp-json\/wp\/v2\/posts\/435"}],"collection":[{"href":"https:\/\/www.ccaniene.com\/it_it\/wp-json\/wp\/v2\/posts"}],"about":[{"href":"https:\/\/www.ccaniene.com\/it_it\/wp-json\/wp\/v2\/types\/post"}],"author":[{"embeddable":true,"href":"https:\/\/www.ccaniene.com\/it_it\/wp-json\/wp\/v2\/users\/352"}],"replies":[{"embeddable":true,"href":"https:\/\/www.ccaniene.com\/it_it\/wp-json\/wp\/v2\/comments?post=435"}],"version-history":[{"count":0,"href":"https:\/\/www.ccaniene.com\/it_it\/wp-json\/wp\/v2\/posts\/435\/revisions"}],"wp:attachment":[{"href":"https:\/\/www.ccaniene.com\/it_it\/wp-json\/wp\/v2\/media?parent=435"}],"wp:term":[{"taxonomy":"category","embeddable":true,"href":"https:\/\/www.ccaniene.com\/it_it\/wp-json\/wp\/v2\/categories?post=435"},{"taxonomy":"post_tag","embeddable":true,"href":"https:\/\/www.ccaniene.com\/it_it\/wp-json\/wp\/v2\/tags?post=435"}],"curies":[{"name":"wp","href":"https:\/\/api.w.org\/{rel}","templated":true}]}}