{"id":3969,"date":"2014-03-04T20:23:27","date_gmt":"2014-03-04T19:23:27","guid":{"rendered":"https:\/\/www.ccaniene.com\/?p=3969"},"modified":"2014-03-10T12:41:09","modified_gmt":"2014-03-10T11:41:09","slug":"vela-presentazione-attivita-2014","status":"publish","type":"post","link":"https:\/\/www.ccaniene.com\/it_it\/vela-presentazione-attivita-2014\/","title":{"rendered":"VELA: Presentazione attivit\u00e0 2014"},"content":{"rendered":"<p>Gioved\u00ec 6 marzo alle ore 11:30 si terr\u00e0 la presentazione delle attivit\u00e0 del 2014, nel dettaglio:<\/p>\n<ul>\n<li>La squadra Salini Impregilo Classi Olimpiche<\/li>\n<li>La Lunga Bolina<\/li>\n<li>Il Trofeo Mastroianni<\/li>\n<\/ul>\n<p>Di seguito la locandina dell&#8217;evento<\/p>\n<p><a href=\"http:\/\/www.ccaniene.com\/wp-content\/uploads\/2014\/03\/locandinamistaCCA.pdf\">locandinamistaCCA<\/a><\/p>\n","protected":false},"excerpt":{"rendered":"<p>Gioved\u00ec 6 marzo alle ore 11:30 si terr\u00e0 la presentazione delle attivit\u00e0 del 2014, nel dettaglio: La squadra Salini Impregilo Classi Olimpiche La Lunga Bolina Il Trofeo Mastroianni Di seguito la locandina dell&#8217;evento locandinamistaCCA<\/p>\n","protected":false},"author":4667,"featured_media":3186,"comment_status":"open","ping_status":"closed","sticky":false,"template":"","format":"standard","meta":{"pmpro_default_level":0,"footnotes":"","_links_to":"","_links_to_target":""},"categories":[26],"tags":[],"class_list":["post-3969","post","type-post","status-publish","format-standard","has-post-thumbnail","hentry","category-vela","pmpro-has-access"],"featured_image_urls":{"woocommerce_thumbnail":"https:\/\/www.ccaniene.com\/wp-content\/uploads\/2013\/08\/GUIDONEcon-scritta-lunga-300x300.jpg","woocommerce_gallery_thumbnail":"https:\/\/www.ccaniene.com\/wp-content\/uploads\/2013\/08\/GUIDONEcon-scritta-lunga-100x100.jpg","woocommerce_single":"https:\/\/www.ccaniene.com\/wp-content\/uploads\/2013\/08\/GUIDONEcon-scritta-lunga-600x510.jpg","thumbnail":"https:\/\/www.ccaniene.com\/wp-content\/uploads\/2013\/08\/GUIDONEcon-scritta-lunga-200x200.jpg","medium":"https:\/\/www.ccaniene.com\/wp-content\/uploads\/2013\/08\/GUIDONEcon-scritta-lunga-460x391.jpg","medium_large":"https:\/\/www.ccaniene.com\/wp-content\/uploads\/2013\/08\/GUIDONEcon-scritta-lunga-768x653.jpg","large":"https:\/\/www.ccaniene.com\/wp-content\/uploads\/2013\/08\/GUIDONEcon-scritta-lunga-980x833.jpg","second":"https:\/\/www.ccaniene.com\/wp-content\/uploads\/2013\/08\/GUIDONEcon-scritta-lunga-270x246.jpg","single-thumb":"https:\/\/www.ccaniene.com\/wp-content\/uploads\/2013\/08\/GUIDONEcon-scritta-lunga-870x450.jpg","large-thumb":"https:\/\/www.ccaniene.com\/wp-content\/uploads\/2013\/08\/GUIDONEcon-scritta-lunga-780x450.jpg","medium-thumb":"https:\/\/www.ccaniene.com\/wp-content\/uploads\/2013\/08\/GUIDONEcon-scritta-lunga-390x225.jpg","large-archive-thumb":"https:\/\/www.ccaniene.com\/wp-content\/uploads\/2013\/08\/GUIDONEcon-scritta-lunga-570x300.jpg","small-archive-thumb":"https:\/\/www.ccaniene.com\/wp-content\/uploads\/2013\/08\/GUIDONEcon-scritta-lunga-300x200.jpg","portrait-thumb":"https:\/\/www.ccaniene.com\/wp-content\/uploads\/2013\/08\/GUIDONEcon-scritta-lunga-300x255.jpg","portrait":"https:\/\/www.ccaniene.com\/wp-content\/uploads\/2013\/08\/GUIDONEcon-scritta-lunga-870x740.jpg","gallery":"https:\/\/www.ccaniene.com\/wp-content\/uploads\/2013\/08\/GUIDONEcon-scritta-lunga-270x270.jpg"},"appp_media":null,"yoast_head":"<!-- This site is optimized with the Yoast SEO plugin v23.6 - https:\/\/yoast.com\/wordpress\/plugins\/seo\/ -->\n<title>VELA: Presentazione attivit\u00e0 2014 - Circolo Canottieri Aniene<\/title>\n<meta name=\"robots\" content=\"index, follow, max-snippet:-1, max-image-preview:large, max-video-preview:-1\" \/>\n<link rel=\"canonical\" href=\"http:\/\/www.ccaniene.com\/it_it\/vela-presentazione-attivita-2014\/\" \/>\n<meta property=\"og:locale\" content=\"it_IT\" \/>\n<meta property=\"og:type\" content=\"article\" \/>\n<meta property=\"og:title\" content=\"VELA: Presentazione attivit\u00e0 2014 - Circolo Canottieri Aniene\" \/>\n<meta property=\"og:description\" content=\"Gioved\u00ec 6 marzo alle ore 11:30 si terr\u00e0 la presentazione delle attivit\u00e0 del 2014, nel dettaglio: La squadra Salini Impregilo Classi Olimpiche La Lunga Bolina Il Trofeo Mastroianni Di seguito la locandina dell&#8217;evento locandinamistaCCA\" \/>\n<meta property=\"og:url\" content=\"http:\/\/www.ccaniene.com\/it_it\/vela-presentazione-attivita-2014\/\" \/>\n<meta property=\"og:site_name\" content=\"Circolo Canottieri Aniene\" \/>\n<meta property=\"article:published_time\" content=\"2014-03-04T19:23:27+00:00\" \/>\n<meta property=\"article:modified_time\" content=\"2014-03-10T11:41:09+00:00\" \/>\n<meta property=\"og:image\" content=\"http:\/\/www.ccaniene.com\/wp-content\/uploads\/2013\/08\/GUIDONEcon-scritta-lunga.jpg\" \/>\n\t<meta property=\"og:image:width\" content=\"2362\" \/>\n\t<meta property=\"og:image:height\" content=\"2008\" \/>\n\t<meta property=\"og:image:type\" content=\"image\/jpeg\" \/>\n<meta name=\"twitter:card\" content=\"summary_large_image\" \/>\n<meta name=\"twitter:label1\" content=\"Scritto da\" \/>\n\t<meta name=\"twitter:data1\" content=\"\" \/>\n<script type=\"application\/ld+json\" class=\"yoast-schema-graph\">{\"@context\":\"https:\/\/schema.org\",\"@graph\":[{\"@type\":\"WebPage\",\"@id\":\"http:\/\/www.ccaniene.com\/vela-presentazione-attivita-2014\/\",\"url\":\"http:\/\/www.ccaniene.com\/vela-presentazione-attivita-2014\/\",\"name\":\"VELA: Presentazione attivit\u00e0 2014 - Circolo Canottieri Aniene\",\"isPartOf\":{\"@id\":\"http:\/\/www.ccaniene.com\/it_it\/#website\"},\"primaryImageOfPage\":{\"@id\":\"http:\/\/www.ccaniene.com\/vela-presentazione-attivita-2014\/#primaryimage\"},\"image\":{\"@id\":\"http:\/\/www.ccaniene.com\/vela-presentazione-attivita-2014\/#primaryimage\"},\"thumbnailUrl\":\"https:\/\/www.ccaniene.com\/wp-content\/uploads\/2013\/08\/GUIDONEcon-scritta-lunga.jpg\",\"datePublished\":\"2014-03-04T19:23:27+00:00\",\"dateModified\":\"2014-03-10T11:41:09+00:00\",\"author\":{\"@id\":\"\"},\"breadcrumb\":{\"@id\":\"http:\/\/www.ccaniene.com\/vela-presentazione-attivita-2014\/#breadcrumb\"},\"inLanguage\":\"it-IT\",\"potentialAction\":[{\"@type\":\"ReadAction\",\"target\":[\"http:\/\/www.ccaniene.com\/vela-presentazione-attivita-2014\/\"]}]},{\"@type\":\"ImageObject\",\"inLanguage\":\"it-IT\",\"@id\":\"http:\/\/www.ccaniene.com\/vela-presentazione-attivita-2014\/#primaryimage\",\"url\":\"https:\/\/www.ccaniene.com\/wp-content\/uploads\/2013\/08\/GUIDONEcon-scritta-lunga.jpg\",\"contentUrl\":\"https:\/\/www.ccaniene.com\/wp-content\/uploads\/2013\/08\/GUIDONEcon-scritta-lunga.jpg\",\"width\":2362,\"height\":2008},{\"@type\":\"BreadcrumbList\",\"@id\":\"http:\/\/www.ccaniene.com\/vela-presentazione-attivita-2014\/#breadcrumb\",\"itemListElement\":[{\"@type\":\"ListItem\",\"position\":1,\"name\":\"Home\",\"item\":\"http:\/\/www.ccaniene.com\/it_it\/\"},{\"@type\":\"ListItem\",\"position\":2,\"name\":\"VELA: Presentazione attivit\u00e0 2014\"}]},{\"@type\":\"WebSite\",\"@id\":\"http:\/\/www.ccaniene.com\/it_it\/#website\",\"url\":\"http:\/\/www.ccaniene.com\/it_it\/\",\"name\":\"Circolo Canottieri Aniene\",\"description\":\"Collare d&#039;Oro e Stella d&#039;Oro al Merito Sportivo\",\"potentialAction\":[{\"@type\":\"SearchAction\",\"target\":{\"@type\":\"EntryPoint\",\"urlTemplate\":\"http:\/\/www.ccaniene.com\/it_it\/?s={search_term_string}\"},\"query-input\":{\"@type\":\"PropertyValueSpecification\",\"valueRequired\":true,\"valueName\":\"search_term_string\"}}],\"inLanguage\":\"it-IT\"},{\"@type\":\"Person\",\"@id\":\"\",\"url\":\"https:\/\/www.ccaniene.com\/it_it\/author\/\"}]}<\/script>\n<!-- \/ Yoast SEO plugin. -->","yoast_head_json":{"title":"VELA: Presentazione attivit\u00e0 2014 - Circolo Canottieri Aniene","robots":{"index":"index","follow":"follow","max-snippet":"max-snippet:-1","max-image-preview":"max-image-preview:large","max-video-preview":"max-video-preview:-1"},"canonical":"http:\/\/www.ccaniene.com\/it_it\/vela-presentazione-attivita-2014\/","og_locale":"it_IT","og_type":"article","og_title":"VELA: Presentazione attivit\u00e0 2014 - Circolo Canottieri Aniene","og_description":"Gioved\u00ec 6 marzo alle ore 11:30 si terr\u00e0 la presentazione delle attivit\u00e0 del 2014, nel dettaglio: La squadra Salini Impregilo Classi Olimpiche La Lunga Bolina Il Trofeo Mastroianni Di seguito la locandina dell&#8217;evento locandinamistaCCA","og_url":"http:\/\/www.ccaniene.com\/it_it\/vela-presentazione-attivita-2014\/","og_site_name":"Circolo Canottieri Aniene","article_published_time":"2014-03-04T19:23:27+00:00","article_modified_time":"2014-03-10T11:41:09+00:00","og_image":[{"width":2362,"height":2008,"url":"http:\/\/www.ccaniene.com\/wp-content\/uploads\/2013\/08\/GUIDONEcon-scritta-lunga.jpg","type":"image\/jpeg"}],"twitter_card":"summary_large_image","twitter_misc":{"Scritto da":""},"schema":{"@context":"https:\/\/schema.org","@graph":[{"@type":"WebPage","@id":"http:\/\/www.ccaniene.com\/vela-presentazione-attivita-2014\/","url":"http:\/\/www.ccaniene.com\/vela-presentazione-attivita-2014\/","name":"VELA: Presentazione attivit\u00e0 2014 - Circolo Canottieri Aniene","isPartOf":{"@id":"http:\/\/www.ccaniene.com\/it_it\/#website"},"primaryImageOfPage":{"@id":"http:\/\/www.ccaniene.com\/vela-presentazione-attivita-2014\/#primaryimage"},"image":{"@id":"http:\/\/www.ccaniene.com\/vela-presentazione-attivita-2014\/#primaryimage"},"thumbnailUrl":"https:\/\/www.ccaniene.com\/wp-content\/uploads\/2013\/08\/GUIDONEcon-scritta-lunga.jpg","datePublished":"2014-03-04T19:23:27+00:00","dateModified":"2014-03-10T11:41:09+00:00","author":{"@id":""},"breadcrumb":{"@id":"http:\/\/www.ccaniene.com\/vela-presentazione-attivita-2014\/#breadcrumb"},"inLanguage":"it-IT","potentialAction":[{"@type":"ReadAction","target":["http:\/\/www.ccaniene.com\/vela-presentazione-attivita-2014\/"]}]},{"@type":"ImageObject","inLanguage":"it-IT","@id":"http:\/\/www.ccaniene.com\/vela-presentazione-attivita-2014\/#primaryimage","url":"https:\/\/www.ccaniene.com\/wp-content\/uploads\/2013\/08\/GUIDONEcon-scritta-lunga.jpg","contentUrl":"https:\/\/www.ccaniene.com\/wp-content\/uploads\/2013\/08\/GUIDONEcon-scritta-lunga.jpg","width":2362,"height":2008},{"@type":"BreadcrumbList","@id":"http:\/\/www.ccaniene.com\/vela-presentazione-attivita-2014\/#breadcrumb","itemListElement":[{"@type":"ListItem","position":1,"name":"Home","item":"http:\/\/www.ccaniene.com\/it_it\/"},{"@type":"ListItem","position":2,"name":"VELA: Presentazione attivit\u00e0 2014"}]},{"@type":"WebSite","@id":"http:\/\/www.ccaniene.com\/it_it\/#website","url":"http:\/\/www.ccaniene.com\/it_it\/","name":"Circolo Canottieri Aniene","description":"Collare d&#039;Oro e Stella d&#039;Oro al Merito Sportivo","potentialAction":[{"@type":"SearchAction","target":{"@type":"EntryPoint","urlTemplate":"http:\/\/www.ccaniene.com\/it_it\/?s={search_term_string}"},"query-input":{"@type":"PropertyValueSpecification","valueRequired":true,"valueName":"search_term_string"}}],"inLanguage":"it-IT"},{"@type":"Person","@id":"","url":"https:\/\/www.ccaniene.com\/it_it\/author\/"}]}},"_links":{"self":[{"href":"https:\/\/www.ccaniene.com\/it_it\/wp-json\/wp\/v2\/posts\/3969"}],"collection":[{"href":"https:\/\/www.ccaniene.com\/it_it\/wp-json\/wp\/v2\/posts"}],"about":[{"href":"https:\/\/www.ccaniene.com\/it_it\/wp-json\/wp\/v2\/types\/post"}],"author":[{"embeddable":true,"href":"https:\/\/www.ccaniene.com\/it_it\/wp-json\/wp\/v2\/users\/4667"}],"replies":[{"embeddable":true,"href":"https:\/\/www.ccaniene.com\/it_it\/wp-json\/wp\/v2\/comments?post=3969"}],"version-history":[{"count":1,"href":"https:\/\/www.ccaniene.com\/it_it\/wp-json\/wp\/v2\/posts\/3969\/revisions"}],"predecessor-version":[{"id":3971,"href":"https:\/\/www.ccaniene.com\/it_it\/wp-json\/wp\/v2\/posts\/3969\/revisions\/3971"}],"wp:featuredmedia":[{"embeddable":true,"href":"https:\/\/www.ccaniene.com\/it_it\/wp-json\/wp\/v2\/media\/3186"}],"wp:attachment":[{"href":"https:\/\/www.ccaniene.com\/it_it\/wp-json\/wp\/v2\/media?parent=3969"}],"wp:term":[{"taxonomy":"category","embeddable":true,"href":"https:\/\/www.ccaniene.com\/it_it\/wp-json\/wp\/v2\/categories?post=3969"},{"taxonomy":"post_tag","embeddable":true,"href":"https:\/\/www.ccaniene.com\/it_it\/wp-json\/wp\/v2\/tags?post=3969"}],"curies":[{"name":"wp","href":"https:\/\/api.w.org\/{rel}","templated":true}]}}