{"id":30658,"date":"2026-05-02T10:00:39","date_gmt":"2026-05-02T08:00:39","guid":{"rendered":"https:\/\/www.ccaniene.com\/?p=30658"},"modified":"2026-05-02T10:37:52","modified_gmt":"2026-05-02T08:37:52","slug":"addio-alex-zanardi","status":"publish","type":"post","link":"https:\/\/www.ccaniene.com\/it_it\/addio-alex-zanardi\/","title":{"rendered":"ADDIO ALEX ZANARDI"},"content":{"rendered":"\n<p>\u00c8 morto Alex Zanardi. Ex pilota di Formula 1 e campione-simbolo del paralimpismo, Zanardi, nato a Bologna, aveva 60 anni, era Socio onorario del nostro Circolo. Dopo l\u2019incidente automobilistico del 2001 a causa del quale aveva subito l\u2019amputazione delle gambe, si era dedicato al paraciclismo vincendo quattro ori e due argenti ai Giochi paralimpici di Londra 2012 e Rio de Janeiro 2016. Nel 2020 un altro tragico incidente: uno scontro con un camion mentre in handbike partecipava, sulle strade del senese, a Pienza, durante una gara di beneficenza da lui organizzata.<\/p>\n\n\n\n<p>L\u2019ultima corsa<\/p>\n\n\n\n<p>Diciannove anni dopo l\u2019incidente del Lausitzring che lo ha privato delle gambe, Alex Zanardi il 19 giungo 2020 \u00e8 stato coinvolto nel secondo gravissimo incidente. \u00c8 accaduto nei pressi di Pienza, durante una staffetta di beneficenza ha perso il controllo della sua handbike, \u00e8 caduto ed \u00e8 finisto contro un camion che stava procedendo nella direzione opposta finendo con la testa contro una delle ruote del mezzo pesante. Trasferito in condizioni gravissime all\u2019ospedale di Siena, \u00e8 stato sottoposto a un intervento di neurochirurgia d\u2019urgenza per provare a ridurre le conseguenze dell\u2019impatto.<\/p>\n\n\n\n<p>Dopo circa un mese di coma farmacologico e ulteriori tre operazioni, a fine luglio Alex \u00e8 stato trasferito dapprima in un centro specializzato di Lecco e, a seguito di complicazioni, in terapia intensiva all\u2019Ospedale San Raffaele di Milano. A novembre dello stesso anno un altro trasferimento, questa volta all\u2019Azienda Ospedaliera di Padova dove ha riacquistato coscienza. A dicembre 2021 Zanardi \u00e8 rientrato a casa proseguendo la sua riabilitazione seguito da professionisti e dalla famiglia.<\/p>\n\n\n\n<figure class=\"wp-block-image size-full\"><img fetchpriority=\"high\" decoding=\"async\" width=\"650\" height=\"339\" src=\"https:\/\/www.ccaniene.com\/wp-content\/uploads\/2026\/05\/zanardi-2.jpeg\" alt=\"\" class=\"wp-image-30664\" srcset=\"https:\/\/www.ccaniene.com\/wp-content\/uploads\/2026\/05\/zanardi-2.jpeg 650w, https:\/\/www.ccaniene.com\/wp-content\/uploads\/2026\/05\/zanardi-2-18x9.jpeg 18w\" sizes=\"(max-width: 650px) 100vw, 650px\" \/><\/figure>\n","protected":false},"excerpt":{"rendered":"<p>\u00c8 morto Alex Zanardi. Ex pilota di Formula 1 e campione-simbolo del paralimpismo, Zanardi, nato a Bologna, aveva 60 anni, era Socio onorario del nostro Circolo. Dopo l\u2019incidente automobilistico del 2001 a causa del quale aveva subito l\u2019amputazione delle gambe, si era dedicato al paraciclismo vincendo quattro ori e due argenti ai Giochi paralimpici di [&hellip;]<\/p>\n","protected":false},"author":23521,"featured_media":30663,"comment_status":"closed","ping_status":"closed","sticky":false,"template":"","format":"standard","meta":{"pmpro_default_level":0,"footnotes":"","_links_to":"","_links_to_target":""},"categories":[1,46],"tags":[],"class_list":["post-30658","post","type-post","status-publish","format-standard","has-post-thumbnail","hentry","category-news","category-sport-paralimpici","pmpro-has-access"],"featured_image_urls":{"medium":"https:\/\/www.ccaniene.com\/wp-content\/uploads\/2026\/05\/zanardi-1-e1777711036108-800x495.jpeg","thumbnail":"https:\/\/www.ccaniene.com\/wp-content\/uploads\/2026\/05\/zanardi-1-e1777711036108-400x400.jpeg","medium_large":"https:\/\/www.ccaniene.com\/wp-content\/uploads\/2026\/05\/zanardi-1-e1777711036108-768x475.jpeg","trp-custom-language-flag":"https:\/\/www.ccaniene.com\/wp-content\/uploads\/2026\/05\/zanardi-1-e1777711036108-18x12.jpeg","qi_addons_for_elementor_image_size_square":"https:\/\/www.ccaniene.com\/wp-content\/uploads\/2026\/05\/zanardi-1-e1777711036108-650x512.jpeg","qi_addons_for_elementor_image_size_landscape":"https:\/\/www.ccaniene.com\/wp-content\/uploads\/2026\/05\/zanardi-1-1024x650.jpeg","qi_addons_for_elementor_image_size_portrait":"https:\/\/www.ccaniene.com\/wp-content\/uploads\/2026\/05\/zanardi-1-e1777711036108-650x512.jpeg","fairwaygreen_core_image_size_square":"https:\/\/www.ccaniene.com\/wp-content\/uploads\/2026\/05\/zanardi-1-e1777711036108-650x512.jpeg","fairwaygreen_core_image_size_landscape":"https:\/\/www.ccaniene.com\/wp-content\/uploads\/2026\/05\/zanardi-1-1024x650.jpeg","fairwaygreen_core_image_size_portrait":"https:\/\/www.ccaniene.com\/wp-content\/uploads\/2026\/05\/zanardi-1-e1777711036108-650x512.jpeg","photo-blog":"https:\/\/www.ccaniene.com\/wp-content\/uploads\/2026\/05\/zanardi-1-e1777711036108-768x475.jpeg","cmplz_banner_image":"https:\/\/www.ccaniene.com\/wp-content\/uploads\/2026\/05\/zanardi-1-350x100.jpeg"},"appp_media":null,"yoast_head":"<!-- This site is optimized with the Yoast SEO plugin v23.6 - https:\/\/yoast.com\/wordpress\/plugins\/seo\/ -->\n<title>ADDIO ALEX ZANARDI - Circolo Canottieri Aniene<\/title>\n<meta name=\"robots\" content=\"index, follow, max-snippet:-1, max-image-preview:large, max-video-preview:-1\" \/>\n<link rel=\"canonical\" href=\"https:\/\/www.ccaniene.com\/it_it\/addio-alex-zanardi\/\" \/>\n<meta property=\"og:locale\" content=\"it_IT\" \/>\n<meta property=\"og:type\" content=\"article\" \/>\n<meta property=\"og:title\" content=\"ADDIO ALEX ZANARDI - Circolo Canottieri Aniene\" \/>\n<meta property=\"og:description\" content=\"\u00c8 morto Alex Zanardi. Ex pilota di Formula 1 e campione-simbolo del paralimpismo, Zanardi, nato a Bologna, aveva 60 anni, era Socio onorario del nostro Circolo. Dopo l\u2019incidente automobilistico del 2001 a causa del quale aveva subito l\u2019amputazione delle gambe, si era dedicato al paraciclismo vincendo quattro ori e due argenti ai Giochi paralimpici di [&hellip;]\" \/>\n<meta property=\"og:url\" content=\"https:\/\/www.ccaniene.com\/it_it\/addio-alex-zanardi\/\" \/>\n<meta property=\"og:site_name\" content=\"Circolo Canottieri Aniene\" \/>\n<meta property=\"article:published_time\" content=\"2026-05-02T08:00:39+00:00\" \/>\n<meta property=\"article:modified_time\" content=\"2026-05-02T08:37:52+00:00\" \/>\n<meta property=\"og:image\" content=\"http:\/\/www.ccaniene.com\/wp-content\/uploads\/2026\/05\/zanardi-1-e1777711036108.jpeg\" \/>\n\t<meta property=\"og:image:width\" content=\"827\" \/>\n\t<meta property=\"og:image:height\" content=\"512\" \/>\n\t<meta property=\"og:image:type\" content=\"image\/jpeg\" \/>\n<meta name=\"author\" content=\"carlo.san@tin.it\" \/>\n<meta name=\"twitter:card\" content=\"summary_large_image\" \/>\n<meta name=\"twitter:label1\" content=\"Scritto da\" \/>\n\t<meta name=\"twitter:data1\" content=\"carlo.san@tin.it\" \/>\n\t<meta name=\"twitter:label2\" content=\"Tempo di lettura stimato\" \/>\n\t<meta name=\"twitter:data2\" content=\"2 minuti\" \/>\n<script type=\"application\/ld+json\" class=\"yoast-schema-graph\">{\"@context\":\"https:\/\/schema.org\",\"@graph\":[{\"@type\":\"WebPage\",\"@id\":\"https:\/\/www.ccaniene.com\/addio-alex-zanardi\/\",\"url\":\"https:\/\/www.ccaniene.com\/addio-alex-zanardi\/\",\"name\":\"ADDIO ALEX ZANARDI - Circolo Canottieri Aniene\",\"isPartOf\":{\"@id\":\"http:\/\/www.ccaniene.com\/it_it\/#website\"},\"primaryImageOfPage\":{\"@id\":\"https:\/\/www.ccaniene.com\/addio-alex-zanardi\/#primaryimage\"},\"image\":{\"@id\":\"https:\/\/www.ccaniene.com\/addio-alex-zanardi\/#primaryimage\"},\"thumbnailUrl\":\"https:\/\/www.ccaniene.com\/wp-content\/uploads\/2026\/05\/zanardi-1-e1777711036108.jpeg\",\"datePublished\":\"2026-05-02T08:00:39+00:00\",\"dateModified\":\"2026-05-02T08:37:52+00:00\",\"author\":{\"@id\":\"http:\/\/www.ccaniene.com\/it_it\/#\/schema\/person\/6042bd0ba360674279dffd4247d570ed\"},\"breadcrumb\":{\"@id\":\"https:\/\/www.ccaniene.com\/addio-alex-zanardi\/#breadcrumb\"},\"inLanguage\":\"it-IT\",\"potentialAction\":[{\"@type\":\"ReadAction\",\"target\":[\"https:\/\/www.ccaniene.com\/addio-alex-zanardi\/\"]}]},{\"@type\":\"ImageObject\",\"inLanguage\":\"it-IT\",\"@id\":\"https:\/\/www.ccaniene.com\/addio-alex-zanardi\/#primaryimage\",\"url\":\"https:\/\/www.ccaniene.com\/wp-content\/uploads\/2026\/05\/zanardi-1-e1777711036108.jpeg\",\"contentUrl\":\"https:\/\/www.ccaniene.com\/wp-content\/uploads\/2026\/05\/zanardi-1-e1777711036108.jpeg\",\"width\":827,\"height\":512},{\"@type\":\"BreadcrumbList\",\"@id\":\"https:\/\/www.ccaniene.com\/addio-alex-zanardi\/#breadcrumb\",\"itemListElement\":[{\"@type\":\"ListItem\",\"position\":1,\"name\":\"Home\",\"item\":\"http:\/\/www.ccaniene.com\/it_it\/\"},{\"@type\":\"ListItem\",\"position\":2,\"name\":\"ADDIO ALEX ZANARDI\"}]},{\"@type\":\"WebSite\",\"@id\":\"http:\/\/www.ccaniene.com\/it_it\/#website\",\"url\":\"http:\/\/www.ccaniene.com\/it_it\/\",\"name\":\"Circolo Canottieri Aniene\",\"description\":\"Collare d&#039;Oro e Stella d&#039;Oro al Merito Sportivo\",\"potentialAction\":[{\"@type\":\"SearchAction\",\"target\":{\"@type\":\"EntryPoint\",\"urlTemplate\":\"http:\/\/www.ccaniene.com\/it_it\/?s={search_term_string}\"},\"query-input\":{\"@type\":\"PropertyValueSpecification\",\"valueRequired\":true,\"valueName\":\"search_term_string\"}}],\"inLanguage\":\"it-IT\"},{\"@type\":\"Person\",\"@id\":\"http:\/\/www.ccaniene.com\/it_it\/#\/schema\/person\/6042bd0ba360674279dffd4247d570ed\",\"name\":\"carlo.san@tin.it\",\"image\":{\"@type\":\"ImageObject\",\"inLanguage\":\"it-IT\",\"@id\":\"http:\/\/www.ccaniene.com\/it_it\/#\/schema\/person\/image\/\",\"url\":\"https:\/\/secure.gravatar.com\/avatar\/f993a459d0ffe4d666e4c917fef20ca9?s=96&d=mm&r=g\",\"contentUrl\":\"https:\/\/secure.gravatar.com\/avatar\/f993a459d0ffe4d666e4c917fef20ca9?s=96&d=mm&r=g\",\"caption\":\"carlo.san@tin.it\"},\"url\":\"https:\/\/www.ccaniene.com\/it_it\/author\/carlo-santi-2\/\"}]}<\/script>\n<!-- \/ Yoast SEO plugin. -->","yoast_head_json":{"title":"ADDIO ALEX ZANARDI - Circolo Canottieri Aniene","robots":{"index":"index","follow":"follow","max-snippet":"max-snippet:-1","max-image-preview":"max-image-preview:large","max-video-preview":"max-video-preview:-1"},"canonical":"https:\/\/www.ccaniene.com\/it_it\/addio-alex-zanardi\/","og_locale":"it_IT","og_type":"article","og_title":"ADDIO ALEX ZANARDI - Circolo Canottieri Aniene","og_description":"\u00c8 morto Alex Zanardi. Ex pilota di Formula 1 e campione-simbolo del paralimpismo, Zanardi, nato a Bologna, aveva 60 anni, era Socio onorario del nostro Circolo. Dopo l\u2019incidente automobilistico del 2001 a causa del quale aveva subito l\u2019amputazione delle gambe, si era dedicato al paraciclismo vincendo quattro ori e due argenti ai Giochi paralimpici di [&hellip;]","og_url":"https:\/\/www.ccaniene.com\/it_it\/addio-alex-zanardi\/","og_site_name":"Circolo Canottieri Aniene","article_published_time":"2026-05-02T08:00:39+00:00","article_modified_time":"2026-05-02T08:37:52+00:00","og_image":[{"width":827,"height":512,"url":"http:\/\/www.ccaniene.com\/wp-content\/uploads\/2026\/05\/zanardi-1-e1777711036108.jpeg","type":"image\/jpeg"}],"author":"carlo.san@tin.it","twitter_card":"summary_large_image","twitter_misc":{"Scritto da":"carlo.san@tin.it","Tempo di lettura stimato":"2 minuti"},"schema":{"@context":"https:\/\/schema.org","@graph":[{"@type":"WebPage","@id":"https:\/\/www.ccaniene.com\/addio-alex-zanardi\/","url":"https:\/\/www.ccaniene.com\/addio-alex-zanardi\/","name":"ADDIO ALEX ZANARDI - Circolo Canottieri Aniene","isPartOf":{"@id":"http:\/\/www.ccaniene.com\/it_it\/#website"},"primaryImageOfPage":{"@id":"https:\/\/www.ccaniene.com\/addio-alex-zanardi\/#primaryimage"},"image":{"@id":"https:\/\/www.ccaniene.com\/addio-alex-zanardi\/#primaryimage"},"thumbnailUrl":"https:\/\/www.ccaniene.com\/wp-content\/uploads\/2026\/05\/zanardi-1-e1777711036108.jpeg","datePublished":"2026-05-02T08:00:39+00:00","dateModified":"2026-05-02T08:37:52+00:00","author":{"@id":"http:\/\/www.ccaniene.com\/it_it\/#\/schema\/person\/6042bd0ba360674279dffd4247d570ed"},"breadcrumb":{"@id":"https:\/\/www.ccaniene.com\/addio-alex-zanardi\/#breadcrumb"},"inLanguage":"it-IT","potentialAction":[{"@type":"ReadAction","target":["https:\/\/www.ccaniene.com\/addio-alex-zanardi\/"]}]},{"@type":"ImageObject","inLanguage":"it-IT","@id":"https:\/\/www.ccaniene.com\/addio-alex-zanardi\/#primaryimage","url":"https:\/\/www.ccaniene.com\/wp-content\/uploads\/2026\/05\/zanardi-1-e1777711036108.jpeg","contentUrl":"https:\/\/www.ccaniene.com\/wp-content\/uploads\/2026\/05\/zanardi-1-e1777711036108.jpeg","width":827,"height":512},{"@type":"BreadcrumbList","@id":"https:\/\/www.ccaniene.com\/addio-alex-zanardi\/#breadcrumb","itemListElement":[{"@type":"ListItem","position":1,"name":"Home","item":"http:\/\/www.ccaniene.com\/it_it\/"},{"@type":"ListItem","position":2,"name":"ADDIO ALEX ZANARDI"}]},{"@type":"WebSite","@id":"http:\/\/www.ccaniene.com\/it_it\/#website","url":"http:\/\/www.ccaniene.com\/it_it\/","name":"Circolo Canottieri Aniene","description":"Collare d&#039;Oro e Stella d&#039;Oro al Merito Sportivo","potentialAction":[{"@type":"SearchAction","target":{"@type":"EntryPoint","urlTemplate":"http:\/\/www.ccaniene.com\/it_it\/?s={search_term_string}"},"query-input":{"@type":"PropertyValueSpecification","valueRequired":true,"valueName":"search_term_string"}}],"inLanguage":"it-IT"},{"@type":"Person","@id":"http:\/\/www.ccaniene.com\/it_it\/#\/schema\/person\/6042bd0ba360674279dffd4247d570ed","name":"carlo.san@tin.it","image":{"@type":"ImageObject","inLanguage":"it-IT","@id":"http:\/\/www.ccaniene.com\/it_it\/#\/schema\/person\/image\/","url":"https:\/\/secure.gravatar.com\/avatar\/f993a459d0ffe4d666e4c917fef20ca9?s=96&d=mm&r=g","contentUrl":"https:\/\/secure.gravatar.com\/avatar\/f993a459d0ffe4d666e4c917fef20ca9?s=96&d=mm&r=g","caption":"carlo.san@tin.it"},"url":"https:\/\/www.ccaniene.com\/it_it\/author\/carlo-santi-2\/"}]}},"_links":{"self":[{"href":"https:\/\/www.ccaniene.com\/it_it\/wp-json\/wp\/v2\/posts\/30658"}],"collection":[{"href":"https:\/\/www.ccaniene.com\/it_it\/wp-json\/wp\/v2\/posts"}],"about":[{"href":"https:\/\/www.ccaniene.com\/it_it\/wp-json\/wp\/v2\/types\/post"}],"author":[{"embeddable":true,"href":"https:\/\/www.ccaniene.com\/it_it\/wp-json\/wp\/v2\/users\/23521"}],"replies":[{"embeddable":true,"href":"https:\/\/www.ccaniene.com\/it_it\/wp-json\/wp\/v2\/comments?post=30658"}],"version-history":[{"count":4,"href":"https:\/\/www.ccaniene.com\/it_it\/wp-json\/wp\/v2\/posts\/30658\/revisions"}],"predecessor-version":[{"id":30666,"href":"https:\/\/www.ccaniene.com\/it_it\/wp-json\/wp\/v2\/posts\/30658\/revisions\/30666"}],"wp:featuredmedia":[{"embeddable":true,"href":"https:\/\/www.ccaniene.com\/it_it\/wp-json\/wp\/v2\/media\/30663"}],"wp:attachment":[{"href":"https:\/\/www.ccaniene.com\/it_it\/wp-json\/wp\/v2\/media?parent=30658"}],"wp:term":[{"taxonomy":"category","embeddable":true,"href":"https:\/\/www.ccaniene.com\/it_it\/wp-json\/wp\/v2\/categories?post=30658"},{"taxonomy":"post_tag","embeddable":true,"href":"https:\/\/www.ccaniene.com\/it_it\/wp-json\/wp\/v2\/tags?post=30658"}],"curies":[{"name":"wp","href":"https:\/\/api.w.org\/{rel}","templated":true}]}}