{"id":30211,"date":"2025-12-12T20:45:59","date_gmt":"2025-12-12T19:45:59","guid":{"rendered":"https:\/\/www.ccaniene.com\/?p=30211"},"modified":"2025-12-12T20:46:00","modified_gmt":"2025-12-12T19:46:00","slug":"nuoto-agli-assoluti-elena-capretta-protagonista-con-un-tris-doro","status":"publish","type":"post","link":"https:\/\/www.ccaniene.com\/it_it\/nuoto-agli-assoluti-elena-capretta-protagonista-con-un-tris-doro\/","title":{"rendered":"Nuoto: agli Assoluti Elena Capretta protagonista con un tris d\u2019oro"},"content":{"rendered":"\n<p>La seconda giornata degli Assoluti di nuoto in vasca corta allo Stadio del Nuoto di Riccione ha visto due volte sul gradino pi\u00f9 alto del podio Elena Capretta che si \u00e8 imposta nei 50 farfalla e nei 100sl centrando cos\u00ec il tris di successi dopo la vittoria nella prima giornata nei 100 farfalla. Simona Quadarella e Francesca Furfaro hanno completato il poker di vittorie in questa giornata per i colori dell\u2019Aniene che ha visto anche i secondi posti di Alessandro Fusco, Silvia Di Pietro e Lorenzo Ballarati e la terza piazza di Jacopo Barbotti.<\/p>\n\n\n\n<p>Successo di prestigio in apertura di programma per Elena Capretta che nei 50 farfalla ha bruciato la capitana azzurra e primatista italiana oltre che compagna di squadra Silvia Di Pietro. Elena, 23 anni, romana allenata da Sandro Signori e gi\u00e0 prima nei 100 farfalla, ha toccato in 25\u201d29, primato personale che cancella il 25\u201d62 siglato agli Assoluti 2024. La Di Pietro, seconda, ha toccato in<\/p>\n\n\n\n<p>Capretta ha poi firmato il bis di giornata, terzo successo in un giorno e mezzo, sorprendendo tutti vincendo i 100sl anche qui con il primato personale di 53\u201d53 (precedente 54\u201d08).<\/p>\n\n\n\n<p>Senza storia la prova della regina del mezzofondo europeo Simona Quadarella negli 800sl, gara che l\u2019ha vista medaglia d\u2019argento con record italiano in 8\u201903\u201d00 ai recenti Europei in Polonia. Ha dominata, Simona. L\u2019allieva di Gianluca Belfiore si \u00e8 imposta in 8\u201914\u201d48 nuotando trentadue vasche a 15\u201d3-15\u201d4 di media. \u00abNon \u00e8 mai facile per me nuotare al mattino: ci metto sempre un po\u2019 a carburare &#8211; ha spiegato Simoma Quadarella &#8211; Per\u00f2 ho grosso modo registrato il crono che ho segnato in batteria in Polonia e quindi va bene cos\u00ec. Adesso andr\u00f2 in Australia, non solo con lo scopo di allenarmi ma anche quello di respirare aria nuova e provare a vivere esperienze differenti\u00bb.<\/p>\n\n\n\n<p>Francesca Romana Furfaro si \u00e8 aggiudicato i 100 dorso. La 22enne capitolina anche sei allenata da Gianluca Belfiore ha impreziosito il successo con il personale in 58\u201d36.<\/p>\n\n\n\n<p>Nei 200 rana secondo posto per il nostro atleta Alessandro Fusco con 2\u201904\u201d11 dopo aver condotto fino ai 175 metri. Piazza d\u2019onore anche per Lorenzo Ballarati nei 100sl con 47\u201d11.<\/p>\n\n\n\n<p>Infine, terzo posto nei 200 misti di Jacopo Barbotti in 1\u201954\u201d82.<\/p>\n\n\n\n<p>Nella foto BBM, Elena Capretta<\/p>\n\n\n\n<p><\/p>\n","protected":false},"excerpt":{"rendered":"<p>La seconda giornata degli Assoluti di nuoto in vasca corta allo Stadio del Nuoto di Riccione ha visto due volte sul gradino pi\u00f9 alto del podio Elena Capretta che si \u00e8 imposta nei 50 farfalla e nei 100sl centrando cos\u00ec il tris di successi dopo la vittoria nella prima giornata nei 100 farfalla. Simona Quadarella [&hellip;]<\/p>\n","protected":false},"author":23521,"featured_media":30212,"comment_status":"closed","ping_status":"closed","sticky":false,"template":"","format":"standard","meta":{"pmpro_default_level":0,"footnotes":"","_links_to":"","_links_to_target":""},"categories":[1,11],"tags":[],"class_list":["post-30211","post","type-post","status-publish","format-standard","has-post-thumbnail","hentry","category-news","category-nuoto","pmpro-has-access"],"featured_image_urls":{"medium":"https:\/\/www.ccaniene.com\/wp-content\/uploads\/2025\/12\/Elena-Capretta-800x600.jpeg","thumbnail":"https:\/\/www.ccaniene.com\/wp-content\/uploads\/2025\/12\/Elena-Capretta-400x400.jpeg","medium_large":"https:\/\/www.ccaniene.com\/wp-content\/uploads\/2025\/12\/Elena-Capretta-768x576.jpeg","1536x1536":"https:\/\/www.ccaniene.com\/wp-content\/uploads\/2025\/12\/Elena-Capretta-1536x1152.jpeg","trp-custom-language-flag":"https:\/\/www.ccaniene.com\/wp-content\/uploads\/2025\/12\/Elena-Capretta-16x12.jpeg","qi_addons_for_elementor_image_size_square":"https:\/\/www.ccaniene.com\/wp-content\/uploads\/2025\/12\/Elena-Capretta-650x650.jpeg","qi_addons_for_elementor_image_size_landscape":"https:\/\/www.ccaniene.com\/wp-content\/uploads\/2025\/12\/Elena-Capretta-1300x650.jpeg","qi_addons_for_elementor_image_size_portrait":"https:\/\/www.ccaniene.com\/wp-content\/uploads\/2025\/12\/Elena-Capretta-650x1200.jpeg","qi_addons_for_elementor_image_size_huge-square":"https:\/\/www.ccaniene.com\/wp-content\/uploads\/2025\/12\/Elena-Capretta-1300x1200.jpeg","fairwaygreen_core_image_size_square":"https:\/\/www.ccaniene.com\/wp-content\/uploads\/2025\/12\/Elena-Capretta-650x650.jpeg","fairwaygreen_core_image_size_landscape":"https:\/\/www.ccaniene.com\/wp-content\/uploads\/2025\/12\/Elena-Capretta-1300x650.jpeg","fairwaygreen_core_image_size_portrait":"https:\/\/www.ccaniene.com\/wp-content\/uploads\/2025\/12\/Elena-Capretta-650x1200.jpeg","fairwaygreen_core_image_size_huge-square":"https:\/\/www.ccaniene.com\/wp-content\/uploads\/2025\/12\/Elena-Capretta-1300x1200.jpeg","photo-blog":"https:\/\/www.ccaniene.com\/wp-content\/uploads\/2025\/12\/Elena-Capretta-768x576.jpeg","cmplz_banner_image":"https:\/\/www.ccaniene.com\/wp-content\/uploads\/2025\/12\/Elena-Capretta-350x100.jpeg"},"appp_media":null,"yoast_head":"<!-- This site is optimized with the Yoast SEO plugin v23.6 - https:\/\/yoast.com\/wordpress\/plugins\/seo\/ -->\n<title>Nuoto: agli Assoluti Elena Capretta protagonista con un tris d\u2019oro - Circolo Canottieri Aniene<\/title>\n<meta name=\"robots\" content=\"index, follow, max-snippet:-1, max-image-preview:large, max-video-preview:-1\" \/>\n<link rel=\"canonical\" href=\"https:\/\/www.ccaniene.com\/it_it\/nuoto-agli-assoluti-elena-capretta-protagonista-con-un-tris-doro\/\" \/>\n<meta property=\"og:locale\" content=\"it_IT\" \/>\n<meta property=\"og:type\" content=\"article\" \/>\n<meta property=\"og:title\" content=\"Nuoto: agli Assoluti Elena Capretta protagonista con un tris d\u2019oro - Circolo Canottieri Aniene\" \/>\n<meta property=\"og:description\" content=\"La seconda giornata degli Assoluti di nuoto in vasca corta allo Stadio del Nuoto di Riccione ha visto due volte sul gradino pi\u00f9 alto del podio Elena Capretta che si \u00e8 imposta nei 50 farfalla e nei 100sl centrando cos\u00ec il tris di successi dopo la vittoria nella prima giornata nei 100 farfalla. Simona Quadarella [&hellip;]\" \/>\n<meta property=\"og:url\" content=\"https:\/\/www.ccaniene.com\/it_it\/nuoto-agli-assoluti-elena-capretta-protagonista-con-un-tris-doro\/\" \/>\n<meta property=\"og:site_name\" content=\"Circolo Canottieri Aniene\" \/>\n<meta property=\"article:published_time\" content=\"2025-12-12T19:45:59+00:00\" \/>\n<meta property=\"article:modified_time\" content=\"2025-12-12T19:46:00+00:00\" \/>\n<meta property=\"og:image\" content=\"https:\/\/www.ccaniene.com\/wp-content\/uploads\/2025\/12\/Elena-Capretta.jpeg\" \/>\n\t<meta property=\"og:image:width\" content=\"1600\" \/>\n\t<meta property=\"og:image:height\" content=\"1200\" \/>\n\t<meta property=\"og:image:type\" content=\"image\/jpeg\" \/>\n<meta name=\"author\" content=\"carlo.san@tin.it\" \/>\n<meta name=\"twitter:card\" content=\"summary_large_image\" \/>\n<meta name=\"twitter:label1\" content=\"Scritto da\" \/>\n\t<meta name=\"twitter:data1\" content=\"carlo.san@tin.it\" \/>\n\t<meta name=\"twitter:label2\" content=\"Tempo di lettura stimato\" \/>\n\t<meta name=\"twitter:data2\" content=\"3 minuti\" \/>\n<script type=\"application\/ld+json\" class=\"yoast-schema-graph\">{\"@context\":\"https:\/\/schema.org\",\"@graph\":[{\"@type\":\"WebPage\",\"@id\":\"https:\/\/www.ccaniene.com\/it_it\/nuoto-agli-assoluti-elena-capretta-protagonista-con-un-tris-doro\/\",\"url\":\"https:\/\/www.ccaniene.com\/it_it\/nuoto-agli-assoluti-elena-capretta-protagonista-con-un-tris-doro\/\",\"name\":\"Nuoto: agli Assoluti Elena Capretta protagonista con un tris d\u2019oro - Circolo Canottieri Aniene\",\"isPartOf\":{\"@id\":\"https:\/\/www.ccaniene.com\/it_it\/#website\"},\"primaryImageOfPage\":{\"@id\":\"https:\/\/www.ccaniene.com\/it_it\/nuoto-agli-assoluti-elena-capretta-protagonista-con-un-tris-doro\/#primaryimage\"},\"image\":{\"@id\":\"https:\/\/www.ccaniene.com\/it_it\/nuoto-agli-assoluti-elena-capretta-protagonista-con-un-tris-doro\/#primaryimage\"},\"thumbnailUrl\":\"https:\/\/www.ccaniene.com\/wp-content\/uploads\/2025\/12\/Elena-Capretta.jpeg\",\"datePublished\":\"2025-12-12T19:45:59+00:00\",\"dateModified\":\"2025-12-12T19:46:00+00:00\",\"author\":{\"@id\":\"https:\/\/www.ccaniene.com\/it_it\/#\/schema\/person\/6042bd0ba360674279dffd4247d570ed\"},\"breadcrumb\":{\"@id\":\"https:\/\/www.ccaniene.com\/it_it\/nuoto-agli-assoluti-elena-capretta-protagonista-con-un-tris-doro\/#breadcrumb\"},\"inLanguage\":\"it-IT\",\"potentialAction\":[{\"@type\":\"ReadAction\",\"target\":[\"https:\/\/www.ccaniene.com\/it_it\/nuoto-agli-assoluti-elena-capretta-protagonista-con-un-tris-doro\/\"]}]},{\"@type\":\"ImageObject\",\"inLanguage\":\"it-IT\",\"@id\":\"https:\/\/www.ccaniene.com\/it_it\/nuoto-agli-assoluti-elena-capretta-protagonista-con-un-tris-doro\/#primaryimage\",\"url\":\"https:\/\/www.ccaniene.com\/wp-content\/uploads\/2025\/12\/Elena-Capretta.jpeg\",\"contentUrl\":\"https:\/\/www.ccaniene.com\/wp-content\/uploads\/2025\/12\/Elena-Capretta.jpeg\",\"width\":1600,\"height\":1200},{\"@type\":\"BreadcrumbList\",\"@id\":\"https:\/\/www.ccaniene.com\/it_it\/nuoto-agli-assoluti-elena-capretta-protagonista-con-un-tris-doro\/#breadcrumb\",\"itemListElement\":[{\"@type\":\"ListItem\",\"position\":1,\"name\":\"Home\",\"item\":\"https:\/\/www.ccaniene.com\/it_it\/\"},{\"@type\":\"ListItem\",\"position\":2,\"name\":\"Nuoto: agli Assoluti Elena Capretta protagonista con un tris d\u2019oro\"}]},{\"@type\":\"WebSite\",\"@id\":\"https:\/\/www.ccaniene.com\/it_it\/#website\",\"url\":\"https:\/\/www.ccaniene.com\/it_it\/\",\"name\":\"Circolo Canottieri Aniene\",\"description\":\"Collare d&#039;Oro e Stella d&#039;Oro al Merito Sportivo\",\"potentialAction\":[{\"@type\":\"SearchAction\",\"target\":{\"@type\":\"EntryPoint\",\"urlTemplate\":\"https:\/\/www.ccaniene.com\/it_it\/?s={search_term_string}\"},\"query-input\":{\"@type\":\"PropertyValueSpecification\",\"valueRequired\":true,\"valueName\":\"search_term_string\"}}],\"inLanguage\":\"it-IT\"},{\"@type\":\"Person\",\"@id\":\"https:\/\/www.ccaniene.com\/it_it\/#\/schema\/person\/6042bd0ba360674279dffd4247d570ed\",\"name\":\"carlo.san@tin.it\",\"image\":{\"@type\":\"ImageObject\",\"inLanguage\":\"it-IT\",\"@id\":\"https:\/\/www.ccaniene.com\/it_it\/#\/schema\/person\/image\/\",\"url\":\"https:\/\/secure.gravatar.com\/avatar\/f993a459d0ffe4d666e4c917fef20ca9?s=96&d=mm&r=g\",\"contentUrl\":\"https:\/\/secure.gravatar.com\/avatar\/f993a459d0ffe4d666e4c917fef20ca9?s=96&d=mm&r=g\",\"caption\":\"carlo.san@tin.it\"},\"url\":\"https:\/\/www.ccaniene.com\/it_it\/author\/carlo-santi-2\/\"}]}<\/script>\n<!-- \/ Yoast SEO plugin. -->","yoast_head_json":{"title":"Nuoto: agli Assoluti Elena Capretta protagonista con un tris d\u2019oro - Circolo Canottieri Aniene","robots":{"index":"index","follow":"follow","max-snippet":"max-snippet:-1","max-image-preview":"max-image-preview:large","max-video-preview":"max-video-preview:-1"},"canonical":"https:\/\/www.ccaniene.com\/it_it\/nuoto-agli-assoluti-elena-capretta-protagonista-con-un-tris-doro\/","og_locale":"it_IT","og_type":"article","og_title":"Nuoto: agli Assoluti Elena Capretta protagonista con un tris d\u2019oro - Circolo Canottieri Aniene","og_description":"La seconda giornata degli Assoluti di nuoto in vasca corta allo Stadio del Nuoto di Riccione ha visto due volte sul gradino pi\u00f9 alto del podio Elena Capretta che si \u00e8 imposta nei 50 farfalla e nei 100sl centrando cos\u00ec il tris di successi dopo la vittoria nella prima giornata nei 100 farfalla. Simona Quadarella [&hellip;]","og_url":"https:\/\/www.ccaniene.com\/it_it\/nuoto-agli-assoluti-elena-capretta-protagonista-con-un-tris-doro\/","og_site_name":"Circolo Canottieri Aniene","article_published_time":"2025-12-12T19:45:59+00:00","article_modified_time":"2025-12-12T19:46:00+00:00","og_image":[{"width":1600,"height":1200,"url":"https:\/\/www.ccaniene.com\/wp-content\/uploads\/2025\/12\/Elena-Capretta.jpeg","type":"image\/jpeg"}],"author":"carlo.san@tin.it","twitter_card":"summary_large_image","twitter_misc":{"Scritto da":"carlo.san@tin.it","Tempo di lettura stimato":"3 minuti"},"schema":{"@context":"https:\/\/schema.org","@graph":[{"@type":"WebPage","@id":"https:\/\/www.ccaniene.com\/it_it\/nuoto-agli-assoluti-elena-capretta-protagonista-con-un-tris-doro\/","url":"https:\/\/www.ccaniene.com\/it_it\/nuoto-agli-assoluti-elena-capretta-protagonista-con-un-tris-doro\/","name":"Nuoto: agli Assoluti Elena Capretta protagonista con un tris d\u2019oro - Circolo Canottieri Aniene","isPartOf":{"@id":"https:\/\/www.ccaniene.com\/it_it\/#website"},"primaryImageOfPage":{"@id":"https:\/\/www.ccaniene.com\/it_it\/nuoto-agli-assoluti-elena-capretta-protagonista-con-un-tris-doro\/#primaryimage"},"image":{"@id":"https:\/\/www.ccaniene.com\/it_it\/nuoto-agli-assoluti-elena-capretta-protagonista-con-un-tris-doro\/#primaryimage"},"thumbnailUrl":"https:\/\/www.ccaniene.com\/wp-content\/uploads\/2025\/12\/Elena-Capretta.jpeg","datePublished":"2025-12-12T19:45:59+00:00","dateModified":"2025-12-12T19:46:00+00:00","author":{"@id":"https:\/\/www.ccaniene.com\/it_it\/#\/schema\/person\/6042bd0ba360674279dffd4247d570ed"},"breadcrumb":{"@id":"https:\/\/www.ccaniene.com\/it_it\/nuoto-agli-assoluti-elena-capretta-protagonista-con-un-tris-doro\/#breadcrumb"},"inLanguage":"it-IT","potentialAction":[{"@type":"ReadAction","target":["https:\/\/www.ccaniene.com\/it_it\/nuoto-agli-assoluti-elena-capretta-protagonista-con-un-tris-doro\/"]}]},{"@type":"ImageObject","inLanguage":"it-IT","@id":"https:\/\/www.ccaniene.com\/it_it\/nuoto-agli-assoluti-elena-capretta-protagonista-con-un-tris-doro\/#primaryimage","url":"https:\/\/www.ccaniene.com\/wp-content\/uploads\/2025\/12\/Elena-Capretta.jpeg","contentUrl":"https:\/\/www.ccaniene.com\/wp-content\/uploads\/2025\/12\/Elena-Capretta.jpeg","width":1600,"height":1200},{"@type":"BreadcrumbList","@id":"https:\/\/www.ccaniene.com\/it_it\/nuoto-agli-assoluti-elena-capretta-protagonista-con-un-tris-doro\/#breadcrumb","itemListElement":[{"@type":"ListItem","position":1,"name":"Home","item":"https:\/\/www.ccaniene.com\/it_it\/"},{"@type":"ListItem","position":2,"name":"Nuoto: agli Assoluti Elena Capretta protagonista con un tris d\u2019oro"}]},{"@type":"WebSite","@id":"https:\/\/www.ccaniene.com\/it_it\/#website","url":"https:\/\/www.ccaniene.com\/it_it\/","name":"Circolo Canottieri Aniene","description":"Collare d&#039;Oro e Stella d&#039;Oro al Merito Sportivo","potentialAction":[{"@type":"SearchAction","target":{"@type":"EntryPoint","urlTemplate":"https:\/\/www.ccaniene.com\/it_it\/?s={search_term_string}"},"query-input":{"@type":"PropertyValueSpecification","valueRequired":true,"valueName":"search_term_string"}}],"inLanguage":"it-IT"},{"@type":"Person","@id":"https:\/\/www.ccaniene.com\/it_it\/#\/schema\/person\/6042bd0ba360674279dffd4247d570ed","name":"carlo.san@tin.it","image":{"@type":"ImageObject","inLanguage":"it-IT","@id":"https:\/\/www.ccaniene.com\/it_it\/#\/schema\/person\/image\/","url":"https:\/\/secure.gravatar.com\/avatar\/f993a459d0ffe4d666e4c917fef20ca9?s=96&d=mm&r=g","contentUrl":"https:\/\/secure.gravatar.com\/avatar\/f993a459d0ffe4d666e4c917fef20ca9?s=96&d=mm&r=g","caption":"carlo.san@tin.it"},"url":"https:\/\/www.ccaniene.com\/it_it\/author\/carlo-santi-2\/"}]}},"_links":{"self":[{"href":"https:\/\/www.ccaniene.com\/it_it\/wp-json\/wp\/v2\/posts\/30211"}],"collection":[{"href":"https:\/\/www.ccaniene.com\/it_it\/wp-json\/wp\/v2\/posts"}],"about":[{"href":"https:\/\/www.ccaniene.com\/it_it\/wp-json\/wp\/v2\/types\/post"}],"author":[{"embeddable":true,"href":"https:\/\/www.ccaniene.com\/it_it\/wp-json\/wp\/v2\/users\/23521"}],"replies":[{"embeddable":true,"href":"https:\/\/www.ccaniene.com\/it_it\/wp-json\/wp\/v2\/comments?post=30211"}],"version-history":[{"count":1,"href":"https:\/\/www.ccaniene.com\/it_it\/wp-json\/wp\/v2\/posts\/30211\/revisions"}],"predecessor-version":[{"id":30213,"href":"https:\/\/www.ccaniene.com\/it_it\/wp-json\/wp\/v2\/posts\/30211\/revisions\/30213"}],"wp:featuredmedia":[{"embeddable":true,"href":"https:\/\/www.ccaniene.com\/it_it\/wp-json\/wp\/v2\/media\/30212"}],"wp:attachment":[{"href":"https:\/\/www.ccaniene.com\/it_it\/wp-json\/wp\/v2\/media?parent=30211"}],"wp:term":[{"taxonomy":"category","embeddable":true,"href":"https:\/\/www.ccaniene.com\/it_it\/wp-json\/wp\/v2\/categories?post=30211"},{"taxonomy":"post_tag","embeddable":true,"href":"https:\/\/www.ccaniene.com\/it_it\/wp-json\/wp\/v2\/tags?post=30211"}],"curies":[{"name":"wp","href":"https:\/\/api.w.org\/{rel}","templated":true}]}}