{"id":30182,"date":"2025-12-05T20:38:35","date_gmt":"2025-12-05T19:38:35","guid":{"rendered":"https:\/\/www.ccaniene.com\/?p=30182"},"modified":"2025-12-05T20:38:36","modified_gmt":"2025-12-05T19:38:36","slug":"nuoto-simona-quadarella-argento-bis-con-record-agli-europei","status":"publish","type":"post","link":"https:\/\/www.ccaniene.com\/it_it\/nuoto-simona-quadarella-argento-bis-con-record-agli-europei\/","title":{"rendered":"Nuoto, Simona Quadarella argento bis con record agli Europei"},"content":{"rendered":"\n<p>Un\u2019altra medaglia per Simona Quadarella, ancora un argento prezioso stavolta negli 800sl e an ora con il record. I campionati Europei in vasca corta di Lublino, in Polonia, hanno regalato all\u2019atleta dell\u2019Aniene allenata da Gianluca Belfiore un bel piazzamento. Dopo il secondo posto nei 400sl con il record italiano tolto a Federica Pellegrini nella giornata di apertura, c\u2019\u00e8 l\u2019argento negli 800 con un altrettanto strepitoso record italiano in 8\u201903\u201d00. Un tempo che cancella lo storico 8\u201904\u201d53 \u201cgommato\u201d siglato per l\u2019oro agli Europei di Rijeka 2008 da Alessia Filippi, che mantiene ancora il primato pi\u00f9 longevo del nuoto italiano: 4\u201926\u201d06 nei 400 misti nuotato due giorni dopo per l\u2019argento.<\/p>\n\n\n\n<p>Davanti all&#8217;azzurra, come \u00e8 stato marted\u00ec, c&#8217;\u00e8 ancora la tedesca Isabel Gose, sicuramente pi\u00f9 a suo agio in vasca corta, che \u00e8 scappata a 100 metri dalla fine e ha toccato in 8\u201901\u201d90.<\/p>\n\n\n\n<p>Gara tatticamente precisa quella della 27enne romana che ha impostato trentadue vasche a 15\u201d0-15\u201d1 e ha demolito il primato personale di 8\u201907\u201d99 realizzato per il bronzo iridato ad Abu Dhabi e che anche la miglior prestazione italiana in tessuto.<\/p>\n\n\n\n<p>\u00abNon pensavo di andare cos\u00ec forte e di migliorare in questa maniera il mio tempo &#8211; racconta Quadarella, che si conferma sul podio europeo dopo l\u2019argento di Otopeni 2023 &#8211; Sto acquisendo tanta consapevolezza nei miei mezzi e come detto marted\u00ec il lavoro che sto svolgendo con Gianluca (Belfiore, ndr) mi sta ripagando. Sono serena e ho trovato un equilibrio psicofisico che mi fa bene\u00bb.<\/p>\n\n\n\n<p>Foto Andrea Masini \/ DeepBlueMedia.eu<\/p>\n\n\n\n<p><\/p>\n","protected":false},"excerpt":{"rendered":"<p>Un\u2019altra medaglia per Simona Quadarella, ancora un argento prezioso stavolta negli 800sl e an ora con il record. I campionati Europei in vasca corta di Lublino, in Polonia, hanno regalato all\u2019atleta dell\u2019Aniene allenata da Gianluca Belfiore un bel piazzamento. Dopo il secondo posto nei 400sl con il record italiano tolto a Federica Pellegrini nella giornata [&hellip;]<\/p>\n","protected":false},"author":23521,"featured_media":30183,"comment_status":"closed","ping_status":"closed","sticky":false,"template":"","format":"standard","meta":{"pmpro_default_level":0,"footnotes":"","_links_to":"","_links_to_target":""},"categories":[1,11],"tags":[],"class_list":["post-30182","post","type-post","status-publish","format-standard","has-post-thumbnail","hentry","category-news","category-nuoto","pmpro-has-access"],"featured_image_urls":{"medium":"https:\/\/www.ccaniene.com\/wp-content\/uploads\/2025\/12\/simona-quadarella-lublino-800x533.jpeg","thumbnail":"https:\/\/www.ccaniene.com\/wp-content\/uploads\/2025\/12\/simona-quadarella-lublino-400x400.jpeg","medium_large":"https:\/\/www.ccaniene.com\/wp-content\/uploads\/2025\/12\/simona-quadarella-lublino-768x511.jpeg","trp-custom-language-flag":"https:\/\/www.ccaniene.com\/wp-content\/uploads\/2025\/12\/simona-quadarella-lublino-18x12.jpeg","qi_addons_for_elementor_image_size_square":"https:\/\/www.ccaniene.com\/wp-content\/uploads\/2025\/12\/simona-quadarella-lublino-650x650.jpeg","qi_addons_for_elementor_image_size_landscape":"https:\/\/www.ccaniene.com\/wp-content\/uploads\/2025\/12\/simona-quadarella-lublino-1000x650.jpeg","qi_addons_for_elementor_image_size_portrait":"https:\/\/www.ccaniene.com\/wp-content\/uploads\/2025\/12\/simona-quadarella-lublino-650x666.jpeg","fairwaygreen_core_image_size_square":"https:\/\/www.ccaniene.com\/wp-content\/uploads\/2025\/12\/simona-quadarella-lublino-650x650.jpeg","fairwaygreen_core_image_size_landscape":"https:\/\/www.ccaniene.com\/wp-content\/uploads\/2025\/12\/simona-quadarella-lublino-1000x650.jpeg","fairwaygreen_core_image_size_portrait":"https:\/\/www.ccaniene.com\/wp-content\/uploads\/2025\/12\/simona-quadarella-lublino-650x666.jpeg","photo-blog":"https:\/\/www.ccaniene.com\/wp-content\/uploads\/2025\/12\/simona-quadarella-lublino-768x511.jpeg","cmplz_banner_image":"https:\/\/www.ccaniene.com\/wp-content\/uploads\/2025\/12\/simona-quadarella-lublino-350x100.jpeg"},"appp_media":null,"yoast_head":"<!-- This site is optimized with the Yoast SEO plugin v23.6 - https:\/\/yoast.com\/wordpress\/plugins\/seo\/ -->\n<title>Nuoto, Simona Quadarella argento bis con record agli Europei - Circolo Canottieri Aniene<\/title>\n<meta name=\"robots\" content=\"index, follow, max-snippet:-1, max-image-preview:large, max-video-preview:-1\" \/>\n<link rel=\"canonical\" href=\"https:\/\/www.ccaniene.com\/it_it\/nuoto-simona-quadarella-argento-bis-con-record-agli-europei\/\" \/>\n<meta property=\"og:locale\" content=\"it_IT\" \/>\n<meta property=\"og:type\" content=\"article\" \/>\n<meta property=\"og:title\" content=\"Nuoto, Simona Quadarella argento bis con record agli Europei - Circolo Canottieri Aniene\" \/>\n<meta property=\"og:description\" content=\"Un\u2019altra medaglia per Simona Quadarella, ancora un argento prezioso stavolta negli 800sl e an ora con il record. I campionati Europei in vasca corta di Lublino, in Polonia, hanno regalato all\u2019atleta dell\u2019Aniene allenata da Gianluca Belfiore un bel piazzamento. Dopo il secondo posto nei 400sl con il record italiano tolto a Federica Pellegrini nella giornata [&hellip;]\" \/>\n<meta property=\"og:url\" content=\"https:\/\/www.ccaniene.com\/it_it\/nuoto-simona-quadarella-argento-bis-con-record-agli-europei\/\" \/>\n<meta property=\"og:site_name\" content=\"Circolo Canottieri Aniene\" \/>\n<meta property=\"article:published_time\" content=\"2025-12-05T19:38:35+00:00\" \/>\n<meta property=\"article:modified_time\" content=\"2025-12-05T19:38:36+00:00\" \/>\n<meta property=\"og:image\" content=\"https:\/\/www.ccaniene.com\/wp-content\/uploads\/2025\/12\/simona-quadarella-lublino.jpeg\" \/>\n\t<meta property=\"og:image:width\" content=\"1000\" \/>\n\t<meta property=\"og:image:height\" content=\"666\" \/>\n\t<meta property=\"og:image:type\" content=\"image\/jpeg\" \/>\n<meta name=\"author\" content=\"carlo.san@tin.it\" \/>\n<meta name=\"twitter:card\" content=\"summary_large_image\" \/>\n<meta name=\"twitter:label1\" content=\"Scritto da\" \/>\n\t<meta name=\"twitter:data1\" content=\"carlo.san@tin.it\" \/>\n\t<meta name=\"twitter:label2\" content=\"Tempo di lettura stimato\" \/>\n\t<meta name=\"twitter:data2\" content=\"2 minuti\" \/>\n<script type=\"application\/ld+json\" class=\"yoast-schema-graph\">{\"@context\":\"https:\/\/schema.org\",\"@graph\":[{\"@type\":\"WebPage\",\"@id\":\"https:\/\/www.ccaniene.com\/en\/nuoto-simona-quadarella-argento-bis-con-record-agli-europei\/\",\"url\":\"https:\/\/www.ccaniene.com\/en\/nuoto-simona-quadarella-argento-bis-con-record-agli-europei\/\",\"name\":\"Nuoto, Simona Quadarella argento bis con record agli Europei - Circolo Canottieri Aniene\",\"isPartOf\":{\"@id\":\"https:\/\/www.ccaniene.com\/it_it\/#website\"},\"primaryImageOfPage\":{\"@id\":\"https:\/\/www.ccaniene.com\/en\/nuoto-simona-quadarella-argento-bis-con-record-agli-europei\/#primaryimage\"},\"image\":{\"@id\":\"https:\/\/www.ccaniene.com\/en\/nuoto-simona-quadarella-argento-bis-con-record-agli-europei\/#primaryimage\"},\"thumbnailUrl\":\"https:\/\/www.ccaniene.com\/wp-content\/uploads\/2025\/12\/simona-quadarella-lublino.jpeg\",\"datePublished\":\"2025-12-05T19:38:35+00:00\",\"dateModified\":\"2025-12-05T19:38:36+00:00\",\"author\":{\"@id\":\"https:\/\/www.ccaniene.com\/it_it\/#\/schema\/person\/6042bd0ba360674279dffd4247d570ed\"},\"breadcrumb\":{\"@id\":\"https:\/\/www.ccaniene.com\/en\/nuoto-simona-quadarella-argento-bis-con-record-agli-europei\/#breadcrumb\"},\"inLanguage\":\"it-IT\",\"potentialAction\":[{\"@type\":\"ReadAction\",\"target\":[\"https:\/\/www.ccaniene.com\/en\/nuoto-simona-quadarella-argento-bis-con-record-agli-europei\/\"]}]},{\"@type\":\"ImageObject\",\"inLanguage\":\"it-IT\",\"@id\":\"https:\/\/www.ccaniene.com\/en\/nuoto-simona-quadarella-argento-bis-con-record-agli-europei\/#primaryimage\",\"url\":\"https:\/\/www.ccaniene.com\/wp-content\/uploads\/2025\/12\/simona-quadarella-lublino.jpeg\",\"contentUrl\":\"https:\/\/www.ccaniene.com\/wp-content\/uploads\/2025\/12\/simona-quadarella-lublino.jpeg\",\"width\":1000,\"height\":666},{\"@type\":\"BreadcrumbList\",\"@id\":\"https:\/\/www.ccaniene.com\/en\/nuoto-simona-quadarella-argento-bis-con-record-agli-europei\/#breadcrumb\",\"itemListElement\":[{\"@type\":\"ListItem\",\"position\":1,\"name\":\"Home\",\"item\":\"https:\/\/www.ccaniene.com\/en\/\"},{\"@type\":\"ListItem\",\"position\":2,\"name\":\"Nuoto, Simona Quadarella argento bis con record agli Europei\"}]},{\"@type\":\"WebSite\",\"@id\":\"https:\/\/www.ccaniene.com\/it_it\/#website\",\"url\":\"https:\/\/www.ccaniene.com\/it_it\/\",\"name\":\"Circolo Canottieri Aniene\",\"description\":\"Collare d&#039;Oro e Stella d&#039;Oro al Merito Sportivo\",\"potentialAction\":[{\"@type\":\"SearchAction\",\"target\":{\"@type\":\"EntryPoint\",\"urlTemplate\":\"https:\/\/www.ccaniene.com\/it_it\/?s={search_term_string}\"},\"query-input\":{\"@type\":\"PropertyValueSpecification\",\"valueRequired\":true,\"valueName\":\"search_term_string\"}}],\"inLanguage\":\"it-IT\"},{\"@type\":\"Person\",\"@id\":\"https:\/\/www.ccaniene.com\/it_it\/#\/schema\/person\/6042bd0ba360674279dffd4247d570ed\",\"name\":\"carlo.san@tin.it\",\"image\":{\"@type\":\"ImageObject\",\"inLanguage\":\"it-IT\",\"@id\":\"https:\/\/www.ccaniene.com\/it_it\/#\/schema\/person\/image\/\",\"url\":\"https:\/\/secure.gravatar.com\/avatar\/f993a459d0ffe4d666e4c917fef20ca9?s=96&d=mm&r=g\",\"contentUrl\":\"https:\/\/secure.gravatar.com\/avatar\/f993a459d0ffe4d666e4c917fef20ca9?s=96&d=mm&r=g\",\"caption\":\"carlo.san@tin.it\"},\"url\":\"https:\/\/www.ccaniene.com\/it_it\/author\/carlo-santi-2\/\"}]}<\/script>\n<!-- \/ Yoast SEO plugin. -->","yoast_head_json":{"title":"Nuoto, Simona Quadarella argento bis con record agli Europei - Circolo Canottieri Aniene","robots":{"index":"index","follow":"follow","max-snippet":"max-snippet:-1","max-image-preview":"max-image-preview:large","max-video-preview":"max-video-preview:-1"},"canonical":"https:\/\/www.ccaniene.com\/it_it\/nuoto-simona-quadarella-argento-bis-con-record-agli-europei\/","og_locale":"it_IT","og_type":"article","og_title":"Nuoto, Simona Quadarella argento bis con record agli Europei - Circolo Canottieri Aniene","og_description":"Un\u2019altra medaglia per Simona Quadarella, ancora un argento prezioso stavolta negli 800sl e an ora con il record. I campionati Europei in vasca corta di Lublino, in Polonia, hanno regalato all\u2019atleta dell\u2019Aniene allenata da Gianluca Belfiore un bel piazzamento. Dopo il secondo posto nei 400sl con il record italiano tolto a Federica Pellegrini nella giornata [&hellip;]","og_url":"https:\/\/www.ccaniene.com\/it_it\/nuoto-simona-quadarella-argento-bis-con-record-agli-europei\/","og_site_name":"Circolo Canottieri Aniene","article_published_time":"2025-12-05T19:38:35+00:00","article_modified_time":"2025-12-05T19:38:36+00:00","og_image":[{"width":1000,"height":666,"url":"https:\/\/www.ccaniene.com\/wp-content\/uploads\/2025\/12\/simona-quadarella-lublino.jpeg","type":"image\/jpeg"}],"author":"carlo.san@tin.it","twitter_card":"summary_large_image","twitter_misc":{"Scritto da":"carlo.san@tin.it","Tempo di lettura stimato":"2 minuti"},"schema":{"@context":"https:\/\/schema.org","@graph":[{"@type":"WebPage","@id":"https:\/\/www.ccaniene.com\/en\/nuoto-simona-quadarella-argento-bis-con-record-agli-europei\/","url":"https:\/\/www.ccaniene.com\/en\/nuoto-simona-quadarella-argento-bis-con-record-agli-europei\/","name":"Nuoto, Simona Quadarella argento bis con record agli Europei - Circolo Canottieri Aniene","isPartOf":{"@id":"https:\/\/www.ccaniene.com\/it_it\/#website"},"primaryImageOfPage":{"@id":"https:\/\/www.ccaniene.com\/en\/nuoto-simona-quadarella-argento-bis-con-record-agli-europei\/#primaryimage"},"image":{"@id":"https:\/\/www.ccaniene.com\/en\/nuoto-simona-quadarella-argento-bis-con-record-agli-europei\/#primaryimage"},"thumbnailUrl":"https:\/\/www.ccaniene.com\/wp-content\/uploads\/2025\/12\/simona-quadarella-lublino.jpeg","datePublished":"2025-12-05T19:38:35+00:00","dateModified":"2025-12-05T19:38:36+00:00","author":{"@id":"https:\/\/www.ccaniene.com\/it_it\/#\/schema\/person\/6042bd0ba360674279dffd4247d570ed"},"breadcrumb":{"@id":"https:\/\/www.ccaniene.com\/en\/nuoto-simona-quadarella-argento-bis-con-record-agli-europei\/#breadcrumb"},"inLanguage":"it-IT","potentialAction":[{"@type":"ReadAction","target":["https:\/\/www.ccaniene.com\/en\/nuoto-simona-quadarella-argento-bis-con-record-agli-europei\/"]}]},{"@type":"ImageObject","inLanguage":"it-IT","@id":"https:\/\/www.ccaniene.com\/en\/nuoto-simona-quadarella-argento-bis-con-record-agli-europei\/#primaryimage","url":"https:\/\/www.ccaniene.com\/wp-content\/uploads\/2025\/12\/simona-quadarella-lublino.jpeg","contentUrl":"https:\/\/www.ccaniene.com\/wp-content\/uploads\/2025\/12\/simona-quadarella-lublino.jpeg","width":1000,"height":666},{"@type":"BreadcrumbList","@id":"https:\/\/www.ccaniene.com\/en\/nuoto-simona-quadarella-argento-bis-con-record-agli-europei\/#breadcrumb","itemListElement":[{"@type":"ListItem","position":1,"name":"Home","item":"https:\/\/www.ccaniene.com\/en\/"},{"@type":"ListItem","position":2,"name":"Nuoto, Simona Quadarella argento bis con record agli Europei"}]},{"@type":"WebSite","@id":"https:\/\/www.ccaniene.com\/it_it\/#website","url":"https:\/\/www.ccaniene.com\/it_it\/","name":"Circolo Canottieri Aniene","description":"Collare d&#039;Oro e Stella d&#039;Oro al Merito Sportivo","potentialAction":[{"@type":"SearchAction","target":{"@type":"EntryPoint","urlTemplate":"https:\/\/www.ccaniene.com\/it_it\/?s={search_term_string}"},"query-input":{"@type":"PropertyValueSpecification","valueRequired":true,"valueName":"search_term_string"}}],"inLanguage":"it-IT"},{"@type":"Person","@id":"https:\/\/www.ccaniene.com\/it_it\/#\/schema\/person\/6042bd0ba360674279dffd4247d570ed","name":"carlo.san@tin.it","image":{"@type":"ImageObject","inLanguage":"it-IT","@id":"https:\/\/www.ccaniene.com\/it_it\/#\/schema\/person\/image\/","url":"https:\/\/secure.gravatar.com\/avatar\/f993a459d0ffe4d666e4c917fef20ca9?s=96&d=mm&r=g","contentUrl":"https:\/\/secure.gravatar.com\/avatar\/f993a459d0ffe4d666e4c917fef20ca9?s=96&d=mm&r=g","caption":"carlo.san@tin.it"},"url":"https:\/\/www.ccaniene.com\/it_it\/author\/carlo-santi-2\/"}]}},"_links":{"self":[{"href":"https:\/\/www.ccaniene.com\/it_it\/wp-json\/wp\/v2\/posts\/30182"}],"collection":[{"href":"https:\/\/www.ccaniene.com\/it_it\/wp-json\/wp\/v2\/posts"}],"about":[{"href":"https:\/\/www.ccaniene.com\/it_it\/wp-json\/wp\/v2\/types\/post"}],"author":[{"embeddable":true,"href":"https:\/\/www.ccaniene.com\/it_it\/wp-json\/wp\/v2\/users\/23521"}],"replies":[{"embeddable":true,"href":"https:\/\/www.ccaniene.com\/it_it\/wp-json\/wp\/v2\/comments?post=30182"}],"version-history":[{"count":1,"href":"https:\/\/www.ccaniene.com\/it_it\/wp-json\/wp\/v2\/posts\/30182\/revisions"}],"predecessor-version":[{"id":30184,"href":"https:\/\/www.ccaniene.com\/it_it\/wp-json\/wp\/v2\/posts\/30182\/revisions\/30184"}],"wp:featuredmedia":[{"embeddable":true,"href":"https:\/\/www.ccaniene.com\/it_it\/wp-json\/wp\/v2\/media\/30183"}],"wp:attachment":[{"href":"https:\/\/www.ccaniene.com\/it_it\/wp-json\/wp\/v2\/media?parent=30182"}],"wp:term":[{"taxonomy":"category","embeddable":true,"href":"https:\/\/www.ccaniene.com\/it_it\/wp-json\/wp\/v2\/categories?post=30182"},{"taxonomy":"post_tag","embeddable":true,"href":"https:\/\/www.ccaniene.com\/it_it\/wp-json\/wp\/v2\/tags?post=30182"}],"curies":[{"name":"wp","href":"https:\/\/api.w.org\/{rel}","templated":true}]}}