{"id":29821,"date":"2025-06-28T22:04:20","date_gmt":"2025-06-28T20:04:20","guid":{"rendered":"https:\/\/www.ccaniene.com\/?p=29821"},"modified":"2025-06-28T22:04:21","modified_gmt":"2025-06-28T20:04:21","slug":"settecolli-il-giorno-di-francesca-romana-furfaro","status":"publish","type":"post","link":"https:\/\/www.ccaniene.com\/it_it\/settecolli-il-giorno-di-francesca-romana-furfaro\/","title":{"rendered":"Settecolli, il giorno di Francesca Romana Furfaro"},"content":{"rendered":"\n<p>Giornata conclusiva del Settecolli numero 61 con la bella sorpresa del successo di Francesca Romana Furfaro, la romana che ha vinto i 200 dorso battendo l\u2019inglese e superfavorita Holly McGill seconda in 2\u201911\u201d92. L\u2019atleta ventiduenne tesserata per CC Aniene, allenata da Gianluca Belfiore, ha siglato un buon 2\u201911\u201d74 a dieci centesimi dal suo primato.<\/p>\n\n\n\n<p>Grande prestazione per Silvia Di Pietro nei 50sl. La trentaduenne romana del CC Aniene ha toccato al secondo posto in 24\u201d81. \u00abIl mio obiettivo \u00e8 mantenere una condizione accettabile fino a dicembre ed essere protagonista ai Mondiali in corta di Lublino; gareggiare qui per me \u00e8 il massimo\u00bb, ha affermato Silvia.<\/p>\n\n\n\n<p>Nicol\u00f2 Martinenghi ha centrato il terzo posto nei 200 rana, gara che potrebbe rappresentare il suo futuro. Il campione olimpico dei 100 ha nuotato in 2\u201910\u201d00, dopo essere stato in testa fino alla virata dei centocinquanta metri. \u00abHo capito adesso perch\u00e9 non nuoto spesso i 200 rana: sono sfiancati &#8211; ha affermato Nicol\u00f2 &#8211; Per\u00f2 mi sono divertito tantissimo e non escludo di prepararli meglio in futuro. Sono contento di quello che ho dimostrato oggi, consapevole che ai Mondiali sar\u00f2 in ben altre condizioni\u00bb.<\/p>\n\n\n\n<p>Foto di Andrea Staccioli \/ DBM<\/p>\n","protected":false},"excerpt":{"rendered":"<p>Giornata conclusiva del Settecolli numero 61 con la bella sorpresa del successo di Francesca Romana Furfaro, la romana che ha vinto i 200 dorso battendo l\u2019inglese e superfavorita Holly McGill seconda in 2\u201911\u201d92. L\u2019atleta ventiduenne tesserata per CC Aniene, allenata da Gianluca Belfiore, ha siglato un buon 2\u201911\u201d74 a dieci centesimi dal suo primato. Grande [&hellip;]<\/p>\n","protected":false},"author":23521,"featured_media":29822,"comment_status":"closed","ping_status":"closed","sticky":false,"template":"","format":"standard","meta":{"pmpro_default_level":0,"footnotes":"","_links_to":"","_links_to_target":""},"categories":[1,11],"tags":[],"class_list":["post-29821","post","type-post","status-publish","format-standard","has-post-thumbnail","hentry","category-news","category-nuoto","pmpro-has-access"],"featured_image_urls":{"medium":"https:\/\/www.ccaniene.com\/wp-content\/uploads\/2025\/06\/francesca-romana-furfato-settecolli-800x533.jpeg","thumbnail":"https:\/\/www.ccaniene.com\/wp-content\/uploads\/2025\/06\/francesca-romana-furfato-settecolli-400x400.jpeg","medium_large":"https:\/\/www.ccaniene.com\/wp-content\/uploads\/2025\/06\/francesca-romana-furfato-settecolli-768x512.jpeg","trp-custom-language-flag":"https:\/\/www.ccaniene.com\/wp-content\/uploads\/2025\/06\/francesca-romana-furfato-settecolli-18x12.jpeg","qi_addons_for_elementor_image_size_square":"https:\/\/www.ccaniene.com\/wp-content\/uploads\/2025\/06\/francesca-romana-furfato-settecolli-650x650.jpeg","qi_addons_for_elementor_image_size_landscape":"https:\/\/www.ccaniene.com\/wp-content\/uploads\/2025\/06\/francesca-romana-furfato-settecolli-1024x650.jpeg","qi_addons_for_elementor_image_size_portrait":"https:\/\/www.ccaniene.com\/wp-content\/uploads\/2025\/06\/francesca-romana-furfato-settecolli-650x682.jpeg","fairwaygreen_core_image_size_square":"https:\/\/www.ccaniene.com\/wp-content\/uploads\/2025\/06\/francesca-romana-furfato-settecolli-650x650.jpeg","fairwaygreen_core_image_size_landscape":"https:\/\/www.ccaniene.com\/wp-content\/uploads\/2025\/06\/francesca-romana-furfato-settecolli-1024x650.jpeg","fairwaygreen_core_image_size_portrait":"https:\/\/www.ccaniene.com\/wp-content\/uploads\/2025\/06\/francesca-romana-furfato-settecolli-650x682.jpeg","photo-blog":"https:\/\/www.ccaniene.com\/wp-content\/uploads\/2025\/06\/francesca-romana-furfato-settecolli-768x512.jpeg","cmplz_banner_image":"https:\/\/www.ccaniene.com\/wp-content\/uploads\/2025\/06\/francesca-romana-furfato-settecolli-350x100.jpeg"},"appp_media":null,"yoast_head":"<!-- This site is optimized with the Yoast SEO plugin v23.6 - https:\/\/yoast.com\/wordpress\/plugins\/seo\/ -->\n<title>Settecolli, il giorno di Francesca Romana Furfaro - Circolo Canottieri Aniene<\/title>\n<meta name=\"robots\" content=\"index, follow, max-snippet:-1, max-image-preview:large, max-video-preview:-1\" \/>\n<link rel=\"canonical\" href=\"https:\/\/www.ccaniene.com\/it_it\/settecolli-il-giorno-di-francesca-romana-furfaro\/\" \/>\n<meta property=\"og:locale\" content=\"it_IT\" \/>\n<meta property=\"og:type\" content=\"article\" \/>\n<meta property=\"og:title\" content=\"Settecolli, il giorno di Francesca Romana Furfaro - Circolo Canottieri Aniene\" \/>\n<meta property=\"og:description\" content=\"Giornata conclusiva del Settecolli numero 61 con la bella sorpresa del successo di Francesca Romana Furfaro, la romana che ha vinto i 200 dorso battendo l\u2019inglese e superfavorita Holly McGill seconda in 2\u201911\u201d92. L\u2019atleta ventiduenne tesserata per CC Aniene, allenata da Gianluca Belfiore, ha siglato un buon 2\u201911\u201d74 a dieci centesimi dal suo primato. Grande [&hellip;]\" \/>\n<meta property=\"og:url\" content=\"https:\/\/www.ccaniene.com\/it_it\/settecolli-il-giorno-di-francesca-romana-furfaro\/\" \/>\n<meta property=\"og:site_name\" content=\"Circolo Canottieri Aniene\" \/>\n<meta property=\"article:published_time\" content=\"2025-06-28T20:04:20+00:00\" \/>\n<meta property=\"article:modified_time\" content=\"2025-06-28T20:04:21+00:00\" \/>\n<meta property=\"og:image\" content=\"https:\/\/www.ccaniene.com\/wp-content\/uploads\/2025\/06\/francesca-romana-furfato-settecolli.jpeg\" \/>\n\t<meta property=\"og:image:width\" content=\"1024\" \/>\n\t<meta property=\"og:image:height\" content=\"682\" \/>\n\t<meta property=\"og:image:type\" content=\"image\/jpeg\" \/>\n<meta name=\"author\" content=\"carlo.san@tin.it\" \/>\n<meta name=\"twitter:card\" content=\"summary_large_image\" \/>\n<meta name=\"twitter:label1\" content=\"Scritto da\" \/>\n\t<meta name=\"twitter:data1\" content=\"carlo.san@tin.it\" \/>\n\t<meta name=\"twitter:label2\" content=\"Tempo di lettura stimato\" \/>\n\t<meta name=\"twitter:data2\" content=\"2 minuti\" \/>\n<script type=\"application\/ld+json\" class=\"yoast-schema-graph\">{\"@context\":\"https:\/\/schema.org\",\"@graph\":[{\"@type\":\"WebPage\",\"@id\":\"https:\/\/www.ccaniene.com\/en\/settecolli-il-giorno-di-francesca-romana-furfaro\/\",\"url\":\"https:\/\/www.ccaniene.com\/en\/settecolli-il-giorno-di-francesca-romana-furfaro\/\",\"name\":\"Settecolli, il giorno di Francesca Romana Furfaro - Circolo Canottieri Aniene\",\"isPartOf\":{\"@id\":\"http:\/\/www.ccaniene.com\/it_it\/#website\"},\"primaryImageOfPage\":{\"@id\":\"https:\/\/www.ccaniene.com\/en\/settecolli-il-giorno-di-francesca-romana-furfaro\/#primaryimage\"},\"image\":{\"@id\":\"https:\/\/www.ccaniene.com\/en\/settecolli-il-giorno-di-francesca-romana-furfaro\/#primaryimage\"},\"thumbnailUrl\":\"https:\/\/www.ccaniene.com\/wp-content\/uploads\/2025\/06\/francesca-romana-furfato-settecolli.jpeg\",\"datePublished\":\"2025-06-28T20:04:20+00:00\",\"dateModified\":\"2025-06-28T20:04:21+00:00\",\"author\":{\"@id\":\"http:\/\/www.ccaniene.com\/it_it\/#\/schema\/person\/6042bd0ba360674279dffd4247d570ed\"},\"breadcrumb\":{\"@id\":\"https:\/\/www.ccaniene.com\/en\/settecolli-il-giorno-di-francesca-romana-furfaro\/#breadcrumb\"},\"inLanguage\":\"it-IT\",\"potentialAction\":[{\"@type\":\"ReadAction\",\"target\":[\"https:\/\/www.ccaniene.com\/en\/settecolli-il-giorno-di-francesca-romana-furfaro\/\"]}]},{\"@type\":\"ImageObject\",\"inLanguage\":\"it-IT\",\"@id\":\"https:\/\/www.ccaniene.com\/en\/settecolli-il-giorno-di-francesca-romana-furfaro\/#primaryimage\",\"url\":\"https:\/\/www.ccaniene.com\/wp-content\/uploads\/2025\/06\/francesca-romana-furfato-settecolli.jpeg\",\"contentUrl\":\"https:\/\/www.ccaniene.com\/wp-content\/uploads\/2025\/06\/francesca-romana-furfato-settecolli.jpeg\",\"width\":1024,\"height\":682},{\"@type\":\"BreadcrumbList\",\"@id\":\"https:\/\/www.ccaniene.com\/en\/settecolli-il-giorno-di-francesca-romana-furfaro\/#breadcrumb\",\"itemListElement\":[{\"@type\":\"ListItem\",\"position\":1,\"name\":\"Home\",\"item\":\"http:\/\/www.ccaniene.com\/it_it\/\"},{\"@type\":\"ListItem\",\"position\":2,\"name\":\"Settecolli, il giorno di Francesca Romana Furfaro\"}]},{\"@type\":\"WebSite\",\"@id\":\"http:\/\/www.ccaniene.com\/it_it\/#website\",\"url\":\"http:\/\/www.ccaniene.com\/it_it\/\",\"name\":\"Circolo Canottieri Aniene\",\"description\":\"Collare d&#039;Oro e Stella d&#039;Oro al Merito Sportivo\",\"potentialAction\":[{\"@type\":\"SearchAction\",\"target\":{\"@type\":\"EntryPoint\",\"urlTemplate\":\"http:\/\/www.ccaniene.com\/it_it\/?s={search_term_string}\"},\"query-input\":{\"@type\":\"PropertyValueSpecification\",\"valueRequired\":true,\"valueName\":\"search_term_string\"}}],\"inLanguage\":\"it-IT\"},{\"@type\":\"Person\",\"@id\":\"http:\/\/www.ccaniene.com\/it_it\/#\/schema\/person\/6042bd0ba360674279dffd4247d570ed\",\"name\":\"carlo.san@tin.it\",\"image\":{\"@type\":\"ImageObject\",\"inLanguage\":\"it-IT\",\"@id\":\"http:\/\/www.ccaniene.com\/it_it\/#\/schema\/person\/image\/\",\"url\":\"https:\/\/secure.gravatar.com\/avatar\/f993a459d0ffe4d666e4c917fef20ca9?s=96&d=mm&r=g\",\"contentUrl\":\"https:\/\/secure.gravatar.com\/avatar\/f993a459d0ffe4d666e4c917fef20ca9?s=96&d=mm&r=g\",\"caption\":\"carlo.san@tin.it\"},\"url\":\"https:\/\/www.ccaniene.com\/it_it\/author\/carlo-santi-2\/\"}]}<\/script>\n<!-- \/ Yoast SEO plugin. -->","yoast_head_json":{"title":"Settecolli, il giorno di Francesca Romana Furfaro - Circolo Canottieri Aniene","robots":{"index":"index","follow":"follow","max-snippet":"max-snippet:-1","max-image-preview":"max-image-preview:large","max-video-preview":"max-video-preview:-1"},"canonical":"https:\/\/www.ccaniene.com\/it_it\/settecolli-il-giorno-di-francesca-romana-furfaro\/","og_locale":"it_IT","og_type":"article","og_title":"Settecolli, il giorno di Francesca Romana Furfaro - Circolo Canottieri Aniene","og_description":"Giornata conclusiva del Settecolli numero 61 con la bella sorpresa del successo di Francesca Romana Furfaro, la romana che ha vinto i 200 dorso battendo l\u2019inglese e superfavorita Holly McGill seconda in 2\u201911\u201d92. L\u2019atleta ventiduenne tesserata per CC Aniene, allenata da Gianluca Belfiore, ha siglato un buon 2\u201911\u201d74 a dieci centesimi dal suo primato. Grande [&hellip;]","og_url":"https:\/\/www.ccaniene.com\/it_it\/settecolli-il-giorno-di-francesca-romana-furfaro\/","og_site_name":"Circolo Canottieri Aniene","article_published_time":"2025-06-28T20:04:20+00:00","article_modified_time":"2025-06-28T20:04:21+00:00","og_image":[{"width":1024,"height":682,"url":"https:\/\/www.ccaniene.com\/wp-content\/uploads\/2025\/06\/francesca-romana-furfato-settecolli.jpeg","type":"image\/jpeg"}],"author":"carlo.san@tin.it","twitter_card":"summary_large_image","twitter_misc":{"Scritto da":"carlo.san@tin.it","Tempo di lettura stimato":"2 minuti"},"schema":{"@context":"https:\/\/schema.org","@graph":[{"@type":"WebPage","@id":"https:\/\/www.ccaniene.com\/en\/settecolli-il-giorno-di-francesca-romana-furfaro\/","url":"https:\/\/www.ccaniene.com\/en\/settecolli-il-giorno-di-francesca-romana-furfaro\/","name":"Settecolli, il giorno di Francesca Romana Furfaro - Circolo Canottieri Aniene","isPartOf":{"@id":"http:\/\/www.ccaniene.com\/it_it\/#website"},"primaryImageOfPage":{"@id":"https:\/\/www.ccaniene.com\/en\/settecolli-il-giorno-di-francesca-romana-furfaro\/#primaryimage"},"image":{"@id":"https:\/\/www.ccaniene.com\/en\/settecolli-il-giorno-di-francesca-romana-furfaro\/#primaryimage"},"thumbnailUrl":"https:\/\/www.ccaniene.com\/wp-content\/uploads\/2025\/06\/francesca-romana-furfato-settecolli.jpeg","datePublished":"2025-06-28T20:04:20+00:00","dateModified":"2025-06-28T20:04:21+00:00","author":{"@id":"http:\/\/www.ccaniene.com\/it_it\/#\/schema\/person\/6042bd0ba360674279dffd4247d570ed"},"breadcrumb":{"@id":"https:\/\/www.ccaniene.com\/en\/settecolli-il-giorno-di-francesca-romana-furfaro\/#breadcrumb"},"inLanguage":"it-IT","potentialAction":[{"@type":"ReadAction","target":["https:\/\/www.ccaniene.com\/en\/settecolli-il-giorno-di-francesca-romana-furfaro\/"]}]},{"@type":"ImageObject","inLanguage":"it-IT","@id":"https:\/\/www.ccaniene.com\/en\/settecolli-il-giorno-di-francesca-romana-furfaro\/#primaryimage","url":"https:\/\/www.ccaniene.com\/wp-content\/uploads\/2025\/06\/francesca-romana-furfato-settecolli.jpeg","contentUrl":"https:\/\/www.ccaniene.com\/wp-content\/uploads\/2025\/06\/francesca-romana-furfato-settecolli.jpeg","width":1024,"height":682},{"@type":"BreadcrumbList","@id":"https:\/\/www.ccaniene.com\/en\/settecolli-il-giorno-di-francesca-romana-furfaro\/#breadcrumb","itemListElement":[{"@type":"ListItem","position":1,"name":"Home","item":"http:\/\/www.ccaniene.com\/it_it\/"},{"@type":"ListItem","position":2,"name":"Settecolli, il giorno di Francesca Romana Furfaro"}]},{"@type":"WebSite","@id":"http:\/\/www.ccaniene.com\/it_it\/#website","url":"http:\/\/www.ccaniene.com\/it_it\/","name":"Circolo Canottieri Aniene","description":"Collare d&#039;Oro e Stella d&#039;Oro al Merito Sportivo","potentialAction":[{"@type":"SearchAction","target":{"@type":"EntryPoint","urlTemplate":"http:\/\/www.ccaniene.com\/it_it\/?s={search_term_string}"},"query-input":{"@type":"PropertyValueSpecification","valueRequired":true,"valueName":"search_term_string"}}],"inLanguage":"it-IT"},{"@type":"Person","@id":"http:\/\/www.ccaniene.com\/it_it\/#\/schema\/person\/6042bd0ba360674279dffd4247d570ed","name":"carlo.san@tin.it","image":{"@type":"ImageObject","inLanguage":"it-IT","@id":"http:\/\/www.ccaniene.com\/it_it\/#\/schema\/person\/image\/","url":"https:\/\/secure.gravatar.com\/avatar\/f993a459d0ffe4d666e4c917fef20ca9?s=96&d=mm&r=g","contentUrl":"https:\/\/secure.gravatar.com\/avatar\/f993a459d0ffe4d666e4c917fef20ca9?s=96&d=mm&r=g","caption":"carlo.san@tin.it"},"url":"https:\/\/www.ccaniene.com\/it_it\/author\/carlo-santi-2\/"}]}},"_links":{"self":[{"href":"https:\/\/www.ccaniene.com\/it_it\/wp-json\/wp\/v2\/posts\/29821"}],"collection":[{"href":"https:\/\/www.ccaniene.com\/it_it\/wp-json\/wp\/v2\/posts"}],"about":[{"href":"https:\/\/www.ccaniene.com\/it_it\/wp-json\/wp\/v2\/types\/post"}],"author":[{"embeddable":true,"href":"https:\/\/www.ccaniene.com\/it_it\/wp-json\/wp\/v2\/users\/23521"}],"replies":[{"embeddable":true,"href":"https:\/\/www.ccaniene.com\/it_it\/wp-json\/wp\/v2\/comments?post=29821"}],"version-history":[{"count":1,"href":"https:\/\/www.ccaniene.com\/it_it\/wp-json\/wp\/v2\/posts\/29821\/revisions"}],"predecessor-version":[{"id":29823,"href":"https:\/\/www.ccaniene.com\/it_it\/wp-json\/wp\/v2\/posts\/29821\/revisions\/29823"}],"wp:featuredmedia":[{"embeddable":true,"href":"https:\/\/www.ccaniene.com\/it_it\/wp-json\/wp\/v2\/media\/29822"}],"wp:attachment":[{"href":"https:\/\/www.ccaniene.com\/it_it\/wp-json\/wp\/v2\/media?parent=29821"}],"wp:term":[{"taxonomy":"category","embeddable":true,"href":"https:\/\/www.ccaniene.com\/it_it\/wp-json\/wp\/v2\/categories?post=29821"},{"taxonomy":"post_tag","embeddable":true,"href":"https:\/\/www.ccaniene.com\/it_it\/wp-json\/wp\/v2\/tags?post=29821"}],"curies":[{"name":"wp","href":"https:\/\/api.w.org\/{rel}","templated":true}]}}