{"id":29805,"date":"2025-06-26T15:15:16","date_gmt":"2025-06-26T13:15:16","guid":{"rendered":"https:\/\/www.ccaniene.com\/?p=29805"},"modified":"2025-06-26T15:15:17","modified_gmt":"2025-06-26T13:15:17","slug":"luciano-buonfiglio-e-il-nuovo-presidente-del-coni","status":"publish","type":"post","link":"https:\/\/www.ccaniene.com\/it_it\/luciano-buonfiglio-e-il-nuovo-presidente-del-coni\/","title":{"rendered":"Luciano Buonfiglio \u00e8 il nuovo Presidente del Coni"},"content":{"rendered":"\n<p>Complimenti al nuovo Presidente del Coni: \u00e8 Luciano Buonfiglio, attuale numero 1 della Federcanoa. Succede a Giovanni Malag\u00f2 che \u00e8 stato il Presidente dello sport italiano dal 19 febbraio 2013. Malag\u00f2 rimane nel governo del Coni in qualit\u00e0 di membro di Giunta essendo membro del Comitato Internazionale Olimpico e con lui Federica Pellegrini, anche lei membro Cio e socia onoraria del Circolo Canottieri Aniene.<\/p>\n\n\n\n<p>Buonfiglio \u00e8 stato eletto Presidente del Coni nella prima votazione a maggioranza assoluta dagli aventi diritto (81) con 47 preferenze contro le 34 di Luca Pancalli.<\/p>\n\n\n\n<p>Carlo Mornati, socio per meriti sportivi del nostro Circolo, \u00e8 stato riconfermato nel ruolo di segretario generale.<\/p>\n\n\n\n<p>La nuova Giunta \u00e8 cos\u00ec composta:<\/p>\n\n\n\n<p>Rappresentanti FSN-DSA: Laura Lunetta (Danza Sportiva), Diana Bianchedi, Marco Di Paola, Francesco Ettorre, Francesco Montini, Tania Cagnotto e Giovanni Copioli (Motociclismo).<\/p>\n\n\n\n<p>Atleti: Valentina Rodini (Canottaggio) e Giampaolo Ricci (Pallacanestro).<\/p>\n\n\n\n<p>Tecnici: Elisabet Spina (Calcio).<\/p>\n\n\n\n<p>Enti di Promozione Sportiva: Juri Morico (Opes).<\/p>\n\n\n\n<p>Rappresentanti Comitati Regionali: Marco Riva.<\/p>\n\n\n\n<p>Rappresentanti Delegati Provinciali: Domenico Ignozza.<\/p>\n\n\n\n<p>La Giunta Nazionale, riunitasi presso il Palazzetto Polifunzionale del Centro di Preparazione Olimpica \u201cGiulio Onesti\u201d di Roma a seguito dei lavori assembleari, ha quindi scelto come Vice Presidenti Diana Bianchedi (vicario) e Marco Di Paola e ha provveduto a confermare Carlo Mornati come Segretario Generale dell\u2019Ente.<\/p>\n\n\n\n<figure class=\"wp-block-gallery has-nested-images columns-default is-cropped wp-block-gallery-1 is-layout-flex wp-block-gallery-is-layout-flex\">\n<figure class=\"wp-block-image size-large\"><img fetchpriority=\"high\" decoding=\"async\" width=\"300\" height=\"200\" data-id=\"29807\" src=\"http:\/\/www.ccaniene.com\/wp-content\/uploads\/2025\/06\/giovanni-malago.jpeg\" alt=\"\" class=\"wp-image-29807\" srcset=\"https:\/\/www.ccaniene.com\/wp-content\/uploads\/2025\/06\/giovanni-malago.jpeg 300w, https:\/\/www.ccaniene.com\/wp-content\/uploads\/2025\/06\/giovanni-malago-18x12.jpeg 18w\" sizes=\"(max-width: 300px) 100vw, 300px\" \/><\/figure>\n<\/figure>\n","protected":false},"excerpt":{"rendered":"<p>Complimenti al nuovo Presidente del Coni: \u00e8 Luciano Buonfiglio, attuale numero 1 della Federcanoa. Succede a Giovanni Malag\u00f2 che \u00e8 stato il Presidente dello sport italiano dal 19 febbraio 2013. Malag\u00f2 rimane nel governo del Coni in qualit\u00e0 di membro di Giunta essendo membro del Comitato Internazionale Olimpico e con lui Federica Pellegrini, anche lei [&hellip;]<\/p>\n","protected":false},"author":23521,"featured_media":29806,"comment_status":"closed","ping_status":"closed","sticky":false,"template":"","format":"standard","meta":{"pmpro_default_level":0,"footnotes":"","_links_to":"","_links_to_target":""},"categories":[1],"tags":[],"class_list":["post-29805","post","type-post","status-publish","format-standard","has-post-thumbnail","hentry","category-news","pmpro-has-access"],"featured_image_urls":{"medium":"https:\/\/www.ccaniene.com\/wp-content\/uploads\/2025\/06\/luciano-buonfiglio-800x472.jpeg","thumbnail":"https:\/\/www.ccaniene.com\/wp-content\/uploads\/2025\/06\/luciano-buonfiglio-400x400.jpeg","medium_large":"https:\/\/www.ccaniene.com\/wp-content\/uploads\/2025\/06\/luciano-buonfiglio-768x453.jpeg","trp-custom-language-flag":"https:\/\/www.ccaniene.com\/wp-content\/uploads\/2025\/06\/luciano-buonfiglio-18x12.jpeg","qi_addons_for_elementor_image_size_square":"https:\/\/www.ccaniene.com\/wp-content\/uploads\/2025\/06\/luciano-buonfiglio-650x590.jpeg","qi_addons_for_elementor_image_size_portrait":"https:\/\/www.ccaniene.com\/wp-content\/uploads\/2025\/06\/luciano-buonfiglio-650x590.jpeg","fairwaygreen_core_image_size_square":"https:\/\/www.ccaniene.com\/wp-content\/uploads\/2025\/06\/luciano-buonfiglio-650x590.jpeg","fairwaygreen_core_image_size_portrait":"https:\/\/www.ccaniene.com\/wp-content\/uploads\/2025\/06\/luciano-buonfiglio-650x590.jpeg","photo-blog":"https:\/\/www.ccaniene.com\/wp-content\/uploads\/2025\/06\/luciano-buonfiglio-768x453.jpeg","cmplz_banner_image":"https:\/\/www.ccaniene.com\/wp-content\/uploads\/2025\/06\/luciano-buonfiglio-350x100.jpeg"},"appp_media":null,"yoast_head":"<!-- This site is optimized with the Yoast SEO plugin v23.6 - https:\/\/yoast.com\/wordpress\/plugins\/seo\/ -->\n<title>Luciano Buonfiglio \u00e8 il nuovo Presidente del Coni - Circolo Canottieri Aniene<\/title>\n<meta name=\"robots\" content=\"index, follow, max-snippet:-1, max-image-preview:large, max-video-preview:-1\" \/>\n<link rel=\"canonical\" href=\"https:\/\/www.ccaniene.com\/it_it\/luciano-buonfiglio-e-il-nuovo-presidente-del-coni\/\" \/>\n<meta property=\"og:locale\" content=\"it_IT\" \/>\n<meta property=\"og:type\" content=\"article\" \/>\n<meta property=\"og:title\" content=\"Luciano Buonfiglio \u00e8 il nuovo Presidente del Coni - Circolo Canottieri Aniene\" \/>\n<meta property=\"og:description\" content=\"Complimenti al nuovo Presidente del Coni: \u00e8 Luciano Buonfiglio, attuale numero 1 della Federcanoa. Succede a Giovanni Malag\u00f2 che \u00e8 stato il Presidente dello sport italiano dal 19 febbraio 2013. Malag\u00f2 rimane nel governo del Coni in qualit\u00e0 di membro di Giunta essendo membro del Comitato Internazionale Olimpico e con lui Federica Pellegrini, anche lei [&hellip;]\" \/>\n<meta property=\"og:url\" content=\"https:\/\/www.ccaniene.com\/it_it\/luciano-buonfiglio-e-il-nuovo-presidente-del-coni\/\" \/>\n<meta property=\"og:site_name\" content=\"Circolo Canottieri Aniene\" \/>\n<meta property=\"article:published_time\" content=\"2025-06-26T13:15:16+00:00\" \/>\n<meta property=\"article:modified_time\" content=\"2025-06-26T13:15:17+00:00\" \/>\n<meta property=\"og:image\" content=\"https:\/\/www.ccaniene.com\/wp-content\/uploads\/2025\/06\/luciano-buonfiglio.jpeg\" \/>\n\t<meta property=\"og:image:width\" content=\"1000\" \/>\n\t<meta property=\"og:image:height\" content=\"590\" \/>\n\t<meta property=\"og:image:type\" content=\"image\/jpeg\" \/>\n<meta name=\"author\" content=\"carlo.san@tin.it\" \/>\n<meta name=\"twitter:card\" content=\"summary_large_image\" \/>\n<meta name=\"twitter:label1\" content=\"Scritto da\" \/>\n\t<meta name=\"twitter:data1\" content=\"carlo.san@tin.it\" \/>\n\t<meta name=\"twitter:label2\" content=\"Tempo di lettura stimato\" \/>\n\t<meta name=\"twitter:data2\" content=\"2 minuti\" \/>\n<script type=\"application\/ld+json\" class=\"yoast-schema-graph\">{\"@context\":\"https:\/\/schema.org\",\"@graph\":[{\"@type\":\"WebPage\",\"@id\":\"https:\/\/www.ccaniene.com\/en\/luciano-buonfiglio-e-il-nuovo-presidente-del-coni\/\",\"url\":\"https:\/\/www.ccaniene.com\/en\/luciano-buonfiglio-e-il-nuovo-presidente-del-coni\/\",\"name\":\"Luciano Buonfiglio \u00e8 il nuovo Presidente del Coni - Circolo Canottieri Aniene\",\"isPartOf\":{\"@id\":\"http:\/\/www.ccaniene.com\/it_it\/#website\"},\"primaryImageOfPage\":{\"@id\":\"https:\/\/www.ccaniene.com\/en\/luciano-buonfiglio-e-il-nuovo-presidente-del-coni\/#primaryimage\"},\"image\":{\"@id\":\"https:\/\/www.ccaniene.com\/en\/luciano-buonfiglio-e-il-nuovo-presidente-del-coni\/#primaryimage\"},\"thumbnailUrl\":\"https:\/\/www.ccaniene.com\/wp-content\/uploads\/2025\/06\/luciano-buonfiglio.jpeg\",\"datePublished\":\"2025-06-26T13:15:16+00:00\",\"dateModified\":\"2025-06-26T13:15:17+00:00\",\"author\":{\"@id\":\"http:\/\/www.ccaniene.com\/it_it\/#\/schema\/person\/6042bd0ba360674279dffd4247d570ed\"},\"breadcrumb\":{\"@id\":\"https:\/\/www.ccaniene.com\/en\/luciano-buonfiglio-e-il-nuovo-presidente-del-coni\/#breadcrumb\"},\"inLanguage\":\"it-IT\",\"potentialAction\":[{\"@type\":\"ReadAction\",\"target\":[\"https:\/\/www.ccaniene.com\/en\/luciano-buonfiglio-e-il-nuovo-presidente-del-coni\/\"]}]},{\"@type\":\"ImageObject\",\"inLanguage\":\"it-IT\",\"@id\":\"https:\/\/www.ccaniene.com\/en\/luciano-buonfiglio-e-il-nuovo-presidente-del-coni\/#primaryimage\",\"url\":\"https:\/\/www.ccaniene.com\/wp-content\/uploads\/2025\/06\/luciano-buonfiglio.jpeg\",\"contentUrl\":\"https:\/\/www.ccaniene.com\/wp-content\/uploads\/2025\/06\/luciano-buonfiglio.jpeg\",\"width\":1000,\"height\":590},{\"@type\":\"BreadcrumbList\",\"@id\":\"https:\/\/www.ccaniene.com\/en\/luciano-buonfiglio-e-il-nuovo-presidente-del-coni\/#breadcrumb\",\"itemListElement\":[{\"@type\":\"ListItem\",\"position\":1,\"name\":\"Home\",\"item\":\"http:\/\/www.ccaniene.com\/it_it\/\"},{\"@type\":\"ListItem\",\"position\":2,\"name\":\"Luciano Buonfiglio \u00e8 il nuovo Presidente del Coni\"}]},{\"@type\":\"WebSite\",\"@id\":\"http:\/\/www.ccaniene.com\/it_it\/#website\",\"url\":\"http:\/\/www.ccaniene.com\/it_it\/\",\"name\":\"Circolo Canottieri Aniene\",\"description\":\"Collare d&#039;Oro e Stella d&#039;Oro al Merito Sportivo\",\"potentialAction\":[{\"@type\":\"SearchAction\",\"target\":{\"@type\":\"EntryPoint\",\"urlTemplate\":\"http:\/\/www.ccaniene.com\/it_it\/?s={search_term_string}\"},\"query-input\":{\"@type\":\"PropertyValueSpecification\",\"valueRequired\":true,\"valueName\":\"search_term_string\"}}],\"inLanguage\":\"it-IT\"},{\"@type\":\"Person\",\"@id\":\"http:\/\/www.ccaniene.com\/it_it\/#\/schema\/person\/6042bd0ba360674279dffd4247d570ed\",\"name\":\"carlo.san@tin.it\",\"image\":{\"@type\":\"ImageObject\",\"inLanguage\":\"it-IT\",\"@id\":\"http:\/\/www.ccaniene.com\/it_it\/#\/schema\/person\/image\/\",\"url\":\"https:\/\/secure.gravatar.com\/avatar\/f993a459d0ffe4d666e4c917fef20ca9?s=96&d=mm&r=g\",\"contentUrl\":\"https:\/\/secure.gravatar.com\/avatar\/f993a459d0ffe4d666e4c917fef20ca9?s=96&d=mm&r=g\",\"caption\":\"carlo.san@tin.it\"},\"url\":\"https:\/\/www.ccaniene.com\/it_it\/author\/carlo-santi-2\/\"}]}<\/script>\n<!-- \/ Yoast SEO plugin. -->","yoast_head_json":{"title":"Luciano Buonfiglio \u00e8 il nuovo Presidente del Coni - Circolo Canottieri Aniene","robots":{"index":"index","follow":"follow","max-snippet":"max-snippet:-1","max-image-preview":"max-image-preview:large","max-video-preview":"max-video-preview:-1"},"canonical":"https:\/\/www.ccaniene.com\/it_it\/luciano-buonfiglio-e-il-nuovo-presidente-del-coni\/","og_locale":"it_IT","og_type":"article","og_title":"Luciano Buonfiglio \u00e8 il nuovo Presidente del Coni - Circolo Canottieri Aniene","og_description":"Complimenti al nuovo Presidente del Coni: \u00e8 Luciano Buonfiglio, attuale numero 1 della Federcanoa. Succede a Giovanni Malag\u00f2 che \u00e8 stato il Presidente dello sport italiano dal 19 febbraio 2013. Malag\u00f2 rimane nel governo del Coni in qualit\u00e0 di membro di Giunta essendo membro del Comitato Internazionale Olimpico e con lui Federica Pellegrini, anche lei [&hellip;]","og_url":"https:\/\/www.ccaniene.com\/it_it\/luciano-buonfiglio-e-il-nuovo-presidente-del-coni\/","og_site_name":"Circolo Canottieri Aniene","article_published_time":"2025-06-26T13:15:16+00:00","article_modified_time":"2025-06-26T13:15:17+00:00","og_image":[{"width":1000,"height":590,"url":"https:\/\/www.ccaniene.com\/wp-content\/uploads\/2025\/06\/luciano-buonfiglio.jpeg","type":"image\/jpeg"}],"author":"carlo.san@tin.it","twitter_card":"summary_large_image","twitter_misc":{"Scritto da":"carlo.san@tin.it","Tempo di lettura stimato":"2 minuti"},"schema":{"@context":"https:\/\/schema.org","@graph":[{"@type":"WebPage","@id":"https:\/\/www.ccaniene.com\/en\/luciano-buonfiglio-e-il-nuovo-presidente-del-coni\/","url":"https:\/\/www.ccaniene.com\/en\/luciano-buonfiglio-e-il-nuovo-presidente-del-coni\/","name":"Luciano Buonfiglio \u00e8 il nuovo Presidente del Coni - Circolo Canottieri Aniene","isPartOf":{"@id":"http:\/\/www.ccaniene.com\/it_it\/#website"},"primaryImageOfPage":{"@id":"https:\/\/www.ccaniene.com\/en\/luciano-buonfiglio-e-il-nuovo-presidente-del-coni\/#primaryimage"},"image":{"@id":"https:\/\/www.ccaniene.com\/en\/luciano-buonfiglio-e-il-nuovo-presidente-del-coni\/#primaryimage"},"thumbnailUrl":"https:\/\/www.ccaniene.com\/wp-content\/uploads\/2025\/06\/luciano-buonfiglio.jpeg","datePublished":"2025-06-26T13:15:16+00:00","dateModified":"2025-06-26T13:15:17+00:00","author":{"@id":"http:\/\/www.ccaniene.com\/it_it\/#\/schema\/person\/6042bd0ba360674279dffd4247d570ed"},"breadcrumb":{"@id":"https:\/\/www.ccaniene.com\/en\/luciano-buonfiglio-e-il-nuovo-presidente-del-coni\/#breadcrumb"},"inLanguage":"it-IT","potentialAction":[{"@type":"ReadAction","target":["https:\/\/www.ccaniene.com\/en\/luciano-buonfiglio-e-il-nuovo-presidente-del-coni\/"]}]},{"@type":"ImageObject","inLanguage":"it-IT","@id":"https:\/\/www.ccaniene.com\/en\/luciano-buonfiglio-e-il-nuovo-presidente-del-coni\/#primaryimage","url":"https:\/\/www.ccaniene.com\/wp-content\/uploads\/2025\/06\/luciano-buonfiglio.jpeg","contentUrl":"https:\/\/www.ccaniene.com\/wp-content\/uploads\/2025\/06\/luciano-buonfiglio.jpeg","width":1000,"height":590},{"@type":"BreadcrumbList","@id":"https:\/\/www.ccaniene.com\/en\/luciano-buonfiglio-e-il-nuovo-presidente-del-coni\/#breadcrumb","itemListElement":[{"@type":"ListItem","position":1,"name":"Home","item":"http:\/\/www.ccaniene.com\/it_it\/"},{"@type":"ListItem","position":2,"name":"Luciano Buonfiglio \u00e8 il nuovo Presidente del Coni"}]},{"@type":"WebSite","@id":"http:\/\/www.ccaniene.com\/it_it\/#website","url":"http:\/\/www.ccaniene.com\/it_it\/","name":"Circolo Canottieri Aniene","description":"Collare d&#039;Oro e Stella d&#039;Oro al Merito Sportivo","potentialAction":[{"@type":"SearchAction","target":{"@type":"EntryPoint","urlTemplate":"http:\/\/www.ccaniene.com\/it_it\/?s={search_term_string}"},"query-input":{"@type":"PropertyValueSpecification","valueRequired":true,"valueName":"search_term_string"}}],"inLanguage":"it-IT"},{"@type":"Person","@id":"http:\/\/www.ccaniene.com\/it_it\/#\/schema\/person\/6042bd0ba360674279dffd4247d570ed","name":"carlo.san@tin.it","image":{"@type":"ImageObject","inLanguage":"it-IT","@id":"http:\/\/www.ccaniene.com\/it_it\/#\/schema\/person\/image\/","url":"https:\/\/secure.gravatar.com\/avatar\/f993a459d0ffe4d666e4c917fef20ca9?s=96&d=mm&r=g","contentUrl":"https:\/\/secure.gravatar.com\/avatar\/f993a459d0ffe4d666e4c917fef20ca9?s=96&d=mm&r=g","caption":"carlo.san@tin.it"},"url":"https:\/\/www.ccaniene.com\/it_it\/author\/carlo-santi-2\/"}]}},"_links":{"self":[{"href":"https:\/\/www.ccaniene.com\/it_it\/wp-json\/wp\/v2\/posts\/29805"}],"collection":[{"href":"https:\/\/www.ccaniene.com\/it_it\/wp-json\/wp\/v2\/posts"}],"about":[{"href":"https:\/\/www.ccaniene.com\/it_it\/wp-json\/wp\/v2\/types\/post"}],"author":[{"embeddable":true,"href":"https:\/\/www.ccaniene.com\/it_it\/wp-json\/wp\/v2\/users\/23521"}],"replies":[{"embeddable":true,"href":"https:\/\/www.ccaniene.com\/it_it\/wp-json\/wp\/v2\/comments?post=29805"}],"version-history":[{"count":1,"href":"https:\/\/www.ccaniene.com\/it_it\/wp-json\/wp\/v2\/posts\/29805\/revisions"}],"predecessor-version":[{"id":29808,"href":"https:\/\/www.ccaniene.com\/it_it\/wp-json\/wp\/v2\/posts\/29805\/revisions\/29808"}],"wp:featuredmedia":[{"embeddable":true,"href":"https:\/\/www.ccaniene.com\/it_it\/wp-json\/wp\/v2\/media\/29806"}],"wp:attachment":[{"href":"https:\/\/www.ccaniene.com\/it_it\/wp-json\/wp\/v2\/media?parent=29805"}],"wp:term":[{"taxonomy":"category","embeddable":true,"href":"https:\/\/www.ccaniene.com\/it_it\/wp-json\/wp\/v2\/categories?post=29805"},{"taxonomy":"post_tag","embeddable":true,"href":"https:\/\/www.ccaniene.com\/it_it\/wp-json\/wp\/v2\/tags?post=29805"}],"curies":[{"name":"wp","href":"https:\/\/api.w.org\/{rel}","templated":true}]}}