{"id":29665,"date":"2025-04-17T22:07:14","date_gmt":"2025-04-17T20:07:14","guid":{"rendered":"https:\/\/www.ccaniene.com\/?p=29665"},"modified":"2025-04-17T22:16:16","modified_gmt":"2025-04-17T20:16:16","slug":"nuoto-simona-quadarella-cala-il-tris-a-riccone-aniene-primo-nelle-classifiche-di-societa","status":"publish","type":"post","link":"https:\/\/www.ccaniene.com\/it_it\/nuoto-simona-quadarella-cala-il-tris-a-riccone-aniene-primo-nelle-classifiche-di-societa\/","title":{"rendered":"Nuoto, Simona Quadarella cala il tris a Riccione. Aniene primo nelle classifiche di societ\u00e0"},"content":{"rendered":"\n<p>Simona Quadarella cala il tris e si prende anche il titolo nei 400sl nella giornata conclusiva degli Assoluti Primaverili a Riccione che hanno visto anche Francesca Furfaro diventare campionessa italiani nei 200 dorso. Nicol\u00f2 Martinenghi, intanto, si \u00e8 preso il secondo pass mondiale piazzandosi secondo nei 50 rana e Silvia Di Pietro ha centrato la stessa posizione nei 50 farfalla. Successo del CC Aniene, che \u00e8 guidato da Gianni Nagni, per quanto riguarda le classifiche di societ\u00e0: primo tra i club civili sua con la squadra maschile e femminile, prime le atlete in quella generale (comprensiva dei club militari) e secondi gli atleti. Nelle giornate di Riccione, gli atleti dell\u2019Aniene hanno conquistato 22 medaglie: 7 d\u2019oro, 9 d\u2019argento e 6 di bronzo.<\/p>\n\n\n\n<p>Francesca Furfaro si \u00e8 presa il primo titolo italiani nei 200 dorso. \u00c8 seguita da Gianluca Belfiore che ha guidato Margherita Panziera, campionessa europea dei 200 dorso dal 2018 al 2022 quando ha firmato la doppietta con i 100 a Roma 2022. La strada \u00e8 tracciata per Francesca Romana Furfaro padrona dei 200 dorso, al termine di una finale condotta costantemente in testa. La 23enne di Roma si \u00e8 imposta con il personale in 2\u201911\u201d64, con un buon passaggio in 1\u201904\u201d32 e un eccellente terzo cinquanta in 33\u201d35. Adesso \u00e8 undicesima tra le performer italiane. \u00abSono stanca morta ma felicissima &#8211; il commento di Francesca, studentessa in Economia &#8211; Il lavoro che sto svolgendo con Gianluca (Belfiore, ndr) mi sta ripagando e voglio condividere con lui questa vittoria\u00bb.<\/p>\n\n\n\n<p>Un secondo e mezzo ha diviso Simona Quadarella dal pass iridato (4\u201906\u201d0) nei 400sl. La 26enne romana del nostro Circolo ha stravinto in 4\u201908\u201d50, unica a scendere sotto ai 4\u201910\u201d centrando il tris di successi. \u00abL\u2019ultimo giorno di gare si fa sentire sempre tanto. Una volta tenevo pi\u00f9 botta &#8211; ha detto Simona &#8211; Ero curiosa di vedere in questa settimana a che punto mi trovo, dopo il cambio d\u2019allenamenti. Non ho stravolta nulla ma ho inserito qualcosa di diverso. Mi sono rimessa in gioco dopo le Olimpiadi e le motivazioni non mancano\u00bb.<\/p>\n\n\n\n<p>Nei 50 rana vinti, da Simone Cerasuolo, Nicol\u00f2 Martinenghi che in tasca aveva gi\u00e0 il pass mondiale per la doppia distanza, ha gestito con esperienza la gara e ha toccato in 26\u201d78. Nicol\u00f2 guarda intanto guarda avanti. \u00abAvremo pi\u00f9 gare a Los Angeles 2028 e ci\u00f2 \u00e8 sicuramente positivo. Il nostro compito \u00e8 quello di farsi trovare sempre pronti &#8211; ha affermato il campione olimpico &#8211; Sono orgoglioso, inoltre, di far parte di un movimento vivo: stanno emergendo tanti giovani e sono tutti fortissimi\u00bb.<\/p>\n\n\n\n<p>Silvia Di Pietro \u00e8 rimasta a 8 centesimi dal titolo italiano. La 32enne romana seguita da Mirko Nozzolillo ha toccato in 26\u201d43 per il posto d\u2019onore.<\/p>\n\n\n\n<p>Queste le classifiche di societ\u00e0. Classifica societ\u00e0 civili uomini: 1. CC Aniene p. 262, 2. In Sport Rane Rosse 162,50, 3. Aurelia Nuoto 119,50, 4. Centro Nuoto Torino 115,50, 5. Rari Nantes Florentia 115, 6. Imolanuoto 84.<\/p>\n\n\n\n<p>Classifica societ\u00e0 civili donne: 1. CC Aniene p. 258,50, 2. In Sport Rane Rosse 223, 3. Team Veneto 118,50, 4. Rari Nantes Florentia 117,50, 5. H. Sport Firenze 67,50, 6. Time Limit 45.<\/p>\n\n\n\n<p>Classifica generale uomini: 1. Esercito p. 304,50, 2. CC Aniene 262, 3. Fiamme Gialle 252, 4. Fiamme Oro 2147, 5. In Sport Rane Rosse 162,50, 6. Carabinieri 141.<\/p>\n\n\n\n<p>Classifica generale donne: 1. CC Aniene p. 258,50, 2. Carabinieri 236,50, 3. In Sport Rane Rosse 223, 4. Fiamme Gialle 204, 5. Esercito 200, 6. Fiamme Oro 124.<\/p>\n\n\n\n<figure class=\"wp-block-gallery has-nested-images columns-default is-cropped wp-block-gallery-1 is-layout-flex wp-block-gallery-is-layout-flex\">\n<figure class=\"wp-block-image size-large\"><img fetchpriority=\"high\" decoding=\"async\" width=\"1024\" height=\"576\" data-id=\"29670\" src=\"http:\/\/www.ccaniene.com\/wp-content\/uploads\/2025\/04\/Francesca-Furfaro-200-dorso-Riccione.jpeg\" alt=\"\" class=\"wp-image-29670\" srcset=\"https:\/\/www.ccaniene.com\/wp-content\/uploads\/2025\/04\/Francesca-Furfaro-200-dorso-Riccione.jpeg 1024w, https:\/\/www.ccaniene.com\/wp-content\/uploads\/2025\/04\/Francesca-Furfaro-200-dorso-Riccione-800x450.jpeg 800w, https:\/\/www.ccaniene.com\/wp-content\/uploads\/2025\/04\/Francesca-Furfaro-200-dorso-Riccione-768x432.jpeg 768w, https:\/\/www.ccaniene.com\/wp-content\/uploads\/2025\/04\/Francesca-Furfaro-200-dorso-Riccione-18x10.jpeg 18w\" sizes=\"(max-width: 1024px) 100vw, 1024px\" \/><\/figure>\n\n\n\n<figure class=\"wp-block-image size-large\"><img decoding=\"async\" width=\"1024\" height=\"576\" data-id=\"29667\" src=\"http:\/\/www.ccaniene.com\/wp-content\/uploads\/2025\/04\/francesca-furfaro-200-dorso-1-Riccione.jpeg\" alt=\"\" class=\"wp-image-29667\" srcset=\"https:\/\/www.ccaniene.com\/wp-content\/uploads\/2025\/04\/francesca-furfaro-200-dorso-1-Riccione.jpeg 1024w, https:\/\/www.ccaniene.com\/wp-content\/uploads\/2025\/04\/francesca-furfaro-200-dorso-1-Riccione-800x450.jpeg 800w, https:\/\/www.ccaniene.com\/wp-content\/uploads\/2025\/04\/francesca-furfaro-200-dorso-1-Riccione-768x432.jpeg 768w, https:\/\/www.ccaniene.com\/wp-content\/uploads\/2025\/04\/francesca-furfaro-200-dorso-1-Riccione-18x10.jpeg 18w\" sizes=\"(max-width: 1024px) 100vw, 1024px\" \/><\/figure>\n\n\n\n<figure class=\"wp-block-image size-large\"><img decoding=\"async\" width=\"1024\" height=\"576\" data-id=\"29669\" src=\"http:\/\/www.ccaniene.com\/wp-content\/uploads\/2025\/04\/nicolo-martinenghi-50-rana-Riccione.jpeg\" alt=\"\" class=\"wp-image-29669\" srcset=\"https:\/\/www.ccaniene.com\/wp-content\/uploads\/2025\/04\/nicolo-martinenghi-50-rana-Riccione.jpeg 1024w, https:\/\/www.ccaniene.com\/wp-content\/uploads\/2025\/04\/nicolo-martinenghi-50-rana-Riccione-800x450.jpeg 800w, https:\/\/www.ccaniene.com\/wp-content\/uploads\/2025\/04\/nicolo-martinenghi-50-rana-Riccione-768x432.jpeg 768w, https:\/\/www.ccaniene.com\/wp-content\/uploads\/2025\/04\/nicolo-martinenghi-50-rana-Riccione-18x10.jpeg 18w\" sizes=\"(max-width: 1024px) 100vw, 1024px\" \/><\/figure>\n\n\n\n<figure class=\"wp-block-image size-large\"><img loading=\"lazy\" decoding=\"async\" width=\"1024\" height=\"576\" data-id=\"29668\" src=\"http:\/\/www.ccaniene.com\/wp-content\/uploads\/2025\/04\/silvia-di-pietro-50-farfalla-Riccione.jpeg\" alt=\"\" class=\"wp-image-29668\" srcset=\"https:\/\/www.ccaniene.com\/wp-content\/uploads\/2025\/04\/silvia-di-pietro-50-farfalla-Riccione.jpeg 1024w, https:\/\/www.ccaniene.com\/wp-content\/uploads\/2025\/04\/silvia-di-pietro-50-farfalla-Riccione-800x450.jpeg 800w, https:\/\/www.ccaniene.com\/wp-content\/uploads\/2025\/04\/silvia-di-pietro-50-farfalla-Riccione-768x432.jpeg 768w, https:\/\/www.ccaniene.com\/wp-content\/uploads\/2025\/04\/silvia-di-pietro-50-farfalla-Riccione-18x10.jpeg 18w\" sizes=\"(max-width: 1024px) 100vw, 1024px\" \/><\/figure>\n<\/figure>\n\n\n\n<p><em>Foto Giorgio Scala e Federica Muccichini \/ DBM<\/em><\/p>\n\n\n\n<p>Nelle foto: in apertura, Simona Quadarella. Sopra, nelle prime due immagini da sinistra Francesca Furfaro; il podio dei 50 rana con Nicol\u00f2 Martinenghi e qui sopra Silvia Di Pietro<\/p>\n","protected":false},"excerpt":{"rendered":"<p>Simona Quadarella cala il tris e si prende anche il titolo nei 400sl nella giornata conclusiva degli Assoluti Primaverili a Riccione che hanno visto anche Francesca Furfaro diventare campionessa italiani nei 200 dorso. Nicol\u00f2 Martinenghi, intanto, si \u00e8 preso il secondo pass mondiale piazzandosi secondo nei 50 rana e Silvia Di Pietro ha centrato la [&hellip;]<\/p>\n","protected":false},"author":23521,"featured_media":29666,"comment_status":"closed","ping_status":"closed","sticky":false,"template":"","format":"standard","meta":{"pmpro_default_level":0,"footnotes":"","_links_to":"","_links_to_target":""},"categories":[1,11],"tags":[],"class_list":["post-29665","post","type-post","status-publish","format-standard","has-post-thumbnail","hentry","category-news","category-nuoto","pmpro-has-access"],"featured_image_urls":{"medium":"https:\/\/www.ccaniene.com\/wp-content\/uploads\/2025\/04\/simona-quadarella-400sl-Riccione-800x450.jpeg","thumbnail":"https:\/\/www.ccaniene.com\/wp-content\/uploads\/2025\/04\/simona-quadarella-400sl-Riccione-400x400.jpeg","medium_large":"https:\/\/www.ccaniene.com\/wp-content\/uploads\/2025\/04\/simona-quadarella-400sl-Riccione-768x432.jpeg","trp-custom-language-flag":"https:\/\/www.ccaniene.com\/wp-content\/uploads\/2025\/04\/simona-quadarella-400sl-Riccione-18x10.jpeg","qi_addons_for_elementor_image_size_square":"https:\/\/www.ccaniene.com\/wp-content\/uploads\/2025\/04\/simona-quadarella-400sl-Riccione-650x576.jpeg","qi_addons_for_elementor_image_size_portrait":"https:\/\/www.ccaniene.com\/wp-content\/uploads\/2025\/04\/simona-quadarella-400sl-Riccione-650x576.jpeg","fairwaygreen_core_image_size_square":"https:\/\/www.ccaniene.com\/wp-content\/uploads\/2025\/04\/simona-quadarella-400sl-Riccione-650x576.jpeg","fairwaygreen_core_image_size_portrait":"https:\/\/www.ccaniene.com\/wp-content\/uploads\/2025\/04\/simona-quadarella-400sl-Riccione-650x576.jpeg","photo-blog":"https:\/\/www.ccaniene.com\/wp-content\/uploads\/2025\/04\/simona-quadarella-400sl-Riccione-768x432.jpeg","cmplz_banner_image":"https:\/\/www.ccaniene.com\/wp-content\/uploads\/2025\/04\/simona-quadarella-400sl-Riccione-350x100.jpeg"},"appp_media":null,"yoast_head":"<!-- This site is optimized with the Yoast SEO plugin v23.6 - https:\/\/yoast.com\/wordpress\/plugins\/seo\/ -->\n<title>Nuoto, Simona Quadarella cala il tris a Riccione. Aniene primo nelle classifiche di societ\u00e0 - Circolo Canottieri Aniene<\/title>\n<meta name=\"robots\" content=\"index, follow, max-snippet:-1, max-image-preview:large, max-video-preview:-1\" \/>\n<link rel=\"canonical\" href=\"https:\/\/www.ccaniene.com\/it_it\/nuoto-simona-quadarella-cala-il-tris-a-riccone-aniene-primo-nelle-classifiche-di-societa\/\" \/>\n<meta property=\"og:locale\" content=\"it_IT\" \/>\n<meta property=\"og:type\" content=\"article\" \/>\n<meta property=\"og:title\" content=\"Nuoto, Simona Quadarella cala il tris a Riccione. Aniene primo nelle classifiche di societ\u00e0 - Circolo Canottieri Aniene\" \/>\n<meta property=\"og:description\" content=\"Simona Quadarella cala il tris e si prende anche il titolo nei 400sl nella giornata conclusiva degli Assoluti Primaverili a Riccione che hanno visto anche Francesca Furfaro diventare campionessa italiani nei 200 dorso. Nicol\u00f2 Martinenghi, intanto, si \u00e8 preso il secondo pass mondiale piazzandosi secondo nei 50 rana e Silvia Di Pietro ha centrato la [&hellip;]\" \/>\n<meta property=\"og:url\" content=\"https:\/\/www.ccaniene.com\/it_it\/nuoto-simona-quadarella-cala-il-tris-a-riccone-aniene-primo-nelle-classifiche-di-societa\/\" \/>\n<meta property=\"og:site_name\" content=\"Circolo Canottieri Aniene\" \/>\n<meta property=\"article:published_time\" content=\"2025-04-17T20:07:14+00:00\" \/>\n<meta property=\"article:modified_time\" content=\"2025-04-17T20:16:16+00:00\" \/>\n<meta property=\"og:image\" content=\"https:\/\/www.ccaniene.com\/wp-content\/uploads\/2025\/04\/simona-quadarella-400sl-Riccione.jpeg\" \/>\n\t<meta property=\"og:image:width\" content=\"1024\" \/>\n\t<meta property=\"og:image:height\" content=\"576\" \/>\n\t<meta property=\"og:image:type\" content=\"image\/jpeg\" \/>\n<meta name=\"author\" content=\"carlo.san@tin.it\" \/>\n<meta name=\"twitter:card\" content=\"summary_large_image\" \/>\n<meta name=\"twitter:label1\" content=\"Scritto da\" \/>\n\t<meta name=\"twitter:data1\" content=\"carlo.san@tin.it\" \/>\n\t<meta name=\"twitter:label2\" content=\"Tempo di lettura stimato\" \/>\n\t<meta name=\"twitter:data2\" content=\"5 minuti\" \/>\n<script type=\"application\/ld+json\" class=\"yoast-schema-graph\">{\"@context\":\"https:\/\/schema.org\",\"@graph\":[{\"@type\":\"WebPage\",\"@id\":\"https:\/\/www.ccaniene.com\/it_it\/nuoto-simona-quadarella-cala-il-tris-a-riccone-aniene-primo-nelle-classifiche-di-societa\/\",\"url\":\"https:\/\/www.ccaniene.com\/it_it\/nuoto-simona-quadarella-cala-il-tris-a-riccone-aniene-primo-nelle-classifiche-di-societa\/\",\"name\":\"Nuoto, Simona Quadarella cala il tris a Riccione. Aniene primo nelle classifiche di societ\u00e0 - Circolo Canottieri Aniene\",\"isPartOf\":{\"@id\":\"http:\/\/www.ccaniene.com\/it_it\/#website\"},\"primaryImageOfPage\":{\"@id\":\"https:\/\/www.ccaniene.com\/it_it\/nuoto-simona-quadarella-cala-il-tris-a-riccone-aniene-primo-nelle-classifiche-di-societa\/#primaryimage\"},\"image\":{\"@id\":\"https:\/\/www.ccaniene.com\/it_it\/nuoto-simona-quadarella-cala-il-tris-a-riccone-aniene-primo-nelle-classifiche-di-societa\/#primaryimage\"},\"thumbnailUrl\":\"https:\/\/www.ccaniene.com\/wp-content\/uploads\/2025\/04\/simona-quadarella-400sl-Riccione.jpeg\",\"datePublished\":\"2025-04-17T20:07:14+00:00\",\"dateModified\":\"2025-04-17T20:16:16+00:00\",\"author\":{\"@id\":\"http:\/\/www.ccaniene.com\/it_it\/#\/schema\/person\/6042bd0ba360674279dffd4247d570ed\"},\"breadcrumb\":{\"@id\":\"https:\/\/www.ccaniene.com\/it_it\/nuoto-simona-quadarella-cala-il-tris-a-riccone-aniene-primo-nelle-classifiche-di-societa\/#breadcrumb\"},\"inLanguage\":\"it-IT\",\"potentialAction\":[{\"@type\":\"ReadAction\",\"target\":[\"https:\/\/www.ccaniene.com\/it_it\/nuoto-simona-quadarella-cala-il-tris-a-riccone-aniene-primo-nelle-classifiche-di-societa\/\"]}]},{\"@type\":\"ImageObject\",\"inLanguage\":\"it-IT\",\"@id\":\"https:\/\/www.ccaniene.com\/it_it\/nuoto-simona-quadarella-cala-il-tris-a-riccone-aniene-primo-nelle-classifiche-di-societa\/#primaryimage\",\"url\":\"https:\/\/www.ccaniene.com\/wp-content\/uploads\/2025\/04\/simona-quadarella-400sl-Riccione.jpeg\",\"contentUrl\":\"https:\/\/www.ccaniene.com\/wp-content\/uploads\/2025\/04\/simona-quadarella-400sl-Riccione.jpeg\",\"width\":1024,\"height\":576},{\"@type\":\"BreadcrumbList\",\"@id\":\"https:\/\/www.ccaniene.com\/it_it\/nuoto-simona-quadarella-cala-il-tris-a-riccone-aniene-primo-nelle-classifiche-di-societa\/#breadcrumb\",\"itemListElement\":[{\"@type\":\"ListItem\",\"position\":1,\"name\":\"Home\",\"item\":\"http:\/\/www.ccaniene.com\/it_it\/\"},{\"@type\":\"ListItem\",\"position\":2,\"name\":\"Nuoto, Simona Quadarella cala il tris a Riccione. Aniene primo nelle classifiche di societ\u00e0\"}]},{\"@type\":\"WebSite\",\"@id\":\"http:\/\/www.ccaniene.com\/it_it\/#website\",\"url\":\"http:\/\/www.ccaniene.com\/it_it\/\",\"name\":\"Circolo Canottieri Aniene\",\"description\":\"Collare d&#039;Oro e Stella d&#039;Oro al Merito Sportivo\",\"potentialAction\":[{\"@type\":\"SearchAction\",\"target\":{\"@type\":\"EntryPoint\",\"urlTemplate\":\"http:\/\/www.ccaniene.com\/it_it\/?s={search_term_string}\"},\"query-input\":{\"@type\":\"PropertyValueSpecification\",\"valueRequired\":true,\"valueName\":\"search_term_string\"}}],\"inLanguage\":\"it-IT\"},{\"@type\":\"Person\",\"@id\":\"http:\/\/www.ccaniene.com\/it_it\/#\/schema\/person\/6042bd0ba360674279dffd4247d570ed\",\"name\":\"carlo.san@tin.it\",\"image\":{\"@type\":\"ImageObject\",\"inLanguage\":\"it-IT\",\"@id\":\"http:\/\/www.ccaniene.com\/it_it\/#\/schema\/person\/image\/\",\"url\":\"https:\/\/secure.gravatar.com\/avatar\/f993a459d0ffe4d666e4c917fef20ca9?s=96&d=mm&r=g\",\"contentUrl\":\"https:\/\/secure.gravatar.com\/avatar\/f993a459d0ffe4d666e4c917fef20ca9?s=96&d=mm&r=g\",\"caption\":\"carlo.san@tin.it\"},\"url\":\"https:\/\/www.ccaniene.com\/it_it\/author\/carlo-santi-2\/\"}]}<\/script>\n<!-- \/ Yoast SEO plugin. -->","yoast_head_json":{"title":"Nuoto, Simona Quadarella cala il tris a Riccione. Aniene primo nelle classifiche di societ\u00e0 - Circolo Canottieri Aniene","robots":{"index":"index","follow":"follow","max-snippet":"max-snippet:-1","max-image-preview":"max-image-preview:large","max-video-preview":"max-video-preview:-1"},"canonical":"https:\/\/www.ccaniene.com\/it_it\/nuoto-simona-quadarella-cala-il-tris-a-riccone-aniene-primo-nelle-classifiche-di-societa\/","og_locale":"it_IT","og_type":"article","og_title":"Nuoto, Simona Quadarella cala il tris a Riccione. Aniene primo nelle classifiche di societ\u00e0 - Circolo Canottieri Aniene","og_description":"Simona Quadarella cala il tris e si prende anche il titolo nei 400sl nella giornata conclusiva degli Assoluti Primaverili a Riccione che hanno visto anche Francesca Furfaro diventare campionessa italiani nei 200 dorso. Nicol\u00f2 Martinenghi, intanto, si \u00e8 preso il secondo pass mondiale piazzandosi secondo nei 50 rana e Silvia Di Pietro ha centrato la [&hellip;]","og_url":"https:\/\/www.ccaniene.com\/it_it\/nuoto-simona-quadarella-cala-il-tris-a-riccone-aniene-primo-nelle-classifiche-di-societa\/","og_site_name":"Circolo Canottieri Aniene","article_published_time":"2025-04-17T20:07:14+00:00","article_modified_time":"2025-04-17T20:16:16+00:00","og_image":[{"width":1024,"height":576,"url":"https:\/\/www.ccaniene.com\/wp-content\/uploads\/2025\/04\/simona-quadarella-400sl-Riccione.jpeg","type":"image\/jpeg"}],"author":"carlo.san@tin.it","twitter_card":"summary_large_image","twitter_misc":{"Scritto da":"carlo.san@tin.it","Tempo di lettura stimato":"5 minuti"},"schema":{"@context":"https:\/\/schema.org","@graph":[{"@type":"WebPage","@id":"https:\/\/www.ccaniene.com\/it_it\/nuoto-simona-quadarella-cala-il-tris-a-riccone-aniene-primo-nelle-classifiche-di-societa\/","url":"https:\/\/www.ccaniene.com\/it_it\/nuoto-simona-quadarella-cala-il-tris-a-riccone-aniene-primo-nelle-classifiche-di-societa\/","name":"Nuoto, Simona Quadarella cala il tris a Riccione. Aniene primo nelle classifiche di societ\u00e0 - Circolo Canottieri Aniene","isPartOf":{"@id":"http:\/\/www.ccaniene.com\/it_it\/#website"},"primaryImageOfPage":{"@id":"https:\/\/www.ccaniene.com\/it_it\/nuoto-simona-quadarella-cala-il-tris-a-riccone-aniene-primo-nelle-classifiche-di-societa\/#primaryimage"},"image":{"@id":"https:\/\/www.ccaniene.com\/it_it\/nuoto-simona-quadarella-cala-il-tris-a-riccone-aniene-primo-nelle-classifiche-di-societa\/#primaryimage"},"thumbnailUrl":"https:\/\/www.ccaniene.com\/wp-content\/uploads\/2025\/04\/simona-quadarella-400sl-Riccione.jpeg","datePublished":"2025-04-17T20:07:14+00:00","dateModified":"2025-04-17T20:16:16+00:00","author":{"@id":"http:\/\/www.ccaniene.com\/it_it\/#\/schema\/person\/6042bd0ba360674279dffd4247d570ed"},"breadcrumb":{"@id":"https:\/\/www.ccaniene.com\/it_it\/nuoto-simona-quadarella-cala-il-tris-a-riccone-aniene-primo-nelle-classifiche-di-societa\/#breadcrumb"},"inLanguage":"it-IT","potentialAction":[{"@type":"ReadAction","target":["https:\/\/www.ccaniene.com\/it_it\/nuoto-simona-quadarella-cala-il-tris-a-riccone-aniene-primo-nelle-classifiche-di-societa\/"]}]},{"@type":"ImageObject","inLanguage":"it-IT","@id":"https:\/\/www.ccaniene.com\/it_it\/nuoto-simona-quadarella-cala-il-tris-a-riccone-aniene-primo-nelle-classifiche-di-societa\/#primaryimage","url":"https:\/\/www.ccaniene.com\/wp-content\/uploads\/2025\/04\/simona-quadarella-400sl-Riccione.jpeg","contentUrl":"https:\/\/www.ccaniene.com\/wp-content\/uploads\/2025\/04\/simona-quadarella-400sl-Riccione.jpeg","width":1024,"height":576},{"@type":"BreadcrumbList","@id":"https:\/\/www.ccaniene.com\/it_it\/nuoto-simona-quadarella-cala-il-tris-a-riccone-aniene-primo-nelle-classifiche-di-societa\/#breadcrumb","itemListElement":[{"@type":"ListItem","position":1,"name":"Home","item":"http:\/\/www.ccaniene.com\/it_it\/"},{"@type":"ListItem","position":2,"name":"Nuoto, Simona Quadarella cala il tris a Riccione. Aniene primo nelle classifiche di societ\u00e0"}]},{"@type":"WebSite","@id":"http:\/\/www.ccaniene.com\/it_it\/#website","url":"http:\/\/www.ccaniene.com\/it_it\/","name":"Circolo Canottieri Aniene","description":"Collare d&#039;Oro e Stella d&#039;Oro al Merito Sportivo","potentialAction":[{"@type":"SearchAction","target":{"@type":"EntryPoint","urlTemplate":"http:\/\/www.ccaniene.com\/it_it\/?s={search_term_string}"},"query-input":{"@type":"PropertyValueSpecification","valueRequired":true,"valueName":"search_term_string"}}],"inLanguage":"it-IT"},{"@type":"Person","@id":"http:\/\/www.ccaniene.com\/it_it\/#\/schema\/person\/6042bd0ba360674279dffd4247d570ed","name":"carlo.san@tin.it","image":{"@type":"ImageObject","inLanguage":"it-IT","@id":"http:\/\/www.ccaniene.com\/it_it\/#\/schema\/person\/image\/","url":"https:\/\/secure.gravatar.com\/avatar\/f993a459d0ffe4d666e4c917fef20ca9?s=96&d=mm&r=g","contentUrl":"https:\/\/secure.gravatar.com\/avatar\/f993a459d0ffe4d666e4c917fef20ca9?s=96&d=mm&r=g","caption":"carlo.san@tin.it"},"url":"https:\/\/www.ccaniene.com\/it_it\/author\/carlo-santi-2\/"}]}},"_links":{"self":[{"href":"https:\/\/www.ccaniene.com\/it_it\/wp-json\/wp\/v2\/posts\/29665"}],"collection":[{"href":"https:\/\/www.ccaniene.com\/it_it\/wp-json\/wp\/v2\/posts"}],"about":[{"href":"https:\/\/www.ccaniene.com\/it_it\/wp-json\/wp\/v2\/types\/post"}],"author":[{"embeddable":true,"href":"https:\/\/www.ccaniene.com\/it_it\/wp-json\/wp\/v2\/users\/23521"}],"replies":[{"embeddable":true,"href":"https:\/\/www.ccaniene.com\/it_it\/wp-json\/wp\/v2\/comments?post=29665"}],"version-history":[{"count":4,"href":"https:\/\/www.ccaniene.com\/it_it\/wp-json\/wp\/v2\/posts\/29665\/revisions"}],"predecessor-version":[{"id":29674,"href":"https:\/\/www.ccaniene.com\/it_it\/wp-json\/wp\/v2\/posts\/29665\/revisions\/29674"}],"wp:featuredmedia":[{"embeddable":true,"href":"https:\/\/www.ccaniene.com\/it_it\/wp-json\/wp\/v2\/media\/29666"}],"wp:attachment":[{"href":"https:\/\/www.ccaniene.com\/it_it\/wp-json\/wp\/v2\/media?parent=29665"}],"wp:term":[{"taxonomy":"category","embeddable":true,"href":"https:\/\/www.ccaniene.com\/it_it\/wp-json\/wp\/v2\/categories?post=29665"},{"taxonomy":"post_tag","embeddable":true,"href":"https:\/\/www.ccaniene.com\/it_it\/wp-json\/wp\/v2\/tags?post=29665"}],"curies":[{"name":"wp","href":"https:\/\/api.w.org\/{rel}","templated":true}]}}