{"id":29609,"date":"2025-04-02T21:54:31","date_gmt":"2025-04-02T19:54:31","guid":{"rendered":"https:\/\/www.ccaniene.com\/?p=29609"},"modified":"2025-04-02T21:54:32","modified_gmt":"2025-04-02T19:54:32","slug":"vela-si-avvicina-la-partenza-de-la-lunga-bolina","status":"publish","type":"post","link":"https:\/\/www.ccaniene.com\/it_it\/vela-si-avvicina-la-partenza-de-la-lunga-bolina\/","title":{"rendered":"Vela\/Si avvicina la partenza de La Lunga Bolina"},"content":{"rendered":"\n<p>Manca sempre meno alla XV edizione de La Lunga Bolina, la regata d\u2019altura organizzata dal Circolo Canottieri Aniene in collaborazione con lo Yacht Club Santo Stefano in calendario dal 25 al 27 aprile. Con oltre 40 imbarcazioni gi\u00e0 iscritte e l\u2019obiettivo di superare i 60 partecipanti, l\u2019evento si conferma un appuntamento imperdibile per gli amanti della vela e del mare.<\/p>\n\n\n\n<p>Alla conferenza stampa di presentazione un mese fa hanno preso la parola alcuni dei principali protagonisti dell\u2019evento. Federico Sella, Amministratore Delegato di Banca Patrimoni Sella &amp; C., ha ribadito l\u2019importanza della continuit\u00e0 nel sostegno a iniziative di valore come La Lunga Bolina: \u00abLa vela rappresenta un perfetto connubio tra competizione e rispetto per l\u2019ambiente &#8211; ha affermato &#8211; valori in cui crediamo fortemente\u00bb.<\/p>\n\n\n\n<p>Massimo Fabbricini, Presidente del Circolo Canottieri Aniene, ha evidenziato la crescita e l\u2019importanza dell\u2019evento. \u00abLa Lunga Bolina \u00e8 ormai un punto di riferimento nel panorama velico nazionale, e vedere sempre pi\u00f9 equipaggi prendere parte alla competizione ci riempie di orgoglio\u00bb, il suo pensiero mentre Alessandro Maria Rinaldi, delegato alle regate d\u2019altura del CC Aniene, ha aggiunto: \u00abQuesta edizione segna un passaggio di testimone importante con l\u2019ingresso di nuove forze organizzative che garantiranno ulteriore crescita alla manifestazione\u00bb.<\/p>\n\n\n\n<p>Tra i velisti, Fabrizio Gagliardi, Presidente UVAI, ha ricordato l\u2019importanza della Lunga Bolina nel Campionato Italiano Offshore: \u00abQuesta regata rappresenta una tappa fondamentale per l\u2019assegnazione del titolo di Armatore dell\u2019Anno\u00bb.<\/p>\n\n\n\n<p>Oltre alla regata offshore di circa 130 miglia, \u00e8 previsto anche quest\u2019anno un \u201cPalio Velico\u201d, nel pomeriggio del 26 aprile: una regata spettacolo a bordo dei monotipi Este24 che si svolger\u00e0 nello \u201cStadio del Turchese\u201d, dove da oltre 90 anni si compete per il famoso Palio Marinaro dell\u2019Argentario, la regata remiera tra le pi\u00f9 lunghe al mondo, che mette in competizione i quattro rioni del paese, Croce, Fortezza, Pilarella e Valle.<\/p>\n\n\n\n<p>La partenza della regata La Lunga Bolina \u00e8 prevista per il 26 aprile alle ore 12 da Porto Santo Stefano, con un percorso che toccher\u00e0 alcune delle isole pi\u00f9 affascinanti del Tirreno. Gli equipaggi sono pronti a sfidarsi per il titolo, con l\u2019obiettivo di battere il record di 15 ore, 11 minuti e 46 secondi stabilito lo scorso anno da Carbonita.<\/p>\n","protected":false},"excerpt":{"rendered":"<p>Manca sempre meno alla XV edizione de La Lunga Bolina, la regata d\u2019altura organizzata dal Circolo Canottieri Aniene in collaborazione con lo Yacht Club Santo Stefano in calendario dal 25 al 27 aprile. Con oltre 40 imbarcazioni gi\u00e0 iscritte e l\u2019obiettivo di superare i 60 partecipanti, l\u2019evento si conferma un appuntamento imperdibile per gli amanti [&hellip;]<\/p>\n","protected":false},"author":23521,"featured_media":29610,"comment_status":"closed","ping_status":"closed","sticky":false,"template":"","format":"standard","meta":{"pmpro_default_level":0,"footnotes":"","_links_to":"","_links_to_target":""},"categories":[1,28,26],"tags":[],"class_list":["post-29609","post","type-post","status-publish","format-standard","has-post-thumbnail","hentry","category-news","category-regate","category-vela","pmpro-has-access"],"featured_image_urls":{"medium":"https:\/\/www.ccaniene.com\/wp-content\/uploads\/2025\/04\/lunga-bolina-800x450.jpg","large":"https:\/\/www.ccaniene.com\/wp-content\/uploads\/2025\/04\/lunga-bolina-1920x1080.jpg","thumbnail":"https:\/\/www.ccaniene.com\/wp-content\/uploads\/2025\/04\/lunga-bolina-400x400.jpg","medium_large":"https:\/\/www.ccaniene.com\/wp-content\/uploads\/2025\/04\/lunga-bolina-768x432.jpg","1536x1536":"https:\/\/www.ccaniene.com\/wp-content\/uploads\/2025\/04\/lunga-bolina-1536x864.jpg","2048x2048":"https:\/\/www.ccaniene.com\/wp-content\/uploads\/2025\/04\/lunga-bolina-2048x1152.jpg","trp-custom-language-flag":"https:\/\/www.ccaniene.com\/wp-content\/uploads\/2025\/04\/lunga-bolina-18x10.jpg","qi_addons_for_elementor_image_size_square":"https:\/\/www.ccaniene.com\/wp-content\/uploads\/2025\/04\/lunga-bolina-650x650.jpg","qi_addons_for_elementor_image_size_landscape":"https:\/\/www.ccaniene.com\/wp-content\/uploads\/2025\/04\/lunga-bolina-1300x650.jpg","qi_addons_for_elementor_image_size_portrait":"https:\/\/www.ccaniene.com\/wp-content\/uploads\/2025\/04\/lunga-bolina-650x1276.jpg","qi_addons_for_elementor_image_size_huge-square":"https:\/\/www.ccaniene.com\/wp-content\/uploads\/2025\/04\/lunga-bolina-1300x1276.jpg","fairwaygreen_core_image_size_square":"https:\/\/www.ccaniene.com\/wp-content\/uploads\/2025\/04\/lunga-bolina-650x650.jpg","fairwaygreen_core_image_size_landscape":"https:\/\/www.ccaniene.com\/wp-content\/uploads\/2025\/04\/lunga-bolina-1300x650.jpg","fairwaygreen_core_image_size_portrait":"https:\/\/www.ccaniene.com\/wp-content\/uploads\/2025\/04\/lunga-bolina-650x1276.jpg","fairwaygreen_core_image_size_huge-square":"https:\/\/www.ccaniene.com\/wp-content\/uploads\/2025\/04\/lunga-bolina-1300x1276.jpg","photo-blog":"https:\/\/www.ccaniene.com\/wp-content\/uploads\/2025\/04\/lunga-bolina-768x432.jpg","cmplz_banner_image":"https:\/\/www.ccaniene.com\/wp-content\/uploads\/2025\/04\/lunga-bolina-350x100.jpg"},"appp_media":null,"yoast_head":"<!-- This site is optimized with the Yoast SEO plugin v23.6 - https:\/\/yoast.com\/wordpress\/plugins\/seo\/ -->\n<title>Vela\/Si avvicina la partenza de La Lunga Bolina - Circolo Canottieri Aniene<\/title>\n<meta name=\"robots\" content=\"index, follow, max-snippet:-1, max-image-preview:large, max-video-preview:-1\" \/>\n<link rel=\"canonical\" href=\"https:\/\/www.ccaniene.com\/it_it\/vela-si-avvicina-la-partenza-de-la-lunga-bolina\/\" \/>\n<meta property=\"og:locale\" content=\"it_IT\" \/>\n<meta property=\"og:type\" content=\"article\" \/>\n<meta property=\"og:title\" content=\"Vela\/Si avvicina la partenza de La Lunga Bolina - Circolo Canottieri Aniene\" \/>\n<meta property=\"og:description\" content=\"Manca sempre meno alla XV edizione de La Lunga Bolina, la regata d\u2019altura organizzata dal Circolo Canottieri Aniene in collaborazione con lo Yacht Club Santo Stefano in calendario dal 25 al 27 aprile. Con oltre 40 imbarcazioni gi\u00e0 iscritte e l\u2019obiettivo di superare i 60 partecipanti, l\u2019evento si conferma un appuntamento imperdibile per gli amanti [&hellip;]\" \/>\n<meta property=\"og:url\" content=\"https:\/\/www.ccaniene.com\/it_it\/vela-si-avvicina-la-partenza-de-la-lunga-bolina\/\" \/>\n<meta property=\"og:site_name\" content=\"Circolo Canottieri Aniene\" \/>\n<meta property=\"article:published_time\" content=\"2025-04-02T19:54:31+00:00\" \/>\n<meta property=\"article:modified_time\" content=\"2025-04-02T19:54:32+00:00\" \/>\n<meta property=\"og:image\" content=\"https:\/\/www.ccaniene.com\/wp-content\/uploads\/2025\/04\/lunga-bolina.jpg\" \/>\n\t<meta property=\"og:image:width\" content=\"2268\" \/>\n\t<meta property=\"og:image:height\" content=\"1276\" \/>\n\t<meta property=\"og:image:type\" content=\"image\/jpeg\" \/>\n<meta name=\"author\" content=\"carlo.san@tin.it\" \/>\n<meta name=\"twitter:card\" content=\"summary_large_image\" \/>\n<meta name=\"twitter:label1\" content=\"Scritto da\" \/>\n\t<meta name=\"twitter:data1\" content=\"carlo.san@tin.it\" \/>\n\t<meta name=\"twitter:label2\" content=\"Tempo di lettura stimato\" \/>\n\t<meta name=\"twitter:data2\" content=\"3 minuti\" \/>\n<script type=\"application\/ld+json\" class=\"yoast-schema-graph\">{\"@context\":\"https:\/\/schema.org\",\"@graph\":[{\"@type\":\"WebPage\",\"@id\":\"https:\/\/www.ccaniene.com\/it_it\/vela-si-avvicina-la-partenza-de-la-lunga-bolina\/\",\"url\":\"https:\/\/www.ccaniene.com\/it_it\/vela-si-avvicina-la-partenza-de-la-lunga-bolina\/\",\"name\":\"Vela\/Si avvicina la partenza de La Lunga Bolina - Circolo Canottieri Aniene\",\"isPartOf\":{\"@id\":\"http:\/\/www.ccaniene.com\/it_it\/#website\"},\"primaryImageOfPage\":{\"@id\":\"https:\/\/www.ccaniene.com\/it_it\/vela-si-avvicina-la-partenza-de-la-lunga-bolina\/#primaryimage\"},\"image\":{\"@id\":\"https:\/\/www.ccaniene.com\/it_it\/vela-si-avvicina-la-partenza-de-la-lunga-bolina\/#primaryimage\"},\"thumbnailUrl\":\"https:\/\/www.ccaniene.com\/wp-content\/uploads\/2025\/04\/lunga-bolina.jpg\",\"datePublished\":\"2025-04-02T19:54:31+00:00\",\"dateModified\":\"2025-04-02T19:54:32+00:00\",\"author\":{\"@id\":\"http:\/\/www.ccaniene.com\/it_it\/#\/schema\/person\/6042bd0ba360674279dffd4247d570ed\"},\"breadcrumb\":{\"@id\":\"https:\/\/www.ccaniene.com\/it_it\/vela-si-avvicina-la-partenza-de-la-lunga-bolina\/#breadcrumb\"},\"inLanguage\":\"it-IT\",\"potentialAction\":[{\"@type\":\"ReadAction\",\"target\":[\"https:\/\/www.ccaniene.com\/it_it\/vela-si-avvicina-la-partenza-de-la-lunga-bolina\/\"]}]},{\"@type\":\"ImageObject\",\"inLanguage\":\"it-IT\",\"@id\":\"https:\/\/www.ccaniene.com\/it_it\/vela-si-avvicina-la-partenza-de-la-lunga-bolina\/#primaryimage\",\"url\":\"https:\/\/www.ccaniene.com\/wp-content\/uploads\/2025\/04\/lunga-bolina.jpg\",\"contentUrl\":\"https:\/\/www.ccaniene.com\/wp-content\/uploads\/2025\/04\/lunga-bolina.jpg\",\"width\":2268,\"height\":1276},{\"@type\":\"BreadcrumbList\",\"@id\":\"https:\/\/www.ccaniene.com\/it_it\/vela-si-avvicina-la-partenza-de-la-lunga-bolina\/#breadcrumb\",\"itemListElement\":[{\"@type\":\"ListItem\",\"position\":1,\"name\":\"Home\",\"item\":\"http:\/\/www.ccaniene.com\/it_it\/\"},{\"@type\":\"ListItem\",\"position\":2,\"name\":\"Vela\/Si avvicina la partenza de La Lunga Bolina\"}]},{\"@type\":\"WebSite\",\"@id\":\"http:\/\/www.ccaniene.com\/it_it\/#website\",\"url\":\"http:\/\/www.ccaniene.com\/it_it\/\",\"name\":\"Circolo Canottieri Aniene\",\"description\":\"Collare d&#039;Oro e Stella d&#039;Oro al Merito Sportivo\",\"potentialAction\":[{\"@type\":\"SearchAction\",\"target\":{\"@type\":\"EntryPoint\",\"urlTemplate\":\"http:\/\/www.ccaniene.com\/it_it\/?s={search_term_string}\"},\"query-input\":{\"@type\":\"PropertyValueSpecification\",\"valueRequired\":true,\"valueName\":\"search_term_string\"}}],\"inLanguage\":\"it-IT\"},{\"@type\":\"Person\",\"@id\":\"http:\/\/www.ccaniene.com\/it_it\/#\/schema\/person\/6042bd0ba360674279dffd4247d570ed\",\"name\":\"carlo.san@tin.it\",\"image\":{\"@type\":\"ImageObject\",\"inLanguage\":\"it-IT\",\"@id\":\"http:\/\/www.ccaniene.com\/it_it\/#\/schema\/person\/image\/\",\"url\":\"https:\/\/secure.gravatar.com\/avatar\/f993a459d0ffe4d666e4c917fef20ca9?s=96&d=mm&r=g\",\"contentUrl\":\"https:\/\/secure.gravatar.com\/avatar\/f993a459d0ffe4d666e4c917fef20ca9?s=96&d=mm&r=g\",\"caption\":\"carlo.san@tin.it\"},\"url\":\"https:\/\/www.ccaniene.com\/it_it\/author\/carlo-santi-2\/\"}]}<\/script>\n<!-- \/ Yoast SEO plugin. -->","yoast_head_json":{"title":"Vela\/Si avvicina la partenza de La Lunga Bolina - Circolo Canottieri Aniene","robots":{"index":"index","follow":"follow","max-snippet":"max-snippet:-1","max-image-preview":"max-image-preview:large","max-video-preview":"max-video-preview:-1"},"canonical":"https:\/\/www.ccaniene.com\/it_it\/vela-si-avvicina-la-partenza-de-la-lunga-bolina\/","og_locale":"it_IT","og_type":"article","og_title":"Vela\/Si avvicina la partenza de La Lunga Bolina - Circolo Canottieri Aniene","og_description":"Manca sempre meno alla XV edizione de La Lunga Bolina, la regata d\u2019altura organizzata dal Circolo Canottieri Aniene in collaborazione con lo Yacht Club Santo Stefano in calendario dal 25 al 27 aprile. Con oltre 40 imbarcazioni gi\u00e0 iscritte e l\u2019obiettivo di superare i 60 partecipanti, l\u2019evento si conferma un appuntamento imperdibile per gli amanti [&hellip;]","og_url":"https:\/\/www.ccaniene.com\/it_it\/vela-si-avvicina-la-partenza-de-la-lunga-bolina\/","og_site_name":"Circolo Canottieri Aniene","article_published_time":"2025-04-02T19:54:31+00:00","article_modified_time":"2025-04-02T19:54:32+00:00","og_image":[{"width":2268,"height":1276,"url":"https:\/\/www.ccaniene.com\/wp-content\/uploads\/2025\/04\/lunga-bolina.jpg","type":"image\/jpeg"}],"author":"carlo.san@tin.it","twitter_card":"summary_large_image","twitter_misc":{"Scritto da":"carlo.san@tin.it","Tempo di lettura stimato":"3 minuti"},"schema":{"@context":"https:\/\/schema.org","@graph":[{"@type":"WebPage","@id":"https:\/\/www.ccaniene.com\/it_it\/vela-si-avvicina-la-partenza-de-la-lunga-bolina\/","url":"https:\/\/www.ccaniene.com\/it_it\/vela-si-avvicina-la-partenza-de-la-lunga-bolina\/","name":"Vela\/Si avvicina la partenza de La Lunga Bolina - Circolo Canottieri Aniene","isPartOf":{"@id":"http:\/\/www.ccaniene.com\/it_it\/#website"},"primaryImageOfPage":{"@id":"https:\/\/www.ccaniene.com\/it_it\/vela-si-avvicina-la-partenza-de-la-lunga-bolina\/#primaryimage"},"image":{"@id":"https:\/\/www.ccaniene.com\/it_it\/vela-si-avvicina-la-partenza-de-la-lunga-bolina\/#primaryimage"},"thumbnailUrl":"https:\/\/www.ccaniene.com\/wp-content\/uploads\/2025\/04\/lunga-bolina.jpg","datePublished":"2025-04-02T19:54:31+00:00","dateModified":"2025-04-02T19:54:32+00:00","author":{"@id":"http:\/\/www.ccaniene.com\/it_it\/#\/schema\/person\/6042bd0ba360674279dffd4247d570ed"},"breadcrumb":{"@id":"https:\/\/www.ccaniene.com\/it_it\/vela-si-avvicina-la-partenza-de-la-lunga-bolina\/#breadcrumb"},"inLanguage":"it-IT","potentialAction":[{"@type":"ReadAction","target":["https:\/\/www.ccaniene.com\/it_it\/vela-si-avvicina-la-partenza-de-la-lunga-bolina\/"]}]},{"@type":"ImageObject","inLanguage":"it-IT","@id":"https:\/\/www.ccaniene.com\/it_it\/vela-si-avvicina-la-partenza-de-la-lunga-bolina\/#primaryimage","url":"https:\/\/www.ccaniene.com\/wp-content\/uploads\/2025\/04\/lunga-bolina.jpg","contentUrl":"https:\/\/www.ccaniene.com\/wp-content\/uploads\/2025\/04\/lunga-bolina.jpg","width":2268,"height":1276},{"@type":"BreadcrumbList","@id":"https:\/\/www.ccaniene.com\/it_it\/vela-si-avvicina-la-partenza-de-la-lunga-bolina\/#breadcrumb","itemListElement":[{"@type":"ListItem","position":1,"name":"Home","item":"http:\/\/www.ccaniene.com\/it_it\/"},{"@type":"ListItem","position":2,"name":"Vela\/Si avvicina la partenza de La Lunga Bolina"}]},{"@type":"WebSite","@id":"http:\/\/www.ccaniene.com\/it_it\/#website","url":"http:\/\/www.ccaniene.com\/it_it\/","name":"Circolo Canottieri Aniene","description":"Collare d&#039;Oro e Stella d&#039;Oro al Merito Sportivo","potentialAction":[{"@type":"SearchAction","target":{"@type":"EntryPoint","urlTemplate":"http:\/\/www.ccaniene.com\/it_it\/?s={search_term_string}"},"query-input":{"@type":"PropertyValueSpecification","valueRequired":true,"valueName":"search_term_string"}}],"inLanguage":"it-IT"},{"@type":"Person","@id":"http:\/\/www.ccaniene.com\/it_it\/#\/schema\/person\/6042bd0ba360674279dffd4247d570ed","name":"carlo.san@tin.it","image":{"@type":"ImageObject","inLanguage":"it-IT","@id":"http:\/\/www.ccaniene.com\/it_it\/#\/schema\/person\/image\/","url":"https:\/\/secure.gravatar.com\/avatar\/f993a459d0ffe4d666e4c917fef20ca9?s=96&d=mm&r=g","contentUrl":"https:\/\/secure.gravatar.com\/avatar\/f993a459d0ffe4d666e4c917fef20ca9?s=96&d=mm&r=g","caption":"carlo.san@tin.it"},"url":"https:\/\/www.ccaniene.com\/it_it\/author\/carlo-santi-2\/"}]}},"_links":{"self":[{"href":"https:\/\/www.ccaniene.com\/it_it\/wp-json\/wp\/v2\/posts\/29609"}],"collection":[{"href":"https:\/\/www.ccaniene.com\/it_it\/wp-json\/wp\/v2\/posts"}],"about":[{"href":"https:\/\/www.ccaniene.com\/it_it\/wp-json\/wp\/v2\/types\/post"}],"author":[{"embeddable":true,"href":"https:\/\/www.ccaniene.com\/it_it\/wp-json\/wp\/v2\/users\/23521"}],"replies":[{"embeddable":true,"href":"https:\/\/www.ccaniene.com\/it_it\/wp-json\/wp\/v2\/comments?post=29609"}],"version-history":[{"count":1,"href":"https:\/\/www.ccaniene.com\/it_it\/wp-json\/wp\/v2\/posts\/29609\/revisions"}],"predecessor-version":[{"id":29611,"href":"https:\/\/www.ccaniene.com\/it_it\/wp-json\/wp\/v2\/posts\/29609\/revisions\/29611"}],"wp:featuredmedia":[{"embeddable":true,"href":"https:\/\/www.ccaniene.com\/it_it\/wp-json\/wp\/v2\/media\/29610"}],"wp:attachment":[{"href":"https:\/\/www.ccaniene.com\/it_it\/wp-json\/wp\/v2\/media?parent=29609"}],"wp:term":[{"taxonomy":"category","embeddable":true,"href":"https:\/\/www.ccaniene.com\/it_it\/wp-json\/wp\/v2\/categories?post=29609"},{"taxonomy":"post_tag","embeddable":true,"href":"https:\/\/www.ccaniene.com\/it_it\/wp-json\/wp\/v2\/tags?post=29609"}],"curies":[{"name":"wp","href":"https:\/\/api.w.org\/{rel}","templated":true}]}}