{"id":28952,"date":"2024-06-23T22:45:56","date_gmt":"2024-06-23T20:45:56","guid":{"rendered":"https:\/\/www.ccaniene.com\/?p=28952"},"modified":"2024-06-23T22:45:57","modified_gmt":"2024-06-23T20:45:57","slug":"nuoto-simona-quadarella-regina-del-settecolli-vince-i-400sl-e-realizza-la-tripletta","status":"publish","type":"post","link":"https:\/\/www.ccaniene.com\/it_it\/nuoto-simona-quadarella-regina-del-settecolli-vince-i-400sl-e-realizza-la-tripletta\/","title":{"rendered":"Nuoto, Simona Quadarella regina del Settecolli: vince i 400sl e realizza la tripletta"},"content":{"rendered":"\n<p>Simona Quadarella \u00e8 la regina del Settecolli. Straordinaria tripletta per la campionessa dell\u2019Aniene che dopo aver vinto 1500sl e 800sl si \u00e8 imposta anche nei 400sl nel giorno dell\u2019addio alle competizioni di Piero Codia, applaudito dai tifosi dello Stadio del Nuoto. Seconda piazza per Luca De Tullio nei 1500sl mentre Margherita Panziera e Edoardo Giorgetti hanno chiuso al terzo posto 200 dorso e 200 rana.<\/p>\n\n\n\n<p>L\u2019appuntamento romano del grande nuoto ha visto l\u2019allieva di Christian Minotti la grande protagonista. Simona Quadarella ha regalato al suo pubblico una straordinaria tripletta. Per lei una vittoria al giorno concludendo con i 400sl con eccellente 4\u201906\u201d43. \u00abOggi ho sentito molto il supporto dello Stadio del Nuoto &#8211; ha detto Simone &#8211; e sono contenta di aver regalato ai miei tifosi quest\u2019altra vittoria. \u00c8 stato un bellissimo Settecolli per me. Mi porto dietro tanta fiducia per le Olimpiadi cui penser\u00f2 gi\u00e0 da domani, poich\u00e9 il tempo che ci separa \u00e8 poco\u00bb.<\/p>\n\n\n\n<p>Luca De Tullio ha chiuso il Trofeo. E lo ha fatto piazzandosi al secondo posto nei 1500sl rimontando bracciata dopo bracciata per toccare in 14\u201948\u201d77, primato personale e quarto italiano all time. Davanti al mezzofondista guidato come Simona Quadarella, il tedesco Florian Weelbrock &#8211; vice campione iridato e argento olimpico in carica &#8211; in 14\u201946\u201d37.<\/p>\n\n\n\n<p>\u00abIn questi giorni ho avuto delle sensazioni bellissime e mi sono fatto trascinare dall\u2019atmosfera unica di questa piscina &#8211; le parole di De Tullio, sabato secondo anche negli 800 &#8211; Ho abbassato notevolmente il mio personale e spero che ci\u00f2 possa valere qualcosa di importante per me\u00bb.<\/p>\n\n\n\n<p>Ci sono due terzi posti per gli atleti dell\u2019Aniene. Margherita Panziera nei 200 dorso ha toccato in 2\u201910\u201d39. \u00abHo fatto il possibile questa sera e non so se baster\u00e0 per la convocazione alle Olimpiadi &#8211; ha affermato la primatista italiana (2\u201905\u201d56) &#8211; Io ho dato tutto quello che avevo e non ho rimpianti\u00bb.<\/p>\n\n\n\n<p>A trentacinque anni e con la voglia di nuotare ancora e di vender cara la pelle ad avversari pi\u00f9 giovani, Edoardo Giorgetti nei 200 rana \u00e8 favoloso terzo nei 200 rana in 2\u201911\u201d37. \u00abll nuoto \u00e8 il mio grande amore ed ho sempre la stessa passione &#8211; ha spiegato Giorgetti &#8211; Adesso scendo in acqua con meno aspettative ma paradossalmente arrivano risultati insperati\u00bb.<\/p>\n\n\n\n<p>Piero Codia ha salutato il nuoto. Ultima gara per il 34enne atlete e vittoria nella finale B dei 50 farfalla in 23\u201d55. Codia \u00e8 stato campione europeo dei 100 farfalla a Glasgow nel 2018 dove ha stabilito il record italiano di 50\u201d64 tuttora imbattuto; plurimedagliato mondiale ed europeo in vasca lunga e corta; in nazionale assoluta per 12 anni, ha partecipato alle Olimpiadi di Rio de Janeiro 2016.<\/p>\n\n\n\n<p>Foto di Andrea Staccioli\/DBM<\/p>\n\n\n\n<figure class=\"wp-block-gallery has-nested-images columns-default is-cropped wp-block-gallery-1 is-layout-flex wp-block-gallery-is-layout-flex\">\n<figure class=\"wp-block-image size-large\"><img fetchpriority=\"high\" decoding=\"async\" width=\"1024\" height=\"682\" data-id=\"28954\" src=\"http:\/\/www.ccaniene.com\/wp-content\/uploads\/2024\/06\/margherita-panziera-settecolli.jpeg\" alt=\"\" class=\"wp-image-28954\" srcset=\"https:\/\/www.ccaniene.com\/wp-content\/uploads\/2024\/06\/margherita-panziera-settecolli.jpeg 1024w, https:\/\/www.ccaniene.com\/wp-content\/uploads\/2024\/06\/margherita-panziera-settecolli-800x533.jpeg 800w, https:\/\/www.ccaniene.com\/wp-content\/uploads\/2024\/06\/margherita-panziera-settecolli-768x512.jpeg 768w, https:\/\/www.ccaniene.com\/wp-content\/uploads\/2024\/06\/margherita-panziera-settecolli-18x12.jpeg 18w\" sizes=\"(max-width: 1024px) 100vw, 1024px\" \/><\/figure>\n\n\n\n<figure class=\"wp-block-image size-large\"><img decoding=\"async\" width=\"1024\" height=\"576\" data-id=\"28955\" src=\"http:\/\/www.ccaniene.com\/wp-content\/uploads\/2024\/06\/panziera-200-dorso-settecolli.jpeg\" alt=\"\" class=\"wp-image-28955\" srcset=\"https:\/\/www.ccaniene.com\/wp-content\/uploads\/2024\/06\/panziera-200-dorso-settecolli.jpeg 1024w, https:\/\/www.ccaniene.com\/wp-content\/uploads\/2024\/06\/panziera-200-dorso-settecolli-800x450.jpeg 800w, https:\/\/www.ccaniene.com\/wp-content\/uploads\/2024\/06\/panziera-200-dorso-settecolli-768x432.jpeg 768w, https:\/\/www.ccaniene.com\/wp-content\/uploads\/2024\/06\/panziera-200-dorso-settecolli-18x10.jpeg 18w\" sizes=\"(max-width: 1024px) 100vw, 1024px\" \/><\/figure>\n<\/figure>\n\n\n\n<figure class=\"wp-block-image size-full\"><img decoding=\"async\" width=\"1024\" height=\"682\" src=\"http:\/\/www.ccaniene.com\/wp-content\/uploads\/2024\/06\/piero-codia-settecolli.jpeg\" alt=\"\" class=\"wp-image-28956\" srcset=\"https:\/\/www.ccaniene.com\/wp-content\/uploads\/2024\/06\/piero-codia-settecolli.jpeg 1024w, https:\/\/www.ccaniene.com\/wp-content\/uploads\/2024\/06\/piero-codia-settecolli-800x533.jpeg 800w, https:\/\/www.ccaniene.com\/wp-content\/uploads\/2024\/06\/piero-codia-settecolli-768x512.jpeg 768w, https:\/\/www.ccaniene.com\/wp-content\/uploads\/2024\/06\/piero-codia-settecolli-18x12.jpeg 18w\" sizes=\"(max-width: 1024px) 100vw, 1024px\" \/><\/figure>\n","protected":false},"excerpt":{"rendered":"<p>Simona Quadarella \u00e8 la regina del Settecolli. Straordinaria tripletta per la campionessa dell\u2019Aniene che dopo aver vinto 1500sl e 800sl si \u00e8 imposta anche nei 400sl nel giorno dell\u2019addio alle competizioni di Piero Codia, applaudito dai tifosi dello Stadio del Nuoto. Seconda piazza per Luca De Tullio nei 1500sl mentre Margherita Panziera e Edoardo Giorgetti [&hellip;]<\/p>\n","protected":false},"author":23521,"featured_media":28953,"comment_status":"closed","ping_status":"closed","sticky":false,"template":"","format":"standard","meta":{"pmpro_default_level":0,"footnotes":"","_links_to":"","_links_to_target":""},"categories":[1,11],"tags":[],"class_list":["post-28952","post","type-post","status-publish","format-standard","has-post-thumbnail","hentry","category-news","category-nuoto","pmpro-has-access"],"featured_image_urls":{"medium":"https:\/\/www.ccaniene.com\/wp-content\/uploads\/2024\/06\/quadarella-400sl-settecolli-800x450.jpeg","thumbnail":"https:\/\/www.ccaniene.com\/wp-content\/uploads\/2024\/06\/quadarella-400sl-settecolli-400x400.jpeg","medium_large":"https:\/\/www.ccaniene.com\/wp-content\/uploads\/2024\/06\/quadarella-400sl-settecolli-768x432.jpeg","trp-custom-language-flag":"https:\/\/www.ccaniene.com\/wp-content\/uploads\/2024\/06\/quadarella-400sl-settecolli-18x10.jpeg","qi_addons_for_elementor_image_size_square":"https:\/\/www.ccaniene.com\/wp-content\/uploads\/2024\/06\/quadarella-400sl-settecolli-650x576.jpeg","qi_addons_for_elementor_image_size_portrait":"https:\/\/www.ccaniene.com\/wp-content\/uploads\/2024\/06\/quadarella-400sl-settecolli-650x576.jpeg","fairwaygreen_core_image_size_square":"https:\/\/www.ccaniene.com\/wp-content\/uploads\/2024\/06\/quadarella-400sl-settecolli-650x576.jpeg","fairwaygreen_core_image_size_portrait":"https:\/\/www.ccaniene.com\/wp-content\/uploads\/2024\/06\/quadarella-400sl-settecolli-650x576.jpeg","photo-blog":"https:\/\/www.ccaniene.com\/wp-content\/uploads\/2024\/06\/quadarella-400sl-settecolli-768x432.jpeg","cmplz_banner_image":"https:\/\/www.ccaniene.com\/wp-content\/uploads\/2024\/06\/quadarella-400sl-settecolli-350x100.jpeg"},"appp_media":null,"yoast_head":"<!-- This site is optimized with the Yoast SEO plugin v23.6 - https:\/\/yoast.com\/wordpress\/plugins\/seo\/ -->\n<title>Nuoto, Simona Quadarella regina del Settecolli: vince i 400sl e realizza la tripletta - Circolo Canottieri Aniene<\/title>\n<meta name=\"robots\" content=\"index, follow, max-snippet:-1, max-image-preview:large, max-video-preview:-1\" \/>\n<link rel=\"canonical\" href=\"https:\/\/www.ccaniene.com\/it_it\/nuoto-simona-quadarella-regina-del-settecolli-vince-i-400sl-e-realizza-la-tripletta\/\" \/>\n<meta property=\"og:locale\" content=\"it_IT\" \/>\n<meta property=\"og:type\" content=\"article\" \/>\n<meta property=\"og:title\" content=\"Nuoto, Simona Quadarella regina del Settecolli: vince i 400sl e realizza la tripletta - Circolo Canottieri Aniene\" \/>\n<meta property=\"og:description\" content=\"Simona Quadarella \u00e8 la regina del Settecolli. Straordinaria tripletta per la campionessa dell\u2019Aniene che dopo aver vinto 1500sl e 800sl si \u00e8 imposta anche nei 400sl nel giorno dell\u2019addio alle competizioni di Piero Codia, applaudito dai tifosi dello Stadio del Nuoto. Seconda piazza per Luca De Tullio nei 1500sl mentre Margherita Panziera e Edoardo Giorgetti [&hellip;]\" \/>\n<meta property=\"og:url\" content=\"https:\/\/www.ccaniene.com\/it_it\/nuoto-simona-quadarella-regina-del-settecolli-vince-i-400sl-e-realizza-la-tripletta\/\" \/>\n<meta property=\"og:site_name\" content=\"Circolo Canottieri Aniene\" \/>\n<meta property=\"article:published_time\" content=\"2024-06-23T20:45:56+00:00\" \/>\n<meta property=\"article:modified_time\" content=\"2024-06-23T20:45:57+00:00\" \/>\n<meta property=\"og:image\" content=\"https:\/\/www.ccaniene.com\/wp-content\/uploads\/2024\/06\/quadarella-400sl-settecolli.jpeg\" \/>\n\t<meta property=\"og:image:width\" content=\"1024\" \/>\n\t<meta property=\"og:image:height\" content=\"576\" \/>\n\t<meta property=\"og:image:type\" content=\"image\/jpeg\" \/>\n<meta name=\"author\" content=\"carlo.san@tin.it\" \/>\n<meta name=\"twitter:card\" content=\"summary_large_image\" \/>\n<meta name=\"twitter:label1\" content=\"Scritto da\" \/>\n\t<meta name=\"twitter:data1\" content=\"carlo.san@tin.it\" \/>\n\t<meta name=\"twitter:label2\" content=\"Tempo di lettura stimato\" \/>\n\t<meta name=\"twitter:data2\" content=\"4 minuti\" \/>\n<script type=\"application\/ld+json\" class=\"yoast-schema-graph\">{\"@context\":\"https:\/\/schema.org\",\"@graph\":[{\"@type\":\"WebPage\",\"@id\":\"https:\/\/www.ccaniene.com\/it_it\/nuoto-simona-quadarella-regina-del-settecolli-vince-i-400sl-e-realizza-la-tripletta\/\",\"url\":\"https:\/\/www.ccaniene.com\/it_it\/nuoto-simona-quadarella-regina-del-settecolli-vince-i-400sl-e-realizza-la-tripletta\/\",\"name\":\"Nuoto, Simona Quadarella regina del Settecolli: vince i 400sl e realizza la tripletta - Circolo Canottieri Aniene\",\"isPartOf\":{\"@id\":\"http:\/\/www.ccaniene.com\/it_it\/#website\"},\"primaryImageOfPage\":{\"@id\":\"https:\/\/www.ccaniene.com\/it_it\/nuoto-simona-quadarella-regina-del-settecolli-vince-i-400sl-e-realizza-la-tripletta\/#primaryimage\"},\"image\":{\"@id\":\"https:\/\/www.ccaniene.com\/it_it\/nuoto-simona-quadarella-regina-del-settecolli-vince-i-400sl-e-realizza-la-tripletta\/#primaryimage\"},\"thumbnailUrl\":\"https:\/\/www.ccaniene.com\/wp-content\/uploads\/2024\/06\/quadarella-400sl-settecolli.jpeg\",\"datePublished\":\"2024-06-23T20:45:56+00:00\",\"dateModified\":\"2024-06-23T20:45:57+00:00\",\"author\":{\"@id\":\"http:\/\/www.ccaniene.com\/it_it\/#\/schema\/person\/6042bd0ba360674279dffd4247d570ed\"},\"breadcrumb\":{\"@id\":\"https:\/\/www.ccaniene.com\/it_it\/nuoto-simona-quadarella-regina-del-settecolli-vince-i-400sl-e-realizza-la-tripletta\/#breadcrumb\"},\"inLanguage\":\"it-IT\",\"potentialAction\":[{\"@type\":\"ReadAction\",\"target\":[\"https:\/\/www.ccaniene.com\/it_it\/nuoto-simona-quadarella-regina-del-settecolli-vince-i-400sl-e-realizza-la-tripletta\/\"]}]},{\"@type\":\"ImageObject\",\"inLanguage\":\"it-IT\",\"@id\":\"https:\/\/www.ccaniene.com\/it_it\/nuoto-simona-quadarella-regina-del-settecolli-vince-i-400sl-e-realizza-la-tripletta\/#primaryimage\",\"url\":\"https:\/\/www.ccaniene.com\/wp-content\/uploads\/2024\/06\/quadarella-400sl-settecolli.jpeg\",\"contentUrl\":\"https:\/\/www.ccaniene.com\/wp-content\/uploads\/2024\/06\/quadarella-400sl-settecolli.jpeg\",\"width\":1024,\"height\":576},{\"@type\":\"BreadcrumbList\",\"@id\":\"https:\/\/www.ccaniene.com\/it_it\/nuoto-simona-quadarella-regina-del-settecolli-vince-i-400sl-e-realizza-la-tripletta\/#breadcrumb\",\"itemListElement\":[{\"@type\":\"ListItem\",\"position\":1,\"name\":\"Home\",\"item\":\"http:\/\/www.ccaniene.com\/it_it\/\"},{\"@type\":\"ListItem\",\"position\":2,\"name\":\"Nuoto, Simona Quadarella regina del Settecolli: vince i 400sl e realizza la tripletta\"}]},{\"@type\":\"WebSite\",\"@id\":\"http:\/\/www.ccaniene.com\/it_it\/#website\",\"url\":\"http:\/\/www.ccaniene.com\/it_it\/\",\"name\":\"Circolo Canottieri Aniene\",\"description\":\"Collare d&#039;Oro e Stella d&#039;Oro al Merito Sportivo\",\"potentialAction\":[{\"@type\":\"SearchAction\",\"target\":{\"@type\":\"EntryPoint\",\"urlTemplate\":\"http:\/\/www.ccaniene.com\/it_it\/?s={search_term_string}\"},\"query-input\":{\"@type\":\"PropertyValueSpecification\",\"valueRequired\":true,\"valueName\":\"search_term_string\"}}],\"inLanguage\":\"it-IT\"},{\"@type\":\"Person\",\"@id\":\"http:\/\/www.ccaniene.com\/it_it\/#\/schema\/person\/6042bd0ba360674279dffd4247d570ed\",\"name\":\"carlo.san@tin.it\",\"image\":{\"@type\":\"ImageObject\",\"inLanguage\":\"it-IT\",\"@id\":\"http:\/\/www.ccaniene.com\/it_it\/#\/schema\/person\/image\/\",\"url\":\"https:\/\/secure.gravatar.com\/avatar\/f993a459d0ffe4d666e4c917fef20ca9?s=96&d=mm&r=g\",\"contentUrl\":\"https:\/\/secure.gravatar.com\/avatar\/f993a459d0ffe4d666e4c917fef20ca9?s=96&d=mm&r=g\",\"caption\":\"carlo.san@tin.it\"},\"url\":\"https:\/\/www.ccaniene.com\/it_it\/author\/carlo-santi-2\/\"}]}<\/script>\n<!-- \/ Yoast SEO plugin. -->","yoast_head_json":{"title":"Nuoto, Simona Quadarella regina del Settecolli: vince i 400sl e realizza la tripletta - Circolo Canottieri Aniene","robots":{"index":"index","follow":"follow","max-snippet":"max-snippet:-1","max-image-preview":"max-image-preview:large","max-video-preview":"max-video-preview:-1"},"canonical":"https:\/\/www.ccaniene.com\/it_it\/nuoto-simona-quadarella-regina-del-settecolli-vince-i-400sl-e-realizza-la-tripletta\/","og_locale":"it_IT","og_type":"article","og_title":"Nuoto, Simona Quadarella regina del Settecolli: vince i 400sl e realizza la tripletta - Circolo Canottieri Aniene","og_description":"Simona Quadarella \u00e8 la regina del Settecolli. Straordinaria tripletta per la campionessa dell\u2019Aniene che dopo aver vinto 1500sl e 800sl si \u00e8 imposta anche nei 400sl nel giorno dell\u2019addio alle competizioni di Piero Codia, applaudito dai tifosi dello Stadio del Nuoto. Seconda piazza per Luca De Tullio nei 1500sl mentre Margherita Panziera e Edoardo Giorgetti [&hellip;]","og_url":"https:\/\/www.ccaniene.com\/it_it\/nuoto-simona-quadarella-regina-del-settecolli-vince-i-400sl-e-realizza-la-tripletta\/","og_site_name":"Circolo Canottieri Aniene","article_published_time":"2024-06-23T20:45:56+00:00","article_modified_time":"2024-06-23T20:45:57+00:00","og_image":[{"width":1024,"height":576,"url":"https:\/\/www.ccaniene.com\/wp-content\/uploads\/2024\/06\/quadarella-400sl-settecolli.jpeg","type":"image\/jpeg"}],"author":"carlo.san@tin.it","twitter_card":"summary_large_image","twitter_misc":{"Scritto da":"carlo.san@tin.it","Tempo di lettura stimato":"4 minuti"},"schema":{"@context":"https:\/\/schema.org","@graph":[{"@type":"WebPage","@id":"https:\/\/www.ccaniene.com\/it_it\/nuoto-simona-quadarella-regina-del-settecolli-vince-i-400sl-e-realizza-la-tripletta\/","url":"https:\/\/www.ccaniene.com\/it_it\/nuoto-simona-quadarella-regina-del-settecolli-vince-i-400sl-e-realizza-la-tripletta\/","name":"Nuoto, Simona Quadarella regina del Settecolli: vince i 400sl e realizza la tripletta - Circolo Canottieri Aniene","isPartOf":{"@id":"http:\/\/www.ccaniene.com\/it_it\/#website"},"primaryImageOfPage":{"@id":"https:\/\/www.ccaniene.com\/it_it\/nuoto-simona-quadarella-regina-del-settecolli-vince-i-400sl-e-realizza-la-tripletta\/#primaryimage"},"image":{"@id":"https:\/\/www.ccaniene.com\/it_it\/nuoto-simona-quadarella-regina-del-settecolli-vince-i-400sl-e-realizza-la-tripletta\/#primaryimage"},"thumbnailUrl":"https:\/\/www.ccaniene.com\/wp-content\/uploads\/2024\/06\/quadarella-400sl-settecolli.jpeg","datePublished":"2024-06-23T20:45:56+00:00","dateModified":"2024-06-23T20:45:57+00:00","author":{"@id":"http:\/\/www.ccaniene.com\/it_it\/#\/schema\/person\/6042bd0ba360674279dffd4247d570ed"},"breadcrumb":{"@id":"https:\/\/www.ccaniene.com\/it_it\/nuoto-simona-quadarella-regina-del-settecolli-vince-i-400sl-e-realizza-la-tripletta\/#breadcrumb"},"inLanguage":"it-IT","potentialAction":[{"@type":"ReadAction","target":["https:\/\/www.ccaniene.com\/it_it\/nuoto-simona-quadarella-regina-del-settecolli-vince-i-400sl-e-realizza-la-tripletta\/"]}]},{"@type":"ImageObject","inLanguage":"it-IT","@id":"https:\/\/www.ccaniene.com\/it_it\/nuoto-simona-quadarella-regina-del-settecolli-vince-i-400sl-e-realizza-la-tripletta\/#primaryimage","url":"https:\/\/www.ccaniene.com\/wp-content\/uploads\/2024\/06\/quadarella-400sl-settecolli.jpeg","contentUrl":"https:\/\/www.ccaniene.com\/wp-content\/uploads\/2024\/06\/quadarella-400sl-settecolli.jpeg","width":1024,"height":576},{"@type":"BreadcrumbList","@id":"https:\/\/www.ccaniene.com\/it_it\/nuoto-simona-quadarella-regina-del-settecolli-vince-i-400sl-e-realizza-la-tripletta\/#breadcrumb","itemListElement":[{"@type":"ListItem","position":1,"name":"Home","item":"http:\/\/www.ccaniene.com\/it_it\/"},{"@type":"ListItem","position":2,"name":"Nuoto, Simona Quadarella regina del Settecolli: vince i 400sl e realizza la tripletta"}]},{"@type":"WebSite","@id":"http:\/\/www.ccaniene.com\/it_it\/#website","url":"http:\/\/www.ccaniene.com\/it_it\/","name":"Circolo Canottieri Aniene","description":"Collare d&#039;Oro e Stella d&#039;Oro al Merito Sportivo","potentialAction":[{"@type":"SearchAction","target":{"@type":"EntryPoint","urlTemplate":"http:\/\/www.ccaniene.com\/it_it\/?s={search_term_string}"},"query-input":{"@type":"PropertyValueSpecification","valueRequired":true,"valueName":"search_term_string"}}],"inLanguage":"it-IT"},{"@type":"Person","@id":"http:\/\/www.ccaniene.com\/it_it\/#\/schema\/person\/6042bd0ba360674279dffd4247d570ed","name":"carlo.san@tin.it","image":{"@type":"ImageObject","inLanguage":"it-IT","@id":"http:\/\/www.ccaniene.com\/it_it\/#\/schema\/person\/image\/","url":"https:\/\/secure.gravatar.com\/avatar\/f993a459d0ffe4d666e4c917fef20ca9?s=96&d=mm&r=g","contentUrl":"https:\/\/secure.gravatar.com\/avatar\/f993a459d0ffe4d666e4c917fef20ca9?s=96&d=mm&r=g","caption":"carlo.san@tin.it"},"url":"https:\/\/www.ccaniene.com\/it_it\/author\/carlo-santi-2\/"}]}},"_links":{"self":[{"href":"https:\/\/www.ccaniene.com\/it_it\/wp-json\/wp\/v2\/posts\/28952"}],"collection":[{"href":"https:\/\/www.ccaniene.com\/it_it\/wp-json\/wp\/v2\/posts"}],"about":[{"href":"https:\/\/www.ccaniene.com\/it_it\/wp-json\/wp\/v2\/types\/post"}],"author":[{"embeddable":true,"href":"https:\/\/www.ccaniene.com\/it_it\/wp-json\/wp\/v2\/users\/23521"}],"replies":[{"embeddable":true,"href":"https:\/\/www.ccaniene.com\/it_it\/wp-json\/wp\/v2\/comments?post=28952"}],"version-history":[{"count":1,"href":"https:\/\/www.ccaniene.com\/it_it\/wp-json\/wp\/v2\/posts\/28952\/revisions"}],"predecessor-version":[{"id":28957,"href":"https:\/\/www.ccaniene.com\/it_it\/wp-json\/wp\/v2\/posts\/28952\/revisions\/28957"}],"wp:featuredmedia":[{"embeddable":true,"href":"https:\/\/www.ccaniene.com\/it_it\/wp-json\/wp\/v2\/media\/28953"}],"wp:attachment":[{"href":"https:\/\/www.ccaniene.com\/it_it\/wp-json\/wp\/v2\/media?parent=28952"}],"wp:term":[{"taxonomy":"category","embeddable":true,"href":"https:\/\/www.ccaniene.com\/it_it\/wp-json\/wp\/v2\/categories?post=28952"},{"taxonomy":"post_tag","embeddable":true,"href":"https:\/\/www.ccaniene.com\/it_it\/wp-json\/wp\/v2\/tags?post=28952"}],"curies":[{"name":"wp","href":"https:\/\/api.w.org\/{rel}","templated":true}]}}