{"id":28897,"date":"2024-05-30T22:12:48","date_gmt":"2024-05-30T20:12:48","guid":{"rendered":"https:\/\/www.ccaniene.com\/?p=28897"},"modified":"2024-05-31T16:27:18","modified_gmt":"2024-05-31T14:27:18","slug":"piccoli-non-invisibili-serata-di-solidarieta-allaniene","status":"publish","type":"post","link":"https:\/\/www.ccaniene.com\/it_it\/piccoli-non-invisibili-serata-di-solidarieta-allaniene\/","title":{"rendered":"&#8220;Piccoli, non invisibili&#8221;: serata di solidariet\u00e0 all&#8217;Aniene"},"content":{"rendered":"\n<p>Il Circolo Canottieri Aniene ha vissuto un altro capitolo di quella storia meravigliosa che ci unisce ai bambini che hanno bisogno del nostro aiuto all\u2019interno dei reparti pediatrici. Per una serata all\u2019insegna del volontariato e della solidariet\u00e0 sono stati messi a disposizione dall\u2019Associazione \u201cPiccoli, non invisibili\u201d, 150 biglietti per partecipare all\u2019evento ed in poco meno di due ore tutto era gi\u00e0 sold out. Il ricavato \u00e8 andato in beneficenza insieme al contributo donato dal Circolo.<\/p>\n\n\n\n<p>\u00c8 stato percepito, dagli sguardi di chi ha partecipato, quanto Aniene e solidariet\u00e0 siano un connubio inscindibile. Il tutto \u00e8 stato definito a \u201cmetri zero\u201d con il contributo di molti soci e di Matteo Melandri che ha cantato, e di tante persone che hanno voluto partecipare.<\/p>\n\n\n\n<figure class=\"wp-block-image size-full\"><img fetchpriority=\"high\" decoding=\"async\" width=\"1831\" height=\"1219\" src=\"http:\/\/www.ccaniene.com\/wp-content\/uploads\/2024\/05\/piccoli4.jpg\" alt=\"\" class=\"wp-image-28902\" srcset=\"https:\/\/www.ccaniene.com\/wp-content\/uploads\/2024\/05\/piccoli4.jpg 1831w, https:\/\/www.ccaniene.com\/wp-content\/uploads\/2024\/05\/piccoli4-800x533.jpg 800w, https:\/\/www.ccaniene.com\/wp-content\/uploads\/2024\/05\/piccoli4-768x511.jpg 768w, https:\/\/www.ccaniene.com\/wp-content\/uploads\/2024\/05\/piccoli4-1536x1023.jpg 1536w, https:\/\/www.ccaniene.com\/wp-content\/uploads\/2024\/05\/piccoli4-18x12.jpg 18w\" sizes=\"(max-width: 1831px) 100vw, 1831px\" \/><\/figure>\n\n\n\n<p>Un altro socio, un senatore del Circolo, ha voluto ringraziare chi ha organizzato la serata perch\u00e9, testuali parole, \u00abieri sera abbiamo avuto la sensazione che tanti di quei bambini e tanti dei loro genitori fossero idealmente l\u00ec presente insieme a noi\u00bb.<\/p>\n\n\n\n<p>Tutto questo ha un valore inestimabile.<\/p>\n\n\n\n<p>L\u2019Associazione \u201cPiccoli, non invisibili\u201d, vuole garantire a tutti i bambini indipendentemente dalla loro condizione sociale, economica o geografica, il diritto a un\u2019infanzia felice, sana e ricca di opportunit\u00e0.<\/p>\n","protected":false},"excerpt":{"rendered":"<p>Il Circolo Canottieri Aniene ha vissuto un altro capitolo di quella storia meravigliosa che ci unisce ai bambini che hanno bisogno del nostro aiuto all\u2019interno dei reparti pediatrici. Per una serata all\u2019insegna del volontariato e della solidariet\u00e0 sono stati messi a disposizione dall\u2019Associazione \u201cPiccoli, non invisibili\u201d, 150 biglietti per partecipare all\u2019evento ed in poco meno [&hellip;]<\/p>\n","protected":false},"author":23521,"featured_media":28900,"comment_status":"closed","ping_status":"closed","sticky":false,"template":"","format":"standard","meta":{"pmpro_default_level":0,"footnotes":"","_links_to":"","_links_to_target":""},"categories":[1],"tags":[],"class_list":["post-28897","post","type-post","status-publish","format-standard","has-post-thumbnail","hentry","category-news","pmpro-has-access"],"featured_image_urls":{"medium":"https:\/\/www.ccaniene.com\/wp-content\/uploads\/2024\/05\/piccoli1-800x532.jpg","thumbnail":"https:\/\/www.ccaniene.com\/wp-content\/uploads\/2024\/05\/piccoli1-400x400.jpg","medium_large":"https:\/\/www.ccaniene.com\/wp-content\/uploads\/2024\/05\/piccoli1-768x511.jpg","trp-custom-language-flag":"https:\/\/www.ccaniene.com\/wp-content\/uploads\/2024\/05\/piccoli1-18x12.jpg","qi_addons_for_elementor_image_size_square":"https:\/\/www.ccaniene.com\/wp-content\/uploads\/2024\/05\/piccoli1-650x650.jpg","qi_addons_for_elementor_image_size_landscape":"https:\/\/www.ccaniene.com\/wp-content\/uploads\/2024\/05\/piccoli1-1219x650.jpg","qi_addons_for_elementor_image_size_portrait":"https:\/\/www.ccaniene.com\/wp-content\/uploads\/2024\/05\/piccoli1-650x811.jpg","fairwaygreen_core_image_size_square":"https:\/\/www.ccaniene.com\/wp-content\/uploads\/2024\/05\/piccoli1-650x650.jpg","fairwaygreen_core_image_size_landscape":"https:\/\/www.ccaniene.com\/wp-content\/uploads\/2024\/05\/piccoli1-1219x650.jpg","fairwaygreen_core_image_size_portrait":"https:\/\/www.ccaniene.com\/wp-content\/uploads\/2024\/05\/piccoli1-650x811.jpg","photo-blog":"https:\/\/www.ccaniene.com\/wp-content\/uploads\/2024\/05\/piccoli1-768x511.jpg","cmplz_banner_image":"https:\/\/www.ccaniene.com\/wp-content\/uploads\/2024\/05\/piccoli1-350x100.jpg"},"appp_media":null,"yoast_head":"<!-- This site is optimized with the Yoast SEO plugin v23.6 - https:\/\/yoast.com\/wordpress\/plugins\/seo\/ -->\n<title>&quot;Piccoli, non invisibili&quot;: serata di solidariet\u00e0 all&#039;Aniene - Circolo Canottieri Aniene<\/title>\n<meta name=\"robots\" content=\"index, follow, max-snippet:-1, max-image-preview:large, max-video-preview:-1\" \/>\n<link rel=\"canonical\" href=\"https:\/\/www.ccaniene.com\/it_it\/piccoli-non-invisibili-serata-di-solidarieta-allaniene\/\" \/>\n<meta property=\"og:locale\" content=\"it_IT\" \/>\n<meta property=\"og:type\" content=\"article\" \/>\n<meta property=\"og:title\" content=\"&quot;Piccoli, non invisibili&quot;: serata di solidariet\u00e0 all&#039;Aniene - Circolo Canottieri Aniene\" \/>\n<meta property=\"og:description\" content=\"Il Circolo Canottieri Aniene ha vissuto un altro capitolo di quella storia meravigliosa che ci unisce ai bambini che hanno bisogno del nostro aiuto all\u2019interno dei reparti pediatrici. Per una serata all\u2019insegna del volontariato e della solidariet\u00e0 sono stati messi a disposizione dall\u2019Associazione \u201cPiccoli, non invisibili\u201d, 150 biglietti per partecipare all\u2019evento ed in poco meno [&hellip;]\" \/>\n<meta property=\"og:url\" content=\"https:\/\/www.ccaniene.com\/it_it\/piccoli-non-invisibili-serata-di-solidarieta-allaniene\/\" \/>\n<meta property=\"og:site_name\" content=\"Circolo Canottieri Aniene\" \/>\n<meta property=\"article:published_time\" content=\"2024-05-30T20:12:48+00:00\" \/>\n<meta property=\"article:modified_time\" content=\"2024-05-31T14:27:18+00:00\" \/>\n<meta property=\"og:image\" content=\"https:\/\/www.ccaniene.com\/wp-content\/uploads\/2024\/05\/piccoli1.jpg\" \/>\n\t<meta property=\"og:image:width\" content=\"1219\" \/>\n\t<meta property=\"og:image:height\" content=\"811\" \/>\n\t<meta property=\"og:image:type\" content=\"image\/jpeg\" \/>\n<meta name=\"author\" content=\"carlo.san@tin.it\" \/>\n<meta name=\"twitter:card\" content=\"summary_large_image\" \/>\n<meta name=\"twitter:label1\" content=\"Scritto da\" \/>\n\t<meta name=\"twitter:data1\" content=\"carlo.san@tin.it\" \/>\n\t<meta name=\"twitter:label2\" content=\"Tempo di lettura stimato\" \/>\n\t<meta name=\"twitter:data2\" content=\"2 minuti\" \/>\n<script type=\"application\/ld+json\" class=\"yoast-schema-graph\">{\"@context\":\"https:\/\/schema.org\",\"@graph\":[{\"@type\":\"WebPage\",\"@id\":\"https:\/\/www.ccaniene.com\/it_it\/piccoli-non-invisibili-serata-di-solidarieta-allaniene\/\",\"url\":\"https:\/\/www.ccaniene.com\/it_it\/piccoli-non-invisibili-serata-di-solidarieta-allaniene\/\",\"name\":\"\\\"Piccoli, non invisibili\\\": serata di solidariet\u00e0 all'Aniene - Circolo Canottieri Aniene\",\"isPartOf\":{\"@id\":\"https:\/\/www.ccaniene.com\/it_it\/#website\"},\"primaryImageOfPage\":{\"@id\":\"https:\/\/www.ccaniene.com\/it_it\/piccoli-non-invisibili-serata-di-solidarieta-allaniene\/#primaryimage\"},\"image\":{\"@id\":\"https:\/\/www.ccaniene.com\/it_it\/piccoli-non-invisibili-serata-di-solidarieta-allaniene\/#primaryimage\"},\"thumbnailUrl\":\"https:\/\/www.ccaniene.com\/wp-content\/uploads\/2024\/05\/piccoli1.jpg\",\"datePublished\":\"2024-05-30T20:12:48+00:00\",\"dateModified\":\"2024-05-31T14:27:18+00:00\",\"author\":{\"@id\":\"https:\/\/www.ccaniene.com\/it_it\/#\/schema\/person\/6042bd0ba360674279dffd4247d570ed\"},\"breadcrumb\":{\"@id\":\"https:\/\/www.ccaniene.com\/it_it\/piccoli-non-invisibili-serata-di-solidarieta-allaniene\/#breadcrumb\"},\"inLanguage\":\"it-IT\",\"potentialAction\":[{\"@type\":\"ReadAction\",\"target\":[\"https:\/\/www.ccaniene.com\/it_it\/piccoli-non-invisibili-serata-di-solidarieta-allaniene\/\"]}]},{\"@type\":\"ImageObject\",\"inLanguage\":\"it-IT\",\"@id\":\"https:\/\/www.ccaniene.com\/it_it\/piccoli-non-invisibili-serata-di-solidarieta-allaniene\/#primaryimage\",\"url\":\"https:\/\/www.ccaniene.com\/wp-content\/uploads\/2024\/05\/piccoli1.jpg\",\"contentUrl\":\"https:\/\/www.ccaniene.com\/wp-content\/uploads\/2024\/05\/piccoli1.jpg\",\"width\":1219,\"height\":811},{\"@type\":\"BreadcrumbList\",\"@id\":\"https:\/\/www.ccaniene.com\/it_it\/piccoli-non-invisibili-serata-di-solidarieta-allaniene\/#breadcrumb\",\"itemListElement\":[{\"@type\":\"ListItem\",\"position\":1,\"name\":\"Home\",\"item\":\"https:\/\/www.ccaniene.com\/it_it\/\"},{\"@type\":\"ListItem\",\"position\":2,\"name\":\"&#8220;Piccoli, non invisibili&#8221;: serata di solidariet\u00e0 all&#8217;Aniene\"}]},{\"@type\":\"WebSite\",\"@id\":\"https:\/\/www.ccaniene.com\/it_it\/#website\",\"url\":\"https:\/\/www.ccaniene.com\/it_it\/\",\"name\":\"Circolo Canottieri Aniene\",\"description\":\"Collare d&#039;Oro e Stella d&#039;Oro al Merito Sportivo\",\"potentialAction\":[{\"@type\":\"SearchAction\",\"target\":{\"@type\":\"EntryPoint\",\"urlTemplate\":\"https:\/\/www.ccaniene.com\/it_it\/?s={search_term_string}\"},\"query-input\":{\"@type\":\"PropertyValueSpecification\",\"valueRequired\":true,\"valueName\":\"search_term_string\"}}],\"inLanguage\":\"it-IT\"},{\"@type\":\"Person\",\"@id\":\"https:\/\/www.ccaniene.com\/it_it\/#\/schema\/person\/6042bd0ba360674279dffd4247d570ed\",\"name\":\"carlo.san@tin.it\",\"image\":{\"@type\":\"ImageObject\",\"inLanguage\":\"it-IT\",\"@id\":\"https:\/\/www.ccaniene.com\/it_it\/#\/schema\/person\/image\/\",\"url\":\"https:\/\/secure.gravatar.com\/avatar\/f993a459d0ffe4d666e4c917fef20ca9?s=96&d=mm&r=g\",\"contentUrl\":\"https:\/\/secure.gravatar.com\/avatar\/f993a459d0ffe4d666e4c917fef20ca9?s=96&d=mm&r=g\",\"caption\":\"carlo.san@tin.it\"},\"url\":\"https:\/\/www.ccaniene.com\/it_it\/author\/carlo-santi-2\/\"}]}<\/script>\n<!-- \/ Yoast SEO plugin. -->","yoast_head_json":{"title":"\"Piccoli, non invisibili\": serata di solidariet\u00e0 all'Aniene - Circolo Canottieri Aniene","robots":{"index":"index","follow":"follow","max-snippet":"max-snippet:-1","max-image-preview":"max-image-preview:large","max-video-preview":"max-video-preview:-1"},"canonical":"https:\/\/www.ccaniene.com\/it_it\/piccoli-non-invisibili-serata-di-solidarieta-allaniene\/","og_locale":"it_IT","og_type":"article","og_title":"\"Piccoli, non invisibili\": serata di solidariet\u00e0 all'Aniene - Circolo Canottieri Aniene","og_description":"Il Circolo Canottieri Aniene ha vissuto un altro capitolo di quella storia meravigliosa che ci unisce ai bambini che hanno bisogno del nostro aiuto all\u2019interno dei reparti pediatrici. Per una serata all\u2019insegna del volontariato e della solidariet\u00e0 sono stati messi a disposizione dall\u2019Associazione \u201cPiccoli, non invisibili\u201d, 150 biglietti per partecipare all\u2019evento ed in poco meno [&hellip;]","og_url":"https:\/\/www.ccaniene.com\/it_it\/piccoli-non-invisibili-serata-di-solidarieta-allaniene\/","og_site_name":"Circolo Canottieri Aniene","article_published_time":"2024-05-30T20:12:48+00:00","article_modified_time":"2024-05-31T14:27:18+00:00","og_image":[{"width":1219,"height":811,"url":"https:\/\/www.ccaniene.com\/wp-content\/uploads\/2024\/05\/piccoli1.jpg","type":"image\/jpeg"}],"author":"carlo.san@tin.it","twitter_card":"summary_large_image","twitter_misc":{"Scritto da":"carlo.san@tin.it","Tempo di lettura stimato":"2 minuti"},"schema":{"@context":"https:\/\/schema.org","@graph":[{"@type":"WebPage","@id":"https:\/\/www.ccaniene.com\/it_it\/piccoli-non-invisibili-serata-di-solidarieta-allaniene\/","url":"https:\/\/www.ccaniene.com\/it_it\/piccoli-non-invisibili-serata-di-solidarieta-allaniene\/","name":"\"Piccoli, non invisibili\": serata di solidariet\u00e0 all'Aniene - Circolo Canottieri Aniene","isPartOf":{"@id":"https:\/\/www.ccaniene.com\/it_it\/#website"},"primaryImageOfPage":{"@id":"https:\/\/www.ccaniene.com\/it_it\/piccoli-non-invisibili-serata-di-solidarieta-allaniene\/#primaryimage"},"image":{"@id":"https:\/\/www.ccaniene.com\/it_it\/piccoli-non-invisibili-serata-di-solidarieta-allaniene\/#primaryimage"},"thumbnailUrl":"https:\/\/www.ccaniene.com\/wp-content\/uploads\/2024\/05\/piccoli1.jpg","datePublished":"2024-05-30T20:12:48+00:00","dateModified":"2024-05-31T14:27:18+00:00","author":{"@id":"https:\/\/www.ccaniene.com\/it_it\/#\/schema\/person\/6042bd0ba360674279dffd4247d570ed"},"breadcrumb":{"@id":"https:\/\/www.ccaniene.com\/it_it\/piccoli-non-invisibili-serata-di-solidarieta-allaniene\/#breadcrumb"},"inLanguage":"it-IT","potentialAction":[{"@type":"ReadAction","target":["https:\/\/www.ccaniene.com\/it_it\/piccoli-non-invisibili-serata-di-solidarieta-allaniene\/"]}]},{"@type":"ImageObject","inLanguage":"it-IT","@id":"https:\/\/www.ccaniene.com\/it_it\/piccoli-non-invisibili-serata-di-solidarieta-allaniene\/#primaryimage","url":"https:\/\/www.ccaniene.com\/wp-content\/uploads\/2024\/05\/piccoli1.jpg","contentUrl":"https:\/\/www.ccaniene.com\/wp-content\/uploads\/2024\/05\/piccoli1.jpg","width":1219,"height":811},{"@type":"BreadcrumbList","@id":"https:\/\/www.ccaniene.com\/it_it\/piccoli-non-invisibili-serata-di-solidarieta-allaniene\/#breadcrumb","itemListElement":[{"@type":"ListItem","position":1,"name":"Home","item":"https:\/\/www.ccaniene.com\/it_it\/"},{"@type":"ListItem","position":2,"name":"&#8220;Piccoli, non invisibili&#8221;: serata di solidariet\u00e0 all&#8217;Aniene"}]},{"@type":"WebSite","@id":"https:\/\/www.ccaniene.com\/it_it\/#website","url":"https:\/\/www.ccaniene.com\/it_it\/","name":"Circolo Canottieri Aniene","description":"Collare d&#039;Oro e Stella d&#039;Oro al Merito Sportivo","potentialAction":[{"@type":"SearchAction","target":{"@type":"EntryPoint","urlTemplate":"https:\/\/www.ccaniene.com\/it_it\/?s={search_term_string}"},"query-input":{"@type":"PropertyValueSpecification","valueRequired":true,"valueName":"search_term_string"}}],"inLanguage":"it-IT"},{"@type":"Person","@id":"https:\/\/www.ccaniene.com\/it_it\/#\/schema\/person\/6042bd0ba360674279dffd4247d570ed","name":"carlo.san@tin.it","image":{"@type":"ImageObject","inLanguage":"it-IT","@id":"https:\/\/www.ccaniene.com\/it_it\/#\/schema\/person\/image\/","url":"https:\/\/secure.gravatar.com\/avatar\/f993a459d0ffe4d666e4c917fef20ca9?s=96&d=mm&r=g","contentUrl":"https:\/\/secure.gravatar.com\/avatar\/f993a459d0ffe4d666e4c917fef20ca9?s=96&d=mm&r=g","caption":"carlo.san@tin.it"},"url":"https:\/\/www.ccaniene.com\/it_it\/author\/carlo-santi-2\/"}]}},"_links":{"self":[{"href":"https:\/\/www.ccaniene.com\/it_it\/wp-json\/wp\/v2\/posts\/28897"}],"collection":[{"href":"https:\/\/www.ccaniene.com\/it_it\/wp-json\/wp\/v2\/posts"}],"about":[{"href":"https:\/\/www.ccaniene.com\/it_it\/wp-json\/wp\/v2\/types\/post"}],"author":[{"embeddable":true,"href":"https:\/\/www.ccaniene.com\/it_it\/wp-json\/wp\/v2\/users\/23521"}],"replies":[{"embeddable":true,"href":"https:\/\/www.ccaniene.com\/it_it\/wp-json\/wp\/v2\/comments?post=28897"}],"version-history":[{"count":2,"href":"https:\/\/www.ccaniene.com\/it_it\/wp-json\/wp\/v2\/posts\/28897\/revisions"}],"predecessor-version":[{"id":28903,"href":"https:\/\/www.ccaniene.com\/it_it\/wp-json\/wp\/v2\/posts\/28897\/revisions\/28903"}],"wp:featuredmedia":[{"embeddable":true,"href":"https:\/\/www.ccaniene.com\/it_it\/wp-json\/wp\/v2\/media\/28900"}],"wp:attachment":[{"href":"https:\/\/www.ccaniene.com\/it_it\/wp-json\/wp\/v2\/media?parent=28897"}],"wp:term":[{"taxonomy":"category","embeddable":true,"href":"https:\/\/www.ccaniene.com\/it_it\/wp-json\/wp\/v2\/categories?post=28897"},{"taxonomy":"post_tag","embeddable":true,"href":"https:\/\/www.ccaniene.com\/it_it\/wp-json\/wp\/v2\/tags?post=28897"}],"curies":[{"name":"wp","href":"https:\/\/api.w.org\/{rel}","templated":true}]}}