{"id":28682,"date":"2024-04-07T19:02:37","date_gmt":"2024-04-07T17:02:37","guid":{"rendered":"https:\/\/www.ccaniene.com\/?p=28682"},"modified":"2024-04-07T19:02:39","modified_gmt":"2024-04-07T17:02:39","slug":"tennis-atp-marrakech-super-berrettini-in-finale-ha-battuto-lo-spagnolo-carballes-baena","status":"publish","type":"post","link":"https:\/\/www.ccaniene.com\/it_it\/tennis-atp-marrakech-super-berrettini-in-finale-ha-battuto-lo-spagnolo-carballes-baena\/","title":{"rendered":"Tennis\/Atp Marrakech, super Berrettini in finale ha battuto lo spagnolo Carballes Baena"},"content":{"rendered":"\n<p>Matteo Berrettini ha dominato la finale del torneo Atp di Marrakech battendo il campione uscente, lo spagnolo Roberto Carballes Baena in due set con il punteggio di 7-5 6-2 dopo un\u2019ora e 46 minuti di gioco. Per il giocatore dell\u2019Aniene che \u00e8 stato numero 6 del ranking mondiale si tratta del suo ottavo torneo vinto in carriera. Una grande soddisfazione frutto di tante lacrime e sudore: in gara \u00e8 stato solido, ha affrontato al meglio i pochi passaggi a vuoto specialmente nel primo set ma non ha mai mollato, \u00e8 sempre rimasto fisicamente e mentalmente dentro al match per poi vincere in scioltezza nel secondo set quando, contemporaneamente, lo spagnolo ha alzato bandiera bianca. Berrettini \u00e8 tornato a vincere un torneo del circuito Atp dopo due anni (giugno 2022, due titoli sull\u2019erba a Stoccarda e Queen\u2019s).<\/p>\n\n\n\n<p>Matteo ha iniziato il match in maniera contratta tant\u2019\u00e8 che al quarto game lo spagnolo ha strappato il break e ha provato a scappare, punteggio di 3-1. Berrettini \u00e8 stato pronto e reattivo a recuperare lo svantaggio (2-3) e riequilibrare la gara (3-3). La svolta del primo set \u00e8 arrivata all\u2019undicesimo game quando Matteo \u00e8 riuscito a strappare il break che lo portato sul 6-5 e a servire per il set: l\u2019occasione \u00e8 ghiotta e non gli \u00e8 sfuggita. Nel secondo set \u00e8 stata una marcia trionfale con la prima palla break al terzo game. Lo spagnolo ha iniziato ad essere sempre pi\u00f9 in confusione, Berrettini ne ha approfittato e senza sbavature ha ottenuto un altro punto fondamentale sul servizio dell\u2019avversario, 4-1 e poi 5-1 sul proprio turno di battuta prima del 6-2 dopo un\u2019ora e 46 minuti di gioco.<\/p>\n\n\n\n<p>Intervistato dopo la cerimonia di premiazione, Matteo Berrettini ha ringraziato \u00abtutti quelli che rendono possibile questo torneo, grazie per ospitarci. Sono arrivato qui nel 2018, \u00e8 migliorato tantissimo e non \u00e8 facile organizzarlo so gli sforzi che fate. Ringrazio il mio team, i due che sono qua con me e chi mi ha guardato da casa\u00bb.<\/p>\n\n\n\n<p>Inevitabile il ricordo ai momenti bui che ormai sono definitivamente alle spalle. \u00abSono stati due anni duri, grazie anche a loro ho superato momenti difficili, il mio corpo non mi consentiva di giocare. Grazie a chi ha reso possibile il mio ritorno, quando ero infortunato e non ce la facevo\u00bb.<\/p>\n\n\n\n<p>Matteo ha infine mandato un bacio anche alla madre che oggi ha festeggiato il compleanno \u00abe a tutti quelli che mi hanno sostenuto anche nei momenti difficili. Tutti gli italiani hanno tifato per me: ringrazio tutti. Questo \u00e8 solo l\u2019inizio\u00bb.<\/p>\n","protected":false},"excerpt":{"rendered":"<p>Matteo Berrettini ha dominato la finale del torneo Atp di Marrakech battendo il campione uscente, lo spagnolo Roberto Carballes Baena in due set con il punteggio di 7-5 6-2 dopo un\u2019ora e 46 minuti di gioco. Per il giocatore dell\u2019Aniene che \u00e8 stato numero 6 del ranking mondiale si tratta del suo ottavo torneo vinto [&hellip;]<\/p>\n","protected":false},"author":23521,"featured_media":28683,"comment_status":"closed","ping_status":"closed","sticky":false,"template":"","format":"standard","meta":{"pmpro_default_level":0,"footnotes":"","_links_to":"","_links_to_target":""},"categories":[1,74],"tags":[],"class_list":["post-28682","post","type-post","status-publish","format-standard","has-post-thumbnail","hentry","category-news","category-tennis-en","pmpro-has-access"],"featured_image_urls":{"thumbnail":"https:\/\/www.ccaniene.com\/wp-content\/uploads\/2024\/04\/berrettini-400x384.png","trp-custom-language-flag":"https:\/\/www.ccaniene.com\/wp-content\/uploads\/2024\/04\/berrettini-18x12.png","cmplz_banner_image":"https:\/\/www.ccaniene.com\/wp-content\/uploads\/2024\/04\/berrettini-350x100.png"},"appp_media":null,"yoast_head":"<!-- This site is optimized with the Yoast SEO plugin v23.6 - https:\/\/yoast.com\/wordpress\/plugins\/seo\/ -->\n<title>Tennis\/Atp Marrakech, super Berrettini in finale ha battuto lo spagnolo Carballes Baena - Circolo Canottieri Aniene<\/title>\n<meta name=\"robots\" content=\"index, follow, max-snippet:-1, max-image-preview:large, max-video-preview:-1\" \/>\n<link rel=\"canonical\" href=\"http:\/\/www.ccaniene.com\/it_it\/tennis-atp-marrakech-super-berrettini-in-finale-ha-battuto-lo-spagnolo-carballes-baena\/\" \/>\n<meta property=\"og:locale\" content=\"it_IT\" \/>\n<meta property=\"og:type\" content=\"article\" \/>\n<meta property=\"og:title\" content=\"Tennis\/Atp Marrakech, super Berrettini in finale ha battuto lo spagnolo Carballes Baena - Circolo Canottieri Aniene\" \/>\n<meta property=\"og:description\" content=\"Matteo Berrettini ha dominato la finale del torneo Atp di Marrakech battendo il campione uscente, lo spagnolo Roberto Carballes Baena in due set con il punteggio di 7-5 6-2 dopo un\u2019ora e 46 minuti di gioco. Per il giocatore dell\u2019Aniene che \u00e8 stato numero 6 del ranking mondiale si tratta del suo ottavo torneo vinto [&hellip;]\" \/>\n<meta property=\"og:url\" content=\"http:\/\/www.ccaniene.com\/it_it\/tennis-atp-marrakech-super-berrettini-in-finale-ha-battuto-lo-spagnolo-carballes-baena\/\" \/>\n<meta property=\"og:site_name\" content=\"Circolo Canottieri Aniene\" \/>\n<meta property=\"article:published_time\" content=\"2024-04-07T17:02:37+00:00\" \/>\n<meta property=\"article:modified_time\" content=\"2024-04-07T17:02:39+00:00\" \/>\n<meta property=\"og:image\" content=\"http:\/\/www.ccaniene.com\/wp-content\/uploads\/2024\/04\/berrettini.png\" \/>\n\t<meta property=\"og:image:width\" content=\"640\" \/>\n\t<meta property=\"og:image:height\" content=\"384\" \/>\n\t<meta property=\"og:image:type\" content=\"image\/png\" \/>\n<meta name=\"author\" content=\"carlo.san@tin.it\" \/>\n<meta name=\"twitter:card\" content=\"summary_large_image\" \/>\n<meta name=\"twitter:label1\" content=\"Scritto da\" \/>\n\t<meta name=\"twitter:data1\" content=\"carlo.san@tin.it\" \/>\n\t<meta name=\"twitter:label2\" content=\"Tempo di lettura stimato\" \/>\n\t<meta name=\"twitter:data2\" content=\"3 minuti\" \/>\n<script type=\"application\/ld+json\" class=\"yoast-schema-graph\">{\"@context\":\"https:\/\/schema.org\",\"@graph\":[{\"@type\":\"WebPage\",\"@id\":\"http:\/\/www.ccaniene.com\/it_it\/tennis-atp-marrakech-super-berrettini-in-finale-ha-battuto-lo-spagnolo-carballes-baena\/\",\"url\":\"http:\/\/www.ccaniene.com\/it_it\/tennis-atp-marrakech-super-berrettini-in-finale-ha-battuto-lo-spagnolo-carballes-baena\/\",\"name\":\"Tennis\/Atp Marrakech, super Berrettini in finale ha battuto lo spagnolo Carballes Baena - Circolo Canottieri Aniene\",\"isPartOf\":{\"@id\":\"https:\/\/www.ccaniene.com\/it_it\/#website\"},\"primaryImageOfPage\":{\"@id\":\"http:\/\/www.ccaniene.com\/it_it\/tennis-atp-marrakech-super-berrettini-in-finale-ha-battuto-lo-spagnolo-carballes-baena\/#primaryimage\"},\"image\":{\"@id\":\"http:\/\/www.ccaniene.com\/it_it\/tennis-atp-marrakech-super-berrettini-in-finale-ha-battuto-lo-spagnolo-carballes-baena\/#primaryimage\"},\"thumbnailUrl\":\"https:\/\/www.ccaniene.com\/wp-content\/uploads\/2024\/04\/berrettini.png\",\"datePublished\":\"2024-04-07T17:02:37+00:00\",\"dateModified\":\"2024-04-07T17:02:39+00:00\",\"author\":{\"@id\":\"https:\/\/www.ccaniene.com\/it_it\/#\/schema\/person\/6042bd0ba360674279dffd4247d570ed\"},\"breadcrumb\":{\"@id\":\"http:\/\/www.ccaniene.com\/it_it\/tennis-atp-marrakech-super-berrettini-in-finale-ha-battuto-lo-spagnolo-carballes-baena\/#breadcrumb\"},\"inLanguage\":\"it-IT\",\"potentialAction\":[{\"@type\":\"ReadAction\",\"target\":[\"http:\/\/www.ccaniene.com\/it_it\/tennis-atp-marrakech-super-berrettini-in-finale-ha-battuto-lo-spagnolo-carballes-baena\/\"]}]},{\"@type\":\"ImageObject\",\"inLanguage\":\"it-IT\",\"@id\":\"http:\/\/www.ccaniene.com\/it_it\/tennis-atp-marrakech-super-berrettini-in-finale-ha-battuto-lo-spagnolo-carballes-baena\/#primaryimage\",\"url\":\"https:\/\/www.ccaniene.com\/wp-content\/uploads\/2024\/04\/berrettini.png\",\"contentUrl\":\"https:\/\/www.ccaniene.com\/wp-content\/uploads\/2024\/04\/berrettini.png\",\"width\":640,\"height\":384},{\"@type\":\"BreadcrumbList\",\"@id\":\"http:\/\/www.ccaniene.com\/it_it\/tennis-atp-marrakech-super-berrettini-in-finale-ha-battuto-lo-spagnolo-carballes-baena\/#breadcrumb\",\"itemListElement\":[{\"@type\":\"ListItem\",\"position\":1,\"name\":\"Home\",\"item\":\"https:\/\/www.ccaniene.com\/it_it\/\"},{\"@type\":\"ListItem\",\"position\":2,\"name\":\"Tennis\/Atp Marrakech, super Berrettini in finale ha battuto lo spagnolo Carballes Baena\"}]},{\"@type\":\"WebSite\",\"@id\":\"https:\/\/www.ccaniene.com\/it_it\/#website\",\"url\":\"https:\/\/www.ccaniene.com\/it_it\/\",\"name\":\"Circolo Canottieri Aniene\",\"description\":\"Collare d&#039;Oro e Stella d&#039;Oro al Merito Sportivo\",\"potentialAction\":[{\"@type\":\"SearchAction\",\"target\":{\"@type\":\"EntryPoint\",\"urlTemplate\":\"https:\/\/www.ccaniene.com\/it_it\/?s={search_term_string}\"},\"query-input\":{\"@type\":\"PropertyValueSpecification\",\"valueRequired\":true,\"valueName\":\"search_term_string\"}}],\"inLanguage\":\"it-IT\"},{\"@type\":\"Person\",\"@id\":\"https:\/\/www.ccaniene.com\/it_it\/#\/schema\/person\/6042bd0ba360674279dffd4247d570ed\",\"name\":\"carlo.san@tin.it\",\"image\":{\"@type\":\"ImageObject\",\"inLanguage\":\"it-IT\",\"@id\":\"https:\/\/www.ccaniene.com\/it_it\/#\/schema\/person\/image\/\",\"url\":\"https:\/\/secure.gravatar.com\/avatar\/f993a459d0ffe4d666e4c917fef20ca9?s=96&d=mm&r=g\",\"contentUrl\":\"https:\/\/secure.gravatar.com\/avatar\/f993a459d0ffe4d666e4c917fef20ca9?s=96&d=mm&r=g\",\"caption\":\"carlo.san@tin.it\"},\"url\":\"https:\/\/www.ccaniene.com\/it_it\/author\/carlo-santi-2\/\"}]}<\/script>\n<!-- \/ Yoast SEO plugin. -->","yoast_head_json":{"title":"Tennis\/Atp Marrakech, super Berrettini in finale ha battuto lo spagnolo Carballes Baena - Circolo Canottieri Aniene","robots":{"index":"index","follow":"follow","max-snippet":"max-snippet:-1","max-image-preview":"max-image-preview:large","max-video-preview":"max-video-preview:-1"},"canonical":"http:\/\/www.ccaniene.com\/it_it\/tennis-atp-marrakech-super-berrettini-in-finale-ha-battuto-lo-spagnolo-carballes-baena\/","og_locale":"it_IT","og_type":"article","og_title":"Tennis\/Atp Marrakech, super Berrettini in finale ha battuto lo spagnolo Carballes Baena - Circolo Canottieri Aniene","og_description":"Matteo Berrettini ha dominato la finale del torneo Atp di Marrakech battendo il campione uscente, lo spagnolo Roberto Carballes Baena in due set con il punteggio di 7-5 6-2 dopo un\u2019ora e 46 minuti di gioco. Per il giocatore dell\u2019Aniene che \u00e8 stato numero 6 del ranking mondiale si tratta del suo ottavo torneo vinto [&hellip;]","og_url":"http:\/\/www.ccaniene.com\/it_it\/tennis-atp-marrakech-super-berrettini-in-finale-ha-battuto-lo-spagnolo-carballes-baena\/","og_site_name":"Circolo Canottieri Aniene","article_published_time":"2024-04-07T17:02:37+00:00","article_modified_time":"2024-04-07T17:02:39+00:00","og_image":[{"width":640,"height":384,"url":"http:\/\/www.ccaniene.com\/wp-content\/uploads\/2024\/04\/berrettini.png","type":"image\/png"}],"author":"carlo.san@tin.it","twitter_card":"summary_large_image","twitter_misc":{"Scritto da":"carlo.san@tin.it","Tempo di lettura stimato":"3 minuti"},"schema":{"@context":"https:\/\/schema.org","@graph":[{"@type":"WebPage","@id":"http:\/\/www.ccaniene.com\/it_it\/tennis-atp-marrakech-super-berrettini-in-finale-ha-battuto-lo-spagnolo-carballes-baena\/","url":"http:\/\/www.ccaniene.com\/it_it\/tennis-atp-marrakech-super-berrettini-in-finale-ha-battuto-lo-spagnolo-carballes-baena\/","name":"Tennis\/Atp Marrakech, super Berrettini in finale ha battuto lo spagnolo Carballes Baena - Circolo Canottieri Aniene","isPartOf":{"@id":"https:\/\/www.ccaniene.com\/it_it\/#website"},"primaryImageOfPage":{"@id":"http:\/\/www.ccaniene.com\/it_it\/tennis-atp-marrakech-super-berrettini-in-finale-ha-battuto-lo-spagnolo-carballes-baena\/#primaryimage"},"image":{"@id":"http:\/\/www.ccaniene.com\/it_it\/tennis-atp-marrakech-super-berrettini-in-finale-ha-battuto-lo-spagnolo-carballes-baena\/#primaryimage"},"thumbnailUrl":"https:\/\/www.ccaniene.com\/wp-content\/uploads\/2024\/04\/berrettini.png","datePublished":"2024-04-07T17:02:37+00:00","dateModified":"2024-04-07T17:02:39+00:00","author":{"@id":"https:\/\/www.ccaniene.com\/it_it\/#\/schema\/person\/6042bd0ba360674279dffd4247d570ed"},"breadcrumb":{"@id":"http:\/\/www.ccaniene.com\/it_it\/tennis-atp-marrakech-super-berrettini-in-finale-ha-battuto-lo-spagnolo-carballes-baena\/#breadcrumb"},"inLanguage":"it-IT","potentialAction":[{"@type":"ReadAction","target":["http:\/\/www.ccaniene.com\/it_it\/tennis-atp-marrakech-super-berrettini-in-finale-ha-battuto-lo-spagnolo-carballes-baena\/"]}]},{"@type":"ImageObject","inLanguage":"it-IT","@id":"http:\/\/www.ccaniene.com\/it_it\/tennis-atp-marrakech-super-berrettini-in-finale-ha-battuto-lo-spagnolo-carballes-baena\/#primaryimage","url":"https:\/\/www.ccaniene.com\/wp-content\/uploads\/2024\/04\/berrettini.png","contentUrl":"https:\/\/www.ccaniene.com\/wp-content\/uploads\/2024\/04\/berrettini.png","width":640,"height":384},{"@type":"BreadcrumbList","@id":"http:\/\/www.ccaniene.com\/it_it\/tennis-atp-marrakech-super-berrettini-in-finale-ha-battuto-lo-spagnolo-carballes-baena\/#breadcrumb","itemListElement":[{"@type":"ListItem","position":1,"name":"Home","item":"https:\/\/www.ccaniene.com\/it_it\/"},{"@type":"ListItem","position":2,"name":"Tennis\/Atp Marrakech, super Berrettini in finale ha battuto lo spagnolo Carballes Baena"}]},{"@type":"WebSite","@id":"https:\/\/www.ccaniene.com\/it_it\/#website","url":"https:\/\/www.ccaniene.com\/it_it\/","name":"Circolo Canottieri Aniene","description":"Collare d&#039;Oro e Stella d&#039;Oro al Merito Sportivo","potentialAction":[{"@type":"SearchAction","target":{"@type":"EntryPoint","urlTemplate":"https:\/\/www.ccaniene.com\/it_it\/?s={search_term_string}"},"query-input":{"@type":"PropertyValueSpecification","valueRequired":true,"valueName":"search_term_string"}}],"inLanguage":"it-IT"},{"@type":"Person","@id":"https:\/\/www.ccaniene.com\/it_it\/#\/schema\/person\/6042bd0ba360674279dffd4247d570ed","name":"carlo.san@tin.it","image":{"@type":"ImageObject","inLanguage":"it-IT","@id":"https:\/\/www.ccaniene.com\/it_it\/#\/schema\/person\/image\/","url":"https:\/\/secure.gravatar.com\/avatar\/f993a459d0ffe4d666e4c917fef20ca9?s=96&d=mm&r=g","contentUrl":"https:\/\/secure.gravatar.com\/avatar\/f993a459d0ffe4d666e4c917fef20ca9?s=96&d=mm&r=g","caption":"carlo.san@tin.it"},"url":"https:\/\/www.ccaniene.com\/it_it\/author\/carlo-santi-2\/"}]}},"_links":{"self":[{"href":"https:\/\/www.ccaniene.com\/it_it\/wp-json\/wp\/v2\/posts\/28682"}],"collection":[{"href":"https:\/\/www.ccaniene.com\/it_it\/wp-json\/wp\/v2\/posts"}],"about":[{"href":"https:\/\/www.ccaniene.com\/it_it\/wp-json\/wp\/v2\/types\/post"}],"author":[{"embeddable":true,"href":"https:\/\/www.ccaniene.com\/it_it\/wp-json\/wp\/v2\/users\/23521"}],"replies":[{"embeddable":true,"href":"https:\/\/www.ccaniene.com\/it_it\/wp-json\/wp\/v2\/comments?post=28682"}],"version-history":[{"count":1,"href":"https:\/\/www.ccaniene.com\/it_it\/wp-json\/wp\/v2\/posts\/28682\/revisions"}],"predecessor-version":[{"id":28684,"href":"https:\/\/www.ccaniene.com\/it_it\/wp-json\/wp\/v2\/posts\/28682\/revisions\/28684"}],"wp:featuredmedia":[{"embeddable":true,"href":"https:\/\/www.ccaniene.com\/it_it\/wp-json\/wp\/v2\/media\/28683"}],"wp:attachment":[{"href":"https:\/\/www.ccaniene.com\/it_it\/wp-json\/wp\/v2\/media?parent=28682"}],"wp:term":[{"taxonomy":"category","embeddable":true,"href":"https:\/\/www.ccaniene.com\/it_it\/wp-json\/wp\/v2\/categories?post=28682"},{"taxonomy":"post_tag","embeddable":true,"href":"https:\/\/www.ccaniene.com\/it_it\/wp-json\/wp\/v2\/tags?post=28682"}],"curies":[{"name":"wp","href":"https:\/\/api.w.org\/{rel}","templated":true}]}}