{"id":27962,"date":"2023-11-26T19:53:15","date_gmt":"2023-11-26T18:53:15","guid":{"rendered":"https:\/\/www.ccaniene.com\/?p=27962"},"modified":"2023-11-26T19:53:17","modified_gmt":"2023-11-26T18:53:17","slug":"nuoto-paralimpico-alessia-scortechini-centra-il-record-del-mondo-nei-100sl","status":"publish","type":"post","link":"https:\/\/www.ccaniene.com\/it_it\/nuoto-paralimpico-alessia-scortechini-centra-il-record-del-mondo-nei-100sl\/","title":{"rendered":"Nuoto paralimpico\/Alessia Scortechini centra il record del mondo nei 100sl"},"content":{"rendered":"\n<p>Straordinaria Alessia Scortechini. La nuotatrice paralimpica del CC Aniene durante la quinta edizione dei Campionati Italiani Assoluti in vasca corta a Ostia ha realizzato il record del mondo della sua categoria (S10) nei 100sl nuotando in 59\u201d42 precedente record: 59\u201d50 di Sophie Pascoe\/Nzl nel 2013). Alessia nella prima giornata di sabato ha centrato anche il primato europeo nei 50sl con 27\u201d49 (il precedente era della tedesca Lisa Kruger con 27\u201d63 nel 2022). \u00abInaspettato, questo primato &#8211; ha affermato Alessia &#8211; Abbiamo lavorato sui 50 stile tenendo conto che ho sbagliato virata e partenza direi molto buono. E soprattutto propositivo per il 100 stile\u00bb.<\/p>\n\n\n\n<p>Dopo il record nei 100sl, Alessia ha affermato: \u00abUn record battuto dopo dieci anni, che soddisfazione! La gara era preparata bene, volevo fare esattamente quello che ho fatto. Il primato mondiale mi ha stupita, motivo per cui sono doppiamente felice\u00bb.<\/p>\n\n\n\n<p>La Scortechini si \u00e8 imposta anche nei 50 farfalla con 29\u201d98, record italiano categoria S10.<\/p>\n\n\n\n<p>Record europeo anche per Riccardo Menciotti nei 50 dorso S10 che migliora fermando il crono a 27\u201d06 (precedente realizzato a Fabriano 27\u201d12 lo scorso anno). \u00ab\u00c8 stata una gara preparata, venivo da un infortunio alla spalla &#8211; ha detto l\u2019atleta dell\u2019Aniene &#8211; e ho iniziato pi\u00f9 tardi la stagione. Non mi aspettavo questo tempo, \u00e8 un buon punto di partenza per la stagione in vista degli appuntamenti pi\u00f9 importanti\u00bb. Per Menciotti anche il titolo nei 100 rana con 1\u201909\u201d56.<\/p>\n\n\n\n<p>Nella seconda giornata di gare, vittoria per Karim Gouda nei 50 dorso (S11), successo e record italiano nei 100 misti con 1\u201915\u201d02 e nei 100 dorso con 1\u201910\u201d86 e vittoria per Menciotti nei 100 dorso con 59\u201d52.<\/p>\n","protected":false},"excerpt":{"rendered":"<p>Straordinaria Alessia Scortechini. La nuotatrice paralimpica del CC Aniene durante la quinta edizione dei Campionati Italiani Assoluti in vasca corta a Ostia ha realizzato il record del mondo della sua categoria (S10) nei 100sl nuotando in 59\u201d42 precedente record: 59\u201d50 di Sophie Pascoe\/Nzl nel 2013). Alessia nella prima giornata di sabato ha centrato anche il [&hellip;]<\/p>\n","protected":false},"author":23521,"featured_media":27963,"comment_status":"closed","ping_status":"closed","sticky":false,"template":"","format":"standard","meta":{"pmpro_default_level":0,"footnotes":"","_links_to":"","_links_to_target":""},"categories":[1,46],"tags":[],"class_list":["post-27962","post","type-post","status-publish","format-standard","has-post-thumbnail","hentry","category-news","category-sport-paralimpici","pmpro-has-access"],"featured_image_urls":{"medium":"https:\/\/www.ccaniene.com\/wp-content\/uploads\/2023\/11\/nuoto-paralimpico-800x594.jpeg","thumbnail":"https:\/\/www.ccaniene.com\/wp-content\/uploads\/2023\/11\/nuoto-paralimpico-400x400.jpeg","medium_large":"https:\/\/www.ccaniene.com\/wp-content\/uploads\/2023\/11\/nuoto-paralimpico-768x571.jpeg","trp-custom-language-flag":"https:\/\/www.ccaniene.com\/wp-content\/uploads\/2023\/11\/nuoto-paralimpico-16x12.jpeg","qi_addons_for_elementor_image_size_square":"https:\/\/www.ccaniene.com\/wp-content\/uploads\/2023\/11\/nuoto-paralimpico-650x650.jpeg","qi_addons_for_elementor_image_size_landscape":"https:\/\/www.ccaniene.com\/wp-content\/uploads\/2023\/11\/nuoto-paralimpico-1284x650.jpeg","qi_addons_for_elementor_image_size_portrait":"https:\/\/www.ccaniene.com\/wp-content\/uploads\/2023\/11\/nuoto-paralimpico-650x954.jpeg","fairwaygreen_core_image_size_square":"https:\/\/www.ccaniene.com\/wp-content\/uploads\/2023\/11\/nuoto-paralimpico-650x650.jpeg","fairwaygreen_core_image_size_landscape":"https:\/\/www.ccaniene.com\/wp-content\/uploads\/2023\/11\/nuoto-paralimpico-1284x650.jpeg","fairwaygreen_core_image_size_portrait":"https:\/\/www.ccaniene.com\/wp-content\/uploads\/2023\/11\/nuoto-paralimpico-650x954.jpeg","cmplz_banner_image":"https:\/\/www.ccaniene.com\/wp-content\/uploads\/2023\/11\/nuoto-paralimpico-350x100.jpeg"},"appp_media":null,"yoast_head":"<!-- This site is optimized with the Yoast SEO plugin v23.6 - https:\/\/yoast.com\/wordpress\/plugins\/seo\/ -->\n<title>Nuoto paralimpico\/Alessia Scortechini centra il record del mondo nei 100sl - Circolo Canottieri Aniene<\/title>\n<meta name=\"robots\" content=\"index, follow, max-snippet:-1, max-image-preview:large, max-video-preview:-1\" \/>\n<link rel=\"canonical\" href=\"https:\/\/www.ccaniene.com\/it_it\/nuoto-paralimpico-alessia-scortechini-centra-il-record-del-mondo-nei-100sl\/\" \/>\n<meta property=\"og:locale\" content=\"it_IT\" \/>\n<meta property=\"og:type\" content=\"article\" \/>\n<meta property=\"og:title\" content=\"Nuoto paralimpico\/Alessia Scortechini centra il record del mondo nei 100sl - Circolo Canottieri Aniene\" \/>\n<meta property=\"og:description\" content=\"Straordinaria Alessia Scortechini. La nuotatrice paralimpica del CC Aniene durante la quinta edizione dei Campionati Italiani Assoluti in vasca corta a Ostia ha realizzato il record del mondo della sua categoria (S10) nei 100sl nuotando in 59\u201d42 precedente record: 59\u201d50 di Sophie Pascoe\/Nzl nel 2013). Alessia nella prima giornata di sabato ha centrato anche il [&hellip;]\" \/>\n<meta property=\"og:url\" content=\"https:\/\/www.ccaniene.com\/it_it\/nuoto-paralimpico-alessia-scortechini-centra-il-record-del-mondo-nei-100sl\/\" \/>\n<meta property=\"og:site_name\" content=\"Circolo Canottieri Aniene\" \/>\n<meta property=\"article:published_time\" content=\"2023-11-26T18:53:15+00:00\" \/>\n<meta property=\"article:modified_time\" content=\"2023-11-26T18:53:17+00:00\" \/>\n<meta property=\"og:image\" content=\"https:\/\/www.ccaniene.com\/wp-content\/uploads\/2023\/11\/nuoto-paralimpico.jpeg\" \/>\n\t<meta property=\"og:image:width\" content=\"1284\" \/>\n\t<meta property=\"og:image:height\" content=\"954\" \/>\n\t<meta property=\"og:image:type\" content=\"image\/jpeg\" \/>\n<meta name=\"author\" content=\"carlo.san@tin.it\" \/>\n<meta name=\"twitter:card\" content=\"summary_large_image\" \/>\n<meta name=\"twitter:label1\" content=\"Scritto da\" \/>\n\t<meta name=\"twitter:data1\" content=\"carlo.san@tin.it\" \/>\n\t<meta name=\"twitter:label2\" content=\"Tempo di lettura stimato\" \/>\n\t<meta name=\"twitter:data2\" content=\"2 minuti\" \/>\n<script type=\"application\/ld+json\" class=\"yoast-schema-graph\">{\"@context\":\"https:\/\/schema.org\",\"@graph\":[{\"@type\":\"WebPage\",\"@id\":\"https:\/\/www.ccaniene.com\/it_it\/nuoto-paralimpico-alessia-scortechini-centra-il-record-del-mondo-nei-100sl\/\",\"url\":\"https:\/\/www.ccaniene.com\/it_it\/nuoto-paralimpico-alessia-scortechini-centra-il-record-del-mondo-nei-100sl\/\",\"name\":\"Nuoto paralimpico\/Alessia Scortechini centra il record del mondo nei 100sl - Circolo Canottieri Aniene\",\"isPartOf\":{\"@id\":\"https:\/\/www.ccaniene.com\/it_it\/#website\"},\"primaryImageOfPage\":{\"@id\":\"https:\/\/www.ccaniene.com\/it_it\/nuoto-paralimpico-alessia-scortechini-centra-il-record-del-mondo-nei-100sl\/#primaryimage\"},\"image\":{\"@id\":\"https:\/\/www.ccaniene.com\/it_it\/nuoto-paralimpico-alessia-scortechini-centra-il-record-del-mondo-nei-100sl\/#primaryimage\"},\"thumbnailUrl\":\"https:\/\/www.ccaniene.com\/wp-content\/uploads\/2023\/11\/nuoto-paralimpico.jpeg\",\"datePublished\":\"2023-11-26T18:53:15+00:00\",\"dateModified\":\"2023-11-26T18:53:17+00:00\",\"author\":{\"@id\":\"https:\/\/www.ccaniene.com\/it_it\/#\/schema\/person\/6042bd0ba360674279dffd4247d570ed\"},\"breadcrumb\":{\"@id\":\"https:\/\/www.ccaniene.com\/it_it\/nuoto-paralimpico-alessia-scortechini-centra-il-record-del-mondo-nei-100sl\/#breadcrumb\"},\"inLanguage\":\"it-IT\",\"potentialAction\":[{\"@type\":\"ReadAction\",\"target\":[\"https:\/\/www.ccaniene.com\/it_it\/nuoto-paralimpico-alessia-scortechini-centra-il-record-del-mondo-nei-100sl\/\"]}]},{\"@type\":\"ImageObject\",\"inLanguage\":\"it-IT\",\"@id\":\"https:\/\/www.ccaniene.com\/it_it\/nuoto-paralimpico-alessia-scortechini-centra-il-record-del-mondo-nei-100sl\/#primaryimage\",\"url\":\"https:\/\/www.ccaniene.com\/wp-content\/uploads\/2023\/11\/nuoto-paralimpico.jpeg\",\"contentUrl\":\"https:\/\/www.ccaniene.com\/wp-content\/uploads\/2023\/11\/nuoto-paralimpico.jpeg\",\"width\":1284,\"height\":954},{\"@type\":\"BreadcrumbList\",\"@id\":\"https:\/\/www.ccaniene.com\/it_it\/nuoto-paralimpico-alessia-scortechini-centra-il-record-del-mondo-nei-100sl\/#breadcrumb\",\"itemListElement\":[{\"@type\":\"ListItem\",\"position\":1,\"name\":\"Home\",\"item\":\"https:\/\/www.ccaniene.com\/it_it\/\"},{\"@type\":\"ListItem\",\"position\":2,\"name\":\"Nuoto paralimpico\/Alessia Scortechini centra il record del mondo nei 100sl\"}]},{\"@type\":\"WebSite\",\"@id\":\"https:\/\/www.ccaniene.com\/it_it\/#website\",\"url\":\"https:\/\/www.ccaniene.com\/it_it\/\",\"name\":\"Circolo Canottieri Aniene\",\"description\":\"Collare d&#039;Oro e Stella d&#039;Oro al Merito Sportivo\",\"potentialAction\":[{\"@type\":\"SearchAction\",\"target\":{\"@type\":\"EntryPoint\",\"urlTemplate\":\"https:\/\/www.ccaniene.com\/it_it\/?s={search_term_string}\"},\"query-input\":{\"@type\":\"PropertyValueSpecification\",\"valueRequired\":true,\"valueName\":\"search_term_string\"}}],\"inLanguage\":\"it-IT\"},{\"@type\":\"Person\",\"@id\":\"https:\/\/www.ccaniene.com\/it_it\/#\/schema\/person\/6042bd0ba360674279dffd4247d570ed\",\"name\":\"carlo.san@tin.it\",\"image\":{\"@type\":\"ImageObject\",\"inLanguage\":\"it-IT\",\"@id\":\"https:\/\/www.ccaniene.com\/it_it\/#\/schema\/person\/image\/\",\"url\":\"https:\/\/secure.gravatar.com\/avatar\/f993a459d0ffe4d666e4c917fef20ca9?s=96&d=mm&r=g\",\"contentUrl\":\"https:\/\/secure.gravatar.com\/avatar\/f993a459d0ffe4d666e4c917fef20ca9?s=96&d=mm&r=g\",\"caption\":\"carlo.san@tin.it\"},\"url\":\"https:\/\/www.ccaniene.com\/it_it\/author\/carlo-santi-2\/\"}]}<\/script>\n<!-- \/ Yoast SEO plugin. -->","yoast_head_json":{"title":"Nuoto paralimpico\/Alessia Scortechini centra il record del mondo nei 100sl - Circolo Canottieri Aniene","robots":{"index":"index","follow":"follow","max-snippet":"max-snippet:-1","max-image-preview":"max-image-preview:large","max-video-preview":"max-video-preview:-1"},"canonical":"https:\/\/www.ccaniene.com\/it_it\/nuoto-paralimpico-alessia-scortechini-centra-il-record-del-mondo-nei-100sl\/","og_locale":"it_IT","og_type":"article","og_title":"Nuoto paralimpico\/Alessia Scortechini centra il record del mondo nei 100sl - Circolo Canottieri Aniene","og_description":"Straordinaria Alessia Scortechini. La nuotatrice paralimpica del CC Aniene durante la quinta edizione dei Campionati Italiani Assoluti in vasca corta a Ostia ha realizzato il record del mondo della sua categoria (S10) nei 100sl nuotando in 59\u201d42 precedente record: 59\u201d50 di Sophie Pascoe\/Nzl nel 2013). Alessia nella prima giornata di sabato ha centrato anche il [&hellip;]","og_url":"https:\/\/www.ccaniene.com\/it_it\/nuoto-paralimpico-alessia-scortechini-centra-il-record-del-mondo-nei-100sl\/","og_site_name":"Circolo Canottieri Aniene","article_published_time":"2023-11-26T18:53:15+00:00","article_modified_time":"2023-11-26T18:53:17+00:00","og_image":[{"width":1284,"height":954,"url":"https:\/\/www.ccaniene.com\/wp-content\/uploads\/2023\/11\/nuoto-paralimpico.jpeg","type":"image\/jpeg"}],"author":"carlo.san@tin.it","twitter_card":"summary_large_image","twitter_misc":{"Scritto da":"carlo.san@tin.it","Tempo di lettura stimato":"2 minuti"},"schema":{"@context":"https:\/\/schema.org","@graph":[{"@type":"WebPage","@id":"https:\/\/www.ccaniene.com\/it_it\/nuoto-paralimpico-alessia-scortechini-centra-il-record-del-mondo-nei-100sl\/","url":"https:\/\/www.ccaniene.com\/it_it\/nuoto-paralimpico-alessia-scortechini-centra-il-record-del-mondo-nei-100sl\/","name":"Nuoto paralimpico\/Alessia Scortechini centra il record del mondo nei 100sl - Circolo Canottieri Aniene","isPartOf":{"@id":"https:\/\/www.ccaniene.com\/it_it\/#website"},"primaryImageOfPage":{"@id":"https:\/\/www.ccaniene.com\/it_it\/nuoto-paralimpico-alessia-scortechini-centra-il-record-del-mondo-nei-100sl\/#primaryimage"},"image":{"@id":"https:\/\/www.ccaniene.com\/it_it\/nuoto-paralimpico-alessia-scortechini-centra-il-record-del-mondo-nei-100sl\/#primaryimage"},"thumbnailUrl":"https:\/\/www.ccaniene.com\/wp-content\/uploads\/2023\/11\/nuoto-paralimpico.jpeg","datePublished":"2023-11-26T18:53:15+00:00","dateModified":"2023-11-26T18:53:17+00:00","author":{"@id":"https:\/\/www.ccaniene.com\/it_it\/#\/schema\/person\/6042bd0ba360674279dffd4247d570ed"},"breadcrumb":{"@id":"https:\/\/www.ccaniene.com\/it_it\/nuoto-paralimpico-alessia-scortechini-centra-il-record-del-mondo-nei-100sl\/#breadcrumb"},"inLanguage":"it-IT","potentialAction":[{"@type":"ReadAction","target":["https:\/\/www.ccaniene.com\/it_it\/nuoto-paralimpico-alessia-scortechini-centra-il-record-del-mondo-nei-100sl\/"]}]},{"@type":"ImageObject","inLanguage":"it-IT","@id":"https:\/\/www.ccaniene.com\/it_it\/nuoto-paralimpico-alessia-scortechini-centra-il-record-del-mondo-nei-100sl\/#primaryimage","url":"https:\/\/www.ccaniene.com\/wp-content\/uploads\/2023\/11\/nuoto-paralimpico.jpeg","contentUrl":"https:\/\/www.ccaniene.com\/wp-content\/uploads\/2023\/11\/nuoto-paralimpico.jpeg","width":1284,"height":954},{"@type":"BreadcrumbList","@id":"https:\/\/www.ccaniene.com\/it_it\/nuoto-paralimpico-alessia-scortechini-centra-il-record-del-mondo-nei-100sl\/#breadcrumb","itemListElement":[{"@type":"ListItem","position":1,"name":"Home","item":"https:\/\/www.ccaniene.com\/it_it\/"},{"@type":"ListItem","position":2,"name":"Nuoto paralimpico\/Alessia Scortechini centra il record del mondo nei 100sl"}]},{"@type":"WebSite","@id":"https:\/\/www.ccaniene.com\/it_it\/#website","url":"https:\/\/www.ccaniene.com\/it_it\/","name":"Circolo Canottieri Aniene","description":"Collare d&#039;Oro e Stella d&#039;Oro al Merito Sportivo","potentialAction":[{"@type":"SearchAction","target":{"@type":"EntryPoint","urlTemplate":"https:\/\/www.ccaniene.com\/it_it\/?s={search_term_string}"},"query-input":{"@type":"PropertyValueSpecification","valueRequired":true,"valueName":"search_term_string"}}],"inLanguage":"it-IT"},{"@type":"Person","@id":"https:\/\/www.ccaniene.com\/it_it\/#\/schema\/person\/6042bd0ba360674279dffd4247d570ed","name":"carlo.san@tin.it","image":{"@type":"ImageObject","inLanguage":"it-IT","@id":"https:\/\/www.ccaniene.com\/it_it\/#\/schema\/person\/image\/","url":"https:\/\/secure.gravatar.com\/avatar\/f993a459d0ffe4d666e4c917fef20ca9?s=96&d=mm&r=g","contentUrl":"https:\/\/secure.gravatar.com\/avatar\/f993a459d0ffe4d666e4c917fef20ca9?s=96&d=mm&r=g","caption":"carlo.san@tin.it"},"url":"https:\/\/www.ccaniene.com\/it_it\/author\/carlo-santi-2\/"}]}},"_links":{"self":[{"href":"https:\/\/www.ccaniene.com\/it_it\/wp-json\/wp\/v2\/posts\/27962"}],"collection":[{"href":"https:\/\/www.ccaniene.com\/it_it\/wp-json\/wp\/v2\/posts"}],"about":[{"href":"https:\/\/www.ccaniene.com\/it_it\/wp-json\/wp\/v2\/types\/post"}],"author":[{"embeddable":true,"href":"https:\/\/www.ccaniene.com\/it_it\/wp-json\/wp\/v2\/users\/23521"}],"replies":[{"embeddable":true,"href":"https:\/\/www.ccaniene.com\/it_it\/wp-json\/wp\/v2\/comments?post=27962"}],"version-history":[{"count":1,"href":"https:\/\/www.ccaniene.com\/it_it\/wp-json\/wp\/v2\/posts\/27962\/revisions"}],"predecessor-version":[{"id":27964,"href":"https:\/\/www.ccaniene.com\/it_it\/wp-json\/wp\/v2\/posts\/27962\/revisions\/27964"}],"wp:featuredmedia":[{"embeddable":true,"href":"https:\/\/www.ccaniene.com\/it_it\/wp-json\/wp\/v2\/media\/27963"}],"wp:attachment":[{"href":"https:\/\/www.ccaniene.com\/it_it\/wp-json\/wp\/v2\/media?parent=27962"}],"wp:term":[{"taxonomy":"category","embeddable":true,"href":"https:\/\/www.ccaniene.com\/it_it\/wp-json\/wp\/v2\/categories?post=27962"},{"taxonomy":"post_tag","embeddable":true,"href":"https:\/\/www.ccaniene.com\/it_it\/wp-json\/wp\/v2\/tags?post=27962"}],"curies":[{"name":"wp","href":"https:\/\/api.w.org\/{rel}","templated":true}]}}