{"id":27463,"date":"2023-08-08T12:38:11","date_gmt":"2023-08-08T10:38:11","guid":{"rendered":"https:\/\/www.ccaniene.com\/?p=27463"},"modified":"2023-08-11T17:01:55","modified_gmt":"2023-08-11T15:01:55","slug":"nuoto-laniene-campione-ai-tricolori-di-categoria","status":"publish","type":"post","link":"https:\/\/www.ccaniene.com\/it_it\/nuoto-laniene-campione-ai-tricolori-di-categoria\/","title":{"rendered":"Nuoto, l&#8217;Aniene campione ai tricolori di categoria. Gianni Nagni: \u00abUn risultato straordinario per il futuro\u00bb. Tutti i podi"},"content":{"rendered":"\n<p>C&#8217;\u00e8 un&#8217;altra doppietta, stavolta di grande importanza, ancora di pi\u00f9 dei successi in campo assoluto e internazionale. Cala il sipario sui campionati italiani di categoria allo Stadio del Nuoto e la classifica generale \u00e8 stata vinta tra i maschi dal Circolo Canottieri Aniene con 650 punti, seguita da In Sport Rane Rosse con 471.75 e Team Veneto con 378.50. Classifica femminile vinta dal Circolo Canottieri Aniene con 515 punti. Alle spalle del nostro Circolo, la Rari Nantes Florentia con 485 punti e il Team Veneto con 348.<\/p>\n\n\n\n<p>Gianni Nagni, il Dirigente responsabile  della sezione nuoto, sottolinea questa straordinaria prestazioni. \u00abLa mia \u00e8 soprattutto una riflessione &#8211; osserva Nagni &#8211; Confermarsi ad alto livello come l&#8217;Aniene fa da oltre tredici anni con la conquista degli scudetti assoluti \u00e8 importante. E sono importanti anche le medaglie conquistate nella manifestazioni internazionali come \u00e8 accaduto ai recenti Mondiali di Fukuoka dove i nostri atleti hanno dato un grande contributo al medagliere della Nazionale\u00bb.<\/p>\n\n\n\n<p>C&#8217;\u00e8 l&#8217;altro lato della medaglia, quello dei giovani, che non va dimenticato perch\u00e9 i giovani sono il futuro del movimento, in ogni disciplina. \u00abRealizzare risultati come questo ottenuto a Roma a livello giovanile \u00e8 straordinario e strabiliante, segno che all&#8217;interno del nostro sodalizio c&#8217;\u00e8 la volont\u00e0 di guardare avanti e lavorare ogni giorno per il futuro con i giovani con il contributo nei nostri allenatori che sono il fulcro dell&#8217;attivit\u00e0\u00bb.<\/p>\n\n\n\n<p><strong>Il riepilogo dei risultati del CC Aniene<\/strong><\/p>\n\n\n\n<p>1. societ\u00e0 classifica generale maschile e femminile<\/p>\n\n\n\n<p>1. societ\u00e0 categoria seniores maschile e femminile<a><\/a><\/p>\n\n\n\n<p>1. societ\u00e0 categoria juniores maschile e 1. societ\u00e0 categoria ragazzi maschile<\/p>\n\n\n\n<p>2. societ\u00e0 classifica categoria ragazzi femminile<\/p>\n\n\n\n<p>3. societ\u00e0 classifica categoria cadette femminile<\/p>\n\n\n\n<p>37 medaglie conquistate: 20 Oro, 10 Argento, 7 Bronzo<\/p>\n\n\n\n<p>Medaglie d\u2019oro<\/p>\n\n\n\n<p>Edoardo Giorgetti (categoria Seniores) 100 rana (1\u201900\u201d68) e 200 rana (2\u201911\u201d54); Pietro Paolo Sarpe (categoria Seniores) 200 misti (2\u201902\u201d63) e 400 misti (4\u201922\u201d36); Lorenzo Ballarati (categoria Juniores) 50sl (22\u201d50 ) e 100sl (49\u201d77); Gianluca Andolfi (categoria Seniores) 50 dorso (25\u201d44); Claudio Antonino Faraci (categoria Seniores) 200 farfalla (1\u201958\u201d65); Emma Virginia Menicucci (categoria Seniores) 100sl (54\u201d93); Pasquale Sanzullo (categoria Seniores) 1500sl (15\u201916\u201d72); Davide Cancelliere (categoria Ragazzi) 100 dorso (57\u201d19); Aurora Salustri (categoria Juniores) 200 dorso (2\u201916\u201d74).<\/p>\n\n\n\n<p>Altri Titoli Italiani per le staffette: 4x100sl Ragazzi (3\u201929\u201d71) con Daniele Del Signore 51\u201d99, Davide Cancelliere 52\u201d52, Andrea Grippaudo 52\u201d96 e Gabriele Picchi 52\u201d24; 4x200sl Ragazzi (7\u201939\u201d41) con Daniele Del Signore 1\u201954\u201d99, Andrea Grippaudo 1\u201955\u201d61, Davide Cancelliere 1\u201955\u201d67 e Gabriele Picchi 1\u201953\u201d14; 4x200sl Ragazze (8\u201937\u201d85) con Beatrice Fagiolari 2\u201909\u201d38, Rebecca Ongaro 2\u201912\u201d30, Nicole Franco 2\u201909\u201d63 e Sara Esposito 2\u201906\u201d54; 4&#215;100 mista Ragazze (4\u201922\u201d58) con Sara Esposito 1\u201908\u201d22, Marta Luffarelli 1\u201914\u201d50, Rebecca Ongaro 1\u201901\u201d40 e Beatrice Fagiolari 58\u201d46; 4x100sl Juniores maschile (3\u201922\u201d05) con Antonio Gregucci 51\u201d82, Lorenzo Ballarati 49\u201d80, Patrizio Costanza 50\u201d53 e Davide Passafaro 49\u201d90; 4&#215;100 mista Juniores maschile (3\u201945\u201d22) con Antonio Gregucci 57\u201d93, Luca Cascioli 1\u201904\u201d50, Lorenzo Ballarati 53\u201d33 e Davide Passafaro 49\u201d46; 4&#215;100 mista Cadette (4\u201912\u201d36) con Claudia Frasca 1\u201903\u201d51, Sofia Amati 1\u201910\u201d46, Virginia Consiglio 1\u201901\u201d36 e Flavia Moccaldi 57\u201d03; 4x200sl Juniores maschile (7\u201927\u201d60) con Luca Ceccarelli 1\u201952\u201d89, Lorenzo Ballarati 1\u201950\u201d61, Filippo Bertoni 1\u201950\u201d71 e Patrizio Costanza 1\u201953\u201d39.<\/p>\n\n\n\n<p>Medaglie d\u2019argento<\/p>\n\n\n\n<p>Pasquale Sanzullo (Seniores) 400sl libero (3\u201950\u201d60) e 800sl (7\u201952\u201d20); Emma Virginia Menicucci (Seniores) 50sl (25\u201d47); Rebecca Ongaro (Ragazze) 100 farfalla (1\u201901\u201d21); Veronica Santoni (Seniores) 1500sl (16\u201943\u201d94); Gianluca Andolfi (categoria Seniores) 100sl (50\u201d05); Luca Cascioli (Juniores) 200 rana (2\u201918\u201d59).<\/p>\n\n\n\n<p>Per quanto riguarda le staffette: 4x100sl Ragazze (3\u201958\u201d35) con Nicole Franco 59\u201d61, Rebecca Ongaro 59\u201d84, Sara Esposito 59\u201d84 e Beatrice Fagiolari 59\u201d06; 4&#215;100 mista Ragazzi (3\u201950\u201d27) con Daniele Del Signore 56\u201d26, Riccardo Aversano 1\u201905\u201d57, Alexandru Andrei Duna 56\u201d90 e Gabriele Picchi 51\u201d54; 4x200sl Juniores femminile (8\u201922\u201d19) con Valentina Procaccini 2\u201903\u201d25, Ludovica Adele Lombardi 2\u201906\u201d04, Sofia La Bella 2\u201907\u201d30 e Aurora Salustri 2\u201905\u201d60.<\/p>\n\n\n\n<p>Le medaglie di bronzo<\/p>\n\n\n\n<p>Francesca Romana Furfaro (Seniores) 200 dorso (2\u201916\u201d52); Claudio Antonino Faraci (Seniores) 100 farfalla (53\u201d37); Silvia Ciccarella (Seniores) 1500sl (16\u201944\u201d60); Rita Maria Pignatiello (Seniores) 50 farfalla (27\u201d11); Lorenzo Bellavia (Juniores) 50 dorso (26\u201d24); Patrizio Costanza (Juniores) 200sl (1\u201950\u201d46); Alessio Alessandri (Juniores) 800sl (8\u201906\u201d96).<\/p>\n\n\n\n<p><\/p>\n\n\n\n<p><\/p>\n","protected":false},"excerpt":{"rendered":"<p>C&#8217;\u00e8 un&#8217;altra doppietta, stavolta di grande importanza, ancora di pi\u00f9 dei successi in campo assoluto e internazionale. Cala il sipario sui campionati italiani di categoria allo Stadio del Nuoto e la classifica generale \u00e8 stata vinta tra i maschi dal Circolo Canottieri Aniene con 650 punti, seguita da In Sport Rane Rosse con 471.75 e [&hellip;]<\/p>\n","protected":false},"author":23521,"featured_media":27464,"comment_status":"closed","ping_status":"closed","sticky":false,"template":"","format":"standard","meta":{"pmpro_default_level":0,"footnotes":"","_links_to":"","_links_to_target":""},"categories":[1,11],"tags":[],"class_list":["post-27463","post","type-post","status-publish","format-standard","has-post-thumbnail","hentry","category-news","category-nuoto","pmpro-has-access"],"featured_image_urls":{"thumbnail":"https:\/\/www.ccaniene.com\/wp-content\/uploads\/2023\/08\/giovanili-nuoto-400x400.jpg","medium_large":"https:\/\/www.ccaniene.com\/wp-content\/uploads\/2023\/08\/giovanili-nuoto-768x432.jpg","trp-custom-language-flag":"https:\/\/www.ccaniene.com\/wp-content\/uploads\/2023\/08\/giovanili-nuoto-18x10.jpg","qi_addons_for_elementor_image_size_square":"https:\/\/www.ccaniene.com\/wp-content\/uploads\/2023\/08\/giovanili-nuoto-650x450.jpg","qi_addons_for_elementor_image_size_portrait":"https:\/\/www.ccaniene.com\/wp-content\/uploads\/2023\/08\/giovanili-nuoto-650x450.jpg","fairwaygreen_core_image_size_square":"https:\/\/www.ccaniene.com\/wp-content\/uploads\/2023\/08\/giovanili-nuoto-650x450.jpg","fairwaygreen_core_image_size_portrait":"https:\/\/www.ccaniene.com\/wp-content\/uploads\/2023\/08\/giovanili-nuoto-650x450.jpg"},"appp_media":null,"yoast_head":"<!-- This site is optimized with the Yoast SEO plugin v23.6 - https:\/\/yoast.com\/wordpress\/plugins\/seo\/ -->\n<title>Nuoto, l&#039;Aniene campione ai tricolori di categoria. Gianni Nagni: \u00abUn risultato straordinario per il futuro\u00bb. Tutti i podi - Circolo Canottieri Aniene<\/title>\n<meta name=\"robots\" content=\"index, follow, max-snippet:-1, max-image-preview:large, max-video-preview:-1\" \/>\n<link rel=\"canonical\" href=\"https:\/\/www.ccaniene.com\/it_it\/nuoto-laniene-campione-ai-tricolori-di-categoria\/\" \/>\n<meta property=\"og:locale\" content=\"it_IT\" \/>\n<meta property=\"og:type\" content=\"article\" \/>\n<meta property=\"og:title\" content=\"Nuoto, l&#039;Aniene campione ai tricolori di categoria. Gianni Nagni: \u00abUn risultato straordinario per il futuro\u00bb. Tutti i podi - Circolo Canottieri Aniene\" \/>\n<meta property=\"og:description\" content=\"C&#8217;\u00e8 un&#8217;altra doppietta, stavolta di grande importanza, ancora di pi\u00f9 dei successi in campo assoluto e internazionale. Cala il sipario sui campionati italiani di categoria allo Stadio del Nuoto e la classifica generale \u00e8 stata vinta tra i maschi dal Circolo Canottieri Aniene con 650 punti, seguita da In Sport Rane Rosse con 471.75 e [&hellip;]\" \/>\n<meta property=\"og:url\" content=\"https:\/\/www.ccaniene.com\/it_it\/nuoto-laniene-campione-ai-tricolori-di-categoria\/\" \/>\n<meta property=\"og:site_name\" content=\"Circolo Canottieri Aniene\" \/>\n<meta property=\"article:published_time\" content=\"2023-08-08T10:38:11+00:00\" \/>\n<meta property=\"article:modified_time\" content=\"2023-08-11T15:01:55+00:00\" \/>\n<meta property=\"og:image\" content=\"https:\/\/www.ccaniene.com\/wp-content\/uploads\/2023\/08\/giovanili-nuoto.jpg\" \/>\n\t<meta property=\"og:image:width\" content=\"800\" \/>\n\t<meta property=\"og:image:height\" content=\"450\" \/>\n\t<meta property=\"og:image:type\" content=\"image\/jpeg\" \/>\n<meta name=\"author\" content=\"carlo.san@tin.it\" \/>\n<meta name=\"twitter:card\" content=\"summary_large_image\" \/>\n<meta name=\"twitter:label1\" content=\"Scritto da\" \/>\n\t<meta name=\"twitter:data1\" content=\"carlo.san@tin.it\" \/>\n\t<meta name=\"twitter:label2\" content=\"Tempo di lettura stimato\" \/>\n\t<meta name=\"twitter:data2\" content=\"4 minuti\" \/>\n<script type=\"application\/ld+json\" class=\"yoast-schema-graph\">{\"@context\":\"https:\/\/schema.org\",\"@graph\":[{\"@type\":\"WebPage\",\"@id\":\"https:\/\/www.ccaniene.com\/it_it\/nuoto-laniene-campione-ai-tricolori-di-categoria\/\",\"url\":\"https:\/\/www.ccaniene.com\/it_it\/nuoto-laniene-campione-ai-tricolori-di-categoria\/\",\"name\":\"Nuoto, l'Aniene campione ai tricolori di categoria. Gianni Nagni: \u00abUn risultato straordinario per il futuro\u00bb. Tutti i podi - Circolo Canottieri Aniene\",\"isPartOf\":{\"@id\":\"http:\/\/www.ccaniene.com\/it_it\/#website\"},\"primaryImageOfPage\":{\"@id\":\"https:\/\/www.ccaniene.com\/it_it\/nuoto-laniene-campione-ai-tricolori-di-categoria\/#primaryimage\"},\"image\":{\"@id\":\"https:\/\/www.ccaniene.com\/it_it\/nuoto-laniene-campione-ai-tricolori-di-categoria\/#primaryimage\"},\"thumbnailUrl\":\"https:\/\/www.ccaniene.com\/wp-content\/uploads\/2023\/08\/giovanili-nuoto.jpg\",\"datePublished\":\"2023-08-08T10:38:11+00:00\",\"dateModified\":\"2023-08-11T15:01:55+00:00\",\"author\":{\"@id\":\"http:\/\/www.ccaniene.com\/it_it\/#\/schema\/person\/6042bd0ba360674279dffd4247d570ed\"},\"breadcrumb\":{\"@id\":\"https:\/\/www.ccaniene.com\/it_it\/nuoto-laniene-campione-ai-tricolori-di-categoria\/#breadcrumb\"},\"inLanguage\":\"it-IT\",\"potentialAction\":[{\"@type\":\"ReadAction\",\"target\":[\"https:\/\/www.ccaniene.com\/it_it\/nuoto-laniene-campione-ai-tricolori-di-categoria\/\"]}]},{\"@type\":\"ImageObject\",\"inLanguage\":\"it-IT\",\"@id\":\"https:\/\/www.ccaniene.com\/it_it\/nuoto-laniene-campione-ai-tricolori-di-categoria\/#primaryimage\",\"url\":\"https:\/\/www.ccaniene.com\/wp-content\/uploads\/2023\/08\/giovanili-nuoto.jpg\",\"contentUrl\":\"https:\/\/www.ccaniene.com\/wp-content\/uploads\/2023\/08\/giovanili-nuoto.jpg\",\"width\":800,\"height\":450},{\"@type\":\"BreadcrumbList\",\"@id\":\"https:\/\/www.ccaniene.com\/it_it\/nuoto-laniene-campione-ai-tricolori-di-categoria\/#breadcrumb\",\"itemListElement\":[{\"@type\":\"ListItem\",\"position\":1,\"name\":\"Home\",\"item\":\"http:\/\/www.ccaniene.com\/it_it\/\"},{\"@type\":\"ListItem\",\"position\":2,\"name\":\"Nuoto, l&#8217;Aniene campione ai tricolori di categoria. Gianni Nagni: \u00abUn risultato straordinario per il futuro\u00bb. Tutti i podi\"}]},{\"@type\":\"WebSite\",\"@id\":\"http:\/\/www.ccaniene.com\/it_it\/#website\",\"url\":\"http:\/\/www.ccaniene.com\/it_it\/\",\"name\":\"Circolo Canottieri Aniene\",\"description\":\"Collare d&#039;Oro e Stella d&#039;Oro al Merito Sportivo\",\"potentialAction\":[{\"@type\":\"SearchAction\",\"target\":{\"@type\":\"EntryPoint\",\"urlTemplate\":\"http:\/\/www.ccaniene.com\/it_it\/?s={search_term_string}\"},\"query-input\":{\"@type\":\"PropertyValueSpecification\",\"valueRequired\":true,\"valueName\":\"search_term_string\"}}],\"inLanguage\":\"it-IT\"},{\"@type\":\"Person\",\"@id\":\"http:\/\/www.ccaniene.com\/it_it\/#\/schema\/person\/6042bd0ba360674279dffd4247d570ed\",\"name\":\"carlo.san@tin.it\",\"image\":{\"@type\":\"ImageObject\",\"inLanguage\":\"it-IT\",\"@id\":\"http:\/\/www.ccaniene.com\/it_it\/#\/schema\/person\/image\/\",\"url\":\"https:\/\/secure.gravatar.com\/avatar\/f993a459d0ffe4d666e4c917fef20ca9?s=96&d=mm&r=g\",\"contentUrl\":\"https:\/\/secure.gravatar.com\/avatar\/f993a459d0ffe4d666e4c917fef20ca9?s=96&d=mm&r=g\",\"caption\":\"carlo.san@tin.it\"},\"url\":\"https:\/\/www.ccaniene.com\/it_it\/author\/carlo-santi-2\/\"}]}<\/script>\n<!-- \/ Yoast SEO plugin. -->","yoast_head_json":{"title":"Nuoto, l'Aniene campione ai tricolori di categoria. Gianni Nagni: \u00abUn risultato straordinario per il futuro\u00bb. Tutti i podi - Circolo Canottieri Aniene","robots":{"index":"index","follow":"follow","max-snippet":"max-snippet:-1","max-image-preview":"max-image-preview:large","max-video-preview":"max-video-preview:-1"},"canonical":"https:\/\/www.ccaniene.com\/it_it\/nuoto-laniene-campione-ai-tricolori-di-categoria\/","og_locale":"it_IT","og_type":"article","og_title":"Nuoto, l'Aniene campione ai tricolori di categoria. Gianni Nagni: \u00abUn risultato straordinario per il futuro\u00bb. Tutti i podi - Circolo Canottieri Aniene","og_description":"C&#8217;\u00e8 un&#8217;altra doppietta, stavolta di grande importanza, ancora di pi\u00f9 dei successi in campo assoluto e internazionale. Cala il sipario sui campionati italiani di categoria allo Stadio del Nuoto e la classifica generale \u00e8 stata vinta tra i maschi dal Circolo Canottieri Aniene con 650 punti, seguita da In Sport Rane Rosse con 471.75 e [&hellip;]","og_url":"https:\/\/www.ccaniene.com\/it_it\/nuoto-laniene-campione-ai-tricolori-di-categoria\/","og_site_name":"Circolo Canottieri Aniene","article_published_time":"2023-08-08T10:38:11+00:00","article_modified_time":"2023-08-11T15:01:55+00:00","og_image":[{"width":800,"height":450,"url":"https:\/\/www.ccaniene.com\/wp-content\/uploads\/2023\/08\/giovanili-nuoto.jpg","type":"image\/jpeg"}],"author":"carlo.san@tin.it","twitter_card":"summary_large_image","twitter_misc":{"Scritto da":"carlo.san@tin.it","Tempo di lettura stimato":"4 minuti"},"schema":{"@context":"https:\/\/schema.org","@graph":[{"@type":"WebPage","@id":"https:\/\/www.ccaniene.com\/it_it\/nuoto-laniene-campione-ai-tricolori-di-categoria\/","url":"https:\/\/www.ccaniene.com\/it_it\/nuoto-laniene-campione-ai-tricolori-di-categoria\/","name":"Nuoto, l'Aniene campione ai tricolori di categoria. Gianni Nagni: \u00abUn risultato straordinario per il futuro\u00bb. Tutti i podi - Circolo Canottieri Aniene","isPartOf":{"@id":"http:\/\/www.ccaniene.com\/it_it\/#website"},"primaryImageOfPage":{"@id":"https:\/\/www.ccaniene.com\/it_it\/nuoto-laniene-campione-ai-tricolori-di-categoria\/#primaryimage"},"image":{"@id":"https:\/\/www.ccaniene.com\/it_it\/nuoto-laniene-campione-ai-tricolori-di-categoria\/#primaryimage"},"thumbnailUrl":"https:\/\/www.ccaniene.com\/wp-content\/uploads\/2023\/08\/giovanili-nuoto.jpg","datePublished":"2023-08-08T10:38:11+00:00","dateModified":"2023-08-11T15:01:55+00:00","author":{"@id":"http:\/\/www.ccaniene.com\/it_it\/#\/schema\/person\/6042bd0ba360674279dffd4247d570ed"},"breadcrumb":{"@id":"https:\/\/www.ccaniene.com\/it_it\/nuoto-laniene-campione-ai-tricolori-di-categoria\/#breadcrumb"},"inLanguage":"it-IT","potentialAction":[{"@type":"ReadAction","target":["https:\/\/www.ccaniene.com\/it_it\/nuoto-laniene-campione-ai-tricolori-di-categoria\/"]}]},{"@type":"ImageObject","inLanguage":"it-IT","@id":"https:\/\/www.ccaniene.com\/it_it\/nuoto-laniene-campione-ai-tricolori-di-categoria\/#primaryimage","url":"https:\/\/www.ccaniene.com\/wp-content\/uploads\/2023\/08\/giovanili-nuoto.jpg","contentUrl":"https:\/\/www.ccaniene.com\/wp-content\/uploads\/2023\/08\/giovanili-nuoto.jpg","width":800,"height":450},{"@type":"BreadcrumbList","@id":"https:\/\/www.ccaniene.com\/it_it\/nuoto-laniene-campione-ai-tricolori-di-categoria\/#breadcrumb","itemListElement":[{"@type":"ListItem","position":1,"name":"Home","item":"http:\/\/www.ccaniene.com\/it_it\/"},{"@type":"ListItem","position":2,"name":"Nuoto, l&#8217;Aniene campione ai tricolori di categoria. Gianni Nagni: \u00abUn risultato straordinario per il futuro\u00bb. Tutti i podi"}]},{"@type":"WebSite","@id":"http:\/\/www.ccaniene.com\/it_it\/#website","url":"http:\/\/www.ccaniene.com\/it_it\/","name":"Circolo Canottieri Aniene","description":"Collare d&#039;Oro e Stella d&#039;Oro al Merito Sportivo","potentialAction":[{"@type":"SearchAction","target":{"@type":"EntryPoint","urlTemplate":"http:\/\/www.ccaniene.com\/it_it\/?s={search_term_string}"},"query-input":{"@type":"PropertyValueSpecification","valueRequired":true,"valueName":"search_term_string"}}],"inLanguage":"it-IT"},{"@type":"Person","@id":"http:\/\/www.ccaniene.com\/it_it\/#\/schema\/person\/6042bd0ba360674279dffd4247d570ed","name":"carlo.san@tin.it","image":{"@type":"ImageObject","inLanguage":"it-IT","@id":"http:\/\/www.ccaniene.com\/it_it\/#\/schema\/person\/image\/","url":"https:\/\/secure.gravatar.com\/avatar\/f993a459d0ffe4d666e4c917fef20ca9?s=96&d=mm&r=g","contentUrl":"https:\/\/secure.gravatar.com\/avatar\/f993a459d0ffe4d666e4c917fef20ca9?s=96&d=mm&r=g","caption":"carlo.san@tin.it"},"url":"https:\/\/www.ccaniene.com\/it_it\/author\/carlo-santi-2\/"}]}},"_links":{"self":[{"href":"https:\/\/www.ccaniene.com\/it_it\/wp-json\/wp\/v2\/posts\/27463"}],"collection":[{"href":"https:\/\/www.ccaniene.com\/it_it\/wp-json\/wp\/v2\/posts"}],"about":[{"href":"https:\/\/www.ccaniene.com\/it_it\/wp-json\/wp\/v2\/types\/post"}],"author":[{"embeddable":true,"href":"https:\/\/www.ccaniene.com\/it_it\/wp-json\/wp\/v2\/users\/23521"}],"replies":[{"embeddable":true,"href":"https:\/\/www.ccaniene.com\/it_it\/wp-json\/wp\/v2\/comments?post=27463"}],"version-history":[{"count":4,"href":"https:\/\/www.ccaniene.com\/it_it\/wp-json\/wp\/v2\/posts\/27463\/revisions"}],"predecessor-version":[{"id":27487,"href":"https:\/\/www.ccaniene.com\/it_it\/wp-json\/wp\/v2\/posts\/27463\/revisions\/27487"}],"wp:featuredmedia":[{"embeddable":true,"href":"https:\/\/www.ccaniene.com\/it_it\/wp-json\/wp\/v2\/media\/27464"}],"wp:attachment":[{"href":"https:\/\/www.ccaniene.com\/it_it\/wp-json\/wp\/v2\/media?parent=27463"}],"wp:term":[{"taxonomy":"category","embeddable":true,"href":"https:\/\/www.ccaniene.com\/it_it\/wp-json\/wp\/v2\/categories?post=27463"},{"taxonomy":"post_tag","embeddable":true,"href":"https:\/\/www.ccaniene.com\/it_it\/wp-json\/wp\/v2\/tags?post=27463"}],"curies":[{"name":"wp","href":"https:\/\/api.w.org\/{rel}","templated":true}]}}