{"id":267,"date":"2010-10-27T13:47:03","date_gmt":"2010-10-27T13:47:03","guid":{"rendered":""},"modified":"2010-10-27T13:47:03","modified_gmt":"2010-10-27T13:47:03","slug":"sezione-sci-programma-stagione-invernale-20102011","status":"publish","type":"post","link":"https:\/\/www.ccaniene.com\/it_it\/sezione-sci-programma-stagione-invernale-20102011\/","title":{"rendered":"Sezione Sci:  programma stagione invernale 2010\/2011"},"content":{"rendered":"\n<p style=\"text-align: justify;\"><img decoding=\"async\" src=\"http:\/\/www.ccaniene.com\/wp-content\/uploads\/loco.jpg\" border=\"0\" width=\"200\" style=\"float: left; margin-left: 5px; margin-right: 5px; border: 0px;\" \/>Quest\u2019anno \u00e8 con immenso piacere e soddisfazione che comunichiamo la nascita del Circolo Canottieri Aniene\u00a0 Sezione Sci. L\u2019iniziativa \u00e8 volta a far stare insieme ancor di pi\u00f9 le nostre famiglie nella condivisione di una attivit\u00e0 sportiva come lo sci.\u00a0Con la partecipazione di alcuni soci volenterosi ma soprattutto appassionati <strong>stiamo organizzando il ponte dell\u2019 8 dicembre 2010.<br \/><\/strong>La localit\u00e0 che ospiter\u00e0 questa nostra prima avventura sar\u00e0 San Viglio di Marebbe. <strong>L\u2019affiliazione del Circolo Canottieri Aniene avverr\u00e0 nel mese di Novembre con l\u2019obbligo di presentare minimo il tesseramento di 35 soci (fondatori). <\/strong>Siamo sicuri per\u00f2 che molti altri di voi vorranno da subito far parte di questa iniziativa iscrivendosi alla F.I.S.I. con il pagamento di soli 30 euro.<\/p>\n<div style=\"text-align: justify;\" \/>\n<!--more--><br \/>\n<strong>Il tesseramento da diritto a:<\/strong><br \/>\u2022\u00a0All\u2019iscrizione alla F.I.S.I (<a href=\"http:\/\/www.fisi.org\/\">www.fisi.org<\/a>)<br \/>Avere la tessera F.I.S.I. significa entrare a far parte della grande famiglia degli sport invernali e avere l\u2019orgoglio di appartenere ad una grande tradizione sportiva che vanta una bacheca di 97 medaglie olimpiche, centinaia di medaglie mondiali e continentali conquistate dagli Azzurri sui campi di gara di tutto il mondo e una serie infinita di successi in tute le competizioni internazionali.<\/div>\n<p style=\"text-align: center;\">\u00a0<strong>CALENDARIO<\/strong><\/p>\n<p>\u00a0Programma Invernale 2010-2011<\/p>\n<table border=\"1\" cellspacing=\"0\" cellpadding=\"0\">\n<tbody>\n<tr>\n<td width=\"130\" valign=\"top\">\n<p><strong>Mese<\/strong><\/p>\n<\/td>\n<td width=\"130\" valign=\"top\">\n<p>Periodo<\/p>\n<p>\u00a0<\/p>\n<\/td>\n<td width=\"130\" valign=\"top\">\n<p>N.giorni<\/p>\n<\/td>\n<td width=\"130\" valign=\"top\">\n<p>Localit\u00e0<\/p>\n<\/td>\n<td width=\"130\" valign=\"top\">\n<p>\u00a0<\/p>\n<\/td>\n<\/tr>\n<tr>\n<td width=\"130\" valign=\"top\">\n<p><strong>Dicembre<\/strong><\/p>\n<\/td>\n<td width=\"130\" valign=\"top\">\n<p>8-12<\/p>\n<\/td>\n<td width=\"130\" valign=\"top\">\n<p>4 notti<\/p>\n<\/td>\n<td width=\"130\" valign=\"top\">\n<p>S. Vigilio<\/p>\n<\/td>\n<td width=\"130\" valign=\"top\">\n<p>\u00a0<\/p>\n<\/td>\n<\/tr>\n<tr>\n<td width=\"130\" valign=\"top\">\n<p><strong>Gennaio <\/strong><\/p>\n<\/td>\n<td width=\"130\" valign=\"top\">\n<p>2-9<\/p>\n<\/td>\n<td width=\"130\" valign=\"top\">\n<p>7 notti<\/p>\n<\/td>\n<td width=\"130\" valign=\"top\">\n<p>Cortina<\/p>\n<\/td>\n<td width=\"130\" valign=\"top\">\n<p>\u00a0<\/p>\n<\/td>\n<\/tr>\n<tr>\n<td width=\"130\" valign=\"top\">\n<p><strong>Gennaio<\/strong><\/p>\n<\/td>\n<td width=\"130\" valign=\"top\">\n<p>21-23<\/p>\n<\/td>\n<td width=\"130\" valign=\"top\">\n<p>2 notti<\/p>\n<\/td>\n<td width=\"130\" valign=\"top\">\n<p>Roccaraso<\/p>\n<\/td>\n<td width=\"130\" valign=\"top\">\n<p>\u00a0<\/p>\n<\/td>\n<\/tr>\n<tr>\n<td width=\"130\" valign=\"top\">\n<p><strong>Febbraio<\/strong><\/p>\n<\/td>\n<td width=\"130\" valign=\"top\">\n<p>4-6<\/p>\n<\/td>\n<td width=\"130\" valign=\"top\">\n<p>2 notti<\/p>\n<\/td>\n<td width=\"130\" valign=\"top\">\n<p>Campofelice<\/p>\n<\/td>\n<td width=\"130\" valign=\"top\">\n<p>\u00a0<\/p>\n<\/td>\n<\/tr>\n<tr>\n<td width=\"130\" valign=\"top\">\n<p><strong>Febb\/Marzo<\/strong><\/p>\n<\/td>\n<td width=\"130\" valign=\"top\">\n<p>26-5<\/p>\n<\/td>\n<td width=\"130\" valign=\"top\">\n<p>7 notti<\/p>\n<\/td>\n<td width=\"130\" valign=\"top\">\n<p>da decidere<\/p>\n<\/td>\n<td width=\"130\" valign=\"top\">\n<p>\u00a0<\/p>\n<\/td>\n<\/tr>\n<tr>\n<td width=\"130\" valign=\"top\">\n<p><strong>Marzo <\/strong><\/p>\n<\/td>\n<td width=\"130\" valign=\"top\">\n<p>11-13<\/p>\n<\/td>\n<td width=\"130\" valign=\"top\">\n<p>2 notti<\/p>\n<\/td>\n<td width=\"130\" valign=\"top\">\n<p>da decidere<\/p>\n<\/td>\n<td width=\"130\" valign=\"top\">\n<p>\u00a0<\/p>\n<\/td>\n<\/tr>\n<\/tbody>\n<\/table>\n<p><\/p>\n<p>\u00a0<\/p>\n","protected":false},"excerpt":{"rendered":"<p>Quest\u2019anno \u00e8 con immenso piacere e soddisfazione che comunichiamo la nascita del Circolo Canottieri Aniene\u00a0 Sezione Sci. L\u2019iniziativa \u00e8 volta a far stare insieme ancor di pi\u00f9 le nostre famiglie nella condivisione di una attivit\u00e0 sportiva come lo sci.\u00a0Con la partecipazione di alcuni soci volenterosi ma soprattutto appassionati stiamo organizzando il ponte dell\u2019 8 dicembre [&hellip;]<\/p>\n","protected":false},"author":284,"featured_media":0,"comment_status":"open","ping_status":"closed","sticky":true,"template":"","format":"standard","meta":{"pmpro_default_level":0,"footnotes":"","_links_to":"","_links_to_target":""},"categories":[13],"tags":[],"class_list":["post-267","post","type-post","status-publish","format-standard","hentry","category-altri-sport","pmpro-has-access"],"featured_image_urls":{},"appp_media":null,"yoast_head":"<!-- This site is optimized with the Yoast SEO plugin v23.6 - https:\/\/yoast.com\/wordpress\/plugins\/seo\/ -->\n<title>Sezione Sci: programma stagione invernale 2010\/2011 - Circolo Canottieri Aniene<\/title>\n<meta name=\"robots\" content=\"index, follow, max-snippet:-1, max-image-preview:large, max-video-preview:-1\" \/>\n<link rel=\"canonical\" href=\"https:\/\/www.ccaniene.com\/it_it\/sezione-sci-programma-stagione-invernale-20102011\/\" \/>\n<meta property=\"og:locale\" content=\"it_IT\" \/>\n<meta property=\"og:type\" content=\"article\" \/>\n<meta property=\"og:title\" content=\"Sezione Sci: programma stagione invernale 2010\/2011 - Circolo Canottieri Aniene\" \/>\n<meta property=\"og:description\" content=\"Quest\u2019anno \u00e8 con immenso piacere e soddisfazione che comunichiamo la nascita del Circolo Canottieri Aniene\u00a0 Sezione Sci. L\u2019iniziativa \u00e8 volta a far stare insieme ancor di pi\u00f9 le nostre famiglie nella condivisione di una attivit\u00e0 sportiva come lo sci.\u00a0Con la partecipazione di alcuni soci volenterosi ma soprattutto appassionati stiamo organizzando il ponte dell\u2019 8 dicembre [&hellip;]\" \/>\n<meta property=\"og:url\" content=\"https:\/\/www.ccaniene.com\/it_it\/sezione-sci-programma-stagione-invernale-20102011\/\" \/>\n<meta property=\"og:site_name\" content=\"Circolo Canottieri Aniene\" \/>\n<meta property=\"article:published_time\" content=\"2010-10-27T13:47:03+00:00\" \/>\n<meta property=\"og:image\" content=\"http:\/\/www.ccaniene.com\/wp-content\/uploads\/loco.jpg\" \/>\n<meta name=\"twitter:card\" content=\"summary_large_image\" \/>\n<meta name=\"twitter:label1\" content=\"Scritto da\" \/>\n\t<meta name=\"twitter:data1\" content=\"\" \/>\n\t<meta name=\"twitter:label2\" content=\"Tempo di lettura stimato\" \/>\n\t<meta name=\"twitter:data2\" content=\"1 minuto\" \/>\n<script type=\"application\/ld+json\" class=\"yoast-schema-graph\">{\"@context\":\"https:\/\/schema.org\",\"@graph\":[{\"@type\":\"WebPage\",\"@id\":\"https:\/\/www.ccaniene.com\/en\/sezione-sci-programma-stagione-invernale-20102011\/\",\"url\":\"https:\/\/www.ccaniene.com\/en\/sezione-sci-programma-stagione-invernale-20102011\/\",\"name\":\"Sezione Sci: programma stagione invernale 2010\/2011 - Circolo Canottieri Aniene\",\"isPartOf\":{\"@id\":\"https:\/\/www.ccaniene.com\/it_it\/#website\"},\"primaryImageOfPage\":{\"@id\":\"https:\/\/www.ccaniene.com\/en\/sezione-sci-programma-stagione-invernale-20102011\/#primaryimage\"},\"image\":{\"@id\":\"https:\/\/www.ccaniene.com\/en\/sezione-sci-programma-stagione-invernale-20102011\/#primaryimage\"},\"thumbnailUrl\":\"http:\/\/www.ccaniene.com\/wp-content\/uploads\/loco.jpg\",\"datePublished\":\"2010-10-27T13:47:03+00:00\",\"dateModified\":\"2010-10-27T13:47:03+00:00\",\"author\":{\"@id\":\"\"},\"breadcrumb\":{\"@id\":\"https:\/\/www.ccaniene.com\/en\/sezione-sci-programma-stagione-invernale-20102011\/#breadcrumb\"},\"inLanguage\":\"it-IT\",\"potentialAction\":[{\"@type\":\"ReadAction\",\"target\":[\"https:\/\/www.ccaniene.com\/en\/sezione-sci-programma-stagione-invernale-20102011\/\"]}]},{\"@type\":\"ImageObject\",\"inLanguage\":\"it-IT\",\"@id\":\"https:\/\/www.ccaniene.com\/en\/sezione-sci-programma-stagione-invernale-20102011\/#primaryimage\",\"url\":\"http:\/\/www.ccaniene.com\/wp-content\/uploads\/loco.jpg\",\"contentUrl\":\"http:\/\/www.ccaniene.com\/wp-content\/uploads\/loco.jpg\"},{\"@type\":\"BreadcrumbList\",\"@id\":\"https:\/\/www.ccaniene.com\/en\/sezione-sci-programma-stagione-invernale-20102011\/#breadcrumb\",\"itemListElement\":[{\"@type\":\"ListItem\",\"position\":1,\"name\":\"Home\",\"item\":\"https:\/\/www.ccaniene.com\/it_it\/\"},{\"@type\":\"ListItem\",\"position\":2,\"name\":\"Sezione Sci: programma stagione invernale 2010\/2011\"}]},{\"@type\":\"WebSite\",\"@id\":\"https:\/\/www.ccaniene.com\/it_it\/#website\",\"url\":\"https:\/\/www.ccaniene.com\/it_it\/\",\"name\":\"Circolo Canottieri Aniene\",\"description\":\"Collare d&#039;Oro e Stella d&#039;Oro al Merito Sportivo\",\"potentialAction\":[{\"@type\":\"SearchAction\",\"target\":{\"@type\":\"EntryPoint\",\"urlTemplate\":\"https:\/\/www.ccaniene.com\/it_it\/?s={search_term_string}\"},\"query-input\":{\"@type\":\"PropertyValueSpecification\",\"valueRequired\":true,\"valueName\":\"search_term_string\"}}],\"inLanguage\":\"it-IT\"},{\"@type\":\"Person\",\"@id\":\"\",\"url\":\"https:\/\/www.ccaniene.com\/it_it\/author\/\"}]}<\/script>\n<!-- \/ Yoast SEO plugin. -->","yoast_head_json":{"title":"Sezione Sci: programma stagione invernale 2010\/2011 - Circolo Canottieri Aniene","robots":{"index":"index","follow":"follow","max-snippet":"max-snippet:-1","max-image-preview":"max-image-preview:large","max-video-preview":"max-video-preview:-1"},"canonical":"https:\/\/www.ccaniene.com\/it_it\/sezione-sci-programma-stagione-invernale-20102011\/","og_locale":"it_IT","og_type":"article","og_title":"Sezione Sci: programma stagione invernale 2010\/2011 - Circolo Canottieri Aniene","og_description":"Quest\u2019anno \u00e8 con immenso piacere e soddisfazione che comunichiamo la nascita del Circolo Canottieri Aniene\u00a0 Sezione Sci. L\u2019iniziativa \u00e8 volta a far stare insieme ancor di pi\u00f9 le nostre famiglie nella condivisione di una attivit\u00e0 sportiva come lo sci.\u00a0Con la partecipazione di alcuni soci volenterosi ma soprattutto appassionati stiamo organizzando il ponte dell\u2019 8 dicembre [&hellip;]","og_url":"https:\/\/www.ccaniene.com\/it_it\/sezione-sci-programma-stagione-invernale-20102011\/","og_site_name":"Circolo Canottieri Aniene","article_published_time":"2010-10-27T13:47:03+00:00","og_image":[{"url":"http:\/\/www.ccaniene.com\/wp-content\/uploads\/loco.jpg"}],"twitter_card":"summary_large_image","twitter_misc":{"Scritto da":"","Tempo di lettura stimato":"1 minuto"},"schema":{"@context":"https:\/\/schema.org","@graph":[{"@type":"WebPage","@id":"https:\/\/www.ccaniene.com\/en\/sezione-sci-programma-stagione-invernale-20102011\/","url":"https:\/\/www.ccaniene.com\/en\/sezione-sci-programma-stagione-invernale-20102011\/","name":"Sezione Sci: programma stagione invernale 2010\/2011 - Circolo Canottieri Aniene","isPartOf":{"@id":"https:\/\/www.ccaniene.com\/it_it\/#website"},"primaryImageOfPage":{"@id":"https:\/\/www.ccaniene.com\/en\/sezione-sci-programma-stagione-invernale-20102011\/#primaryimage"},"image":{"@id":"https:\/\/www.ccaniene.com\/en\/sezione-sci-programma-stagione-invernale-20102011\/#primaryimage"},"thumbnailUrl":"http:\/\/www.ccaniene.com\/wp-content\/uploads\/loco.jpg","datePublished":"2010-10-27T13:47:03+00:00","dateModified":"2010-10-27T13:47:03+00:00","author":{"@id":""},"breadcrumb":{"@id":"https:\/\/www.ccaniene.com\/en\/sezione-sci-programma-stagione-invernale-20102011\/#breadcrumb"},"inLanguage":"it-IT","potentialAction":[{"@type":"ReadAction","target":["https:\/\/www.ccaniene.com\/en\/sezione-sci-programma-stagione-invernale-20102011\/"]}]},{"@type":"ImageObject","inLanguage":"it-IT","@id":"https:\/\/www.ccaniene.com\/en\/sezione-sci-programma-stagione-invernale-20102011\/#primaryimage","url":"http:\/\/www.ccaniene.com\/wp-content\/uploads\/loco.jpg","contentUrl":"http:\/\/www.ccaniene.com\/wp-content\/uploads\/loco.jpg"},{"@type":"BreadcrumbList","@id":"https:\/\/www.ccaniene.com\/en\/sezione-sci-programma-stagione-invernale-20102011\/#breadcrumb","itemListElement":[{"@type":"ListItem","position":1,"name":"Home","item":"https:\/\/www.ccaniene.com\/it_it\/"},{"@type":"ListItem","position":2,"name":"Sezione Sci: programma stagione invernale 2010\/2011"}]},{"@type":"WebSite","@id":"https:\/\/www.ccaniene.com\/it_it\/#website","url":"https:\/\/www.ccaniene.com\/it_it\/","name":"Circolo Canottieri Aniene","description":"Collare d&#039;Oro e Stella d&#039;Oro al Merito Sportivo","potentialAction":[{"@type":"SearchAction","target":{"@type":"EntryPoint","urlTemplate":"https:\/\/www.ccaniene.com\/it_it\/?s={search_term_string}"},"query-input":{"@type":"PropertyValueSpecification","valueRequired":true,"valueName":"search_term_string"}}],"inLanguage":"it-IT"},{"@type":"Person","@id":"","url":"https:\/\/www.ccaniene.com\/it_it\/author\/"}]}},"_links":{"self":[{"href":"https:\/\/www.ccaniene.com\/it_it\/wp-json\/wp\/v2\/posts\/267"}],"collection":[{"href":"https:\/\/www.ccaniene.com\/it_it\/wp-json\/wp\/v2\/posts"}],"about":[{"href":"https:\/\/www.ccaniene.com\/it_it\/wp-json\/wp\/v2\/types\/post"}],"author":[{"embeddable":true,"href":"https:\/\/www.ccaniene.com\/it_it\/wp-json\/wp\/v2\/users\/284"}],"replies":[{"embeddable":true,"href":"https:\/\/www.ccaniene.com\/it_it\/wp-json\/wp\/v2\/comments?post=267"}],"version-history":[{"count":0,"href":"https:\/\/www.ccaniene.com\/it_it\/wp-json\/wp\/v2\/posts\/267\/revisions"}],"wp:attachment":[{"href":"https:\/\/www.ccaniene.com\/it_it\/wp-json\/wp\/v2\/media?parent=267"}],"wp:term":[{"taxonomy":"category","embeddable":true,"href":"https:\/\/www.ccaniene.com\/it_it\/wp-json\/wp\/v2\/categories?post=267"},{"taxonomy":"post_tag","embeddable":true,"href":"https:\/\/www.ccaniene.com\/it_it\/wp-json\/wp\/v2\/tags?post=267"}],"curies":[{"name":"wp","href":"https:\/\/api.w.org\/{rel}","templated":true}]}}