{"id":24490,"date":"2023-01-15T09:51:25","date_gmt":"2023-01-15T08:51:25","guid":{"rendered":"https:\/\/www.ccaniene.com\/?p=24490"},"modified":"2023-01-15T09:51:28","modified_gmt":"2023-01-15T08:51:28","slug":"snowboard-mirko-felicetti-secondo-in-coppa-del-mondo-in-svizzera","status":"publish","type":"post","link":"https:\/\/www.ccaniene.com\/it_it\/snowboard-mirko-felicetti-secondo-in-coppa-del-mondo-in-svizzera\/","title":{"rendered":"Snowboard, Mirko Felicetti secondo in Coppa del Mondo in Svizzera"},"content":{"rendered":"\n<p>Secondo posto per Mirko Felicetti nella gara di snowboard parallelo di Coppa del Mondo PGS a Scuol, in Svizzera. L\u2019atleta del Circolo Canottieri Aniene ha sfiorato il secondo successo in carriera e centrato il nono podio.<\/p>\n\n\n\n<p>Mirko nel momento decisivo della Big Final \u00e8 finito a terra concedendo la passerella al polacco Oscar Kwiatkowski che si \u00e8 aggiudicato la gara. La terza posizione \u00e8 andata al veterano austriaco Andreas Prommegger che nella Small Final ha battuto lo sloveno Tim Mastnak.<\/p>\n\n\n\n<figure class=\"wp-block-image size-full\"><img fetchpriority=\"high\" decoding=\"async\" width=\"1080\" height=\"1080\" src=\"http:\/\/www.ccaniene.com\/wp-content\/uploads\/2023\/01\/7B669D2C-2880-44AB-BEFA-42E9B77C2333.jpeg\" alt=\"\" class=\"wp-image-24493\" srcset=\"https:\/\/www.ccaniene.com\/wp-content\/uploads\/2023\/01\/7B669D2C-2880-44AB-BEFA-42E9B77C2333.jpeg 1080w, https:\/\/www.ccaniene.com\/wp-content\/uploads\/2023\/01\/7B669D2C-2880-44AB-BEFA-42E9B77C2333-300x300.jpeg 300w, https:\/\/www.ccaniene.com\/wp-content\/uploads\/2023\/01\/7B669D2C-2880-44AB-BEFA-42E9B77C2333-100x100.jpeg 100w, https:\/\/www.ccaniene.com\/wp-content\/uploads\/2023\/01\/7B669D2C-2880-44AB-BEFA-42E9B77C2333-600x600.jpeg 600w, https:\/\/www.ccaniene.com\/wp-content\/uploads\/2023\/01\/7B669D2C-2880-44AB-BEFA-42E9B77C2333-800x800.jpeg 800w, https:\/\/www.ccaniene.com\/wp-content\/uploads\/2023\/01\/7B669D2C-2880-44AB-BEFA-42E9B77C2333-400x400.jpeg 400w, https:\/\/www.ccaniene.com\/wp-content\/uploads\/2023\/01\/7B669D2C-2880-44AB-BEFA-42E9B77C2333-768x768.jpeg 768w\" sizes=\"(max-width: 1080px) 100vw, 1080px\" \/><\/figure>\n","protected":false},"excerpt":{"rendered":"<p>Secondo posto per Mirko Felicetti nella gara di snowboard parallelo di Coppa del Mondo PGS a Scuol, in Svizzera. L\u2019atleta del Circolo Canottieri Aniene ha sfiorato il secondo successo in carriera e centrato il nono podio. Mirko nel momento decisivo della Big Final \u00e8 finito a terra concedendo la passerella al polacco Oscar Kwiatkowski che [&hellip;]<\/p>\n","protected":false},"author":23521,"featured_media":24491,"comment_status":"closed","ping_status":"closed","sticky":false,"template":"","format":"standard","meta":{"pmpro_default_level":0,"footnotes":"","_links_to":"","_links_to_target":""},"categories":[13,1],"tags":[],"class_list":["post-24490","post","type-post","status-publish","format-standard","has-post-thumbnail","hentry","category-altri-sport","category-news","pmpro-has-access"],"featured_image_urls":{"woocommerce_thumbnail":"https:\/\/www.ccaniene.com\/wp-content\/uploads\/2023\/01\/83548724-566B-48DA-A5C8-4741E0F107F0-300x300.jpeg","woocommerce_gallery_thumbnail":"https:\/\/www.ccaniene.com\/wp-content\/uploads\/2023\/01\/83548724-566B-48DA-A5C8-4741E0F107F0-100x100.jpeg","woocommerce_single":"https:\/\/www.ccaniene.com\/wp-content\/uploads\/2023\/01\/83548724-566B-48DA-A5C8-4741E0F107F0-600x600.jpeg","medium":"https:\/\/www.ccaniene.com\/wp-content\/uploads\/2023\/01\/83548724-566B-48DA-A5C8-4741E0F107F0-800x800.jpeg","thumbnail":"https:\/\/www.ccaniene.com\/wp-content\/uploads\/2023\/01\/83548724-566B-48DA-A5C8-4741E0F107F0-400x400.jpeg","medium_large":"https:\/\/www.ccaniene.com\/wp-content\/uploads\/2023\/01\/83548724-566B-48DA-A5C8-4741E0F107F0-768x768.jpeg"},"appp_media":null,"yoast_head":"<!-- This site is optimized with the Yoast SEO plugin v23.6 - https:\/\/yoast.com\/wordpress\/plugins\/seo\/ -->\n<title>Snowboard, Mirko Felicetti secondo in Coppa del Mondo in Svizzera - Circolo Canottieri Aniene<\/title>\n<meta name=\"robots\" content=\"index, follow, max-snippet:-1, max-image-preview:large, max-video-preview:-1\" \/>\n<link rel=\"canonical\" href=\"https:\/\/www.ccaniene.com\/it_it\/snowboard-mirko-felicetti-secondo-in-coppa-del-mondo-in-svizzera\/\" \/>\n<meta property=\"og:locale\" content=\"it_IT\" \/>\n<meta property=\"og:type\" content=\"article\" \/>\n<meta property=\"og:title\" content=\"Snowboard, Mirko Felicetti secondo in Coppa del Mondo in Svizzera - Circolo Canottieri Aniene\" \/>\n<meta property=\"og:description\" content=\"Secondo posto per Mirko Felicetti nella gara di snowboard parallelo di Coppa del Mondo PGS a Scuol, in Svizzera. L\u2019atleta del Circolo Canottieri Aniene ha sfiorato il secondo successo in carriera e centrato il nono podio. Mirko nel momento decisivo della Big Final \u00e8 finito a terra concedendo la passerella al polacco Oscar Kwiatkowski che [&hellip;]\" \/>\n<meta property=\"og:url\" content=\"https:\/\/www.ccaniene.com\/it_it\/snowboard-mirko-felicetti-secondo-in-coppa-del-mondo-in-svizzera\/\" \/>\n<meta property=\"og:site_name\" content=\"Circolo Canottieri Aniene\" \/>\n<meta property=\"article:published_time\" content=\"2023-01-15T08:51:25+00:00\" \/>\n<meta property=\"article:modified_time\" content=\"2023-01-15T08:51:28+00:00\" \/>\n<meta property=\"og:image\" content=\"https:\/\/www.ccaniene.com\/wp-content\/uploads\/2023\/01\/83548724-566B-48DA-A5C8-4741E0F107F0.jpeg\" \/>\n\t<meta property=\"og:image:width\" content=\"1080\" \/>\n\t<meta property=\"og:image:height\" content=\"1080\" \/>\n\t<meta property=\"og:image:type\" content=\"image\/jpeg\" \/>\n<meta name=\"author\" content=\"carlo.san@tin.it\" \/>\n<meta name=\"twitter:card\" content=\"summary_large_image\" \/>\n<meta name=\"twitter:label1\" content=\"Scritto da\" \/>\n\t<meta name=\"twitter:data1\" content=\"carlo.san@tin.it\" \/>\n\t<meta name=\"twitter:label2\" content=\"Tempo di lettura stimato\" \/>\n\t<meta name=\"twitter:data2\" content=\"1 minuto\" \/>\n<script type=\"application\/ld+json\" class=\"yoast-schema-graph\">{\"@context\":\"https:\/\/schema.org\",\"@graph\":[{\"@type\":\"WebPage\",\"@id\":\"https:\/\/www.ccaniene.com\/it_it\/snowboard-mirko-felicetti-secondo-in-coppa-del-mondo-in-svizzera\/\",\"url\":\"https:\/\/www.ccaniene.com\/it_it\/snowboard-mirko-felicetti-secondo-in-coppa-del-mondo-in-svizzera\/\",\"name\":\"Snowboard, Mirko Felicetti secondo in Coppa del Mondo in Svizzera - Circolo Canottieri Aniene\",\"isPartOf\":{\"@id\":\"http:\/\/www.ccaniene.com\/it_it\/#website\"},\"primaryImageOfPage\":{\"@id\":\"https:\/\/www.ccaniene.com\/it_it\/snowboard-mirko-felicetti-secondo-in-coppa-del-mondo-in-svizzera\/#primaryimage\"},\"image\":{\"@id\":\"https:\/\/www.ccaniene.com\/it_it\/snowboard-mirko-felicetti-secondo-in-coppa-del-mondo-in-svizzera\/#primaryimage\"},\"thumbnailUrl\":\"https:\/\/www.ccaniene.com\/wp-content\/uploads\/2023\/01\/83548724-566B-48DA-A5C8-4741E0F107F0.jpeg\",\"datePublished\":\"2023-01-15T08:51:25+00:00\",\"dateModified\":\"2023-01-15T08:51:28+00:00\",\"author\":{\"@id\":\"http:\/\/www.ccaniene.com\/it_it\/#\/schema\/person\/6042bd0ba360674279dffd4247d570ed\"},\"breadcrumb\":{\"@id\":\"https:\/\/www.ccaniene.com\/it_it\/snowboard-mirko-felicetti-secondo-in-coppa-del-mondo-in-svizzera\/#breadcrumb\"},\"inLanguage\":\"it-IT\",\"potentialAction\":[{\"@type\":\"ReadAction\",\"target\":[\"https:\/\/www.ccaniene.com\/it_it\/snowboard-mirko-felicetti-secondo-in-coppa-del-mondo-in-svizzera\/\"]}]},{\"@type\":\"ImageObject\",\"inLanguage\":\"it-IT\",\"@id\":\"https:\/\/www.ccaniene.com\/it_it\/snowboard-mirko-felicetti-secondo-in-coppa-del-mondo-in-svizzera\/#primaryimage\",\"url\":\"https:\/\/www.ccaniene.com\/wp-content\/uploads\/2023\/01\/83548724-566B-48DA-A5C8-4741E0F107F0.jpeg\",\"contentUrl\":\"https:\/\/www.ccaniene.com\/wp-content\/uploads\/2023\/01\/83548724-566B-48DA-A5C8-4741E0F107F0.jpeg\",\"width\":1080,\"height\":1080},{\"@type\":\"BreadcrumbList\",\"@id\":\"https:\/\/www.ccaniene.com\/it_it\/snowboard-mirko-felicetti-secondo-in-coppa-del-mondo-in-svizzera\/#breadcrumb\",\"itemListElement\":[{\"@type\":\"ListItem\",\"position\":1,\"name\":\"Home\",\"item\":\"http:\/\/www.ccaniene.com\/it_it\/\"},{\"@type\":\"ListItem\",\"position\":2,\"name\":\"Snowboard, Mirko Felicetti secondo in Coppa del Mondo in Svizzera\"}]},{\"@type\":\"WebSite\",\"@id\":\"http:\/\/www.ccaniene.com\/it_it\/#website\",\"url\":\"http:\/\/www.ccaniene.com\/it_it\/\",\"name\":\"Circolo Canottieri Aniene\",\"description\":\"Collare d&#039;Oro e Stella d&#039;Oro al Merito Sportivo\",\"potentialAction\":[{\"@type\":\"SearchAction\",\"target\":{\"@type\":\"EntryPoint\",\"urlTemplate\":\"http:\/\/www.ccaniene.com\/it_it\/?s={search_term_string}\"},\"query-input\":{\"@type\":\"PropertyValueSpecification\",\"valueRequired\":true,\"valueName\":\"search_term_string\"}}],\"inLanguage\":\"it-IT\"},{\"@type\":\"Person\",\"@id\":\"http:\/\/www.ccaniene.com\/it_it\/#\/schema\/person\/6042bd0ba360674279dffd4247d570ed\",\"name\":\"carlo.san@tin.it\",\"image\":{\"@type\":\"ImageObject\",\"inLanguage\":\"it-IT\",\"@id\":\"http:\/\/www.ccaniene.com\/it_it\/#\/schema\/person\/image\/\",\"url\":\"https:\/\/secure.gravatar.com\/avatar\/f993a459d0ffe4d666e4c917fef20ca9?s=96&d=mm&r=g\",\"contentUrl\":\"https:\/\/secure.gravatar.com\/avatar\/f993a459d0ffe4d666e4c917fef20ca9?s=96&d=mm&r=g\",\"caption\":\"carlo.san@tin.it\"},\"url\":\"https:\/\/www.ccaniene.com\/it_it\/author\/carlo-santi-2\/\"}]}<\/script>\n<!-- \/ Yoast SEO plugin. -->","yoast_head_json":{"title":"Snowboard, Mirko Felicetti secondo in Coppa del Mondo in Svizzera - Circolo Canottieri Aniene","robots":{"index":"index","follow":"follow","max-snippet":"max-snippet:-1","max-image-preview":"max-image-preview:large","max-video-preview":"max-video-preview:-1"},"canonical":"https:\/\/www.ccaniene.com\/it_it\/snowboard-mirko-felicetti-secondo-in-coppa-del-mondo-in-svizzera\/","og_locale":"it_IT","og_type":"article","og_title":"Snowboard, Mirko Felicetti secondo in Coppa del Mondo in Svizzera - Circolo Canottieri Aniene","og_description":"Secondo posto per Mirko Felicetti nella gara di snowboard parallelo di Coppa del Mondo PGS a Scuol, in Svizzera. L\u2019atleta del Circolo Canottieri Aniene ha sfiorato il secondo successo in carriera e centrato il nono podio. Mirko nel momento decisivo della Big Final \u00e8 finito a terra concedendo la passerella al polacco Oscar Kwiatkowski che [&hellip;]","og_url":"https:\/\/www.ccaniene.com\/it_it\/snowboard-mirko-felicetti-secondo-in-coppa-del-mondo-in-svizzera\/","og_site_name":"Circolo Canottieri Aniene","article_published_time":"2023-01-15T08:51:25+00:00","article_modified_time":"2023-01-15T08:51:28+00:00","og_image":[{"width":1080,"height":1080,"url":"https:\/\/www.ccaniene.com\/wp-content\/uploads\/2023\/01\/83548724-566B-48DA-A5C8-4741E0F107F0.jpeg","type":"image\/jpeg"}],"author":"carlo.san@tin.it","twitter_card":"summary_large_image","twitter_misc":{"Scritto da":"carlo.san@tin.it","Tempo di lettura stimato":"1 minuto"},"schema":{"@context":"https:\/\/schema.org","@graph":[{"@type":"WebPage","@id":"https:\/\/www.ccaniene.com\/it_it\/snowboard-mirko-felicetti-secondo-in-coppa-del-mondo-in-svizzera\/","url":"https:\/\/www.ccaniene.com\/it_it\/snowboard-mirko-felicetti-secondo-in-coppa-del-mondo-in-svizzera\/","name":"Snowboard, Mirko Felicetti secondo in Coppa del Mondo in Svizzera - Circolo Canottieri Aniene","isPartOf":{"@id":"http:\/\/www.ccaniene.com\/it_it\/#website"},"primaryImageOfPage":{"@id":"https:\/\/www.ccaniene.com\/it_it\/snowboard-mirko-felicetti-secondo-in-coppa-del-mondo-in-svizzera\/#primaryimage"},"image":{"@id":"https:\/\/www.ccaniene.com\/it_it\/snowboard-mirko-felicetti-secondo-in-coppa-del-mondo-in-svizzera\/#primaryimage"},"thumbnailUrl":"https:\/\/www.ccaniene.com\/wp-content\/uploads\/2023\/01\/83548724-566B-48DA-A5C8-4741E0F107F0.jpeg","datePublished":"2023-01-15T08:51:25+00:00","dateModified":"2023-01-15T08:51:28+00:00","author":{"@id":"http:\/\/www.ccaniene.com\/it_it\/#\/schema\/person\/6042bd0ba360674279dffd4247d570ed"},"breadcrumb":{"@id":"https:\/\/www.ccaniene.com\/it_it\/snowboard-mirko-felicetti-secondo-in-coppa-del-mondo-in-svizzera\/#breadcrumb"},"inLanguage":"it-IT","potentialAction":[{"@type":"ReadAction","target":["https:\/\/www.ccaniene.com\/it_it\/snowboard-mirko-felicetti-secondo-in-coppa-del-mondo-in-svizzera\/"]}]},{"@type":"ImageObject","inLanguage":"it-IT","@id":"https:\/\/www.ccaniene.com\/it_it\/snowboard-mirko-felicetti-secondo-in-coppa-del-mondo-in-svizzera\/#primaryimage","url":"https:\/\/www.ccaniene.com\/wp-content\/uploads\/2023\/01\/83548724-566B-48DA-A5C8-4741E0F107F0.jpeg","contentUrl":"https:\/\/www.ccaniene.com\/wp-content\/uploads\/2023\/01\/83548724-566B-48DA-A5C8-4741E0F107F0.jpeg","width":1080,"height":1080},{"@type":"BreadcrumbList","@id":"https:\/\/www.ccaniene.com\/it_it\/snowboard-mirko-felicetti-secondo-in-coppa-del-mondo-in-svizzera\/#breadcrumb","itemListElement":[{"@type":"ListItem","position":1,"name":"Home","item":"http:\/\/www.ccaniene.com\/it_it\/"},{"@type":"ListItem","position":2,"name":"Snowboard, Mirko Felicetti secondo in Coppa del Mondo in Svizzera"}]},{"@type":"WebSite","@id":"http:\/\/www.ccaniene.com\/it_it\/#website","url":"http:\/\/www.ccaniene.com\/it_it\/","name":"Circolo Canottieri Aniene","description":"Collare d&#039;Oro e Stella d&#039;Oro al Merito Sportivo","potentialAction":[{"@type":"SearchAction","target":{"@type":"EntryPoint","urlTemplate":"http:\/\/www.ccaniene.com\/it_it\/?s={search_term_string}"},"query-input":{"@type":"PropertyValueSpecification","valueRequired":true,"valueName":"search_term_string"}}],"inLanguage":"it-IT"},{"@type":"Person","@id":"http:\/\/www.ccaniene.com\/it_it\/#\/schema\/person\/6042bd0ba360674279dffd4247d570ed","name":"carlo.san@tin.it","image":{"@type":"ImageObject","inLanguage":"it-IT","@id":"http:\/\/www.ccaniene.com\/it_it\/#\/schema\/person\/image\/","url":"https:\/\/secure.gravatar.com\/avatar\/f993a459d0ffe4d666e4c917fef20ca9?s=96&d=mm&r=g","contentUrl":"https:\/\/secure.gravatar.com\/avatar\/f993a459d0ffe4d666e4c917fef20ca9?s=96&d=mm&r=g","caption":"carlo.san@tin.it"},"url":"https:\/\/www.ccaniene.com\/it_it\/author\/carlo-santi-2\/"}]}},"_links":{"self":[{"href":"https:\/\/www.ccaniene.com\/it_it\/wp-json\/wp\/v2\/posts\/24490"}],"collection":[{"href":"https:\/\/www.ccaniene.com\/it_it\/wp-json\/wp\/v2\/posts"}],"about":[{"href":"https:\/\/www.ccaniene.com\/it_it\/wp-json\/wp\/v2\/types\/post"}],"author":[{"embeddable":true,"href":"https:\/\/www.ccaniene.com\/it_it\/wp-json\/wp\/v2\/users\/23521"}],"replies":[{"embeddable":true,"href":"https:\/\/www.ccaniene.com\/it_it\/wp-json\/wp\/v2\/comments?post=24490"}],"version-history":[{"count":1,"href":"https:\/\/www.ccaniene.com\/it_it\/wp-json\/wp\/v2\/posts\/24490\/revisions"}],"predecessor-version":[{"id":24495,"href":"https:\/\/www.ccaniene.com\/it_it\/wp-json\/wp\/v2\/posts\/24490\/revisions\/24495"}],"wp:featuredmedia":[{"embeddable":true,"href":"https:\/\/www.ccaniene.com\/it_it\/wp-json\/wp\/v2\/media\/24491"}],"wp:attachment":[{"href":"https:\/\/www.ccaniene.com\/it_it\/wp-json\/wp\/v2\/media?parent=24490"}],"wp:term":[{"taxonomy":"category","embeddable":true,"href":"https:\/\/www.ccaniene.com\/it_it\/wp-json\/wp\/v2\/categories?post=24490"},{"taxonomy":"post_tag","embeddable":true,"href":"https:\/\/www.ccaniene.com\/it_it\/wp-json\/wp\/v2\/tags?post=24490"}],"curies":[{"name":"wp","href":"https:\/\/api.w.org\/{rel}","templated":true}]}}