{"id":24375,"date":"2022-12-15T12:38:33","date_gmt":"2022-12-15T11:38:33","guid":{"rendered":"https:\/\/www.ccaniene.com\/?p=24375"},"modified":"2022-12-16T11:01:55","modified_gmt":"2022-12-16T10:01:55","slug":"nuoto-martinenghi-dargento-al-mondiale-in-vasca-corta-di-melbourne","status":"publish","type":"post","link":"https:\/\/www.ccaniene.com\/it_it\/nuoto-martinenghi-dargento-al-mondiale-in-vasca-corta-di-melbourne\/","title":{"rendered":"Nuoto, Deplano, Martinenghi e Di Pietro protagonisti al Mondiale in vasca corta di Melbourne"},"content":{"rendered":"\n<p>Nelle prime tre giornate dei 16esimi campionati Mondiali di nuoto in vasca corta in Australia al Melbourne Sport and Aquatic Centre gli atleti del Circolo Canottieri Aniene festeggiano un primato del mondo e uno europeo con le staffette ma anche la medaglia d\u2019argento individuale di Nicol\u00f2 Martinenghi nei 100 rana. Protagonisti delle imprese con le staffette sono stati Leonardo Deplano con la 4x100sl campione del mondo e la coppia Nicol\u00f2 Martinenghi-Silvia Di Pietro nella 4&#215;50 mista mixed seconda alle spalle del quartetto statunitense con il primato continentale. Argento anche con la 4x50sl maschile con ancora Deplano in vasca.<\/p>\n\n\n\n<p>Lo squillo di Nicol\u00f2 Martinenghi, tra i pi\u00f9 attesi in finale, soprattutto dopo il primo tempo delle semifinali ottenuto mercoled\u00ec con 56\u201d01 nei 100 rana, che ha conquistato la medaglia d\u2019argento in 56\u201d07 (26\u201d36 ai 50 metri) davanti allo lo statunitense Nic Fink che tocca in 55\u201d88 anche se il campione dell\u2019Aniene era convinto di poter sbaragliare il campo. \u00abSperavo meglio: dovevo nuotare 55\u201d8 ma oggi non l\u2019avevo. Sono tornato molto forte nella seconda parte di gara ma non \u00e8 bastato per l\u2019oro. Sono arrivato un po\u2019 stanco dopo la giornata piuttosto intensa. Confermo l\u2019argento dello scorso anno ad Abu Dhabi e inizio la nuova stagione nel migliore dei modi\u00bb, ha spiegato Nicol\u00f2.<\/p>\n\n\n\n<p>Eccoci al primato del mondo per la 4x100sl con 3\u201902\u201d75 realizzato nella prima giornata. In vasca, in terza frazione, Leonardo Deplano che ha contribuito ad abbassare il precedente record di 3\u201903\u201d03 che apparteneva agli Stati Uniti dall\u201911 dicembre del 2018. \u00abMi sento molto bene in acqua, anche al mattino le sensazioni erano ottime: mi sentivo agile. \u00c8 stato tutto perfetto\u00bb, ha spiegato Deplano.<\/p>\n\n\n\n<p>Nella seconda giornata un altro primato, questo europeo, con la staffetta 4&#215;50 mista mixed. Insieme e Lorenzo Mora e Costanza Cocconcelli hanno nuotato i due atleti dell\u2019Aniene Nicol\u00f2 Martinenghi, e Silvia Di Pietro che hanno conquistato la medaglia d\u2019argento con 1\u201936\u201d01 che vale il record europeo. L\u2019Italia ha nuotato anche al di sotto del precedente record del mondo di 1\u201936\u201d18 ma gli americani Ryan Murphy, Nik Fink, Kate Douglass e Torri Huske hanno fatto di meglio e vinto il titolo iridato abbassando il primato sull\u20191\u201935\u201d5. Il vecchio record europeo era 1\u201936\u201d18 stabilito dall\u2019Olanda a Kazan 2021 mentre il record italiano precedente era di 1\u201936\u201d39.<\/p>\n\n\n\n<p>\u00abAbbiamo disputato una gara bellissima. Ho nuotato la mia migliore frazione lanciata. Portiamo a casa un altro ottimo risultato &#8211; ha affermato Martinenghi &#8211; Un bell\u2019inizio di Mondiale per me e per tutto il team. Adesso arrivano anche le gare individuali\u00bb. Silvia Di Pietro ha ribadito che le sue condizioni non sono le migliori. \u00abFa molto freddo ed lo soffro tanto &#8211; ha spiegato &#8211; Sono soddisfatta della mia frazione e ovviamente del risultato generale che \u00e8 strepitoso\u00bb.<\/p>\n\n\n\n<p>Secondo posto per la 4x50sl maschile che ha visto in vasca di nuovo Leonardo Deplano. L\u2019Italia ha chiuso in 1\u201923\u201d48. I padroni di casa Isaac Alan Cooper, Mattew Temple, Flynn Zareb Southam e Kyle Chalmers hanno vinto con 1\u201923\u201d44. \u00abPotevo fare un po\u2019 meglio e tirare gi\u00f9 qualche decimo. Sono un po\u2019 in difficolt\u00e0 a trovare la condizione nella velocit\u00e0. Adesso penso alla prova individuale\u00bb, ha commentato Deplano.<\/p>\n\n\n\n<figure class=\"wp-block-gallery has-nested-images columns-default is-cropped wp-block-gallery-1 is-layout-flex wp-block-gallery-is-layout-flex\">\n<figure class=\"wp-block-image size-large\"><img fetchpriority=\"high\" decoding=\"async\" width=\"800\" height=\"450\" data-id=\"24380\" src=\"http:\/\/www.ccaniene.com\/wp-content\/uploads\/2022\/12\/4x50-mista-mixed-melbourne.jpg\" alt=\"\" class=\"wp-image-24380\" srcset=\"https:\/\/www.ccaniene.com\/wp-content\/uploads\/2022\/12\/4x50-mista-mixed-melbourne.jpg 800w, https:\/\/www.ccaniene.com\/wp-content\/uploads\/2022\/12\/4x50-mista-mixed-melbourne-600x338.jpg 600w, https:\/\/www.ccaniene.com\/wp-content\/uploads\/2022\/12\/4x50-mista-mixed-melbourne-768x432.jpg 768w\" sizes=\"(max-width: 800px) 100vw, 800px\" \/><\/figure>\n\n\n\n<figure class=\"wp-block-image size-large\"><img decoding=\"async\" width=\"1024\" height=\"682\" data-id=\"24378\" src=\"http:\/\/www.ccaniene.com\/wp-content\/uploads\/2022\/12\/4x100-melbourne.jpg\" alt=\"\" class=\"wp-image-24378\" srcset=\"https:\/\/www.ccaniene.com\/wp-content\/uploads\/2022\/12\/4x100-melbourne.jpg 1024w, https:\/\/www.ccaniene.com\/wp-content\/uploads\/2022\/12\/4x100-melbourne-600x400.jpg 600w, https:\/\/www.ccaniene.com\/wp-content\/uploads\/2022\/12\/4x100-melbourne-800x533.jpg 800w, https:\/\/www.ccaniene.com\/wp-content\/uploads\/2022\/12\/4x100-melbourne-768x512.jpg 768w\" sizes=\"(max-width: 1024px) 100vw, 1024px\" \/><\/figure>\n<\/figure>\n\n\n\n<p>Non molto fortunata l\u2019esperienza iridata per Silvia Scalia, Matteo Rivolta e Silvia Di Pietro, tutti e tre usciti in semifinale. Per la Scalia 58\u201d02 nei 100 dorso, nei 50 farfalla Rivolta si \u00e8 mosso sul blocco in partenza e nella prova femminile la Di Pietro \u00e8 finita tredicesima in 25\u201d42.<\/p>\n\n\n\n<p>E si \u00e8 fermata in questo turno anche Benedetta Pilato nei 100 rana non andando oltre il quindicesimo posto in 1\u201905\u201d46. \u00abOvviamente non \u00e8 andata bene &#8211; ammette la ragazza pugliese allenata da Vito D\u2019Onghia &#8211; Fino ai 75 metri ero anche in linea con le migliori. Gareggiare in queste condizioni \u00e8 difficilissimo. Prima di entrare in acqua sentivo molto freddo; ho anche un po\u2019 di tosse. Non \u00e8 una giustificazione, ma \u00e8 la prima volta che vivo una situazione del genere\u00bb.<\/p>\n\n\n\n<p>Foto Giorgio Scala\/DMB<\/p>\n","protected":false},"excerpt":{"rendered":"<p>Nelle prime tre giornate dei 16esimi campionati Mondiali di nuoto in vasca corta in Australia al Melbourne Sport and Aquatic Centre gli atleti del Circolo Canottieri Aniene festeggiano un primato del mondo e uno europeo con le staffette ma anche la medaglia d\u2019argento individuale di Nicol\u00f2 Martinenghi nei 100 rana. Protagonisti delle imprese con le [&hellip;]<\/p>\n","protected":false},"author":23521,"featured_media":24388,"comment_status":"closed","ping_status":"closed","sticky":false,"template":"","format":"standard","meta":{"pmpro_default_level":0,"footnotes":"","_links_to":"","_links_to_target":""},"categories":[1,11],"tags":[],"class_list":["post-24375","post","type-post","status-publish","format-standard","has-post-thumbnail","hentry","category-news","category-nuoto","pmpro-has-access"],"featured_image_urls":{"woocommerce_thumbnail":"https:\/\/www.ccaniene.com\/wp-content\/uploads\/2022\/12\/2A5CE999-B078-4930-9AAA-C789C252029B-300x300.jpeg","woocommerce_gallery_thumbnail":"https:\/\/www.ccaniene.com\/wp-content\/uploads\/2022\/12\/2A5CE999-B078-4930-9AAA-C789C252029B-100x100.jpeg","woocommerce_single":"https:\/\/www.ccaniene.com\/wp-content\/uploads\/2022\/12\/2A5CE999-B078-4930-9AAA-C789C252029B-600x338.jpeg","thumbnail":"https:\/\/www.ccaniene.com\/wp-content\/uploads\/2022\/12\/2A5CE999-B078-4930-9AAA-C789C252029B-400x400.jpeg","medium_large":"https:\/\/www.ccaniene.com\/wp-content\/uploads\/2022\/12\/2A5CE999-B078-4930-9AAA-C789C252029B-768x432.jpeg"},"appp_media":null,"yoast_head":"<!-- This site is optimized with the Yoast SEO plugin v23.6 - https:\/\/yoast.com\/wordpress\/plugins\/seo\/ -->\n<title>Nuoto, Deplano, Martinenghi e Di Pietro protagonisti al Mondiale in vasca corta di Melbourne - Circolo Canottieri Aniene<\/title>\n<meta name=\"robots\" content=\"index, follow, max-snippet:-1, max-image-preview:large, max-video-preview:-1\" \/>\n<link rel=\"canonical\" href=\"https:\/\/www.ccaniene.com\/it_it\/nuoto-martinenghi-dargento-al-mondiale-in-vasca-corta-di-melbourne\/\" \/>\n<meta property=\"og:locale\" content=\"it_IT\" \/>\n<meta property=\"og:type\" content=\"article\" \/>\n<meta property=\"og:title\" content=\"Nuoto, Deplano, Martinenghi e Di Pietro protagonisti al Mondiale in vasca corta di Melbourne - Circolo Canottieri Aniene\" \/>\n<meta property=\"og:description\" content=\"Nelle prime tre giornate dei 16esimi campionati Mondiali di nuoto in vasca corta in Australia al Melbourne Sport and Aquatic Centre gli atleti del Circolo Canottieri Aniene festeggiano un primato del mondo e uno europeo con le staffette ma anche la medaglia d\u2019argento individuale di Nicol\u00f2 Martinenghi nei 100 rana. Protagonisti delle imprese con le [&hellip;]\" \/>\n<meta property=\"og:url\" content=\"https:\/\/www.ccaniene.com\/it_it\/nuoto-martinenghi-dargento-al-mondiale-in-vasca-corta-di-melbourne\/\" \/>\n<meta property=\"og:site_name\" content=\"Circolo Canottieri Aniene\" \/>\n<meta property=\"article:published_time\" content=\"2022-12-15T11:38:33+00:00\" \/>\n<meta property=\"article:modified_time\" content=\"2022-12-16T10:01:55+00:00\" \/>\n<meta property=\"og:image\" content=\"https:\/\/www.ccaniene.com\/wp-content\/uploads\/2022\/12\/2A5CE999-B078-4930-9AAA-C789C252029B.jpeg\" \/>\n\t<meta property=\"og:image:width\" content=\"800\" \/>\n\t<meta property=\"og:image:height\" content=\"450\" \/>\n\t<meta property=\"og:image:type\" content=\"image\/jpeg\" \/>\n<meta name=\"author\" content=\"carlo.san@tin.it\" \/>\n<meta name=\"twitter:card\" content=\"summary_large_image\" \/>\n<meta name=\"twitter:label1\" content=\"Scritto da\" \/>\n\t<meta name=\"twitter:data1\" content=\"carlo.san@tin.it\" \/>\n\t<meta name=\"twitter:label2\" content=\"Tempo di lettura stimato\" \/>\n\t<meta name=\"twitter:data2\" content=\"4 minuti\" \/>\n<script type=\"application\/ld+json\" class=\"yoast-schema-graph\">{\"@context\":\"https:\/\/schema.org\",\"@graph\":[{\"@type\":\"WebPage\",\"@id\":\"https:\/\/www.ccaniene.com\/it_it\/nuoto-martinenghi-dargento-al-mondiale-in-vasca-corta-di-melbourne\/\",\"url\":\"https:\/\/www.ccaniene.com\/it_it\/nuoto-martinenghi-dargento-al-mondiale-in-vasca-corta-di-melbourne\/\",\"name\":\"Nuoto, Deplano, Martinenghi e Di Pietro protagonisti al Mondiale in vasca corta di Melbourne - Circolo Canottieri Aniene\",\"isPartOf\":{\"@id\":\"https:\/\/www.ccaniene.com\/it_it\/#website\"},\"primaryImageOfPage\":{\"@id\":\"https:\/\/www.ccaniene.com\/it_it\/nuoto-martinenghi-dargento-al-mondiale-in-vasca-corta-di-melbourne\/#primaryimage\"},\"image\":{\"@id\":\"https:\/\/www.ccaniene.com\/it_it\/nuoto-martinenghi-dargento-al-mondiale-in-vasca-corta-di-melbourne\/#primaryimage\"},\"thumbnailUrl\":\"https:\/\/www.ccaniene.com\/wp-content\/uploads\/2022\/12\/2A5CE999-B078-4930-9AAA-C789C252029B.jpeg\",\"datePublished\":\"2022-12-15T11:38:33+00:00\",\"dateModified\":\"2022-12-16T10:01:55+00:00\",\"author\":{\"@id\":\"https:\/\/www.ccaniene.com\/it_it\/#\/schema\/person\/6042bd0ba360674279dffd4247d570ed\"},\"breadcrumb\":{\"@id\":\"https:\/\/www.ccaniene.com\/it_it\/nuoto-martinenghi-dargento-al-mondiale-in-vasca-corta-di-melbourne\/#breadcrumb\"},\"inLanguage\":\"it-IT\",\"potentialAction\":[{\"@type\":\"ReadAction\",\"target\":[\"https:\/\/www.ccaniene.com\/it_it\/nuoto-martinenghi-dargento-al-mondiale-in-vasca-corta-di-melbourne\/\"]}]},{\"@type\":\"ImageObject\",\"inLanguage\":\"it-IT\",\"@id\":\"https:\/\/www.ccaniene.com\/it_it\/nuoto-martinenghi-dargento-al-mondiale-in-vasca-corta-di-melbourne\/#primaryimage\",\"url\":\"https:\/\/www.ccaniene.com\/wp-content\/uploads\/2022\/12\/2A5CE999-B078-4930-9AAA-C789C252029B.jpeg\",\"contentUrl\":\"https:\/\/www.ccaniene.com\/wp-content\/uploads\/2022\/12\/2A5CE999-B078-4930-9AAA-C789C252029B.jpeg\",\"width\":800,\"height\":450},{\"@type\":\"BreadcrumbList\",\"@id\":\"https:\/\/www.ccaniene.com\/it_it\/nuoto-martinenghi-dargento-al-mondiale-in-vasca-corta-di-melbourne\/#breadcrumb\",\"itemListElement\":[{\"@type\":\"ListItem\",\"position\":1,\"name\":\"Home\",\"item\":\"https:\/\/www.ccaniene.com\/it_it\/\"},{\"@type\":\"ListItem\",\"position\":2,\"name\":\"Nuoto, Deplano, Martinenghi e Di Pietro protagonisti al Mondiale in vasca corta di Melbourne\"}]},{\"@type\":\"WebSite\",\"@id\":\"https:\/\/www.ccaniene.com\/it_it\/#website\",\"url\":\"https:\/\/www.ccaniene.com\/it_it\/\",\"name\":\"Circolo Canottieri Aniene\",\"description\":\"Collare d&#039;Oro e Stella d&#039;Oro al Merito Sportivo\",\"potentialAction\":[{\"@type\":\"SearchAction\",\"target\":{\"@type\":\"EntryPoint\",\"urlTemplate\":\"https:\/\/www.ccaniene.com\/it_it\/?s={search_term_string}\"},\"query-input\":{\"@type\":\"PropertyValueSpecification\",\"valueRequired\":true,\"valueName\":\"search_term_string\"}}],\"inLanguage\":\"it-IT\"},{\"@type\":\"Person\",\"@id\":\"https:\/\/www.ccaniene.com\/it_it\/#\/schema\/person\/6042bd0ba360674279dffd4247d570ed\",\"name\":\"carlo.san@tin.it\",\"image\":{\"@type\":\"ImageObject\",\"inLanguage\":\"it-IT\",\"@id\":\"https:\/\/www.ccaniene.com\/it_it\/#\/schema\/person\/image\/\",\"url\":\"https:\/\/secure.gravatar.com\/avatar\/f993a459d0ffe4d666e4c917fef20ca9?s=96&d=mm&r=g\",\"contentUrl\":\"https:\/\/secure.gravatar.com\/avatar\/f993a459d0ffe4d666e4c917fef20ca9?s=96&d=mm&r=g\",\"caption\":\"carlo.san@tin.it\"},\"url\":\"https:\/\/www.ccaniene.com\/it_it\/author\/carlo-santi-2\/\"}]}<\/script>\n<!-- \/ Yoast SEO plugin. -->","yoast_head_json":{"title":"Nuoto, Deplano, Martinenghi e Di Pietro protagonisti al Mondiale in vasca corta di Melbourne - Circolo Canottieri Aniene","robots":{"index":"index","follow":"follow","max-snippet":"max-snippet:-1","max-image-preview":"max-image-preview:large","max-video-preview":"max-video-preview:-1"},"canonical":"https:\/\/www.ccaniene.com\/it_it\/nuoto-martinenghi-dargento-al-mondiale-in-vasca-corta-di-melbourne\/","og_locale":"it_IT","og_type":"article","og_title":"Nuoto, Deplano, Martinenghi e Di Pietro protagonisti al Mondiale in vasca corta di Melbourne - Circolo Canottieri Aniene","og_description":"Nelle prime tre giornate dei 16esimi campionati Mondiali di nuoto in vasca corta in Australia al Melbourne Sport and Aquatic Centre gli atleti del Circolo Canottieri Aniene festeggiano un primato del mondo e uno europeo con le staffette ma anche la medaglia d\u2019argento individuale di Nicol\u00f2 Martinenghi nei 100 rana. Protagonisti delle imprese con le [&hellip;]","og_url":"https:\/\/www.ccaniene.com\/it_it\/nuoto-martinenghi-dargento-al-mondiale-in-vasca-corta-di-melbourne\/","og_site_name":"Circolo Canottieri Aniene","article_published_time":"2022-12-15T11:38:33+00:00","article_modified_time":"2022-12-16T10:01:55+00:00","og_image":[{"width":800,"height":450,"url":"https:\/\/www.ccaniene.com\/wp-content\/uploads\/2022\/12\/2A5CE999-B078-4930-9AAA-C789C252029B.jpeg","type":"image\/jpeg"}],"author":"carlo.san@tin.it","twitter_card":"summary_large_image","twitter_misc":{"Scritto da":"carlo.san@tin.it","Tempo di lettura stimato":"4 minuti"},"schema":{"@context":"https:\/\/schema.org","@graph":[{"@type":"WebPage","@id":"https:\/\/www.ccaniene.com\/it_it\/nuoto-martinenghi-dargento-al-mondiale-in-vasca-corta-di-melbourne\/","url":"https:\/\/www.ccaniene.com\/it_it\/nuoto-martinenghi-dargento-al-mondiale-in-vasca-corta-di-melbourne\/","name":"Nuoto, Deplano, Martinenghi e Di Pietro protagonisti al Mondiale in vasca corta di Melbourne - Circolo Canottieri Aniene","isPartOf":{"@id":"https:\/\/www.ccaniene.com\/it_it\/#website"},"primaryImageOfPage":{"@id":"https:\/\/www.ccaniene.com\/it_it\/nuoto-martinenghi-dargento-al-mondiale-in-vasca-corta-di-melbourne\/#primaryimage"},"image":{"@id":"https:\/\/www.ccaniene.com\/it_it\/nuoto-martinenghi-dargento-al-mondiale-in-vasca-corta-di-melbourne\/#primaryimage"},"thumbnailUrl":"https:\/\/www.ccaniene.com\/wp-content\/uploads\/2022\/12\/2A5CE999-B078-4930-9AAA-C789C252029B.jpeg","datePublished":"2022-12-15T11:38:33+00:00","dateModified":"2022-12-16T10:01:55+00:00","author":{"@id":"https:\/\/www.ccaniene.com\/it_it\/#\/schema\/person\/6042bd0ba360674279dffd4247d570ed"},"breadcrumb":{"@id":"https:\/\/www.ccaniene.com\/it_it\/nuoto-martinenghi-dargento-al-mondiale-in-vasca-corta-di-melbourne\/#breadcrumb"},"inLanguage":"it-IT","potentialAction":[{"@type":"ReadAction","target":["https:\/\/www.ccaniene.com\/it_it\/nuoto-martinenghi-dargento-al-mondiale-in-vasca-corta-di-melbourne\/"]}]},{"@type":"ImageObject","inLanguage":"it-IT","@id":"https:\/\/www.ccaniene.com\/it_it\/nuoto-martinenghi-dargento-al-mondiale-in-vasca-corta-di-melbourne\/#primaryimage","url":"https:\/\/www.ccaniene.com\/wp-content\/uploads\/2022\/12\/2A5CE999-B078-4930-9AAA-C789C252029B.jpeg","contentUrl":"https:\/\/www.ccaniene.com\/wp-content\/uploads\/2022\/12\/2A5CE999-B078-4930-9AAA-C789C252029B.jpeg","width":800,"height":450},{"@type":"BreadcrumbList","@id":"https:\/\/www.ccaniene.com\/it_it\/nuoto-martinenghi-dargento-al-mondiale-in-vasca-corta-di-melbourne\/#breadcrumb","itemListElement":[{"@type":"ListItem","position":1,"name":"Home","item":"https:\/\/www.ccaniene.com\/it_it\/"},{"@type":"ListItem","position":2,"name":"Nuoto, Deplano, Martinenghi e Di Pietro protagonisti al Mondiale in vasca corta di Melbourne"}]},{"@type":"WebSite","@id":"https:\/\/www.ccaniene.com\/it_it\/#website","url":"https:\/\/www.ccaniene.com\/it_it\/","name":"Circolo Canottieri Aniene","description":"Collare d&#039;Oro e Stella d&#039;Oro al Merito Sportivo","potentialAction":[{"@type":"SearchAction","target":{"@type":"EntryPoint","urlTemplate":"https:\/\/www.ccaniene.com\/it_it\/?s={search_term_string}"},"query-input":{"@type":"PropertyValueSpecification","valueRequired":true,"valueName":"search_term_string"}}],"inLanguage":"it-IT"},{"@type":"Person","@id":"https:\/\/www.ccaniene.com\/it_it\/#\/schema\/person\/6042bd0ba360674279dffd4247d570ed","name":"carlo.san@tin.it","image":{"@type":"ImageObject","inLanguage":"it-IT","@id":"https:\/\/www.ccaniene.com\/it_it\/#\/schema\/person\/image\/","url":"https:\/\/secure.gravatar.com\/avatar\/f993a459d0ffe4d666e4c917fef20ca9?s=96&d=mm&r=g","contentUrl":"https:\/\/secure.gravatar.com\/avatar\/f993a459d0ffe4d666e4c917fef20ca9?s=96&d=mm&r=g","caption":"carlo.san@tin.it"},"url":"https:\/\/www.ccaniene.com\/it_it\/author\/carlo-santi-2\/"}]}},"_links":{"self":[{"href":"https:\/\/www.ccaniene.com\/it_it\/wp-json\/wp\/v2\/posts\/24375"}],"collection":[{"href":"https:\/\/www.ccaniene.com\/it_it\/wp-json\/wp\/v2\/posts"}],"about":[{"href":"https:\/\/www.ccaniene.com\/it_it\/wp-json\/wp\/v2\/types\/post"}],"author":[{"embeddable":true,"href":"https:\/\/www.ccaniene.com\/it_it\/wp-json\/wp\/v2\/users\/23521"}],"replies":[{"embeddable":true,"href":"https:\/\/www.ccaniene.com\/it_it\/wp-json\/wp\/v2\/comments?post=24375"}],"version-history":[{"count":3,"href":"https:\/\/www.ccaniene.com\/it_it\/wp-json\/wp\/v2\/posts\/24375\/revisions"}],"predecessor-version":[{"id":24391,"href":"https:\/\/www.ccaniene.com\/it_it\/wp-json\/wp\/v2\/posts\/24375\/revisions\/24391"}],"wp:featuredmedia":[{"embeddable":true,"href":"https:\/\/www.ccaniene.com\/it_it\/wp-json\/wp\/v2\/media\/24388"}],"wp:attachment":[{"href":"https:\/\/www.ccaniene.com\/it_it\/wp-json\/wp\/v2\/media?parent=24375"}],"wp:term":[{"taxonomy":"category","embeddable":true,"href":"https:\/\/www.ccaniene.com\/it_it\/wp-json\/wp\/v2\/categories?post=24375"},{"taxonomy":"post_tag","embeddable":true,"href":"https:\/\/www.ccaniene.com\/it_it\/wp-json\/wp\/v2\/tags?post=24375"}],"curies":[{"name":"wp","href":"https:\/\/api.w.org\/{rel}","templated":true}]}}