{"id":23329,"date":"2022-06-19T17:11:53","date_gmt":"2022-06-19T15:11:53","guid":{"rendered":"https:\/\/www.ccaniene.com\/?p=23329"},"modified":"2022-06-19T17:15:00","modified_gmt":"2022-06-19T15:15:00","slug":"matteo-berrettini-e-ancora-il-re-del-queens","status":"publish","type":"post","link":"https:\/\/www.ccaniene.com\/it_it\/matteo-berrettini-e-ancora-il-re-del-queens\/","title":{"rendered":"Matteo Berrettini \u00e8 ancora il re del Queen&#8217;s"},"content":{"rendered":"\n<p>Il capolavoro, la vittoria inseguita e realizzata. Matteo Berrettini \u00e8 di nuovo il re del Queen\u2019s: dopo il titolo nell\u2019Atp 250 di Stoccarda centrato al rientro dopo tre mesi di stop, ecco che il giocatore del CC Aniene conferma il titolo di re del Queen\u2019s battendo il serbo Filip Krajinovic, numero 48 al mondo, in due set, 7-5 6-4.<\/p>\n\n\n\n<figure class=\"wp-block-image size-full\"><img fetchpriority=\"high\" decoding=\"async\" width=\"1232\" height=\"1748\" src=\"http:\/\/www.ccaniene.com\/wp-content\/uploads\/2022\/06\/A5AAAAFE-A8C1-41FB-90BB-E59D8C319548.jpeg\" alt=\"\" class=\"wp-image-23333\" srcset=\"https:\/\/www.ccaniene.com\/wp-content\/uploads\/2022\/06\/A5AAAAFE-A8C1-41FB-90BB-E59D8C319548.jpeg 1232w, https:\/\/www.ccaniene.com\/wp-content\/uploads\/2022\/06\/A5AAAAFE-A8C1-41FB-90BB-E59D8C319548-600x851.jpeg 600w, https:\/\/www.ccaniene.com\/wp-content\/uploads\/2022\/06\/A5AAAAFE-A8C1-41FB-90BB-E59D8C319548-564x800.jpeg 564w, https:\/\/www.ccaniene.com\/wp-content\/uploads\/2022\/06\/A5AAAAFE-A8C1-41FB-90BB-E59D8C319548-768x1090.jpeg 768w, https:\/\/www.ccaniene.com\/wp-content\/uploads\/2022\/06\/A5AAAAFE-A8C1-41FB-90BB-E59D8C319548-1083x1536.jpeg 1083w\" sizes=\"(max-width: 1232px) 100vw, 1232px\" \/><\/figure>\n\n\n\n<p>Berrettini \u00e8 stato bravo a superare ogni difficolt\u00e0 per conquistare il quarto titolo sull\u2019erba in carriera, il settimo in totale. Ha lottato tre ore con lo statunitense Kudla per conquistare la semifinale, \u00e8 cresciuto match dopo match cercando, ha trovato sempre pi\u00f9 il ritmo partita e questo diventa importante per presentarsi a Wimbledon con una condizione di prim\u2019ordine.<\/p>\n\n\n\n<p>L\u2019erba, con Matteo, \u00e8 sempre pi\u00f9 azzurra e adesso sognare in grande a Church Road \u00e8 possibile. Lo \u00e8 perch\u00e9 la testa di Berrettini sa fare la differenza ancora pi\u00f9 del braccio insieme alla volont\u00e0 di reagire ai troppi imprevisti che la sorte gli ha messo sulla strada.<\/p>\n\n\n\n<p>Le statistiche ci dicono che, considerando l\u2019Era Open, Matteo vanta il quinto posto assoluto come percentuale di successi sui prati. Davanti ci sono Federer, McEnroe, Djokovic e Laver.<\/p>\n\n\n\n<p>Partenza rapida di Berrettini in finale che risponde profondo e incide col dritto sul servizio di Krajinovic. Sul 2-2 il break ma il rivale ne approfitta con l\u2019immediato controbreak. Si riparte dal 3-3. Krajinovic poi rallenta, commette un paio di errori e Berrettini ottiene il break per il 6-5 e servizio e chiude 7-5.<\/p>\n\n\n\n<p>Il secondo set \u00e8 in equilibrio, Matteo poi sale 3-2 e servizio che tiene senza problemi. Non ci saranno pi\u00f9 break fino al 6-4 finale.<\/p>\n","protected":false},"excerpt":{"rendered":"<p>Il capolavoro, la vittoria inseguita e realizzata. Matteo Berrettini \u00e8 di nuovo il re del Queen\u2019s: dopo il titolo nell\u2019Atp 250 di Stoccarda centrato al rientro dopo tre mesi di stop, ecco che il giocatore del CC Aniene conferma il titolo di re del Queen\u2019s battendo il serbo Filip Krajinovic, numero 48 al mondo, in [&hellip;]<\/p>\n","protected":false},"author":23521,"featured_media":23330,"comment_status":"closed","ping_status":"closed","sticky":false,"template":"","format":"standard","meta":{"pmpro_default_level":0,"footnotes":"","_links_to":"","_links_to_target":""},"categories":[1,10],"tags":[],"class_list":["post-23329","post","type-post","status-publish","format-standard","has-post-thumbnail","hentry","category-news","category-tennis","pmpro-has-access"],"featured_image_urls":{"woocommerce_thumbnail":"https:\/\/www.ccaniene.com\/wp-content\/uploads\/2022\/06\/berrettini1-queens-300x300.jpg","woocommerce_gallery_thumbnail":"https:\/\/www.ccaniene.com\/wp-content\/uploads\/2022\/06\/berrettini1-queens-100x100.jpg","woocommerce_single":"https:\/\/www.ccaniene.com\/wp-content\/uploads\/2022\/06\/berrettini1-queens-600x371.jpg","medium":"https:\/\/www.ccaniene.com\/wp-content\/uploads\/2022\/06\/berrettini1-queens-800x495.jpg","thumbnail":"https:\/\/www.ccaniene.com\/wp-content\/uploads\/2022\/06\/berrettini1-queens-400x400.jpg","medium_large":"https:\/\/www.ccaniene.com\/wp-content\/uploads\/2022\/06\/berrettini1-queens-768x475.jpg"},"appp_media":null,"yoast_head":"<!-- This site is optimized with the Yoast SEO plugin v23.6 - https:\/\/yoast.com\/wordpress\/plugins\/seo\/ -->\n<title>Matteo Berrettini \u00e8 ancora il re del Queen&#039;s - Circolo Canottieri Aniene<\/title>\n<meta name=\"robots\" content=\"index, follow, max-snippet:-1, max-image-preview:large, max-video-preview:-1\" \/>\n<link rel=\"canonical\" href=\"https:\/\/www.ccaniene.com\/it_it\/matteo-berrettini-e-ancora-il-re-del-queens\/\" \/>\n<meta property=\"og:locale\" content=\"it_IT\" \/>\n<meta property=\"og:type\" content=\"article\" \/>\n<meta property=\"og:title\" content=\"Matteo Berrettini \u00e8 ancora il re del Queen&#039;s - Circolo Canottieri Aniene\" \/>\n<meta property=\"og:description\" content=\"Il capolavoro, la vittoria inseguita e realizzata. Matteo Berrettini \u00e8 di nuovo il re del Queen\u2019s: dopo il titolo nell\u2019Atp 250 di Stoccarda centrato al rientro dopo tre mesi di stop, ecco che il giocatore del CC Aniene conferma il titolo di re del Queen\u2019s battendo il serbo Filip Krajinovic, numero 48 al mondo, in [&hellip;]\" \/>\n<meta property=\"og:url\" content=\"https:\/\/www.ccaniene.com\/it_it\/matteo-berrettini-e-ancora-il-re-del-queens\/\" \/>\n<meta property=\"og:site_name\" content=\"Circolo Canottieri Aniene\" \/>\n<meta property=\"article:published_time\" content=\"2022-06-19T15:11:53+00:00\" \/>\n<meta property=\"article:modified_time\" content=\"2022-06-19T15:15:00+00:00\" \/>\n<meta property=\"og:image\" content=\"https:\/\/www.ccaniene.com\/wp-content\/uploads\/2022\/06\/berrettini1-queens.jpg\" \/>\n\t<meta property=\"og:image:width\" content=\"1352\" \/>\n\t<meta property=\"og:image:height\" content=\"837\" \/>\n\t<meta property=\"og:image:type\" content=\"image\/jpeg\" \/>\n<meta name=\"author\" content=\"carlo.san@tin.it\" \/>\n<meta name=\"twitter:card\" content=\"summary_large_image\" \/>\n<meta name=\"twitter:label1\" content=\"Scritto da\" \/>\n\t<meta name=\"twitter:data1\" content=\"carlo.san@tin.it\" \/>\n\t<meta name=\"twitter:label2\" content=\"Tempo di lettura stimato\" \/>\n\t<meta name=\"twitter:data2\" content=\"2 minuti\" \/>\n<script type=\"application\/ld+json\" class=\"yoast-schema-graph\">{\"@context\":\"https:\/\/schema.org\",\"@graph\":[{\"@type\":\"WebPage\",\"@id\":\"https:\/\/www.ccaniene.com\/it_it\/matteo-berrettini-e-ancora-il-re-del-queens\/\",\"url\":\"https:\/\/www.ccaniene.com\/it_it\/matteo-berrettini-e-ancora-il-re-del-queens\/\",\"name\":\"Matteo Berrettini \u00e8 ancora il re del Queen's - Circolo Canottieri Aniene\",\"isPartOf\":{\"@id\":\"http:\/\/www.ccaniene.com\/it_it\/#website\"},\"primaryImageOfPage\":{\"@id\":\"https:\/\/www.ccaniene.com\/it_it\/matteo-berrettini-e-ancora-il-re-del-queens\/#primaryimage\"},\"image\":{\"@id\":\"https:\/\/www.ccaniene.com\/it_it\/matteo-berrettini-e-ancora-il-re-del-queens\/#primaryimage\"},\"thumbnailUrl\":\"https:\/\/www.ccaniene.com\/wp-content\/uploads\/2022\/06\/berrettini1-queens.jpg\",\"datePublished\":\"2022-06-19T15:11:53+00:00\",\"dateModified\":\"2022-06-19T15:15:00+00:00\",\"author\":{\"@id\":\"http:\/\/www.ccaniene.com\/it_it\/#\/schema\/person\/6042bd0ba360674279dffd4247d570ed\"},\"breadcrumb\":{\"@id\":\"https:\/\/www.ccaniene.com\/it_it\/matteo-berrettini-e-ancora-il-re-del-queens\/#breadcrumb\"},\"inLanguage\":\"it-IT\",\"potentialAction\":[{\"@type\":\"ReadAction\",\"target\":[\"https:\/\/www.ccaniene.com\/it_it\/matteo-berrettini-e-ancora-il-re-del-queens\/\"]}]},{\"@type\":\"ImageObject\",\"inLanguage\":\"it-IT\",\"@id\":\"https:\/\/www.ccaniene.com\/it_it\/matteo-berrettini-e-ancora-il-re-del-queens\/#primaryimage\",\"url\":\"https:\/\/www.ccaniene.com\/wp-content\/uploads\/2022\/06\/berrettini1-queens.jpg\",\"contentUrl\":\"https:\/\/www.ccaniene.com\/wp-content\/uploads\/2022\/06\/berrettini1-queens.jpg\",\"width\":1352,\"height\":837},{\"@type\":\"BreadcrumbList\",\"@id\":\"https:\/\/www.ccaniene.com\/it_it\/matteo-berrettini-e-ancora-il-re-del-queens\/#breadcrumb\",\"itemListElement\":[{\"@type\":\"ListItem\",\"position\":1,\"name\":\"Home\",\"item\":\"http:\/\/www.ccaniene.com\/it_it\/\"},{\"@type\":\"ListItem\",\"position\":2,\"name\":\"Matteo Berrettini \u00e8 ancora il re del Queen&#8217;s\"}]},{\"@type\":\"WebSite\",\"@id\":\"http:\/\/www.ccaniene.com\/it_it\/#website\",\"url\":\"http:\/\/www.ccaniene.com\/it_it\/\",\"name\":\"Circolo Canottieri Aniene\",\"description\":\"Collare d&#039;Oro e Stella d&#039;Oro al Merito Sportivo\",\"potentialAction\":[{\"@type\":\"SearchAction\",\"target\":{\"@type\":\"EntryPoint\",\"urlTemplate\":\"http:\/\/www.ccaniene.com\/it_it\/?s={search_term_string}\"},\"query-input\":{\"@type\":\"PropertyValueSpecification\",\"valueRequired\":true,\"valueName\":\"search_term_string\"}}],\"inLanguage\":\"it-IT\"},{\"@type\":\"Person\",\"@id\":\"http:\/\/www.ccaniene.com\/it_it\/#\/schema\/person\/6042bd0ba360674279dffd4247d570ed\",\"name\":\"carlo.san@tin.it\",\"image\":{\"@type\":\"ImageObject\",\"inLanguage\":\"it-IT\",\"@id\":\"http:\/\/www.ccaniene.com\/it_it\/#\/schema\/person\/image\/\",\"url\":\"https:\/\/secure.gravatar.com\/avatar\/f993a459d0ffe4d666e4c917fef20ca9?s=96&d=mm&r=g\",\"contentUrl\":\"https:\/\/secure.gravatar.com\/avatar\/f993a459d0ffe4d666e4c917fef20ca9?s=96&d=mm&r=g\",\"caption\":\"carlo.san@tin.it\"},\"url\":\"https:\/\/www.ccaniene.com\/it_it\/author\/carlo-santi-2\/\"}]}<\/script>\n<!-- \/ Yoast SEO plugin. -->","yoast_head_json":{"title":"Matteo Berrettini \u00e8 ancora il re del Queen's - Circolo Canottieri Aniene","robots":{"index":"index","follow":"follow","max-snippet":"max-snippet:-1","max-image-preview":"max-image-preview:large","max-video-preview":"max-video-preview:-1"},"canonical":"https:\/\/www.ccaniene.com\/it_it\/matteo-berrettini-e-ancora-il-re-del-queens\/","og_locale":"it_IT","og_type":"article","og_title":"Matteo Berrettini \u00e8 ancora il re del Queen's - Circolo Canottieri Aniene","og_description":"Il capolavoro, la vittoria inseguita e realizzata. Matteo Berrettini \u00e8 di nuovo il re del Queen\u2019s: dopo il titolo nell\u2019Atp 250 di Stoccarda centrato al rientro dopo tre mesi di stop, ecco che il giocatore del CC Aniene conferma il titolo di re del Queen\u2019s battendo il serbo Filip Krajinovic, numero 48 al mondo, in [&hellip;]","og_url":"https:\/\/www.ccaniene.com\/it_it\/matteo-berrettini-e-ancora-il-re-del-queens\/","og_site_name":"Circolo Canottieri Aniene","article_published_time":"2022-06-19T15:11:53+00:00","article_modified_time":"2022-06-19T15:15:00+00:00","og_image":[{"width":1352,"height":837,"url":"https:\/\/www.ccaniene.com\/wp-content\/uploads\/2022\/06\/berrettini1-queens.jpg","type":"image\/jpeg"}],"author":"carlo.san@tin.it","twitter_card":"summary_large_image","twitter_misc":{"Scritto da":"carlo.san@tin.it","Tempo di lettura stimato":"2 minuti"},"schema":{"@context":"https:\/\/schema.org","@graph":[{"@type":"WebPage","@id":"https:\/\/www.ccaniene.com\/it_it\/matteo-berrettini-e-ancora-il-re-del-queens\/","url":"https:\/\/www.ccaniene.com\/it_it\/matteo-berrettini-e-ancora-il-re-del-queens\/","name":"Matteo Berrettini \u00e8 ancora il re del Queen's - Circolo Canottieri Aniene","isPartOf":{"@id":"http:\/\/www.ccaniene.com\/it_it\/#website"},"primaryImageOfPage":{"@id":"https:\/\/www.ccaniene.com\/it_it\/matteo-berrettini-e-ancora-il-re-del-queens\/#primaryimage"},"image":{"@id":"https:\/\/www.ccaniene.com\/it_it\/matteo-berrettini-e-ancora-il-re-del-queens\/#primaryimage"},"thumbnailUrl":"https:\/\/www.ccaniene.com\/wp-content\/uploads\/2022\/06\/berrettini1-queens.jpg","datePublished":"2022-06-19T15:11:53+00:00","dateModified":"2022-06-19T15:15:00+00:00","author":{"@id":"http:\/\/www.ccaniene.com\/it_it\/#\/schema\/person\/6042bd0ba360674279dffd4247d570ed"},"breadcrumb":{"@id":"https:\/\/www.ccaniene.com\/it_it\/matteo-berrettini-e-ancora-il-re-del-queens\/#breadcrumb"},"inLanguage":"it-IT","potentialAction":[{"@type":"ReadAction","target":["https:\/\/www.ccaniene.com\/it_it\/matteo-berrettini-e-ancora-il-re-del-queens\/"]}]},{"@type":"ImageObject","inLanguage":"it-IT","@id":"https:\/\/www.ccaniene.com\/it_it\/matteo-berrettini-e-ancora-il-re-del-queens\/#primaryimage","url":"https:\/\/www.ccaniene.com\/wp-content\/uploads\/2022\/06\/berrettini1-queens.jpg","contentUrl":"https:\/\/www.ccaniene.com\/wp-content\/uploads\/2022\/06\/berrettini1-queens.jpg","width":1352,"height":837},{"@type":"BreadcrumbList","@id":"https:\/\/www.ccaniene.com\/it_it\/matteo-berrettini-e-ancora-il-re-del-queens\/#breadcrumb","itemListElement":[{"@type":"ListItem","position":1,"name":"Home","item":"http:\/\/www.ccaniene.com\/it_it\/"},{"@type":"ListItem","position":2,"name":"Matteo Berrettini \u00e8 ancora il re del Queen&#8217;s"}]},{"@type":"WebSite","@id":"http:\/\/www.ccaniene.com\/it_it\/#website","url":"http:\/\/www.ccaniene.com\/it_it\/","name":"Circolo Canottieri Aniene","description":"Collare d&#039;Oro e Stella d&#039;Oro al Merito Sportivo","potentialAction":[{"@type":"SearchAction","target":{"@type":"EntryPoint","urlTemplate":"http:\/\/www.ccaniene.com\/it_it\/?s={search_term_string}"},"query-input":{"@type":"PropertyValueSpecification","valueRequired":true,"valueName":"search_term_string"}}],"inLanguage":"it-IT"},{"@type":"Person","@id":"http:\/\/www.ccaniene.com\/it_it\/#\/schema\/person\/6042bd0ba360674279dffd4247d570ed","name":"carlo.san@tin.it","image":{"@type":"ImageObject","inLanguage":"it-IT","@id":"http:\/\/www.ccaniene.com\/it_it\/#\/schema\/person\/image\/","url":"https:\/\/secure.gravatar.com\/avatar\/f993a459d0ffe4d666e4c917fef20ca9?s=96&d=mm&r=g","contentUrl":"https:\/\/secure.gravatar.com\/avatar\/f993a459d0ffe4d666e4c917fef20ca9?s=96&d=mm&r=g","caption":"carlo.san@tin.it"},"url":"https:\/\/www.ccaniene.com\/it_it\/author\/carlo-santi-2\/"}]}},"_links":{"self":[{"href":"https:\/\/www.ccaniene.com\/it_it\/wp-json\/wp\/v2\/posts\/23329"}],"collection":[{"href":"https:\/\/www.ccaniene.com\/it_it\/wp-json\/wp\/v2\/posts"}],"about":[{"href":"https:\/\/www.ccaniene.com\/it_it\/wp-json\/wp\/v2\/types\/post"}],"author":[{"embeddable":true,"href":"https:\/\/www.ccaniene.com\/it_it\/wp-json\/wp\/v2\/users\/23521"}],"replies":[{"embeddable":true,"href":"https:\/\/www.ccaniene.com\/it_it\/wp-json\/wp\/v2\/comments?post=23329"}],"version-history":[{"count":2,"href":"https:\/\/www.ccaniene.com\/it_it\/wp-json\/wp\/v2\/posts\/23329\/revisions"}],"predecessor-version":[{"id":23335,"href":"https:\/\/www.ccaniene.com\/it_it\/wp-json\/wp\/v2\/posts\/23329\/revisions\/23335"}],"wp:featuredmedia":[{"embeddable":true,"href":"https:\/\/www.ccaniene.com\/it_it\/wp-json\/wp\/v2\/media\/23330"}],"wp:attachment":[{"href":"https:\/\/www.ccaniene.com\/it_it\/wp-json\/wp\/v2\/media?parent=23329"}],"wp:term":[{"taxonomy":"category","embeddable":true,"href":"https:\/\/www.ccaniene.com\/it_it\/wp-json\/wp\/v2\/categories?post=23329"},{"taxonomy":"post_tag","embeddable":true,"href":"https:\/\/www.ccaniene.com\/it_it\/wp-json\/wp\/v2\/tags?post=23329"}],"curies":[{"name":"wp","href":"https:\/\/api.w.org\/{rel}","templated":true}]}}