{"id":22640,"date":"2022-01-14T11:44:33","date_gmt":"2022-01-14T10:44:33","guid":{"rendered":"https:\/\/www.ccaniene.com\/?p=22640"},"modified":"2022-01-14T11:44:36","modified_gmt":"2022-01-14T10:44:36","slug":"padel-in-carrozzina-arriva-eleonora-de-paolis","status":"publish","type":"post","link":"https:\/\/www.ccaniene.com\/it_it\/padel-in-carrozzina-arriva-eleonora-de-paolis\/","title":{"rendered":"Padel in carrozzina, arriva Eleonora De Paolis"},"content":{"rendered":"\n<p>Una giornata davvero emozionante al Circolo Canottieri Aniene. Ieri infatti sui campi da padel, la Fondazione Gaia von Freymann ha donato al Circolo e alla padelista disabile Eleonora De Paolis (gi\u00e0 canoista alle Paralimpiadi di Tokyo) una nuova carrozzina con cui potr\u00e0 allenarsi e competere con la squadra diretta da Roberto Agnini.<\/p>\n\n\n\n<p>\u201c\u00c8 stata davvero una bellissima giornata &#8211; le parole di Edward von Freymann, pap\u00e0 di Gaia &#8211; ogni volta che c\u2019\u00e8 un evento in nome di mia figlia c\u2019\u00e8 sempre questo sole caldo. Questa occasione \u00e8 stata importante anche per far capire che la cosa bella del padel \u00e8 quella di riuscire a far integrare i disabili con i normodotati. Nel padel infatti possono giocare in coppia un normodotato e un disabile, non c\u2019\u00e8 pi\u00f9 questo distacco che c\u2019\u00e8 sempre stato in passato. \u00c8 un problema di societ\u00e0, se la societ\u00e0 ci viene incontro e ha quella sensibilit\u00e0 diventa tutto pi\u00f9 semplice e naturale anche per noi. Niente \u00e8 impossibile per noi in carrozzina\u201d.<\/p>\n","protected":false},"excerpt":{"rendered":"<p>Una giornata davvero emozionante al Circolo Canottieri Aniene. Ieri infatti sui campi da padel, la Fondazione Gaia von Freymann ha donato al Circolo e alla padelista disabile Eleonora De Paolis (gi\u00e0 canoista alle Paralimpiadi di Tokyo) una nuova carrozzina con cui potr\u00e0 allenarsi e competere con la squadra diretta da Roberto Agnini. \u201c\u00c8 stata davvero [&hellip;]<\/p>\n","protected":false},"author":23521,"featured_media":22641,"comment_status":"closed","ping_status":"closed","sticky":false,"template":"","format":"standard","meta":{"pmpro_default_level":0,"footnotes":"","_links_to":"","_links_to_target":""},"categories":[1,46],"tags":[],"class_list":["post-22640","post","type-post","status-publish","format-standard","has-post-thumbnail","hentry","category-news","category-sport-paralimpici","pmpro-has-access"],"featured_image_urls":{"woocommerce_thumbnail":"https:\/\/www.ccaniene.com\/wp-content\/uploads\/2022\/01\/IMG-4167-300x300.jpg","woocommerce_gallery_thumbnail":"https:\/\/www.ccaniene.com\/wp-content\/uploads\/2022\/01\/IMG-4167-100x100.jpg","woocommerce_single":"https:\/\/www.ccaniene.com\/wp-content\/uploads\/2022\/01\/IMG-4167-600x400.jpg","medium":"https:\/\/www.ccaniene.com\/wp-content\/uploads\/2022\/01\/IMG-4167-800x533.jpg","thumbnail":"https:\/\/www.ccaniene.com\/wp-content\/uploads\/2022\/01\/IMG-4167-400x400.jpg","medium_large":"https:\/\/www.ccaniene.com\/wp-content\/uploads\/2022\/01\/IMG-4167-768x512.jpg","1536x1536":"https:\/\/www.ccaniene.com\/wp-content\/uploads\/2022\/01\/IMG-4167-1536x1024.jpg","slider":"https:\/\/www.ccaniene.com\/wp-content\/uploads\/2022\/01\/IMG-4167-1845x1080.jpg"},"appp_media":null,"yoast_head":"<!-- This site is optimized with the Yoast SEO plugin v23.6 - https:\/\/yoast.com\/wordpress\/plugins\/seo\/ -->\n<title>Padel in carrozzina, arriva Eleonora De Paolis - Circolo Canottieri Aniene<\/title>\n<meta name=\"robots\" content=\"index, follow, max-snippet:-1, max-image-preview:large, max-video-preview:-1\" \/>\n<link rel=\"canonical\" href=\"http:\/\/www.ccaniene.com\/it_it\/padel-in-carrozzina-arriva-eleonora-de-paolis\/\" \/>\n<meta property=\"og:locale\" content=\"it_IT\" \/>\n<meta property=\"og:type\" content=\"article\" \/>\n<meta property=\"og:title\" content=\"Padel in carrozzina, arriva Eleonora De Paolis - Circolo Canottieri Aniene\" \/>\n<meta property=\"og:description\" content=\"Una giornata davvero emozionante al Circolo Canottieri Aniene. Ieri infatti sui campi da padel, la Fondazione Gaia von Freymann ha donato al Circolo e alla padelista disabile Eleonora De Paolis (gi\u00e0 canoista alle Paralimpiadi di Tokyo) una nuova carrozzina con cui potr\u00e0 allenarsi e competere con la squadra diretta da Roberto Agnini. \u201c\u00c8 stata davvero [&hellip;]\" \/>\n<meta property=\"og:url\" content=\"http:\/\/www.ccaniene.com\/it_it\/padel-in-carrozzina-arriva-eleonora-de-paolis\/\" \/>\n<meta property=\"og:site_name\" content=\"Circolo Canottieri Aniene\" \/>\n<meta property=\"article:published_time\" content=\"2022-01-14T10:44:33+00:00\" \/>\n<meta property=\"article:modified_time\" content=\"2022-01-14T10:44:36+00:00\" \/>\n<meta property=\"og:image\" content=\"http:\/\/www.ccaniene.com\/wp-content\/uploads\/2022\/01\/IMG-4167.jpg\" \/>\n\t<meta property=\"og:image:width\" content=\"1845\" \/>\n\t<meta property=\"og:image:height\" content=\"1230\" \/>\n\t<meta property=\"og:image:type\" content=\"image\/jpeg\" \/>\n<meta name=\"author\" content=\"carlo.san@tin.it\" \/>\n<meta name=\"twitter:card\" content=\"summary_large_image\" \/>\n<meta name=\"twitter:label1\" content=\"Scritto da\" \/>\n\t<meta name=\"twitter:data1\" content=\"carlo.san@tin.it\" \/>\n\t<meta name=\"twitter:label2\" content=\"Tempo di lettura stimato\" \/>\n\t<meta name=\"twitter:data2\" content=\"1 minuto\" \/>\n<script type=\"application\/ld+json\" class=\"yoast-schema-graph\">{\"@context\":\"https:\/\/schema.org\",\"@graph\":[{\"@type\":\"WebPage\",\"@id\":\"http:\/\/www.ccaniene.com\/en\/padel-in-carrozzina-arriva-eleonora-de-paolis\/\",\"url\":\"http:\/\/www.ccaniene.com\/en\/padel-in-carrozzina-arriva-eleonora-de-paolis\/\",\"name\":\"Padel in carrozzina, arriva Eleonora De Paolis - Circolo Canottieri Aniene\",\"isPartOf\":{\"@id\":\"https:\/\/www.ccaniene.com\/it_it\/#website\"},\"primaryImageOfPage\":{\"@id\":\"http:\/\/www.ccaniene.com\/en\/padel-in-carrozzina-arriva-eleonora-de-paolis\/#primaryimage\"},\"image\":{\"@id\":\"http:\/\/www.ccaniene.com\/en\/padel-in-carrozzina-arriva-eleonora-de-paolis\/#primaryimage\"},\"thumbnailUrl\":\"https:\/\/www.ccaniene.com\/wp-content\/uploads\/2022\/01\/IMG-4167.jpg\",\"datePublished\":\"2022-01-14T10:44:33+00:00\",\"dateModified\":\"2022-01-14T10:44:36+00:00\",\"author\":{\"@id\":\"https:\/\/www.ccaniene.com\/it_it\/#\/schema\/person\/6042bd0ba360674279dffd4247d570ed\"},\"breadcrumb\":{\"@id\":\"http:\/\/www.ccaniene.com\/en\/padel-in-carrozzina-arriva-eleonora-de-paolis\/#breadcrumb\"},\"inLanguage\":\"it-IT\",\"potentialAction\":[{\"@type\":\"ReadAction\",\"target\":[\"http:\/\/www.ccaniene.com\/en\/padel-in-carrozzina-arriva-eleonora-de-paolis\/\"]}]},{\"@type\":\"ImageObject\",\"inLanguage\":\"it-IT\",\"@id\":\"http:\/\/www.ccaniene.com\/en\/padel-in-carrozzina-arriva-eleonora-de-paolis\/#primaryimage\",\"url\":\"https:\/\/www.ccaniene.com\/wp-content\/uploads\/2022\/01\/IMG-4167.jpg\",\"contentUrl\":\"https:\/\/www.ccaniene.com\/wp-content\/uploads\/2022\/01\/IMG-4167.jpg\",\"width\":1845,\"height\":1230},{\"@type\":\"BreadcrumbList\",\"@id\":\"http:\/\/www.ccaniene.com\/en\/padel-in-carrozzina-arriva-eleonora-de-paolis\/#breadcrumb\",\"itemListElement\":[{\"@type\":\"ListItem\",\"position\":1,\"name\":\"Home\",\"item\":\"https:\/\/www.ccaniene.com\/it_it\/\"},{\"@type\":\"ListItem\",\"position\":2,\"name\":\"Padel in carrozzina, arriva Eleonora De Paolis\"}]},{\"@type\":\"WebSite\",\"@id\":\"https:\/\/www.ccaniene.com\/it_it\/#website\",\"url\":\"https:\/\/www.ccaniene.com\/it_it\/\",\"name\":\"Circolo Canottieri Aniene\",\"description\":\"Collare d&#039;Oro e Stella d&#039;Oro al Merito Sportivo\",\"potentialAction\":[{\"@type\":\"SearchAction\",\"target\":{\"@type\":\"EntryPoint\",\"urlTemplate\":\"https:\/\/www.ccaniene.com\/it_it\/?s={search_term_string}\"},\"query-input\":{\"@type\":\"PropertyValueSpecification\",\"valueRequired\":true,\"valueName\":\"search_term_string\"}}],\"inLanguage\":\"it-IT\"},{\"@type\":\"Person\",\"@id\":\"https:\/\/www.ccaniene.com\/it_it\/#\/schema\/person\/6042bd0ba360674279dffd4247d570ed\",\"name\":\"carlo.san@tin.it\",\"image\":{\"@type\":\"ImageObject\",\"inLanguage\":\"it-IT\",\"@id\":\"https:\/\/www.ccaniene.com\/it_it\/#\/schema\/person\/image\/\",\"url\":\"https:\/\/secure.gravatar.com\/avatar\/f993a459d0ffe4d666e4c917fef20ca9?s=96&d=mm&r=g\",\"contentUrl\":\"https:\/\/secure.gravatar.com\/avatar\/f993a459d0ffe4d666e4c917fef20ca9?s=96&d=mm&r=g\",\"caption\":\"carlo.san@tin.it\"},\"url\":\"https:\/\/www.ccaniene.com\/it_it\/author\/carlo-santi-2\/\"}]}<\/script>\n<!-- \/ Yoast SEO plugin. -->","yoast_head_json":{"title":"Padel in carrozzina, arriva Eleonora De Paolis - Circolo Canottieri Aniene","robots":{"index":"index","follow":"follow","max-snippet":"max-snippet:-1","max-image-preview":"max-image-preview:large","max-video-preview":"max-video-preview:-1"},"canonical":"http:\/\/www.ccaniene.com\/it_it\/padel-in-carrozzina-arriva-eleonora-de-paolis\/","og_locale":"it_IT","og_type":"article","og_title":"Padel in carrozzina, arriva Eleonora De Paolis - Circolo Canottieri Aniene","og_description":"Una giornata davvero emozionante al Circolo Canottieri Aniene. Ieri infatti sui campi da padel, la Fondazione Gaia von Freymann ha donato al Circolo e alla padelista disabile Eleonora De Paolis (gi\u00e0 canoista alle Paralimpiadi di Tokyo) una nuova carrozzina con cui potr\u00e0 allenarsi e competere con la squadra diretta da Roberto Agnini. \u201c\u00c8 stata davvero [&hellip;]","og_url":"http:\/\/www.ccaniene.com\/it_it\/padel-in-carrozzina-arriva-eleonora-de-paolis\/","og_site_name":"Circolo Canottieri Aniene","article_published_time":"2022-01-14T10:44:33+00:00","article_modified_time":"2022-01-14T10:44:36+00:00","og_image":[{"width":1845,"height":1230,"url":"http:\/\/www.ccaniene.com\/wp-content\/uploads\/2022\/01\/IMG-4167.jpg","type":"image\/jpeg"}],"author":"carlo.san@tin.it","twitter_card":"summary_large_image","twitter_misc":{"Scritto da":"carlo.san@tin.it","Tempo di lettura stimato":"1 minuto"},"schema":{"@context":"https:\/\/schema.org","@graph":[{"@type":"WebPage","@id":"http:\/\/www.ccaniene.com\/en\/padel-in-carrozzina-arriva-eleonora-de-paolis\/","url":"http:\/\/www.ccaniene.com\/en\/padel-in-carrozzina-arriva-eleonora-de-paolis\/","name":"Padel in carrozzina, arriva Eleonora De Paolis - Circolo Canottieri Aniene","isPartOf":{"@id":"https:\/\/www.ccaniene.com\/it_it\/#website"},"primaryImageOfPage":{"@id":"http:\/\/www.ccaniene.com\/en\/padel-in-carrozzina-arriva-eleonora-de-paolis\/#primaryimage"},"image":{"@id":"http:\/\/www.ccaniene.com\/en\/padel-in-carrozzina-arriva-eleonora-de-paolis\/#primaryimage"},"thumbnailUrl":"https:\/\/www.ccaniene.com\/wp-content\/uploads\/2022\/01\/IMG-4167.jpg","datePublished":"2022-01-14T10:44:33+00:00","dateModified":"2022-01-14T10:44:36+00:00","author":{"@id":"https:\/\/www.ccaniene.com\/it_it\/#\/schema\/person\/6042bd0ba360674279dffd4247d570ed"},"breadcrumb":{"@id":"http:\/\/www.ccaniene.com\/en\/padel-in-carrozzina-arriva-eleonora-de-paolis\/#breadcrumb"},"inLanguage":"it-IT","potentialAction":[{"@type":"ReadAction","target":["http:\/\/www.ccaniene.com\/en\/padel-in-carrozzina-arriva-eleonora-de-paolis\/"]}]},{"@type":"ImageObject","inLanguage":"it-IT","@id":"http:\/\/www.ccaniene.com\/en\/padel-in-carrozzina-arriva-eleonora-de-paolis\/#primaryimage","url":"https:\/\/www.ccaniene.com\/wp-content\/uploads\/2022\/01\/IMG-4167.jpg","contentUrl":"https:\/\/www.ccaniene.com\/wp-content\/uploads\/2022\/01\/IMG-4167.jpg","width":1845,"height":1230},{"@type":"BreadcrumbList","@id":"http:\/\/www.ccaniene.com\/en\/padel-in-carrozzina-arriva-eleonora-de-paolis\/#breadcrumb","itemListElement":[{"@type":"ListItem","position":1,"name":"Home","item":"https:\/\/www.ccaniene.com\/it_it\/"},{"@type":"ListItem","position":2,"name":"Padel in carrozzina, arriva Eleonora De Paolis"}]},{"@type":"WebSite","@id":"https:\/\/www.ccaniene.com\/it_it\/#website","url":"https:\/\/www.ccaniene.com\/it_it\/","name":"Circolo Canottieri Aniene","description":"Collare d&#039;Oro e Stella d&#039;Oro al Merito Sportivo","potentialAction":[{"@type":"SearchAction","target":{"@type":"EntryPoint","urlTemplate":"https:\/\/www.ccaniene.com\/it_it\/?s={search_term_string}"},"query-input":{"@type":"PropertyValueSpecification","valueRequired":true,"valueName":"search_term_string"}}],"inLanguage":"it-IT"},{"@type":"Person","@id":"https:\/\/www.ccaniene.com\/it_it\/#\/schema\/person\/6042bd0ba360674279dffd4247d570ed","name":"carlo.san@tin.it","image":{"@type":"ImageObject","inLanguage":"it-IT","@id":"https:\/\/www.ccaniene.com\/it_it\/#\/schema\/person\/image\/","url":"https:\/\/secure.gravatar.com\/avatar\/f993a459d0ffe4d666e4c917fef20ca9?s=96&d=mm&r=g","contentUrl":"https:\/\/secure.gravatar.com\/avatar\/f993a459d0ffe4d666e4c917fef20ca9?s=96&d=mm&r=g","caption":"carlo.san@tin.it"},"url":"https:\/\/www.ccaniene.com\/it_it\/author\/carlo-santi-2\/"}]}},"_links":{"self":[{"href":"https:\/\/www.ccaniene.com\/it_it\/wp-json\/wp\/v2\/posts\/22640"}],"collection":[{"href":"https:\/\/www.ccaniene.com\/it_it\/wp-json\/wp\/v2\/posts"}],"about":[{"href":"https:\/\/www.ccaniene.com\/it_it\/wp-json\/wp\/v2\/types\/post"}],"author":[{"embeddable":true,"href":"https:\/\/www.ccaniene.com\/it_it\/wp-json\/wp\/v2\/users\/23521"}],"replies":[{"embeddable":true,"href":"https:\/\/www.ccaniene.com\/it_it\/wp-json\/wp\/v2\/comments?post=22640"}],"version-history":[{"count":1,"href":"https:\/\/www.ccaniene.com\/it_it\/wp-json\/wp\/v2\/posts\/22640\/revisions"}],"predecessor-version":[{"id":22643,"href":"https:\/\/www.ccaniene.com\/it_it\/wp-json\/wp\/v2\/posts\/22640\/revisions\/22643"}],"wp:featuredmedia":[{"embeddable":true,"href":"https:\/\/www.ccaniene.com\/it_it\/wp-json\/wp\/v2\/media\/22641"}],"wp:attachment":[{"href":"https:\/\/www.ccaniene.com\/it_it\/wp-json\/wp\/v2\/media?parent=22640"}],"wp:term":[{"taxonomy":"category","embeddable":true,"href":"https:\/\/www.ccaniene.com\/it_it\/wp-json\/wp\/v2\/categories?post=22640"},{"taxonomy":"post_tag","embeddable":true,"href":"https:\/\/www.ccaniene.com\/it_it\/wp-json\/wp\/v2\/tags?post=22640"}],"curies":[{"name":"wp","href":"https:\/\/api.w.org\/{rel}","templated":true}]}}