{"id":22325,"date":"2021-11-14T23:12:27","date_gmt":"2021-11-14T22:12:27","guid":{"rendered":"https:\/\/www.ccaniene.com\/?p=22325"},"modified":"2021-11-14T23:15:48","modified_gmt":"2021-11-14T22:15:48","slug":"matteo-berrettini-si-ritira-dalle-atp-finale-fermato-da-un-infortunio","status":"publish","type":"post","link":"https:\/\/www.ccaniene.com\/it_it\/matteo-berrettini-si-ritira-dalle-atp-finale-fermato-da-un-infortunio\/","title":{"rendered":"Atp Finals amare per Matteo Berrettini: si ritira fermato da un infortunio"},"content":{"rendered":"\n<p>Finisce nel modo peggiore le Atp Finals di Matteo Berrettini a Torino. Finisce come non doveva finire. Nella prima partita il giocatore dell\u2019Aniene opposto al tedesco Zverev \u00e8 stato costretto al ritiro. Dopo aver perso al tie break il primo set 7-6 (9), nel secondo sotto di un gioco, nel secondo sul 40-40 un infortunio muscolare lo ha bloccato. Le lacrime, il dolore dipinto sul viso di Matteo, l\u2019intervento del fisioterapista, qualche minuto per sperare gi\u00e0 sapendo che era tutto finito. Un ritorno in campo che sa di effimero, una battuta e poi la resa. Zverev ha saltato la rete per abbracciarlo e consolarlo mentre il pubblico del PalaAlpitour lo applaudiva.<\/p>\n\n\n\n<p>\u00abNon c\u2019\u00e8 niente da dire sulla partita. Matteo si \u00e8 conquistato la qualificazione, \u00e8 la peggior cosa che possa capitare a un giocatore &#8211; ha detto Zverev &#8211; Il dispiacere \u00e8 grande\u00bb.<\/p>\n\n\n\n<p>Gi\u00e0 in Australia all\u2019inizio dell\u2019anno Berrettini aveva subito lo stesso infortunio e si era dovuto fermare per tornare in campo a Montecarlo. Oggi dopo un\u2019ora e 41 minuti di gioco e dopo un primo set di alta intensit\u00e0 e strepitoso, la resa che mette in dubbio il prossimo match di marted\u00ec.<\/p>\n","protected":false},"excerpt":{"rendered":"<p>Finisce nel modo peggiore le Atp Finals di Matteo Berrettini a Torino. Finisce come non doveva finire. Nella prima partita il giocatore dell\u2019Aniene opposto al tedesco Zverev \u00e8 stato costretto al ritiro. Dopo aver perso al tie break il primo set 7-6 (9), nel secondo sotto di un gioco, nel secondo sul 40-40 un infortunio [&hellip;]<\/p>\n","protected":false},"author":23521,"featured_media":22326,"comment_status":"closed","ping_status":"closed","sticky":false,"template":"","format":"standard","meta":{"pmpro_default_level":0,"footnotes":"","_links_to":"","_links_to_target":""},"categories":[1,10],"tags":[],"class_list":["post-22325","post","type-post","status-publish","format-standard","has-post-thumbnail","hentry","category-news","category-tennis","pmpro-has-access"],"featured_image_urls":{"thumbnail":"https:\/\/www.ccaniene.com\/wp-content\/uploads\/2021\/11\/matteoTorino-400x349.jpg"},"appp_media":null,"yoast_head":"<!-- This site is optimized with the Yoast SEO plugin v23.6 - https:\/\/yoast.com\/wordpress\/plugins\/seo\/ -->\n<title>Atp Finals amare per Matteo Berrettini: si ritira fermato da un infortunio - Circolo Canottieri Aniene<\/title>\n<meta name=\"robots\" content=\"index, follow, max-snippet:-1, max-image-preview:large, max-video-preview:-1\" \/>\n<link rel=\"canonical\" href=\"https:\/\/www.ccaniene.com\/it_it\/matteo-berrettini-si-ritira-dalle-atp-finale-fermato-da-un-infortunio\/\" \/>\n<meta property=\"og:locale\" content=\"it_IT\" \/>\n<meta property=\"og:type\" content=\"article\" \/>\n<meta property=\"og:title\" content=\"Atp Finals amare per Matteo Berrettini: si ritira fermato da un infortunio - Circolo Canottieri Aniene\" \/>\n<meta property=\"og:description\" content=\"Finisce nel modo peggiore le Atp Finals di Matteo Berrettini a Torino. Finisce come non doveva finire. Nella prima partita il giocatore dell\u2019Aniene opposto al tedesco Zverev \u00e8 stato costretto al ritiro. Dopo aver perso al tie break il primo set 7-6 (9), nel secondo sotto di un gioco, nel secondo sul 40-40 un infortunio [&hellip;]\" \/>\n<meta property=\"og:url\" content=\"https:\/\/www.ccaniene.com\/it_it\/matteo-berrettini-si-ritira-dalle-atp-finale-fermato-da-un-infortunio\/\" \/>\n<meta property=\"og:site_name\" content=\"Circolo Canottieri Aniene\" \/>\n<meta property=\"article:published_time\" content=\"2021-11-14T22:12:27+00:00\" \/>\n<meta property=\"article:modified_time\" content=\"2021-11-14T22:15:48+00:00\" \/>\n<meta property=\"og:image\" content=\"https:\/\/www.ccaniene.com\/wp-content\/uploads\/2021\/11\/matteoTorino.jpg\" \/>\n\t<meta property=\"og:image:width\" content=\"620\" \/>\n\t<meta property=\"og:image:height\" content=\"349\" \/>\n\t<meta property=\"og:image:type\" content=\"image\/jpeg\" \/>\n<meta name=\"author\" content=\"carlo.san@tin.it\" \/>\n<meta name=\"twitter:card\" content=\"summary_large_image\" \/>\n<meta name=\"twitter:label1\" content=\"Scritto da\" \/>\n\t<meta name=\"twitter:data1\" content=\"carlo.san@tin.it\" \/>\n\t<meta name=\"twitter:label2\" content=\"Tempo di lettura stimato\" \/>\n\t<meta name=\"twitter:data2\" content=\"1 minuto\" \/>\n<script type=\"application\/ld+json\" class=\"yoast-schema-graph\">{\"@context\":\"https:\/\/schema.org\",\"@graph\":[{\"@type\":\"WebPage\",\"@id\":\"https:\/\/www.ccaniene.com\/it_it\/matteo-berrettini-si-ritira-dalle-atp-finale-fermato-da-un-infortunio\/\",\"url\":\"https:\/\/www.ccaniene.com\/it_it\/matteo-berrettini-si-ritira-dalle-atp-finale-fermato-da-un-infortunio\/\",\"name\":\"Atp Finals amare per Matteo Berrettini: si ritira fermato da un infortunio - Circolo Canottieri Aniene\",\"isPartOf\":{\"@id\":\"https:\/\/www.ccaniene.com\/it_it\/#website\"},\"primaryImageOfPage\":{\"@id\":\"https:\/\/www.ccaniene.com\/it_it\/matteo-berrettini-si-ritira-dalle-atp-finale-fermato-da-un-infortunio\/#primaryimage\"},\"image\":{\"@id\":\"https:\/\/www.ccaniene.com\/it_it\/matteo-berrettini-si-ritira-dalle-atp-finale-fermato-da-un-infortunio\/#primaryimage\"},\"thumbnailUrl\":\"https:\/\/www.ccaniene.com\/wp-content\/uploads\/2021\/11\/matteoTorino.jpg\",\"datePublished\":\"2021-11-14T22:12:27+00:00\",\"dateModified\":\"2021-11-14T22:15:48+00:00\",\"author\":{\"@id\":\"https:\/\/www.ccaniene.com\/it_it\/#\/schema\/person\/6042bd0ba360674279dffd4247d570ed\"},\"breadcrumb\":{\"@id\":\"https:\/\/www.ccaniene.com\/it_it\/matteo-berrettini-si-ritira-dalle-atp-finale-fermato-da-un-infortunio\/#breadcrumb\"},\"inLanguage\":\"it-IT\",\"potentialAction\":[{\"@type\":\"ReadAction\",\"target\":[\"https:\/\/www.ccaniene.com\/it_it\/matteo-berrettini-si-ritira-dalle-atp-finale-fermato-da-un-infortunio\/\"]}]},{\"@type\":\"ImageObject\",\"inLanguage\":\"it-IT\",\"@id\":\"https:\/\/www.ccaniene.com\/it_it\/matteo-berrettini-si-ritira-dalle-atp-finale-fermato-da-un-infortunio\/#primaryimage\",\"url\":\"https:\/\/www.ccaniene.com\/wp-content\/uploads\/2021\/11\/matteoTorino.jpg\",\"contentUrl\":\"https:\/\/www.ccaniene.com\/wp-content\/uploads\/2021\/11\/matteoTorino.jpg\",\"width\":620,\"height\":349},{\"@type\":\"BreadcrumbList\",\"@id\":\"https:\/\/www.ccaniene.com\/it_it\/matteo-berrettini-si-ritira-dalle-atp-finale-fermato-da-un-infortunio\/#breadcrumb\",\"itemListElement\":[{\"@type\":\"ListItem\",\"position\":1,\"name\":\"Home\",\"item\":\"https:\/\/www.ccaniene.com\/it_it\/\"},{\"@type\":\"ListItem\",\"position\":2,\"name\":\"Atp Finals amare per Matteo Berrettini: si ritira fermato da un infortunio\"}]},{\"@type\":\"WebSite\",\"@id\":\"https:\/\/www.ccaniene.com\/it_it\/#website\",\"url\":\"https:\/\/www.ccaniene.com\/it_it\/\",\"name\":\"Circolo Canottieri Aniene\",\"description\":\"Collare d&#039;Oro e Stella d&#039;Oro al Merito Sportivo\",\"potentialAction\":[{\"@type\":\"SearchAction\",\"target\":{\"@type\":\"EntryPoint\",\"urlTemplate\":\"https:\/\/www.ccaniene.com\/it_it\/?s={search_term_string}\"},\"query-input\":{\"@type\":\"PropertyValueSpecification\",\"valueRequired\":true,\"valueName\":\"search_term_string\"}}],\"inLanguage\":\"it-IT\"},{\"@type\":\"Person\",\"@id\":\"https:\/\/www.ccaniene.com\/it_it\/#\/schema\/person\/6042bd0ba360674279dffd4247d570ed\",\"name\":\"carlo.san@tin.it\",\"image\":{\"@type\":\"ImageObject\",\"inLanguage\":\"it-IT\",\"@id\":\"https:\/\/www.ccaniene.com\/it_it\/#\/schema\/person\/image\/\",\"url\":\"https:\/\/secure.gravatar.com\/avatar\/f993a459d0ffe4d666e4c917fef20ca9?s=96&d=mm&r=g\",\"contentUrl\":\"https:\/\/secure.gravatar.com\/avatar\/f993a459d0ffe4d666e4c917fef20ca9?s=96&d=mm&r=g\",\"caption\":\"carlo.san@tin.it\"},\"url\":\"https:\/\/www.ccaniene.com\/it_it\/author\/carlo-santi-2\/\"}]}<\/script>\n<!-- \/ Yoast SEO plugin. -->","yoast_head_json":{"title":"Atp Finals amare per Matteo Berrettini: si ritira fermato da un infortunio - Circolo Canottieri Aniene","robots":{"index":"index","follow":"follow","max-snippet":"max-snippet:-1","max-image-preview":"max-image-preview:large","max-video-preview":"max-video-preview:-1"},"canonical":"https:\/\/www.ccaniene.com\/it_it\/matteo-berrettini-si-ritira-dalle-atp-finale-fermato-da-un-infortunio\/","og_locale":"it_IT","og_type":"article","og_title":"Atp Finals amare per Matteo Berrettini: si ritira fermato da un infortunio - Circolo Canottieri Aniene","og_description":"Finisce nel modo peggiore le Atp Finals di Matteo Berrettini a Torino. Finisce come non doveva finire. Nella prima partita il giocatore dell\u2019Aniene opposto al tedesco Zverev \u00e8 stato costretto al ritiro. Dopo aver perso al tie break il primo set 7-6 (9), nel secondo sotto di un gioco, nel secondo sul 40-40 un infortunio [&hellip;]","og_url":"https:\/\/www.ccaniene.com\/it_it\/matteo-berrettini-si-ritira-dalle-atp-finale-fermato-da-un-infortunio\/","og_site_name":"Circolo Canottieri Aniene","article_published_time":"2021-11-14T22:12:27+00:00","article_modified_time":"2021-11-14T22:15:48+00:00","og_image":[{"width":620,"height":349,"url":"https:\/\/www.ccaniene.com\/wp-content\/uploads\/2021\/11\/matteoTorino.jpg","type":"image\/jpeg"}],"author":"carlo.san@tin.it","twitter_card":"summary_large_image","twitter_misc":{"Scritto da":"carlo.san@tin.it","Tempo di lettura stimato":"1 minuto"},"schema":{"@context":"https:\/\/schema.org","@graph":[{"@type":"WebPage","@id":"https:\/\/www.ccaniene.com\/it_it\/matteo-berrettini-si-ritira-dalle-atp-finale-fermato-da-un-infortunio\/","url":"https:\/\/www.ccaniene.com\/it_it\/matteo-berrettini-si-ritira-dalle-atp-finale-fermato-da-un-infortunio\/","name":"Atp Finals amare per Matteo Berrettini: si ritira fermato da un infortunio - Circolo Canottieri Aniene","isPartOf":{"@id":"https:\/\/www.ccaniene.com\/it_it\/#website"},"primaryImageOfPage":{"@id":"https:\/\/www.ccaniene.com\/it_it\/matteo-berrettini-si-ritira-dalle-atp-finale-fermato-da-un-infortunio\/#primaryimage"},"image":{"@id":"https:\/\/www.ccaniene.com\/it_it\/matteo-berrettini-si-ritira-dalle-atp-finale-fermato-da-un-infortunio\/#primaryimage"},"thumbnailUrl":"https:\/\/www.ccaniene.com\/wp-content\/uploads\/2021\/11\/matteoTorino.jpg","datePublished":"2021-11-14T22:12:27+00:00","dateModified":"2021-11-14T22:15:48+00:00","author":{"@id":"https:\/\/www.ccaniene.com\/it_it\/#\/schema\/person\/6042bd0ba360674279dffd4247d570ed"},"breadcrumb":{"@id":"https:\/\/www.ccaniene.com\/it_it\/matteo-berrettini-si-ritira-dalle-atp-finale-fermato-da-un-infortunio\/#breadcrumb"},"inLanguage":"it-IT","potentialAction":[{"@type":"ReadAction","target":["https:\/\/www.ccaniene.com\/it_it\/matteo-berrettini-si-ritira-dalle-atp-finale-fermato-da-un-infortunio\/"]}]},{"@type":"ImageObject","inLanguage":"it-IT","@id":"https:\/\/www.ccaniene.com\/it_it\/matteo-berrettini-si-ritira-dalle-atp-finale-fermato-da-un-infortunio\/#primaryimage","url":"https:\/\/www.ccaniene.com\/wp-content\/uploads\/2021\/11\/matteoTorino.jpg","contentUrl":"https:\/\/www.ccaniene.com\/wp-content\/uploads\/2021\/11\/matteoTorino.jpg","width":620,"height":349},{"@type":"BreadcrumbList","@id":"https:\/\/www.ccaniene.com\/it_it\/matteo-berrettini-si-ritira-dalle-atp-finale-fermato-da-un-infortunio\/#breadcrumb","itemListElement":[{"@type":"ListItem","position":1,"name":"Home","item":"https:\/\/www.ccaniene.com\/it_it\/"},{"@type":"ListItem","position":2,"name":"Atp Finals amare per Matteo Berrettini: si ritira fermato da un infortunio"}]},{"@type":"WebSite","@id":"https:\/\/www.ccaniene.com\/it_it\/#website","url":"https:\/\/www.ccaniene.com\/it_it\/","name":"Circolo Canottieri Aniene","description":"Collare d&#039;Oro e Stella d&#039;Oro al Merito Sportivo","potentialAction":[{"@type":"SearchAction","target":{"@type":"EntryPoint","urlTemplate":"https:\/\/www.ccaniene.com\/it_it\/?s={search_term_string}"},"query-input":{"@type":"PropertyValueSpecification","valueRequired":true,"valueName":"search_term_string"}}],"inLanguage":"it-IT"},{"@type":"Person","@id":"https:\/\/www.ccaniene.com\/it_it\/#\/schema\/person\/6042bd0ba360674279dffd4247d570ed","name":"carlo.san@tin.it","image":{"@type":"ImageObject","inLanguage":"it-IT","@id":"https:\/\/www.ccaniene.com\/it_it\/#\/schema\/person\/image\/","url":"https:\/\/secure.gravatar.com\/avatar\/f993a459d0ffe4d666e4c917fef20ca9?s=96&d=mm&r=g","contentUrl":"https:\/\/secure.gravatar.com\/avatar\/f993a459d0ffe4d666e4c917fef20ca9?s=96&d=mm&r=g","caption":"carlo.san@tin.it"},"url":"https:\/\/www.ccaniene.com\/it_it\/author\/carlo-santi-2\/"}]}},"_links":{"self":[{"href":"https:\/\/www.ccaniene.com\/it_it\/wp-json\/wp\/v2\/posts\/22325"}],"collection":[{"href":"https:\/\/www.ccaniene.com\/it_it\/wp-json\/wp\/v2\/posts"}],"about":[{"href":"https:\/\/www.ccaniene.com\/it_it\/wp-json\/wp\/v2\/types\/post"}],"author":[{"embeddable":true,"href":"https:\/\/www.ccaniene.com\/it_it\/wp-json\/wp\/v2\/users\/23521"}],"replies":[{"embeddable":true,"href":"https:\/\/www.ccaniene.com\/it_it\/wp-json\/wp\/v2\/comments?post=22325"}],"version-history":[{"count":4,"href":"https:\/\/www.ccaniene.com\/it_it\/wp-json\/wp\/v2\/posts\/22325\/revisions"}],"predecessor-version":[{"id":22332,"href":"https:\/\/www.ccaniene.com\/it_it\/wp-json\/wp\/v2\/posts\/22325\/revisions\/22332"}],"wp:featuredmedia":[{"embeddable":true,"href":"https:\/\/www.ccaniene.com\/it_it\/wp-json\/wp\/v2\/media\/22326"}],"wp:attachment":[{"href":"https:\/\/www.ccaniene.com\/it_it\/wp-json\/wp\/v2\/media?parent=22325"}],"wp:term":[{"taxonomy":"category","embeddable":true,"href":"https:\/\/www.ccaniene.com\/it_it\/wp-json\/wp\/v2\/categories?post=22325"},{"taxonomy":"post_tag","embeddable":true,"href":"https:\/\/www.ccaniene.com\/it_it\/wp-json\/wp\/v2\/tags?post=22325"}],"curies":[{"name":"wp","href":"https:\/\/api.w.org\/{rel}","templated":true}]}}