{"id":22247,"date":"2021-11-06T23:17:18","date_gmt":"2021-11-06T22:17:18","guid":{"rendered":"https:\/\/www.ccaniene.com\/?p=22247"},"modified":"2021-11-06T23:17:22","modified_gmt":"2021-11-06T22:17:22","slug":"europei-in-vasca-corta-matteo-rivolta-farfalla-dargento-medaglia-anche-per-silvia-di-pietro-con-la-staffetta","status":"publish","type":"post","link":"https:\/\/www.ccaniene.com\/it_it\/europei-in-vasca-corta-matteo-rivolta-farfalla-dargento-medaglia-anche-per-silvia-di-pietro-con-la-staffetta\/","title":{"rendered":"Europei in vasca corta\/Matteo Rivolta, farfalla d&#8217;argento. Medaglia anche per Silvia Di Pietro con la staffetta"},"content":{"rendered":"\n<p>Matteo Rivolta si \u00e8 preso l\u2019argento nei 50 farfalla come Silvia Di Pietro che ha contribuito al secondo posto della staffetta 4&#215;50 mixed stile libero nella quinta giornata dei 21esimi campionati Europei di nuoto in vasca corta a Kazan.<\/p>\n\n\n\n<p>L\u2019Italia non aveva mai conquistato una medaglia nei 50 farfalla: a Kazan se ne \u00e8 prese due tutte insieme. Matteo Rivolta, atleta dell\u2019Aniene allenato da Marco Pedoja, ha centrato l\u2019argento col record italiano di 22\u201d14 e alle sua spalle Thomas Ceccon l\u2019bronzo in 22\u201d24. Strafelice Matteso. \u00abNon \u00e8 stata una gara impeccabile: la virata non \u00e8 stata perfetta e all\u2019arrivo sono stato lungo. Pensare che da giovane i 50 proprio non riuscivo a farli, ero fermo. Invece adesso mi ritrovo vice campione europeo e primatista italiano: com\u2019\u00e8 strana la vita. Dedico con tutto il cuore questa medaglia alla mia famiglia, perch\u00e9 sono fortunato ad avere a mio fianco persone che mi sostengono, soprattutto quando ci sono dei cambiamenti &#8211; ha spiegato il ragazzo milanese &#8211; Io quest\u2019anno ho modificato molte cose nella mia vita e i risultati mi stanno ripagando in pieno. Alla mia et\u00e0 mi inorgoglisce molto competere con questi ragazzi e dare battaglia sempre\u00bb.<\/p>\n\n\n\n<figure class=\"wp-block-gallery columns-2 is-cropped wp-block-gallery-1 is-layout-flex wp-block-gallery-is-layout-flex\"><ul class=\"blocks-gallery-grid\"><li class=\"blocks-gallery-item\"><figure><img fetchpriority=\"high\" decoding=\"async\" width=\"900\" height=\"506\" src=\"http:\/\/www.ccaniene.com\/wp-content\/uploads\/2021\/11\/farafalla1.jpg\" alt=\"\" data-id=\"22250\" data-full-url=\"http:\/\/www.ccaniene.com\/wp-content\/uploads\/2021\/11\/farafalla1.jpg\" data-link=\"https:\/\/www.ccaniene.com\/?attachment_id=22250\" class=\"wp-image-22250\" srcset=\"https:\/\/www.ccaniene.com\/wp-content\/uploads\/2021\/11\/farafalla1.jpg 900w, https:\/\/www.ccaniene.com\/wp-content\/uploads\/2021\/11\/farafalla1-800x450.jpg 800w, https:\/\/www.ccaniene.com\/wp-content\/uploads\/2021\/11\/farafalla1-768x432.jpg 768w\" sizes=\"(max-width: 900px) 100vw, 900px\" \/><figcaption class=\"blocks-gallery-item__caption\">A sinistra, Matteo Rivolta<\/figcaption><\/figure><\/li><li class=\"blocks-gallery-item\"><figure><img decoding=\"async\" width=\"900\" height=\"599\" src=\"http:\/\/www.ccaniene.com\/wp-content\/uploads\/2021\/11\/farfalla.jpg\" alt=\"\" data-id=\"22252\" data-full-url=\"http:\/\/www.ccaniene.com\/wp-content\/uploads\/2021\/11\/farfalla.jpg\" data-link=\"https:\/\/www.ccaniene.com\/?attachment_id=22252\" class=\"wp-image-22252\" srcset=\"https:\/\/www.ccaniene.com\/wp-content\/uploads\/2021\/11\/farfalla.jpg 900w, https:\/\/www.ccaniene.com\/wp-content\/uploads\/2021\/11\/farfalla-800x532.jpg 800w, https:\/\/www.ccaniene.com\/wp-content\/uploads\/2021\/11\/farfalla-768x511.jpg 768w\" sizes=\"(max-width: 900px) 100vw, 900px\" \/><\/figure><\/li><\/ul><\/figure>\n\n\n\n<p>D\u2019argento anche la staffetta 4&#215;50 mixed stile libero che ha visto in vasca Alessandro Miressi (21\u201d33), Lorenzo Zazzeri (20\u201d59), Silvia Di Pietro dell\u2019Aniene (23\u201d48) e Costanza Cocconcelli (24\u201d00) che in 1\u201929\u201d40 sono state seconde ex aequo con la Russia. Oro all\u2019Olanda in 1\u201928\u201d93.<\/p>\n\n\n\n<figure class=\"wp-block-gallery columns-2 is-cropped wp-block-gallery-2 is-layout-flex wp-block-gallery-is-layout-flex\"><ul class=\"blocks-gallery-grid\"><li class=\"blocks-gallery-item\"><figure><img decoding=\"async\" width=\"900\" height=\"506\" src=\"http:\/\/www.ccaniene.com\/wp-content\/uploads\/2021\/11\/silvia2kazan.jpg\" alt=\"\" data-id=\"22254\" data-link=\"https:\/\/www.ccaniene.com\/?attachment_id=22254\" class=\"wp-image-22254\" srcset=\"https:\/\/www.ccaniene.com\/wp-content\/uploads\/2021\/11\/silvia2kazan.jpg 900w, https:\/\/www.ccaniene.com\/wp-content\/uploads\/2021\/11\/silvia2kazan-800x450.jpg 800w, https:\/\/www.ccaniene.com\/wp-content\/uploads\/2021\/11\/silvia2kazan-768x432.jpg 768w\" sizes=\"(max-width: 900px) 100vw, 900px\" \/><figcaption class=\"blocks-gallery-item__caption\">Silvia Di Pietro<\/figcaption><\/figure><\/li><li class=\"blocks-gallery-item\"><figure><img loading=\"lazy\" decoding=\"async\" width=\"900\" height=\"506\" src=\"http:\/\/www.ccaniene.com\/wp-content\/uploads\/2021\/11\/staffetta.jpg\" alt=\"\" data-id=\"22256\" data-full-url=\"http:\/\/www.ccaniene.com\/wp-content\/uploads\/2021\/11\/staffetta.jpg\" data-link=\"https:\/\/www.ccaniene.com\/?attachment_id=22256\" class=\"wp-image-22256\" srcset=\"https:\/\/www.ccaniene.com\/wp-content\/uploads\/2021\/11\/staffetta.jpg 900w, https:\/\/www.ccaniene.com\/wp-content\/uploads\/2021\/11\/staffetta-800x450.jpg 800w, https:\/\/www.ccaniene.com\/wp-content\/uploads\/2021\/11\/staffetta-768x432.jpg 768w\" sizes=\"(max-width: 900px) 100vw, 900px\" \/><\/figure><\/li><\/ul><\/figure>\n\n\n\n<p>Quarto posto per Elena Di Liddo che ha chiuso i 100 farfalla in 56\u201d61, gara dominata dalla svedese Sarah Sjoestroem (55\u201d84).\u00abI tempi che servivano per il podio li nuotavo fino a un mese fa &#8211; ha osservato Elena &#8211; Sono molto dispiaciuta, perch\u00e9 ho perso una grande occasione. Evidentemente il lavoro che ho svolto in queste settimane mi ha fatto perdere un po\u2019 di brillantezza\u00bb.<\/p>\n\n\n\n<p>Settimo posto per Margherita Panzera nei 100 dorso. La 26enne primatista italiana (56\u201d57) di Montebelluna, atleta del CC Aniene, ha toccato in 57\u201d53. Oro a Kira Toussaint con 55\u201d76. \u00abSono contenta di aver nuotato il tempo della semifinale &#8211; ha detto Margherita &#8211; Per i 100 in vasca corta mi manca un po\u2019 di velocit\u00e0 rispetto alle altre. Io sono una abituata a nuotare in progressione e le continue virate mi limitano un po\u2019. Va comunque bene; ho ripreso ad allenarmi da poco e di pi\u00f9 non potevo ottenere in questi europei che rappresentano una tappa di passaggio\u00bb.<\/p>\n\n\n\n<figure class=\"wp-block-image size-full\"><img loading=\"lazy\" decoding=\"async\" width=\"900\" height=\"506\" src=\"http:\/\/www.ccaniene.com\/wp-content\/uploads\/2021\/11\/panz.jpg\" alt=\"\" class=\"wp-image-22260\" srcset=\"https:\/\/www.ccaniene.com\/wp-content\/uploads\/2021\/11\/panz.jpg 900w, https:\/\/www.ccaniene.com\/wp-content\/uploads\/2021\/11\/panz-800x450.jpg 800w, https:\/\/www.ccaniene.com\/wp-content\/uploads\/2021\/11\/panz-768x432.jpg 768w\" sizes=\"(max-width: 900px) 100vw, 900px\" \/><\/figure>\n\n\n\n<p>Eccoci alla rana di casa Aniene. In finale, nell\u2019ultima giornata di questi Europei, c\u2019\u00e8 Nicol\u00f2 Martinenghi che ha il miglior tempo che \u00e8 anche il record italiano di 25\u201d37, nonch\u00e9 record dei campionati sottratto a Sakci (25\u201d38) nella seconda semifinale. \u00abSe penso al record del mondo? Dico solo che mi sto divertendo tantissimo e che i 50 rana sono una gara folle, imprevedibile &#8211; ha detto Martinenghi &#8211; Sono gasato e motivato dopo l\u2019oro nei 100 e con la staffetta. Domani prender\u00f2 la finale come una grossa occasione per confrontarmi ancora con grandissimi avversari. Non sono stanco e si vede anche dalla mia nuotata. Le Olimpiadi hanno ampliato le mie certezze ed evidentemente anche le mie forze\u00bb.<\/p>\n\n\n\n<p>Grandi ambizioni anche nella finale femminile dove la campionessa uscente e primatista europea (28\u201d81) Benedetta Pilato partir\u00e0 dalla corsia 5 grazie al secondo tempo delle semifinali in 29\u201d67. Avanti a lei solo la russa Nika Godun in 29\u201d57. Quinta Arianna Castiglioni in 29&#8243;76 a dimostrazione della densit\u00e0 qualitativa del gruppo. \u00abOnestamente niente di che questo tempo, ma \u00e8 il 6 novembre ed \u00e8 normale non essere fluidi &#8211; ha spiegato la pugliese, in lunga argento iridato a Gwangjiu 2018, primatista mondiale (29\u201d&#8217;30) e oro continentale a Budapest\u00a0\u00a0&#8211; Non mi aspettavo molto di pi\u00f9. In finale sar\u00e0 molto difficile, perch\u00e9 mi sembra che stiamo tutte vicine\u00bb.<\/p>\n\n\n\n<figure class=\"wp-block-image size-full\"><img loading=\"lazy\" decoding=\"async\" width=\"900\" height=\"600\" src=\"http:\/\/www.ccaniene.com\/wp-content\/uploads\/2021\/11\/pilatokazan.jpg\" alt=\"\" class=\"wp-image-22262\" srcset=\"https:\/\/www.ccaniene.com\/wp-content\/uploads\/2021\/11\/pilatokazan.jpg 900w, https:\/\/www.ccaniene.com\/wp-content\/uploads\/2021\/11\/pilatokazan-800x533.jpg 800w, https:\/\/www.ccaniene.com\/wp-content\/uploads\/2021\/11\/pilatokazan-768x512.jpg 768w\" sizes=\"(max-width: 900px) 100vw, 900px\" \/><figcaption>Benedetta Pilato<\/figcaption><\/figure>\n\n\n\n<p>Silvia Di Pietro \u00e8 in semifinale nei 50 farfalla con il record italiano e il secondo tempo di 25\u201d03, 15 centesimi in meno del precedente nuotato il 24 aprile scorso a Roma. \u00abInseguo una medaglia individuale con tutta me stessa. Domani ho un\u2019altra possibilit\u00e0 per metterla al collo e voglio dare tutto quello che ho &#8211; le parole della velocista romana dell\u2019Aniene &#8211; Sono comunque felice del mio europeo. Ho gareggiato tanto e sempre piuttosto bene\u00bb. Ha superato il turno anche Elena Di Liddo, ma con una marcia inferiore: la 28enne di Bisceglie \u00e8 settima in 25\u201d51.<\/p>\n\n\n\n<p><em>Foto di Andrea Staccioli e Giorgio Scala \/ DBM &#8211; <\/em><i>Inside<\/i><\/p>\n","protected":false},"excerpt":{"rendered":"<p>Matteo Rivolta si \u00e8 preso l\u2019argento nei 50 farfalla come Silvia Di Pietro che ha contribuito al secondo posto della staffetta 4&#215;50 mixed stile libero nella quinta giornata dei 21esimi campionati Europei di nuoto in vasca corta a Kazan. L\u2019Italia non aveva mai conquistato una medaglia nei 50 farfalla: a Kazan se ne \u00e8 prese [&hellip;]<\/p>\n","protected":false},"author":23521,"featured_media":22248,"comment_status":"closed","ping_status":"closed","sticky":false,"template":"","format":"standard","meta":{"pmpro_default_level":0,"footnotes":"","_links_to":"","_links_to_target":""},"categories":[1,11],"tags":[],"class_list":["post-22247","post","type-post","status-publish","format-standard","has-post-thumbnail","hentry","category-news","category-nuoto","pmpro-has-access"],"featured_image_urls":{"medium":"https:\/\/www.ccaniene.com\/wp-content\/uploads\/2021\/11\/rivolta2-800x533.jpg","thumbnail":"https:\/\/www.ccaniene.com\/wp-content\/uploads\/2021\/11\/rivolta2-400x400.jpg","medium_large":"https:\/\/www.ccaniene.com\/wp-content\/uploads\/2021\/11\/rivolta2-768x512.jpg"},"appp_media":null,"yoast_head":"<!-- This site is optimized with the Yoast SEO plugin v23.6 - https:\/\/yoast.com\/wordpress\/plugins\/seo\/ -->\n<title>Europei in vasca corta\/Matteo Rivolta, farfalla d&#039;argento. Medaglia anche per Silvia Di Pietro con la staffetta - Circolo Canottieri Aniene<\/title>\n<meta name=\"robots\" content=\"index, follow, max-snippet:-1, max-image-preview:large, max-video-preview:-1\" \/>\n<link rel=\"canonical\" href=\"https:\/\/www.ccaniene.com\/it_it\/europei-in-vasca-corta-matteo-rivolta-farfalla-dargento-medaglia-anche-per-silvia-di-pietro-con-la-staffetta\/\" \/>\n<meta property=\"og:locale\" content=\"it_IT\" \/>\n<meta property=\"og:type\" content=\"article\" \/>\n<meta property=\"og:title\" content=\"Europei in vasca corta\/Matteo Rivolta, farfalla d&#039;argento. Medaglia anche per Silvia Di Pietro con la staffetta - Circolo Canottieri Aniene\" \/>\n<meta property=\"og:description\" content=\"Matteo Rivolta si \u00e8 preso l\u2019argento nei 50 farfalla come Silvia Di Pietro che ha contribuito al secondo posto della staffetta 4&#215;50 mixed stile libero nella quinta giornata dei 21esimi campionati Europei di nuoto in vasca corta a Kazan. L\u2019Italia non aveva mai conquistato una medaglia nei 50 farfalla: a Kazan se ne \u00e8 prese [&hellip;]\" \/>\n<meta property=\"og:url\" content=\"https:\/\/www.ccaniene.com\/it_it\/europei-in-vasca-corta-matteo-rivolta-farfalla-dargento-medaglia-anche-per-silvia-di-pietro-con-la-staffetta\/\" \/>\n<meta property=\"og:site_name\" content=\"Circolo Canottieri Aniene\" \/>\n<meta property=\"article:published_time\" content=\"2021-11-06T22:17:18+00:00\" \/>\n<meta property=\"article:modified_time\" content=\"2021-11-06T22:17:22+00:00\" \/>\n<meta property=\"og:image\" content=\"https:\/\/www.ccaniene.com\/wp-content\/uploads\/2021\/11\/rivolta2.jpg\" \/>\n\t<meta property=\"og:image:width\" content=\"900\" \/>\n\t<meta property=\"og:image:height\" content=\"600\" \/>\n\t<meta property=\"og:image:type\" content=\"image\/jpeg\" \/>\n<meta name=\"author\" content=\"carlo.san@tin.it\" \/>\n<meta name=\"twitter:card\" content=\"summary_large_image\" \/>\n<meta name=\"twitter:label1\" content=\"Scritto da\" \/>\n\t<meta name=\"twitter:data1\" content=\"carlo.san@tin.it\" \/>\n\t<meta name=\"twitter:label2\" content=\"Tempo di lettura stimato\" \/>\n\t<meta name=\"twitter:data2\" content=\"5 minuti\" \/>\n<script type=\"application\/ld+json\" class=\"yoast-schema-graph\">{\"@context\":\"https:\/\/schema.org\",\"@graph\":[{\"@type\":\"WebPage\",\"@id\":\"https:\/\/www.ccaniene.com\/it_it\/europei-in-vasca-corta-matteo-rivolta-farfalla-dargento-medaglia-anche-per-silvia-di-pietro-con-la-staffetta\/\",\"url\":\"https:\/\/www.ccaniene.com\/it_it\/europei-in-vasca-corta-matteo-rivolta-farfalla-dargento-medaglia-anche-per-silvia-di-pietro-con-la-staffetta\/\",\"name\":\"Europei in vasca corta\/Matteo Rivolta, farfalla d'argento. Medaglia anche per Silvia Di Pietro con la staffetta - Circolo Canottieri Aniene\",\"isPartOf\":{\"@id\":\"https:\/\/www.ccaniene.com\/it_it\/#website\"},\"primaryImageOfPage\":{\"@id\":\"https:\/\/www.ccaniene.com\/it_it\/europei-in-vasca-corta-matteo-rivolta-farfalla-dargento-medaglia-anche-per-silvia-di-pietro-con-la-staffetta\/#primaryimage\"},\"image\":{\"@id\":\"https:\/\/www.ccaniene.com\/it_it\/europei-in-vasca-corta-matteo-rivolta-farfalla-dargento-medaglia-anche-per-silvia-di-pietro-con-la-staffetta\/#primaryimage\"},\"thumbnailUrl\":\"https:\/\/www.ccaniene.com\/wp-content\/uploads\/2021\/11\/rivolta2.jpg\",\"datePublished\":\"2021-11-06T22:17:18+00:00\",\"dateModified\":\"2021-11-06T22:17:22+00:00\",\"author\":{\"@id\":\"https:\/\/www.ccaniene.com\/it_it\/#\/schema\/person\/6042bd0ba360674279dffd4247d570ed\"},\"breadcrumb\":{\"@id\":\"https:\/\/www.ccaniene.com\/it_it\/europei-in-vasca-corta-matteo-rivolta-farfalla-dargento-medaglia-anche-per-silvia-di-pietro-con-la-staffetta\/#breadcrumb\"},\"inLanguage\":\"it-IT\",\"potentialAction\":[{\"@type\":\"ReadAction\",\"target\":[\"https:\/\/www.ccaniene.com\/it_it\/europei-in-vasca-corta-matteo-rivolta-farfalla-dargento-medaglia-anche-per-silvia-di-pietro-con-la-staffetta\/\"]}]},{\"@type\":\"ImageObject\",\"inLanguage\":\"it-IT\",\"@id\":\"https:\/\/www.ccaniene.com\/it_it\/europei-in-vasca-corta-matteo-rivolta-farfalla-dargento-medaglia-anche-per-silvia-di-pietro-con-la-staffetta\/#primaryimage\",\"url\":\"https:\/\/www.ccaniene.com\/wp-content\/uploads\/2021\/11\/rivolta2.jpg\",\"contentUrl\":\"https:\/\/www.ccaniene.com\/wp-content\/uploads\/2021\/11\/rivolta2.jpg\",\"width\":900,\"height\":600,\"caption\":\"RIVOLTA Matteo ITA Italy 50m Butterfly Men Final Kazan - Russia 06\/11\/2021 Aquatics Palace LEN European Short Course Swimming Championships Photo Andrea Staccioli \/ Deepbluemedia \/ Insidefoto\"},{\"@type\":\"BreadcrumbList\",\"@id\":\"https:\/\/www.ccaniene.com\/it_it\/europei-in-vasca-corta-matteo-rivolta-farfalla-dargento-medaglia-anche-per-silvia-di-pietro-con-la-staffetta\/#breadcrumb\",\"itemListElement\":[{\"@type\":\"ListItem\",\"position\":1,\"name\":\"Home\",\"item\":\"https:\/\/www.ccaniene.com\/it_it\/\"},{\"@type\":\"ListItem\",\"position\":2,\"name\":\"Europei in vasca corta\/Matteo Rivolta, farfalla d&#8217;argento. Medaglia anche per Silvia Di Pietro con la staffetta\"}]},{\"@type\":\"WebSite\",\"@id\":\"https:\/\/www.ccaniene.com\/it_it\/#website\",\"url\":\"https:\/\/www.ccaniene.com\/it_it\/\",\"name\":\"Circolo Canottieri Aniene\",\"description\":\"Collare d&#039;Oro e Stella d&#039;Oro al Merito Sportivo\",\"potentialAction\":[{\"@type\":\"SearchAction\",\"target\":{\"@type\":\"EntryPoint\",\"urlTemplate\":\"https:\/\/www.ccaniene.com\/it_it\/?s={search_term_string}\"},\"query-input\":{\"@type\":\"PropertyValueSpecification\",\"valueRequired\":true,\"valueName\":\"search_term_string\"}}],\"inLanguage\":\"it-IT\"},{\"@type\":\"Person\",\"@id\":\"https:\/\/www.ccaniene.com\/it_it\/#\/schema\/person\/6042bd0ba360674279dffd4247d570ed\",\"name\":\"carlo.san@tin.it\",\"image\":{\"@type\":\"ImageObject\",\"inLanguage\":\"it-IT\",\"@id\":\"https:\/\/www.ccaniene.com\/it_it\/#\/schema\/person\/image\/\",\"url\":\"https:\/\/secure.gravatar.com\/avatar\/f993a459d0ffe4d666e4c917fef20ca9?s=96&d=mm&r=g\",\"contentUrl\":\"https:\/\/secure.gravatar.com\/avatar\/f993a459d0ffe4d666e4c917fef20ca9?s=96&d=mm&r=g\",\"caption\":\"carlo.san@tin.it\"},\"url\":\"https:\/\/www.ccaniene.com\/it_it\/author\/carlo-santi-2\/\"}]}<\/script>\n<!-- \/ Yoast SEO plugin. -->","yoast_head_json":{"title":"Europei in vasca corta\/Matteo Rivolta, farfalla d'argento. Medaglia anche per Silvia Di Pietro con la staffetta - Circolo Canottieri Aniene","robots":{"index":"index","follow":"follow","max-snippet":"max-snippet:-1","max-image-preview":"max-image-preview:large","max-video-preview":"max-video-preview:-1"},"canonical":"https:\/\/www.ccaniene.com\/it_it\/europei-in-vasca-corta-matteo-rivolta-farfalla-dargento-medaglia-anche-per-silvia-di-pietro-con-la-staffetta\/","og_locale":"it_IT","og_type":"article","og_title":"Europei in vasca corta\/Matteo Rivolta, farfalla d'argento. Medaglia anche per Silvia Di Pietro con la staffetta - Circolo Canottieri Aniene","og_description":"Matteo Rivolta si \u00e8 preso l\u2019argento nei 50 farfalla come Silvia Di Pietro che ha contribuito al secondo posto della staffetta 4&#215;50 mixed stile libero nella quinta giornata dei 21esimi campionati Europei di nuoto in vasca corta a Kazan. L\u2019Italia non aveva mai conquistato una medaglia nei 50 farfalla: a Kazan se ne \u00e8 prese [&hellip;]","og_url":"https:\/\/www.ccaniene.com\/it_it\/europei-in-vasca-corta-matteo-rivolta-farfalla-dargento-medaglia-anche-per-silvia-di-pietro-con-la-staffetta\/","og_site_name":"Circolo Canottieri Aniene","article_published_time":"2021-11-06T22:17:18+00:00","article_modified_time":"2021-11-06T22:17:22+00:00","og_image":[{"width":900,"height":600,"url":"https:\/\/www.ccaniene.com\/wp-content\/uploads\/2021\/11\/rivolta2.jpg","type":"image\/jpeg"}],"author":"carlo.san@tin.it","twitter_card":"summary_large_image","twitter_misc":{"Scritto da":"carlo.san@tin.it","Tempo di lettura stimato":"5 minuti"},"schema":{"@context":"https:\/\/schema.org","@graph":[{"@type":"WebPage","@id":"https:\/\/www.ccaniene.com\/it_it\/europei-in-vasca-corta-matteo-rivolta-farfalla-dargento-medaglia-anche-per-silvia-di-pietro-con-la-staffetta\/","url":"https:\/\/www.ccaniene.com\/it_it\/europei-in-vasca-corta-matteo-rivolta-farfalla-dargento-medaglia-anche-per-silvia-di-pietro-con-la-staffetta\/","name":"Europei in vasca corta\/Matteo Rivolta, farfalla d'argento. Medaglia anche per Silvia Di Pietro con la staffetta - Circolo Canottieri Aniene","isPartOf":{"@id":"https:\/\/www.ccaniene.com\/it_it\/#website"},"primaryImageOfPage":{"@id":"https:\/\/www.ccaniene.com\/it_it\/europei-in-vasca-corta-matteo-rivolta-farfalla-dargento-medaglia-anche-per-silvia-di-pietro-con-la-staffetta\/#primaryimage"},"image":{"@id":"https:\/\/www.ccaniene.com\/it_it\/europei-in-vasca-corta-matteo-rivolta-farfalla-dargento-medaglia-anche-per-silvia-di-pietro-con-la-staffetta\/#primaryimage"},"thumbnailUrl":"https:\/\/www.ccaniene.com\/wp-content\/uploads\/2021\/11\/rivolta2.jpg","datePublished":"2021-11-06T22:17:18+00:00","dateModified":"2021-11-06T22:17:22+00:00","author":{"@id":"https:\/\/www.ccaniene.com\/it_it\/#\/schema\/person\/6042bd0ba360674279dffd4247d570ed"},"breadcrumb":{"@id":"https:\/\/www.ccaniene.com\/it_it\/europei-in-vasca-corta-matteo-rivolta-farfalla-dargento-medaglia-anche-per-silvia-di-pietro-con-la-staffetta\/#breadcrumb"},"inLanguage":"it-IT","potentialAction":[{"@type":"ReadAction","target":["https:\/\/www.ccaniene.com\/it_it\/europei-in-vasca-corta-matteo-rivolta-farfalla-dargento-medaglia-anche-per-silvia-di-pietro-con-la-staffetta\/"]}]},{"@type":"ImageObject","inLanguage":"it-IT","@id":"https:\/\/www.ccaniene.com\/it_it\/europei-in-vasca-corta-matteo-rivolta-farfalla-dargento-medaglia-anche-per-silvia-di-pietro-con-la-staffetta\/#primaryimage","url":"https:\/\/www.ccaniene.com\/wp-content\/uploads\/2021\/11\/rivolta2.jpg","contentUrl":"https:\/\/www.ccaniene.com\/wp-content\/uploads\/2021\/11\/rivolta2.jpg","width":900,"height":600,"caption":"RIVOLTA Matteo ITA Italy 50m Butterfly Men Final Kazan - Russia 06\/11\/2021 Aquatics Palace LEN European Short Course Swimming Championships Photo Andrea Staccioli \/ Deepbluemedia \/ Insidefoto"},{"@type":"BreadcrumbList","@id":"https:\/\/www.ccaniene.com\/it_it\/europei-in-vasca-corta-matteo-rivolta-farfalla-dargento-medaglia-anche-per-silvia-di-pietro-con-la-staffetta\/#breadcrumb","itemListElement":[{"@type":"ListItem","position":1,"name":"Home","item":"https:\/\/www.ccaniene.com\/it_it\/"},{"@type":"ListItem","position":2,"name":"Europei in vasca corta\/Matteo Rivolta, farfalla d&#8217;argento. Medaglia anche per Silvia Di Pietro con la staffetta"}]},{"@type":"WebSite","@id":"https:\/\/www.ccaniene.com\/it_it\/#website","url":"https:\/\/www.ccaniene.com\/it_it\/","name":"Circolo Canottieri Aniene","description":"Collare d&#039;Oro e Stella d&#039;Oro al Merito Sportivo","potentialAction":[{"@type":"SearchAction","target":{"@type":"EntryPoint","urlTemplate":"https:\/\/www.ccaniene.com\/it_it\/?s={search_term_string}"},"query-input":{"@type":"PropertyValueSpecification","valueRequired":true,"valueName":"search_term_string"}}],"inLanguage":"it-IT"},{"@type":"Person","@id":"https:\/\/www.ccaniene.com\/it_it\/#\/schema\/person\/6042bd0ba360674279dffd4247d570ed","name":"carlo.san@tin.it","image":{"@type":"ImageObject","inLanguage":"it-IT","@id":"https:\/\/www.ccaniene.com\/it_it\/#\/schema\/person\/image\/","url":"https:\/\/secure.gravatar.com\/avatar\/f993a459d0ffe4d666e4c917fef20ca9?s=96&d=mm&r=g","contentUrl":"https:\/\/secure.gravatar.com\/avatar\/f993a459d0ffe4d666e4c917fef20ca9?s=96&d=mm&r=g","caption":"carlo.san@tin.it"},"url":"https:\/\/www.ccaniene.com\/it_it\/author\/carlo-santi-2\/"}]}},"_links":{"self":[{"href":"https:\/\/www.ccaniene.com\/it_it\/wp-json\/wp\/v2\/posts\/22247"}],"collection":[{"href":"https:\/\/www.ccaniene.com\/it_it\/wp-json\/wp\/v2\/posts"}],"about":[{"href":"https:\/\/www.ccaniene.com\/it_it\/wp-json\/wp\/v2\/types\/post"}],"author":[{"embeddable":true,"href":"https:\/\/www.ccaniene.com\/it_it\/wp-json\/wp\/v2\/users\/23521"}],"replies":[{"embeddable":true,"href":"https:\/\/www.ccaniene.com\/it_it\/wp-json\/wp\/v2\/comments?post=22247"}],"version-history":[{"count":1,"href":"https:\/\/www.ccaniene.com\/it_it\/wp-json\/wp\/v2\/posts\/22247\/revisions"}],"predecessor-version":[{"id":22264,"href":"https:\/\/www.ccaniene.com\/it_it\/wp-json\/wp\/v2\/posts\/22247\/revisions\/22264"}],"wp:featuredmedia":[{"embeddable":true,"href":"https:\/\/www.ccaniene.com\/it_it\/wp-json\/wp\/v2\/media\/22248"}],"wp:attachment":[{"href":"https:\/\/www.ccaniene.com\/it_it\/wp-json\/wp\/v2\/media?parent=22247"}],"wp:term":[{"taxonomy":"category","embeddable":true,"href":"https:\/\/www.ccaniene.com\/it_it\/wp-json\/wp\/v2\/categories?post=22247"},{"taxonomy":"post_tag","embeddable":true,"href":"https:\/\/www.ccaniene.com\/it_it\/wp-json\/wp\/v2\/tags?post=22247"}],"curies":[{"name":"wp","href":"https:\/\/api.w.org\/{rel}","templated":true}]}}