{"id":22226,"date":"2021-11-05T21:17:34","date_gmt":"2021-11-05T20:17:34","guid":{"rendered":"https:\/\/www.ccaniene.com\/?p=22226"},"modified":"2021-11-05T21:18:52","modified_gmt":"2021-11-05T20:18:52","slug":"europei-in-vasca-corta-simona-quadarella-conquista-un-altro-argento","status":"publish","type":"post","link":"https:\/\/www.ccaniene.com\/it_it\/europei-in-vasca-corta-simona-quadarella-conquista-un-altro-argento\/","title":{"rendered":"Europei in vasca corta\/Simona Quadarella conquista un altro argento"},"content":{"rendered":"\n<p>L\u2019argento di Simona Quadarella nei 1500sl illumina la quarta giornata degli Europei in vasca corta a Kazan. Splendida Simona, stella di casa Aniene e del nuoto azzurro, certezza del mezzofondo in acqua. La prima volta dei 1500 femminili porta difatti la firma di Simona Quadarella argento alle spalle della padrona di casa Anastasia Kirpichnikova che in 15\u201918\u201d30 ha stabilito il record dei campionati e sfiorato l\u2019europeo della tedesca Sarah Koehler (15\u201918\u201d01) che varrebbe il mondiale. Dietro Simona, la Caramignoli, bronzo. La 22enne romana regina del mezzofondo iridato e continentale allenata da Minotti, campionessa mondiale e bicampionessa europea in vasca lunga ha nuotato in 15\u201934\u201d16 e ha conquistato, a Kazan il secondo argento come negli 800.<\/p>\n\n\n\n<p>\u00abOnestamente ero pi\u00f9 soddisfatta dopo gli 800 &#8211; ha ammesso Simona &#8211; Speravo di avere pi\u00f9 margine di miglioramento nei 1500; volevo avvicinarmi di pi\u00f9 al personale. Queste, come dice Christian (Minotti, ndr), sono gare d\u2019allenamento e tappe di passaggio. Adesso i 400 e vediamo cosa viene\u00bb.<\/p>\n\n\n\n<figure class=\"wp-block-gallery columns-2 is-cropped wp-block-gallery-1 is-layout-flex wp-block-gallery-is-layout-flex\"><ul class=\"blocks-gallery-grid\"><li class=\"blocks-gallery-item\"><figure><img fetchpriority=\"high\" decoding=\"async\" width=\"900\" height=\"599\" src=\"http:\/\/www.ccaniene.com\/wp-content\/uploads\/2021\/11\/simo.jpg\" alt=\"\" data-id=\"22229\" data-full-url=\"http:\/\/www.ccaniene.com\/wp-content\/uploads\/2021\/11\/simo.jpg\" data-link=\"https:\/\/www.ccaniene.com\/?attachment_id=22229\" class=\"wp-image-22229\" srcset=\"https:\/\/www.ccaniene.com\/wp-content\/uploads\/2021\/11\/simo.jpg 900w, https:\/\/www.ccaniene.com\/wp-content\/uploads\/2021\/11\/simo-800x532.jpg 800w, https:\/\/www.ccaniene.com\/wp-content\/uploads\/2021\/11\/simo-768x511.jpg 768w\" sizes=\"(max-width: 900px) 100vw, 900px\" \/><\/figure><\/li><li class=\"blocks-gallery-item\"><figure><img decoding=\"async\" width=\"900\" height=\"506\" src=\"http:\/\/www.ccaniene.com\/wp-content\/uploads\/2021\/11\/simo1.jpg\" alt=\"\" data-id=\"22231\" data-full-url=\"http:\/\/www.ccaniene.com\/wp-content\/uploads\/2021\/11\/simo1.jpg\" data-link=\"https:\/\/www.ccaniene.com\/?attachment_id=22231\" class=\"wp-image-22231\" srcset=\"https:\/\/www.ccaniene.com\/wp-content\/uploads\/2021\/11\/simo1.jpg 900w, https:\/\/www.ccaniene.com\/wp-content\/uploads\/2021\/11\/simo1-800x450.jpg 800w, https:\/\/www.ccaniene.com\/wp-content\/uploads\/2021\/11\/simo1-768x432.jpg 768w\" sizes=\"(max-width: 900px) 100vw, 900px\" \/><\/figure><\/li><\/ul><\/figure>\n\n\n\n<p>Ha migliorato il primato personale ma non \u00e8 stato sufficiente per salire sul podio dei 100sl. Il podio della gara regina al femminile \u00e8 rimasto ancora tab\u00f9 per il nuoto italiano. A Silvia Di Pietro, atleta del CC Aniene, non \u00e8 bastato neanche il personale di 52\u201d71 per sfiorare il podio lontano otto decimi. La 28enne romana allenata da Mirko Nozzolillo ha chiuso al quinto posto progredendo sia in semifinale (52\u201d75) sia nella quarta finale che ha disputato dopo il bronzo con la 4&#215;50 mista, il quarto posto con la 4x50sl e l\u2019ottavo posto nei 50sl. \u00abSono contenta di essermi ulteriormente migliorata. Non era facile, perch\u00e9 vengo da un tour de force. La finale era tostissima &#8211; ha detto Silvia &#8211; e le altre al momento sono pi\u00f9 forti. Quest\u2019europeo mi sta riportando in una dimensione che mi soddisfa e mi ripaga di tutti gli sforzi fatti in quest\u2019ultimo periodo. Spero di essermi messa alle spalle anche un po\u2019 di sfortuna\u00bb. Oro alla fuoriclasse svedese Sarah Sjoestroem in 51\u201d26.<\/p>\n\n\n\n<p>Nei 100 dorso dominati dal russo Kliment Kolesnikov in 49\u201d13, quinto posto Matteo Rivolta coni l primato personale di 50\u201d07 (precedente 50\u201d29). Per Rivolta, 30enne meneghino allenato da Marco Pedoja, \u00e8 l&#8217;ennesima espressione di un ottimo stato di forma che l&#8217;ha portato a realizzare il record italiano nelle batterie dei 50 farfalla. \u00abMeglio di cos\u00ec non poteva andare, considerando che ho iniziato a nuotare il dorso solo a settembre in occasione della Isl. \u00c8 venuto il personale e un ottimo piazzamento in una gara che non \u00e8 proprio la mia &#8211; ha raccontato Matteo &#8211; Sono in fiducia e mi sento sciolto in acqua\u00bb.<\/p>\n\n\n\n<figure class=\"wp-block-gallery columns-3 is-cropped wp-block-gallery-2 is-layout-flex wp-block-gallery-is-layout-flex\"><ul class=\"blocks-gallery-grid\"><li class=\"blocks-gallery-item\"><figure><img decoding=\"async\" width=\"900\" height=\"506\" src=\"http:\/\/www.ccaniene.com\/wp-content\/uploads\/2021\/11\/scalia.jpg\" alt=\"\" data-id=\"22233\" data-link=\"https:\/\/www.ccaniene.com\/?attachment_id=22233\" class=\"wp-image-22233\" srcset=\"https:\/\/www.ccaniene.com\/wp-content\/uploads\/2021\/11\/scalia.jpg 900w, https:\/\/www.ccaniene.com\/wp-content\/uploads\/2021\/11\/scalia-800x450.jpg 800w, https:\/\/www.ccaniene.com\/wp-content\/uploads\/2021\/11\/scalia-768x432.jpg 768w\" sizes=\"(max-width: 900px) 100vw, 900px\" \/><\/figure><\/li><li class=\"blocks-gallery-item\"><figure><img loading=\"lazy\" decoding=\"async\" width=\"900\" height=\"506\" src=\"http:\/\/www.ccaniene.com\/wp-content\/uploads\/2021\/11\/diliddokazan.jpg\" alt=\"\" data-id=\"22235\" data-link=\"https:\/\/www.ccaniene.com\/?attachment_id=22235\" class=\"wp-image-22235\" srcset=\"https:\/\/www.ccaniene.com\/wp-content\/uploads\/2021\/11\/diliddokazan.jpg 900w, https:\/\/www.ccaniene.com\/wp-content\/uploads\/2021\/11\/diliddokazan-800x450.jpg 800w, https:\/\/www.ccaniene.com\/wp-content\/uploads\/2021\/11\/diliddokazan-768x432.jpg 768w\" sizes=\"(max-width: 900px) 100vw, 900px\" \/><\/figure><\/li><li class=\"blocks-gallery-item\"><figure><img loading=\"lazy\" decoding=\"async\" width=\"900\" height=\"506\" src=\"http:\/\/www.ccaniene.com\/wp-content\/uploads\/2021\/11\/silvia1kazan.jpg\" alt=\"\" data-id=\"22237\" data-full-url=\"http:\/\/www.ccaniene.com\/wp-content\/uploads\/2021\/11\/silvia1kazan.jpg\" data-link=\"https:\/\/www.ccaniene.com\/?attachment_id=22237\" class=\"wp-image-22237\" srcset=\"https:\/\/www.ccaniene.com\/wp-content\/uploads\/2021\/11\/silvia1kazan.jpg 900w, https:\/\/www.ccaniene.com\/wp-content\/uploads\/2021\/11\/silvia1kazan-800x450.jpg 800w, https:\/\/www.ccaniene.com\/wp-content\/uploads\/2021\/11\/silvia1kazan-768x432.jpg 768w\" sizes=\"(max-width: 900px) 100vw, 900px\" \/><\/figure><\/li><\/ul><\/figure>\n\n\n\n<p>Sette centesimi di troppo tra Silvia Scalia e il podio. Nel mezzo l\u2019olandese Maaike De Waard che si \u00e8 presa il bronzo dei 50 dorso lasciando alla 26enne di Lecco un pizzico di rammarico. Silvia, seguita da Matteo Giunta, ha migliorato di quattro centesimi il record italiano che detiene dalla scorsa edizione degli Europei. Anche Elena Di Liddo puntava al record italiano; invece la 28enne di Bisceglie seguita da Raffaele Girardi ha eguagliato il suo personale di 26\u201d39 per il settimo posto. Elena prover\u00e0 l\u2019impresa nei 100 farfalla: per lei il terzo tempo delle semifinali in 56\u201d71.<\/p>\n\n\n\n<p>Marghertia Panziera \u00e8 in finale nei 100 dorso: ha il sesto tempo con 57\u201d51. La 26enne primatista italiana (56\u201d57) di Montebelluna sfider\u00e0 nuovamente la specialista della vasca corta Kira Toussaint che ha il miglior tempo (56\u201d04). Eliminata Silvia Scalia, nona in 57\u201d72 con otto centesimi di ritardo dall\u2019ultimo posto utile.<\/p>\n\n\n\n<figure class=\"wp-block-image size-full\"><img loading=\"lazy\" decoding=\"async\" width=\"900\" height=\"506\" src=\"http:\/\/www.ccaniene.com\/wp-content\/uploads\/2021\/11\/margherita1Kazan.jpg\" alt=\"\" class=\"wp-image-22239\" srcset=\"https:\/\/www.ccaniene.com\/wp-content\/uploads\/2021\/11\/margherita1Kazan.jpg 900w, https:\/\/www.ccaniene.com\/wp-content\/uploads\/2021\/11\/margherita1Kazan-800x450.jpg 800w, https:\/\/www.ccaniene.com\/wp-content\/uploads\/2021\/11\/margherita1Kazan-768x432.jpg 768w\" sizes=\"(max-width: 900px) 100vw, 900px\" \/><\/figure>\n\n\n\n<p>Spettacolari le semifinali dei 50 farfalla. Due azzurri in gara ed entrambi sotto al record italiano, ma questa volta \u00e8 stato Thomas Ceccon in 22\u201d19 a sottrarlo al 30enne milanese detentore Matteo Rivolta dell\u2019Aniene che aveva abbassato in 22\u201d27 il precedente limite nuotato in batteria in 22\u201d47. Gli italiani sono preceduti solo dall\u2019unghese Szebasztian Szabo che in 22\u201d00 ha segnato il record dei campionati. Entusiasta Rivolta: \u00abE\u2019 durato poco il record, ma \u00e8 stato bellissimo. A parte gli scherzi: siamo andati a tutta io e Thomas ed \u00e8 venuta una semifinale clamorosa. In finale ce la giochiamo. Abbiamo una grande occasione\u00bb.<\/p>\n\n\n\n<figure class=\"wp-block-gallery columns-2 is-cropped wp-block-gallery-3 is-layout-flex wp-block-gallery-is-layout-flex\"><ul class=\"blocks-gallery-grid\"><li class=\"blocks-gallery-item\"><figure><img loading=\"lazy\" decoding=\"async\" width=\"900\" height=\"506\" src=\"http:\/\/www.ccaniene.com\/wp-content\/uploads\/2021\/11\/rivolta.jpg\" alt=\"\" data-id=\"22241\" data-full-url=\"http:\/\/www.ccaniene.com\/wp-content\/uploads\/2021\/11\/rivolta.jpg\" data-link=\"https:\/\/www.ccaniene.com\/?attachment_id=22241\" class=\"wp-image-22241\" srcset=\"https:\/\/www.ccaniene.com\/wp-content\/uploads\/2021\/11\/rivolta.jpg 900w, https:\/\/www.ccaniene.com\/wp-content\/uploads\/2021\/11\/rivolta-800x450.jpg 800w, https:\/\/www.ccaniene.com\/wp-content\/uploads\/2021\/11\/rivolta-768x432.jpg 768w\" sizes=\"(max-width: 900px) 100vw, 900px\" \/><\/figure><\/li><li class=\"blocks-gallery-item\"><figure><img loading=\"lazy\" decoding=\"async\" width=\"900\" height=\"579\" src=\"http:\/\/www.ccaniene.com\/wp-content\/uploads\/2021\/11\/rivolta1.jpg\" alt=\"\" data-id=\"22243\" data-full-url=\"http:\/\/www.ccaniene.com\/wp-content\/uploads\/2021\/11\/rivolta1.jpg\" data-link=\"https:\/\/www.ccaniene.com\/?attachment_id=22243\" class=\"wp-image-22243\" srcset=\"https:\/\/www.ccaniene.com\/wp-content\/uploads\/2021\/11\/rivolta1.jpg 900w, https:\/\/www.ccaniene.com\/wp-content\/uploads\/2021\/11\/rivolta1-800x515.jpg 800w, https:\/\/www.ccaniene.com\/wp-content\/uploads\/2021\/11\/rivolta1-768x494.jpg 768w\" sizes=\"(max-width: 900px) 100vw, 900px\" \/><\/figure><\/li><\/ul><\/figure>\n\n\n\n<p>Foto di Andrea Staccioli e Giorgio Scala \/ DMB &#8211; Inside<\/p>\n","protected":false},"excerpt":{"rendered":"<p>L\u2019argento di Simona Quadarella nei 1500sl illumina la quarta giornata degli Europei in vasca corta a Kazan. Splendida Simona, stella di casa Aniene e del nuoto azzurro, certezza del mezzofondo in acqua. La prima volta dei 1500 femminili porta difatti la firma di Simona Quadarella argento alle spalle della padrona di casa Anastasia Kirpichnikova che [&hellip;]<\/p>\n","protected":false},"author":23521,"featured_media":22227,"comment_status":"closed","ping_status":"closed","sticky":false,"template":"","format":"standard","meta":{"pmpro_default_level":0,"footnotes":"","_links_to":"","_links_to_target":""},"categories":[1,11],"tags":[],"class_list":["post-22226","post","type-post","status-publish","format-standard","has-post-thumbnail","hentry","category-news","category-nuoto","pmpro-has-access"],"featured_image_urls":{"medium":"https:\/\/www.ccaniene.com\/wp-content\/uploads\/2021\/11\/simokazan-800x532.jpg","thumbnail":"https:\/\/www.ccaniene.com\/wp-content\/uploads\/2021\/11\/simokazan-400x400.jpg","medium_large":"https:\/\/www.ccaniene.com\/wp-content\/uploads\/2021\/11\/simokazan-768x511.jpg"},"appp_media":null,"yoast_head":"<!-- This site is optimized with the Yoast SEO plugin v23.6 - https:\/\/yoast.com\/wordpress\/plugins\/seo\/ -->\n<title>Europei in vasca corta\/Simona Quadarella conquista un altro argento - Circolo Canottieri Aniene<\/title>\n<meta name=\"robots\" content=\"index, follow, max-snippet:-1, max-image-preview:large, max-video-preview:-1\" \/>\n<link rel=\"canonical\" href=\"https:\/\/www.ccaniene.com\/it_it\/europei-in-vasca-corta-simona-quadarella-conquista-un-altro-argento\/\" \/>\n<meta property=\"og:locale\" content=\"it_IT\" \/>\n<meta property=\"og:type\" content=\"article\" \/>\n<meta property=\"og:title\" content=\"Europei in vasca corta\/Simona Quadarella conquista un altro argento - Circolo Canottieri Aniene\" \/>\n<meta property=\"og:description\" content=\"L\u2019argento di Simona Quadarella nei 1500sl illumina la quarta giornata degli Europei in vasca corta a Kazan. Splendida Simona, stella di casa Aniene e del nuoto azzurro, certezza del mezzofondo in acqua. La prima volta dei 1500 femminili porta difatti la firma di Simona Quadarella argento alle spalle della padrona di casa Anastasia Kirpichnikova che [&hellip;]\" \/>\n<meta property=\"og:url\" content=\"https:\/\/www.ccaniene.com\/it_it\/europei-in-vasca-corta-simona-quadarella-conquista-un-altro-argento\/\" \/>\n<meta property=\"og:site_name\" content=\"Circolo Canottieri Aniene\" \/>\n<meta property=\"article:published_time\" content=\"2021-11-05T20:17:34+00:00\" \/>\n<meta property=\"article:modified_time\" content=\"2021-11-05T20:18:52+00:00\" \/>\n<meta property=\"og:image\" content=\"https:\/\/www.ccaniene.com\/wp-content\/uploads\/2021\/11\/simokazan.jpg\" \/>\n\t<meta property=\"og:image:width\" content=\"900\" \/>\n\t<meta property=\"og:image:height\" content=\"599\" \/>\n\t<meta property=\"og:image:type\" content=\"image\/jpeg\" \/>\n<meta name=\"author\" content=\"carlo.san@tin.it\" \/>\n<meta name=\"twitter:card\" content=\"summary_large_image\" \/>\n<meta name=\"twitter:label1\" content=\"Scritto da\" \/>\n\t<meta name=\"twitter:data1\" content=\"carlo.san@tin.it\" \/>\n\t<meta name=\"twitter:label2\" content=\"Tempo di lettura stimato\" \/>\n\t<meta name=\"twitter:data2\" content=\"5 minuti\" \/>\n<script type=\"application\/ld+json\" class=\"yoast-schema-graph\">{\"@context\":\"https:\/\/schema.org\",\"@graph\":[{\"@type\":\"WebPage\",\"@id\":\"https:\/\/www.ccaniene.com\/en\/europei-in-vasca-corta-simona-quadarella-conquista-un-altro-argento\/\",\"url\":\"https:\/\/www.ccaniene.com\/en\/europei-in-vasca-corta-simona-quadarella-conquista-un-altro-argento\/\",\"name\":\"Europei in vasca corta\/Simona Quadarella conquista un altro argento - Circolo Canottieri Aniene\",\"isPartOf\":{\"@id\":\"https:\/\/www.ccaniene.com\/it_it\/#website\"},\"primaryImageOfPage\":{\"@id\":\"https:\/\/www.ccaniene.com\/en\/europei-in-vasca-corta-simona-quadarella-conquista-un-altro-argento\/#primaryimage\"},\"image\":{\"@id\":\"https:\/\/www.ccaniene.com\/en\/europei-in-vasca-corta-simona-quadarella-conquista-un-altro-argento\/#primaryimage\"},\"thumbnailUrl\":\"https:\/\/www.ccaniene.com\/wp-content\/uploads\/2021\/11\/simokazan.jpg\",\"datePublished\":\"2021-11-05T20:17:34+00:00\",\"dateModified\":\"2021-11-05T20:18:52+00:00\",\"author\":{\"@id\":\"https:\/\/www.ccaniene.com\/it_it\/#\/schema\/person\/6042bd0ba360674279dffd4247d570ed\"},\"breadcrumb\":{\"@id\":\"https:\/\/www.ccaniene.com\/en\/europei-in-vasca-corta-simona-quadarella-conquista-un-altro-argento\/#breadcrumb\"},\"inLanguage\":\"it-IT\",\"potentialAction\":[{\"@type\":\"ReadAction\",\"target\":[\"https:\/\/www.ccaniene.com\/en\/europei-in-vasca-corta-simona-quadarella-conquista-un-altro-argento\/\"]}]},{\"@type\":\"ImageObject\",\"inLanguage\":\"it-IT\",\"@id\":\"https:\/\/www.ccaniene.com\/en\/europei-in-vasca-corta-simona-quadarella-conquista-un-altro-argento\/#primaryimage\",\"url\":\"https:\/\/www.ccaniene.com\/wp-content\/uploads\/2021\/11\/simokazan.jpg\",\"contentUrl\":\"https:\/\/www.ccaniene.com\/wp-content\/uploads\/2021\/11\/simokazan.jpg\",\"width\":900,\"height\":599,\"caption\":\"Gold Medal KIRPICHNIKOVA RUS Russia Anastasia Silver Medal QUADARELLA Simona ITA Italy Bronze Medal CARAMIGNOLI Martina Rita ITA Italy 1500m Freestyle Women Podium Kazan - Russia 05\/11\/2021 Aquatics Palace LEN European Short Course Swimming Championships Photo Andrea Staccioli \/ Deepbluemedia \/ Insidefoto\"},{\"@type\":\"BreadcrumbList\",\"@id\":\"https:\/\/www.ccaniene.com\/en\/europei-in-vasca-corta-simona-quadarella-conquista-un-altro-argento\/#breadcrumb\",\"itemListElement\":[{\"@type\":\"ListItem\",\"position\":1,\"name\":\"Home\",\"item\":\"https:\/\/www.ccaniene.com\/it_it\/\"},{\"@type\":\"ListItem\",\"position\":2,\"name\":\"Europei in vasca corta\/Simona Quadarella conquista un altro argento\"}]},{\"@type\":\"WebSite\",\"@id\":\"https:\/\/www.ccaniene.com\/it_it\/#website\",\"url\":\"https:\/\/www.ccaniene.com\/it_it\/\",\"name\":\"Circolo Canottieri Aniene\",\"description\":\"Collare d&#039;Oro e Stella d&#039;Oro al Merito Sportivo\",\"potentialAction\":[{\"@type\":\"SearchAction\",\"target\":{\"@type\":\"EntryPoint\",\"urlTemplate\":\"https:\/\/www.ccaniene.com\/it_it\/?s={search_term_string}\"},\"query-input\":{\"@type\":\"PropertyValueSpecification\",\"valueRequired\":true,\"valueName\":\"search_term_string\"}}],\"inLanguage\":\"it-IT\"},{\"@type\":\"Person\",\"@id\":\"https:\/\/www.ccaniene.com\/it_it\/#\/schema\/person\/6042bd0ba360674279dffd4247d570ed\",\"name\":\"carlo.san@tin.it\",\"image\":{\"@type\":\"ImageObject\",\"inLanguage\":\"it-IT\",\"@id\":\"https:\/\/www.ccaniene.com\/it_it\/#\/schema\/person\/image\/\",\"url\":\"https:\/\/secure.gravatar.com\/avatar\/f993a459d0ffe4d666e4c917fef20ca9?s=96&d=mm&r=g\",\"contentUrl\":\"https:\/\/secure.gravatar.com\/avatar\/f993a459d0ffe4d666e4c917fef20ca9?s=96&d=mm&r=g\",\"caption\":\"carlo.san@tin.it\"},\"url\":\"https:\/\/www.ccaniene.com\/it_it\/author\/carlo-santi-2\/\"}]}<\/script>\n<!-- \/ Yoast SEO plugin. -->","yoast_head_json":{"title":"Europei in vasca corta\/Simona Quadarella conquista un altro argento - Circolo Canottieri Aniene","robots":{"index":"index","follow":"follow","max-snippet":"max-snippet:-1","max-image-preview":"max-image-preview:large","max-video-preview":"max-video-preview:-1"},"canonical":"https:\/\/www.ccaniene.com\/it_it\/europei-in-vasca-corta-simona-quadarella-conquista-un-altro-argento\/","og_locale":"it_IT","og_type":"article","og_title":"Europei in vasca corta\/Simona Quadarella conquista un altro argento - Circolo Canottieri Aniene","og_description":"L\u2019argento di Simona Quadarella nei 1500sl illumina la quarta giornata degli Europei in vasca corta a Kazan. Splendida Simona, stella di casa Aniene e del nuoto azzurro, certezza del mezzofondo in acqua. La prima volta dei 1500 femminili porta difatti la firma di Simona Quadarella argento alle spalle della padrona di casa Anastasia Kirpichnikova che [&hellip;]","og_url":"https:\/\/www.ccaniene.com\/it_it\/europei-in-vasca-corta-simona-quadarella-conquista-un-altro-argento\/","og_site_name":"Circolo Canottieri Aniene","article_published_time":"2021-11-05T20:17:34+00:00","article_modified_time":"2021-11-05T20:18:52+00:00","og_image":[{"width":900,"height":599,"url":"https:\/\/www.ccaniene.com\/wp-content\/uploads\/2021\/11\/simokazan.jpg","type":"image\/jpeg"}],"author":"carlo.san@tin.it","twitter_card":"summary_large_image","twitter_misc":{"Scritto da":"carlo.san@tin.it","Tempo di lettura stimato":"5 minuti"},"schema":{"@context":"https:\/\/schema.org","@graph":[{"@type":"WebPage","@id":"https:\/\/www.ccaniene.com\/en\/europei-in-vasca-corta-simona-quadarella-conquista-un-altro-argento\/","url":"https:\/\/www.ccaniene.com\/en\/europei-in-vasca-corta-simona-quadarella-conquista-un-altro-argento\/","name":"Europei in vasca corta\/Simona Quadarella conquista un altro argento - Circolo Canottieri Aniene","isPartOf":{"@id":"https:\/\/www.ccaniene.com\/it_it\/#website"},"primaryImageOfPage":{"@id":"https:\/\/www.ccaniene.com\/en\/europei-in-vasca-corta-simona-quadarella-conquista-un-altro-argento\/#primaryimage"},"image":{"@id":"https:\/\/www.ccaniene.com\/en\/europei-in-vasca-corta-simona-quadarella-conquista-un-altro-argento\/#primaryimage"},"thumbnailUrl":"https:\/\/www.ccaniene.com\/wp-content\/uploads\/2021\/11\/simokazan.jpg","datePublished":"2021-11-05T20:17:34+00:00","dateModified":"2021-11-05T20:18:52+00:00","author":{"@id":"https:\/\/www.ccaniene.com\/it_it\/#\/schema\/person\/6042bd0ba360674279dffd4247d570ed"},"breadcrumb":{"@id":"https:\/\/www.ccaniene.com\/en\/europei-in-vasca-corta-simona-quadarella-conquista-un-altro-argento\/#breadcrumb"},"inLanguage":"it-IT","potentialAction":[{"@type":"ReadAction","target":["https:\/\/www.ccaniene.com\/en\/europei-in-vasca-corta-simona-quadarella-conquista-un-altro-argento\/"]}]},{"@type":"ImageObject","inLanguage":"it-IT","@id":"https:\/\/www.ccaniene.com\/en\/europei-in-vasca-corta-simona-quadarella-conquista-un-altro-argento\/#primaryimage","url":"https:\/\/www.ccaniene.com\/wp-content\/uploads\/2021\/11\/simokazan.jpg","contentUrl":"https:\/\/www.ccaniene.com\/wp-content\/uploads\/2021\/11\/simokazan.jpg","width":900,"height":599,"caption":"Gold Medal KIRPICHNIKOVA RUS Russia Anastasia Silver Medal QUADARELLA Simona ITA Italy Bronze Medal CARAMIGNOLI Martina Rita ITA Italy 1500m Freestyle Women Podium Kazan - Russia 05\/11\/2021 Aquatics Palace LEN European Short Course Swimming Championships Photo Andrea Staccioli \/ Deepbluemedia \/ Insidefoto"},{"@type":"BreadcrumbList","@id":"https:\/\/www.ccaniene.com\/en\/europei-in-vasca-corta-simona-quadarella-conquista-un-altro-argento\/#breadcrumb","itemListElement":[{"@type":"ListItem","position":1,"name":"Home","item":"https:\/\/www.ccaniene.com\/it_it\/"},{"@type":"ListItem","position":2,"name":"Europei in vasca corta\/Simona Quadarella conquista un altro argento"}]},{"@type":"WebSite","@id":"https:\/\/www.ccaniene.com\/it_it\/#website","url":"https:\/\/www.ccaniene.com\/it_it\/","name":"Circolo Canottieri Aniene","description":"Collare d&#039;Oro e Stella d&#039;Oro al Merito Sportivo","potentialAction":[{"@type":"SearchAction","target":{"@type":"EntryPoint","urlTemplate":"https:\/\/www.ccaniene.com\/it_it\/?s={search_term_string}"},"query-input":{"@type":"PropertyValueSpecification","valueRequired":true,"valueName":"search_term_string"}}],"inLanguage":"it-IT"},{"@type":"Person","@id":"https:\/\/www.ccaniene.com\/it_it\/#\/schema\/person\/6042bd0ba360674279dffd4247d570ed","name":"carlo.san@tin.it","image":{"@type":"ImageObject","inLanguage":"it-IT","@id":"https:\/\/www.ccaniene.com\/it_it\/#\/schema\/person\/image\/","url":"https:\/\/secure.gravatar.com\/avatar\/f993a459d0ffe4d666e4c917fef20ca9?s=96&d=mm&r=g","contentUrl":"https:\/\/secure.gravatar.com\/avatar\/f993a459d0ffe4d666e4c917fef20ca9?s=96&d=mm&r=g","caption":"carlo.san@tin.it"},"url":"https:\/\/www.ccaniene.com\/it_it\/author\/carlo-santi-2\/"}]}},"_links":{"self":[{"href":"https:\/\/www.ccaniene.com\/it_it\/wp-json\/wp\/v2\/posts\/22226"}],"collection":[{"href":"https:\/\/www.ccaniene.com\/it_it\/wp-json\/wp\/v2\/posts"}],"about":[{"href":"https:\/\/www.ccaniene.com\/it_it\/wp-json\/wp\/v2\/types\/post"}],"author":[{"embeddable":true,"href":"https:\/\/www.ccaniene.com\/it_it\/wp-json\/wp\/v2\/users\/23521"}],"replies":[{"embeddable":true,"href":"https:\/\/www.ccaniene.com\/it_it\/wp-json\/wp\/v2\/comments?post=22226"}],"version-history":[{"count":2,"href":"https:\/\/www.ccaniene.com\/it_it\/wp-json\/wp\/v2\/posts\/22226\/revisions"}],"predecessor-version":[{"id":22246,"href":"https:\/\/www.ccaniene.com\/it_it\/wp-json\/wp\/v2\/posts\/22226\/revisions\/22246"}],"wp:featuredmedia":[{"embeddable":true,"href":"https:\/\/www.ccaniene.com\/it_it\/wp-json\/wp\/v2\/media\/22227"}],"wp:attachment":[{"href":"https:\/\/www.ccaniene.com\/it_it\/wp-json\/wp\/v2\/media?parent=22226"}],"wp:term":[{"taxonomy":"category","embeddable":true,"href":"https:\/\/www.ccaniene.com\/it_it\/wp-json\/wp\/v2\/categories?post=22226"},{"taxonomy":"post_tag","embeddable":true,"href":"https:\/\/www.ccaniene.com\/it_it\/wp-json\/wp\/v2\/tags?post=22226"}],"curies":[{"name":"wp","href":"https:\/\/api.w.org\/{rel}","templated":true}]}}