{"id":21981,"date":"2021-10-03T13:26:41","date_gmt":"2021-10-03T11:26:41","guid":{"rendered":"https:\/\/www.ccaniene.com\/?p=21981"},"modified":"2021-10-03T13:29:33","modified_gmt":"2021-10-03T11:29:33","slug":"windsurfer-giuseppe-barone-si-conferma-campione-deuropa-e-la-figlia-benedetta-seconda-tra-le-juniores","status":"publish","type":"post","link":"https:\/\/www.ccaniene.com\/it_it\/windsurfer-giuseppe-barone-si-conferma-campione-deuropa-e-la-figlia-benedetta-seconda-tra-le-juniores\/","title":{"rendered":"Windsurf\/Giuseppe Barone si conferma campione d&#8217;Europa. E la figlia Benedetta seconda tra le juniores"},"content":{"rendered":"\n<p>Una settimana dopo aver conquistato il titolo italiano di windsurf, Giuseppe Barone si \u00e8 confermato per la seconda volta consecutiva campione d\u2019Europa nella Course Race categoria Heavy. Il primo titolo l\u2019atleta del Circolo Canottieri Aniene lo aveva centrato nel 2019 ad Hoorn, in Olanda. Questa volta Barone si \u00e8 imposta nelle acque della citt\u00e0 francese Saint Cyr sur Mer (nel 2020 la competizione non si \u00e8 svolta per il Covid).<\/p>\n\n\n\n<p>Delle otto prove del campionato Europeo, Giuseppe Barone \u00e8 arrivato primo sette volte e una volta quarto. Sul podio con lui l\u2019olandese Hanse van Aanholt, secondo, e Angelo Usai, terzo.<\/p>\n\n\n\n<p>\u00ab\u00c8 una grande soddisfazione e un successo cercato e preparato con mesi di allenamento &#8211; ha affermato Barone &#8211; ma anche di diete e uscite in mare con ogni condizione atmosferica. Sensazioni perfette e un campo di regata difficile con raffiche di vento fino a 20 nodi e buchi di vento da evitare. Adesso manca la Long Distance dove ancora sono campione del mondo in carica.<\/p>\n\n\n\n<p>Ottimo anche l\u2019esordio della figlia Benedetta, anche lei atleta dell\u2019Aniene. La giovane &#8211; ha dodici anni &#8211; ha conquistato la seconda posizione nella categoria juniores nel campionato Europeo Youth ed \u00e8 stata nona nella classifica generale femminile.<\/p>\n","protected":false},"excerpt":{"rendered":"<p>Una settimana dopo aver conquistato il titolo italiano di windsurf, Giuseppe Barone si \u00e8 confermato per la seconda volta consecutiva campione d\u2019Europa nella Course Race categoria Heavy. Il primo titolo l\u2019atleta del Circolo Canottieri Aniene lo aveva centrato nel 2019 ad Hoorn, in Olanda. Questa volta Barone si \u00e8 imposta nelle acque della citt\u00e0 francese [&hellip;]<\/p>\n","protected":false},"author":23521,"featured_media":21982,"comment_status":"closed","ping_status":"closed","sticky":false,"template":"","format":"standard","meta":{"pmpro_default_level":0,"footnotes":"","_links_to":"","_links_to_target":""},"categories":[13,1],"tags":[],"class_list":["post-21981","post","type-post","status-publish","format-standard","has-post-thumbnail","hentry","category-altri-sport","category-news","pmpro-has-access"],"featured_image_urls":{"medium":"https:\/\/www.ccaniene.com\/wp-content\/uploads\/2021\/10\/barone-600x800.jpg","large":"https:\/\/www.ccaniene.com\/wp-content\/uploads\/2021\/10\/barone-1440x1920.jpg","thumbnail":"https:\/\/www.ccaniene.com\/wp-content\/uploads\/2021\/10\/barone-400x400.jpg","medium_large":"https:\/\/www.ccaniene.com\/wp-content\/uploads\/2021\/10\/barone-768x1024.jpg","1536x1536":"https:\/\/www.ccaniene.com\/wp-content\/uploads\/2021\/10\/barone-1152x1536.jpg","slider":"https:\/\/www.ccaniene.com\/wp-content\/uploads\/2021\/10\/barone-1536x1080.jpg"},"appp_media":null,"yoast_head":"<!-- This site is optimized with the Yoast SEO plugin v23.6 - https:\/\/yoast.com\/wordpress\/plugins\/seo\/ -->\n<title>Windsurf\/Giuseppe Barone si conferma campione d&#039;Europa. E la figlia Benedetta seconda tra le juniores - Circolo Canottieri Aniene<\/title>\n<meta name=\"robots\" content=\"index, follow, max-snippet:-1, max-image-preview:large, max-video-preview:-1\" \/>\n<link rel=\"canonical\" href=\"https:\/\/www.ccaniene.com\/it_it\/windsurfer-giuseppe-barone-si-conferma-campione-deuropa-e-la-figlia-benedetta-seconda-tra-le-juniores\/\" \/>\n<meta property=\"og:locale\" content=\"it_IT\" \/>\n<meta property=\"og:type\" content=\"article\" \/>\n<meta property=\"og:title\" content=\"Windsurf\/Giuseppe Barone si conferma campione d&#039;Europa. E la figlia Benedetta seconda tra le juniores - Circolo Canottieri Aniene\" \/>\n<meta property=\"og:description\" content=\"Una settimana dopo aver conquistato il titolo italiano di windsurf, Giuseppe Barone si \u00e8 confermato per la seconda volta consecutiva campione d\u2019Europa nella Course Race categoria Heavy. Il primo titolo l\u2019atleta del Circolo Canottieri Aniene lo aveva centrato nel 2019 ad Hoorn, in Olanda. Questa volta Barone si \u00e8 imposta nelle acque della citt\u00e0 francese [&hellip;]\" \/>\n<meta property=\"og:url\" content=\"https:\/\/www.ccaniene.com\/it_it\/windsurfer-giuseppe-barone-si-conferma-campione-deuropa-e-la-figlia-benedetta-seconda-tra-le-juniores\/\" \/>\n<meta property=\"og:site_name\" content=\"Circolo Canottieri Aniene\" \/>\n<meta property=\"article:published_time\" content=\"2021-10-03T11:26:41+00:00\" \/>\n<meta property=\"article:modified_time\" content=\"2021-10-03T11:29:33+00:00\" \/>\n<meta property=\"og:image\" content=\"https:\/\/www.ccaniene.com\/wp-content\/uploads\/2021\/10\/barone.jpg\" \/>\n\t<meta property=\"og:image:width\" content=\"1536\" \/>\n\t<meta property=\"og:image:height\" content=\"2048\" \/>\n\t<meta property=\"og:image:type\" content=\"image\/jpeg\" \/>\n<meta name=\"author\" content=\"carlo.san@tin.it\" \/>\n<meta name=\"twitter:card\" content=\"summary_large_image\" \/>\n<meta name=\"twitter:label1\" content=\"Scritto da\" \/>\n\t<meta name=\"twitter:data1\" content=\"carlo.san@tin.it\" \/>\n\t<meta name=\"twitter:label2\" content=\"Tempo di lettura stimato\" \/>\n\t<meta name=\"twitter:data2\" content=\"1 minuto\" \/>\n<script type=\"application\/ld+json\" class=\"yoast-schema-graph\">{\"@context\":\"https:\/\/schema.org\",\"@graph\":[{\"@type\":\"WebPage\",\"@id\":\"https:\/\/www.ccaniene.com\/it_it\/windsurfer-giuseppe-barone-si-conferma-campione-deuropa-e-la-figlia-benedetta-seconda-tra-le-juniores\/\",\"url\":\"https:\/\/www.ccaniene.com\/it_it\/windsurfer-giuseppe-barone-si-conferma-campione-deuropa-e-la-figlia-benedetta-seconda-tra-le-juniores\/\",\"name\":\"Windsurf\/Giuseppe Barone si conferma campione d'Europa. E la figlia Benedetta seconda tra le juniores - Circolo Canottieri Aniene\",\"isPartOf\":{\"@id\":\"https:\/\/www.ccaniene.com\/it_it\/#website\"},\"primaryImageOfPage\":{\"@id\":\"https:\/\/www.ccaniene.com\/it_it\/windsurfer-giuseppe-barone-si-conferma-campione-deuropa-e-la-figlia-benedetta-seconda-tra-le-juniores\/#primaryimage\"},\"image\":{\"@id\":\"https:\/\/www.ccaniene.com\/it_it\/windsurfer-giuseppe-barone-si-conferma-campione-deuropa-e-la-figlia-benedetta-seconda-tra-le-juniores\/#primaryimage\"},\"thumbnailUrl\":\"https:\/\/www.ccaniene.com\/wp-content\/uploads\/2021\/10\/barone.jpg\",\"datePublished\":\"2021-10-03T11:26:41+00:00\",\"dateModified\":\"2021-10-03T11:29:33+00:00\",\"author\":{\"@id\":\"https:\/\/www.ccaniene.com\/it_it\/#\/schema\/person\/6042bd0ba360674279dffd4247d570ed\"},\"breadcrumb\":{\"@id\":\"https:\/\/www.ccaniene.com\/it_it\/windsurfer-giuseppe-barone-si-conferma-campione-deuropa-e-la-figlia-benedetta-seconda-tra-le-juniores\/#breadcrumb\"},\"inLanguage\":\"it-IT\",\"potentialAction\":[{\"@type\":\"ReadAction\",\"target\":[\"https:\/\/www.ccaniene.com\/it_it\/windsurfer-giuseppe-barone-si-conferma-campione-deuropa-e-la-figlia-benedetta-seconda-tra-le-juniores\/\"]}]},{\"@type\":\"ImageObject\",\"inLanguage\":\"it-IT\",\"@id\":\"https:\/\/www.ccaniene.com\/it_it\/windsurfer-giuseppe-barone-si-conferma-campione-deuropa-e-la-figlia-benedetta-seconda-tra-le-juniores\/#primaryimage\",\"url\":\"https:\/\/www.ccaniene.com\/wp-content\/uploads\/2021\/10\/barone.jpg\",\"contentUrl\":\"https:\/\/www.ccaniene.com\/wp-content\/uploads\/2021\/10\/barone.jpg\",\"width\":1536,\"height\":2048},{\"@type\":\"BreadcrumbList\",\"@id\":\"https:\/\/www.ccaniene.com\/it_it\/windsurfer-giuseppe-barone-si-conferma-campione-deuropa-e-la-figlia-benedetta-seconda-tra-le-juniores\/#breadcrumb\",\"itemListElement\":[{\"@type\":\"ListItem\",\"position\":1,\"name\":\"Home\",\"item\":\"https:\/\/www.ccaniene.com\/it_it\/\"},{\"@type\":\"ListItem\",\"position\":2,\"name\":\"Windsurf\/Giuseppe Barone si conferma campione d&#8217;Europa. E la figlia Benedetta seconda tra le juniores\"}]},{\"@type\":\"WebSite\",\"@id\":\"https:\/\/www.ccaniene.com\/it_it\/#website\",\"url\":\"https:\/\/www.ccaniene.com\/it_it\/\",\"name\":\"Circolo Canottieri Aniene\",\"description\":\"Collare d&#039;Oro e Stella d&#039;Oro al Merito Sportivo\",\"potentialAction\":[{\"@type\":\"SearchAction\",\"target\":{\"@type\":\"EntryPoint\",\"urlTemplate\":\"https:\/\/www.ccaniene.com\/it_it\/?s={search_term_string}\"},\"query-input\":{\"@type\":\"PropertyValueSpecification\",\"valueRequired\":true,\"valueName\":\"search_term_string\"}}],\"inLanguage\":\"it-IT\"},{\"@type\":\"Person\",\"@id\":\"https:\/\/www.ccaniene.com\/it_it\/#\/schema\/person\/6042bd0ba360674279dffd4247d570ed\",\"name\":\"carlo.san@tin.it\",\"image\":{\"@type\":\"ImageObject\",\"inLanguage\":\"it-IT\",\"@id\":\"https:\/\/www.ccaniene.com\/it_it\/#\/schema\/person\/image\/\",\"url\":\"https:\/\/secure.gravatar.com\/avatar\/f993a459d0ffe4d666e4c917fef20ca9?s=96&d=mm&r=g\",\"contentUrl\":\"https:\/\/secure.gravatar.com\/avatar\/f993a459d0ffe4d666e4c917fef20ca9?s=96&d=mm&r=g\",\"caption\":\"carlo.san@tin.it\"},\"url\":\"https:\/\/www.ccaniene.com\/it_it\/author\/carlo-santi-2\/\"}]}<\/script>\n<!-- \/ Yoast SEO plugin. -->","yoast_head_json":{"title":"Windsurf\/Giuseppe Barone si conferma campione d'Europa. E la figlia Benedetta seconda tra le juniores - Circolo Canottieri Aniene","robots":{"index":"index","follow":"follow","max-snippet":"max-snippet:-1","max-image-preview":"max-image-preview:large","max-video-preview":"max-video-preview:-1"},"canonical":"https:\/\/www.ccaniene.com\/it_it\/windsurfer-giuseppe-barone-si-conferma-campione-deuropa-e-la-figlia-benedetta-seconda-tra-le-juniores\/","og_locale":"it_IT","og_type":"article","og_title":"Windsurf\/Giuseppe Barone si conferma campione d'Europa. E la figlia Benedetta seconda tra le juniores - Circolo Canottieri Aniene","og_description":"Una settimana dopo aver conquistato il titolo italiano di windsurf, Giuseppe Barone si \u00e8 confermato per la seconda volta consecutiva campione d\u2019Europa nella Course Race categoria Heavy. Il primo titolo l\u2019atleta del Circolo Canottieri Aniene lo aveva centrato nel 2019 ad Hoorn, in Olanda. Questa volta Barone si \u00e8 imposta nelle acque della citt\u00e0 francese [&hellip;]","og_url":"https:\/\/www.ccaniene.com\/it_it\/windsurfer-giuseppe-barone-si-conferma-campione-deuropa-e-la-figlia-benedetta-seconda-tra-le-juniores\/","og_site_name":"Circolo Canottieri Aniene","article_published_time":"2021-10-03T11:26:41+00:00","article_modified_time":"2021-10-03T11:29:33+00:00","og_image":[{"width":1536,"height":2048,"url":"https:\/\/www.ccaniene.com\/wp-content\/uploads\/2021\/10\/barone.jpg","type":"image\/jpeg"}],"author":"carlo.san@tin.it","twitter_card":"summary_large_image","twitter_misc":{"Scritto da":"carlo.san@tin.it","Tempo di lettura stimato":"1 minuto"},"schema":{"@context":"https:\/\/schema.org","@graph":[{"@type":"WebPage","@id":"https:\/\/www.ccaniene.com\/it_it\/windsurfer-giuseppe-barone-si-conferma-campione-deuropa-e-la-figlia-benedetta-seconda-tra-le-juniores\/","url":"https:\/\/www.ccaniene.com\/it_it\/windsurfer-giuseppe-barone-si-conferma-campione-deuropa-e-la-figlia-benedetta-seconda-tra-le-juniores\/","name":"Windsurf\/Giuseppe Barone si conferma campione d'Europa. E la figlia Benedetta seconda tra le juniores - Circolo Canottieri Aniene","isPartOf":{"@id":"https:\/\/www.ccaniene.com\/it_it\/#website"},"primaryImageOfPage":{"@id":"https:\/\/www.ccaniene.com\/it_it\/windsurfer-giuseppe-barone-si-conferma-campione-deuropa-e-la-figlia-benedetta-seconda-tra-le-juniores\/#primaryimage"},"image":{"@id":"https:\/\/www.ccaniene.com\/it_it\/windsurfer-giuseppe-barone-si-conferma-campione-deuropa-e-la-figlia-benedetta-seconda-tra-le-juniores\/#primaryimage"},"thumbnailUrl":"https:\/\/www.ccaniene.com\/wp-content\/uploads\/2021\/10\/barone.jpg","datePublished":"2021-10-03T11:26:41+00:00","dateModified":"2021-10-03T11:29:33+00:00","author":{"@id":"https:\/\/www.ccaniene.com\/it_it\/#\/schema\/person\/6042bd0ba360674279dffd4247d570ed"},"breadcrumb":{"@id":"https:\/\/www.ccaniene.com\/it_it\/windsurfer-giuseppe-barone-si-conferma-campione-deuropa-e-la-figlia-benedetta-seconda-tra-le-juniores\/#breadcrumb"},"inLanguage":"it-IT","potentialAction":[{"@type":"ReadAction","target":["https:\/\/www.ccaniene.com\/it_it\/windsurfer-giuseppe-barone-si-conferma-campione-deuropa-e-la-figlia-benedetta-seconda-tra-le-juniores\/"]}]},{"@type":"ImageObject","inLanguage":"it-IT","@id":"https:\/\/www.ccaniene.com\/it_it\/windsurfer-giuseppe-barone-si-conferma-campione-deuropa-e-la-figlia-benedetta-seconda-tra-le-juniores\/#primaryimage","url":"https:\/\/www.ccaniene.com\/wp-content\/uploads\/2021\/10\/barone.jpg","contentUrl":"https:\/\/www.ccaniene.com\/wp-content\/uploads\/2021\/10\/barone.jpg","width":1536,"height":2048},{"@type":"BreadcrumbList","@id":"https:\/\/www.ccaniene.com\/it_it\/windsurfer-giuseppe-barone-si-conferma-campione-deuropa-e-la-figlia-benedetta-seconda-tra-le-juniores\/#breadcrumb","itemListElement":[{"@type":"ListItem","position":1,"name":"Home","item":"https:\/\/www.ccaniene.com\/it_it\/"},{"@type":"ListItem","position":2,"name":"Windsurf\/Giuseppe Barone si conferma campione d&#8217;Europa. E la figlia Benedetta seconda tra le juniores"}]},{"@type":"WebSite","@id":"https:\/\/www.ccaniene.com\/it_it\/#website","url":"https:\/\/www.ccaniene.com\/it_it\/","name":"Circolo Canottieri Aniene","description":"Collare d&#039;Oro e Stella d&#039;Oro al Merito Sportivo","potentialAction":[{"@type":"SearchAction","target":{"@type":"EntryPoint","urlTemplate":"https:\/\/www.ccaniene.com\/it_it\/?s={search_term_string}"},"query-input":{"@type":"PropertyValueSpecification","valueRequired":true,"valueName":"search_term_string"}}],"inLanguage":"it-IT"},{"@type":"Person","@id":"https:\/\/www.ccaniene.com\/it_it\/#\/schema\/person\/6042bd0ba360674279dffd4247d570ed","name":"carlo.san@tin.it","image":{"@type":"ImageObject","inLanguage":"it-IT","@id":"https:\/\/www.ccaniene.com\/it_it\/#\/schema\/person\/image\/","url":"https:\/\/secure.gravatar.com\/avatar\/f993a459d0ffe4d666e4c917fef20ca9?s=96&d=mm&r=g","contentUrl":"https:\/\/secure.gravatar.com\/avatar\/f993a459d0ffe4d666e4c917fef20ca9?s=96&d=mm&r=g","caption":"carlo.san@tin.it"},"url":"https:\/\/www.ccaniene.com\/it_it\/author\/carlo-santi-2\/"}]}},"_links":{"self":[{"href":"https:\/\/www.ccaniene.com\/it_it\/wp-json\/wp\/v2\/posts\/21981"}],"collection":[{"href":"https:\/\/www.ccaniene.com\/it_it\/wp-json\/wp\/v2\/posts"}],"about":[{"href":"https:\/\/www.ccaniene.com\/it_it\/wp-json\/wp\/v2\/types\/post"}],"author":[{"embeddable":true,"href":"https:\/\/www.ccaniene.com\/it_it\/wp-json\/wp\/v2\/users\/23521"}],"replies":[{"embeddable":true,"href":"https:\/\/www.ccaniene.com\/it_it\/wp-json\/wp\/v2\/comments?post=21981"}],"version-history":[{"count":2,"href":"https:\/\/www.ccaniene.com\/it_it\/wp-json\/wp\/v2\/posts\/21981\/revisions"}],"predecessor-version":[{"id":21985,"href":"https:\/\/www.ccaniene.com\/it_it\/wp-json\/wp\/v2\/posts\/21981\/revisions\/21985"}],"wp:featuredmedia":[{"embeddable":true,"href":"https:\/\/www.ccaniene.com\/it_it\/wp-json\/wp\/v2\/media\/21982"}],"wp:attachment":[{"href":"https:\/\/www.ccaniene.com\/it_it\/wp-json\/wp\/v2\/media?parent=21981"}],"wp:term":[{"taxonomy":"category","embeddable":true,"href":"https:\/\/www.ccaniene.com\/it_it\/wp-json\/wp\/v2\/categories?post=21981"},{"taxonomy":"post_tag","embeddable":true,"href":"https:\/\/www.ccaniene.com\/it_it\/wp-json\/wp\/v2\/tags?post=21981"}],"curies":[{"name":"wp","href":"https:\/\/api.w.org\/{rel}","templated":true}]}}