{"id":21738,"date":"2021-08-31T08:55:58","date_gmt":"2021-08-31T06:55:58","guid":{"rendered":"https:\/\/www.ccaniene.com\/?p=21738"},"modified":"2021-08-31T08:56:01","modified_gmt":"2021-08-31T06:56:01","slug":"paralimpiadi-di-tokyo-grande-luca-mazzone-argento-nellhandbyke-oro-mancato-per-26-centesimi","status":"publish","type":"post","link":"https:\/\/www.ccaniene.com\/it_it\/paralimpiadi-di-tokyo-grande-luca-mazzone-argento-nellhandbyke-oro-mancato-per-26-centesimi\/","title":{"rendered":"Paralimpiadi di Tokyo\/Grande Luca Mazzone: argento nell&#8217;handbyke, oro mancato per 26 centesimi"},"content":{"rendered":"\n<p>L\u2019oro accarezzato e mancato per un soffio. Nella notte d\u2019argento del paraciclismo a Tokyo con i secondi posti di Francesca Porcellato e Fabrizio Cornegliani, anche Luca Mazzone \u00e8 sul secondo gradino del podio nella cronometro H2 ma per appena 26 centesimi. Che sfortuna per il nostro portacolori, che col crono di 31\u201923\u201d79 si deve inchinare allo spagnolo Sergio Garrote (31\u201923\u201d53).<\/p>\n\n\n\n<p>Luca Mazzone \u00e8 transitato secondo al primo intermedio: dopo 8 chilometri l\u2019atleta del CC Aniene \u00e8 transitato in 15\u201931\u201d81, a un paio di secondi dallo spagnolo Sergio Garrote Munoz (15\u201929\u201d15).<\/p>\n\n\n\n<p>\u00ab\u00c8 stata una gara molto dura e ricca di imprevisti\u00bb, ha raccontato l\u2019handbiker pugliese, vincitore di ben 15 medaglie mondiali. \u00abPartire poco prima degli atleti della categoria H1 pu\u00f2 essere problematico, poich\u00e9 potresti ritrovarti sul percorso assieme a corridori che vanno pi\u00f9 lenti, soprattutto in salita. E oggi \u00e8 andata proprio cos\u00ec: all\u2019ultimo giro, proprio quando stavo andando in progressione per riuscire a dare tutto nel finale, ho trovato un blocco di quattro H1 e non sono riuscito a passare. Sono stato fermo qualche secondo. Probabilmente \u00e8 l\u00ec che mi sono giocato la medaglia d\u2019oro\u00bb.<\/p>\n\n\n\n<p>Ma Luca ci tiene a sottolineare: \u00abNon ho nulla da recriminare alla mia preparazione di questi anni. L\u2019argento \u00e8 una parentesi, voglio tornare all\u2019oro: nascondere la mia ambizione \u00e8 inutile. Ma \u00e8 una medaglia che mi riempie d\u2019orgoglio e di gioia, frutto dei tanti sacrifici miei e di tutte le persone che mi circondano: tutto lo staff la Nazionale, il citt\u00ec Valentini e la mia societ\u00e0, il Circolo Canottieri Aniene. Tutti loro hanno fatto s\u00ec che io sia ancora qui, su questo podio, a 50 anni. Ma in particolare questa medaglia la voglio dedicare a mio figlio e a mia moglie, testimoni diretti del tanto lavoro e dei sacrifici\u00bb.<\/p>\n","protected":false},"excerpt":{"rendered":"<p>L\u2019oro accarezzato e mancato per un soffio. Nella notte d\u2019argento del paraciclismo a Tokyo con i secondi posti di Francesca Porcellato e Fabrizio Cornegliani, anche Luca Mazzone \u00e8 sul secondo gradino del podio nella cronometro H2 ma per appena 26 centesimi. Che sfortuna per il nostro portacolori, che col crono di 31\u201923\u201d79 si deve inchinare [&hellip;]<\/p>\n","protected":false},"author":23521,"featured_media":21739,"comment_status":"closed","ping_status":"closed","sticky":false,"template":"","format":"standard","meta":{"pmpro_default_level":0,"footnotes":"","_links_to":"","_links_to_target":""},"categories":[1,46],"tags":[],"class_list":["post-21738","post","type-post","status-publish","format-standard","has-post-thumbnail","hentry","category-news","category-sport-paralimpici","pmpro-has-access"],"featured_image_urls":{"medium":"https:\/\/www.ccaniene.com\/wp-content\/uploads\/2021\/08\/mazzone-tokyo-800x534.jpg","large":"https:\/\/www.ccaniene.com\/wp-content\/uploads\/2021\/08\/mazzone-tokyo-1920x1281.jpg","thumbnail":"https:\/\/www.ccaniene.com\/wp-content\/uploads\/2021\/08\/mazzone-tokyo-400x400.jpg","medium_large":"https:\/\/www.ccaniene.com\/wp-content\/uploads\/2021\/08\/mazzone-tokyo-768x512.jpg","1536x1536":"https:\/\/www.ccaniene.com\/wp-content\/uploads\/2021\/08\/mazzone-tokyo-1536x1025.jpg","2048x2048":"https:\/\/www.ccaniene.com\/wp-content\/uploads\/2021\/08\/mazzone-tokyo-2048x1366.jpg","slider":"https:\/\/www.ccaniene.com\/wp-content\/uploads\/2021\/08\/mazzone-tokyo-1920x1080.jpg"},"appp_media":null,"yoast_head":"<!-- This site is optimized with the Yoast SEO plugin v23.6 - https:\/\/yoast.com\/wordpress\/plugins\/seo\/ -->\n<title>Paralimpiadi di Tokyo\/Grande Luca Mazzone: argento nell&#039;handbyke, oro mancato per 26 centesimi - Circolo Canottieri Aniene<\/title>\n<meta name=\"robots\" content=\"index, follow, max-snippet:-1, max-image-preview:large, max-video-preview:-1\" \/>\n<link rel=\"canonical\" href=\"https:\/\/www.ccaniene.com\/it_it\/paralimpiadi-di-tokyo-grande-luca-mazzone-argento-nellhandbyke-oro-mancato-per-26-centesimi\/\" \/>\n<meta property=\"og:locale\" content=\"it_IT\" \/>\n<meta property=\"og:type\" content=\"article\" \/>\n<meta property=\"og:title\" content=\"Paralimpiadi di Tokyo\/Grande Luca Mazzone: argento nell&#039;handbyke, oro mancato per 26 centesimi - Circolo Canottieri Aniene\" \/>\n<meta property=\"og:description\" content=\"L\u2019oro accarezzato e mancato per un soffio. Nella notte d\u2019argento del paraciclismo a Tokyo con i secondi posti di Francesca Porcellato e Fabrizio Cornegliani, anche Luca Mazzone \u00e8 sul secondo gradino del podio nella cronometro H2 ma per appena 26 centesimi. Che sfortuna per il nostro portacolori, che col crono di 31\u201923\u201d79 si deve inchinare [&hellip;]\" \/>\n<meta property=\"og:url\" content=\"https:\/\/www.ccaniene.com\/it_it\/paralimpiadi-di-tokyo-grande-luca-mazzone-argento-nellhandbyke-oro-mancato-per-26-centesimi\/\" \/>\n<meta property=\"og:site_name\" content=\"Circolo Canottieri Aniene\" \/>\n<meta property=\"article:published_time\" content=\"2021-08-31T06:55:58+00:00\" \/>\n<meta property=\"article:modified_time\" content=\"2021-08-31T06:56:01+00:00\" \/>\n<meta property=\"og:image\" content=\"https:\/\/www.ccaniene.com\/wp-content\/uploads\/2021\/08\/mazzone-tokyo-scaled.jpg\" \/>\n\t<meta property=\"og:image:width\" content=\"2560\" \/>\n\t<meta property=\"og:image:height\" content=\"1708\" \/>\n\t<meta property=\"og:image:type\" content=\"image\/jpeg\" \/>\n<meta name=\"author\" content=\"carlo.san@tin.it\" \/>\n<meta name=\"twitter:card\" content=\"summary_large_image\" \/>\n<meta name=\"twitter:label1\" content=\"Scritto da\" \/>\n\t<meta name=\"twitter:data1\" content=\"carlo.san@tin.it\" \/>\n\t<meta name=\"twitter:label2\" content=\"Tempo di lettura stimato\" \/>\n\t<meta name=\"twitter:data2\" content=\"2 minuti\" \/>\n<script type=\"application\/ld+json\" class=\"yoast-schema-graph\">{\"@context\":\"https:\/\/schema.org\",\"@graph\":[{\"@type\":\"WebPage\",\"@id\":\"https:\/\/www.ccaniene.com\/en\/paralimpiadi-di-tokyo-grande-luca-mazzone-argento-nellhandbyke-oro-mancato-per-26-centesimi\/\",\"url\":\"https:\/\/www.ccaniene.com\/en\/paralimpiadi-di-tokyo-grande-luca-mazzone-argento-nellhandbyke-oro-mancato-per-26-centesimi\/\",\"name\":\"Paralimpiadi di Tokyo\/Grande Luca Mazzone: argento nell'handbyke, oro mancato per 26 centesimi - Circolo Canottieri Aniene\",\"isPartOf\":{\"@id\":\"https:\/\/www.ccaniene.com\/it_it\/#website\"},\"primaryImageOfPage\":{\"@id\":\"https:\/\/www.ccaniene.com\/en\/paralimpiadi-di-tokyo-grande-luca-mazzone-argento-nellhandbyke-oro-mancato-per-26-centesimi\/#primaryimage\"},\"image\":{\"@id\":\"https:\/\/www.ccaniene.com\/en\/paralimpiadi-di-tokyo-grande-luca-mazzone-argento-nellhandbyke-oro-mancato-per-26-centesimi\/#primaryimage\"},\"thumbnailUrl\":\"https:\/\/www.ccaniene.com\/wp-content\/uploads\/2021\/08\/mazzone-tokyo-scaled.jpg\",\"datePublished\":\"2021-08-31T06:55:58+00:00\",\"dateModified\":\"2021-08-31T06:56:01+00:00\",\"author\":{\"@id\":\"https:\/\/www.ccaniene.com\/it_it\/#\/schema\/person\/6042bd0ba360674279dffd4247d570ed\"},\"breadcrumb\":{\"@id\":\"https:\/\/www.ccaniene.com\/en\/paralimpiadi-di-tokyo-grande-luca-mazzone-argento-nellhandbyke-oro-mancato-per-26-centesimi\/#breadcrumb\"},\"inLanguage\":\"it-IT\",\"potentialAction\":[{\"@type\":\"ReadAction\",\"target\":[\"https:\/\/www.ccaniene.com\/en\/paralimpiadi-di-tokyo-grande-luca-mazzone-argento-nellhandbyke-oro-mancato-per-26-centesimi\/\"]}]},{\"@type\":\"ImageObject\",\"inLanguage\":\"it-IT\",\"@id\":\"https:\/\/www.ccaniene.com\/en\/paralimpiadi-di-tokyo-grande-luca-mazzone-argento-nellhandbyke-oro-mancato-per-26-centesimi\/#primaryimage\",\"url\":\"https:\/\/www.ccaniene.com\/wp-content\/uploads\/2021\/08\/mazzone-tokyo-scaled.jpg\",\"contentUrl\":\"https:\/\/www.ccaniene.com\/wp-content\/uploads\/2021\/08\/mazzone-tokyo-scaled.jpg\",\"width\":2560,\"height\":1708},{\"@type\":\"BreadcrumbList\",\"@id\":\"https:\/\/www.ccaniene.com\/en\/paralimpiadi-di-tokyo-grande-luca-mazzone-argento-nellhandbyke-oro-mancato-per-26-centesimi\/#breadcrumb\",\"itemListElement\":[{\"@type\":\"ListItem\",\"position\":1,\"name\":\"Home\",\"item\":\"https:\/\/www.ccaniene.com\/it_it\/\"},{\"@type\":\"ListItem\",\"position\":2,\"name\":\"Paralimpiadi di Tokyo\/Grande Luca Mazzone: argento nell&#8217;handbyke, oro mancato per 26 centesimi\"}]},{\"@type\":\"WebSite\",\"@id\":\"https:\/\/www.ccaniene.com\/it_it\/#website\",\"url\":\"https:\/\/www.ccaniene.com\/it_it\/\",\"name\":\"Circolo Canottieri Aniene\",\"description\":\"Collare d&#039;Oro e Stella d&#039;Oro al Merito Sportivo\",\"potentialAction\":[{\"@type\":\"SearchAction\",\"target\":{\"@type\":\"EntryPoint\",\"urlTemplate\":\"https:\/\/www.ccaniene.com\/it_it\/?s={search_term_string}\"},\"query-input\":{\"@type\":\"PropertyValueSpecification\",\"valueRequired\":true,\"valueName\":\"search_term_string\"}}],\"inLanguage\":\"it-IT\"},{\"@type\":\"Person\",\"@id\":\"https:\/\/www.ccaniene.com\/it_it\/#\/schema\/person\/6042bd0ba360674279dffd4247d570ed\",\"name\":\"carlo.san@tin.it\",\"image\":{\"@type\":\"ImageObject\",\"inLanguage\":\"it-IT\",\"@id\":\"https:\/\/www.ccaniene.com\/it_it\/#\/schema\/person\/image\/\",\"url\":\"https:\/\/secure.gravatar.com\/avatar\/f993a459d0ffe4d666e4c917fef20ca9?s=96&d=mm&r=g\",\"contentUrl\":\"https:\/\/secure.gravatar.com\/avatar\/f993a459d0ffe4d666e4c917fef20ca9?s=96&d=mm&r=g\",\"caption\":\"carlo.san@tin.it\"},\"url\":\"https:\/\/www.ccaniene.com\/it_it\/author\/carlo-santi-2\/\"}]}<\/script>\n<!-- \/ Yoast SEO plugin. -->","yoast_head_json":{"title":"Paralimpiadi di Tokyo\/Grande Luca Mazzone: argento nell'handbyke, oro mancato per 26 centesimi - Circolo Canottieri Aniene","robots":{"index":"index","follow":"follow","max-snippet":"max-snippet:-1","max-image-preview":"max-image-preview:large","max-video-preview":"max-video-preview:-1"},"canonical":"https:\/\/www.ccaniene.com\/it_it\/paralimpiadi-di-tokyo-grande-luca-mazzone-argento-nellhandbyke-oro-mancato-per-26-centesimi\/","og_locale":"it_IT","og_type":"article","og_title":"Paralimpiadi di Tokyo\/Grande Luca Mazzone: argento nell'handbyke, oro mancato per 26 centesimi - Circolo Canottieri Aniene","og_description":"L\u2019oro accarezzato e mancato per un soffio. Nella notte d\u2019argento del paraciclismo a Tokyo con i secondi posti di Francesca Porcellato e Fabrizio Cornegliani, anche Luca Mazzone \u00e8 sul secondo gradino del podio nella cronometro H2 ma per appena 26 centesimi. Che sfortuna per il nostro portacolori, che col crono di 31\u201923\u201d79 si deve inchinare [&hellip;]","og_url":"https:\/\/www.ccaniene.com\/it_it\/paralimpiadi-di-tokyo-grande-luca-mazzone-argento-nellhandbyke-oro-mancato-per-26-centesimi\/","og_site_name":"Circolo Canottieri Aniene","article_published_time":"2021-08-31T06:55:58+00:00","article_modified_time":"2021-08-31T06:56:01+00:00","og_image":[{"width":2560,"height":1708,"url":"https:\/\/www.ccaniene.com\/wp-content\/uploads\/2021\/08\/mazzone-tokyo-scaled.jpg","type":"image\/jpeg"}],"author":"carlo.san@tin.it","twitter_card":"summary_large_image","twitter_misc":{"Scritto da":"carlo.san@tin.it","Tempo di lettura stimato":"2 minuti"},"schema":{"@context":"https:\/\/schema.org","@graph":[{"@type":"WebPage","@id":"https:\/\/www.ccaniene.com\/en\/paralimpiadi-di-tokyo-grande-luca-mazzone-argento-nellhandbyke-oro-mancato-per-26-centesimi\/","url":"https:\/\/www.ccaniene.com\/en\/paralimpiadi-di-tokyo-grande-luca-mazzone-argento-nellhandbyke-oro-mancato-per-26-centesimi\/","name":"Paralimpiadi di Tokyo\/Grande Luca Mazzone: argento nell'handbyke, oro mancato per 26 centesimi - Circolo Canottieri Aniene","isPartOf":{"@id":"https:\/\/www.ccaniene.com\/it_it\/#website"},"primaryImageOfPage":{"@id":"https:\/\/www.ccaniene.com\/en\/paralimpiadi-di-tokyo-grande-luca-mazzone-argento-nellhandbyke-oro-mancato-per-26-centesimi\/#primaryimage"},"image":{"@id":"https:\/\/www.ccaniene.com\/en\/paralimpiadi-di-tokyo-grande-luca-mazzone-argento-nellhandbyke-oro-mancato-per-26-centesimi\/#primaryimage"},"thumbnailUrl":"https:\/\/www.ccaniene.com\/wp-content\/uploads\/2021\/08\/mazzone-tokyo-scaled.jpg","datePublished":"2021-08-31T06:55:58+00:00","dateModified":"2021-08-31T06:56:01+00:00","author":{"@id":"https:\/\/www.ccaniene.com\/it_it\/#\/schema\/person\/6042bd0ba360674279dffd4247d570ed"},"breadcrumb":{"@id":"https:\/\/www.ccaniene.com\/en\/paralimpiadi-di-tokyo-grande-luca-mazzone-argento-nellhandbyke-oro-mancato-per-26-centesimi\/#breadcrumb"},"inLanguage":"it-IT","potentialAction":[{"@type":"ReadAction","target":["https:\/\/www.ccaniene.com\/en\/paralimpiadi-di-tokyo-grande-luca-mazzone-argento-nellhandbyke-oro-mancato-per-26-centesimi\/"]}]},{"@type":"ImageObject","inLanguage":"it-IT","@id":"https:\/\/www.ccaniene.com\/en\/paralimpiadi-di-tokyo-grande-luca-mazzone-argento-nellhandbyke-oro-mancato-per-26-centesimi\/#primaryimage","url":"https:\/\/www.ccaniene.com\/wp-content\/uploads\/2021\/08\/mazzone-tokyo-scaled.jpg","contentUrl":"https:\/\/www.ccaniene.com\/wp-content\/uploads\/2021\/08\/mazzone-tokyo-scaled.jpg","width":2560,"height":1708},{"@type":"BreadcrumbList","@id":"https:\/\/www.ccaniene.com\/en\/paralimpiadi-di-tokyo-grande-luca-mazzone-argento-nellhandbyke-oro-mancato-per-26-centesimi\/#breadcrumb","itemListElement":[{"@type":"ListItem","position":1,"name":"Home","item":"https:\/\/www.ccaniene.com\/it_it\/"},{"@type":"ListItem","position":2,"name":"Paralimpiadi di Tokyo\/Grande Luca Mazzone: argento nell&#8217;handbyke, oro mancato per 26 centesimi"}]},{"@type":"WebSite","@id":"https:\/\/www.ccaniene.com\/it_it\/#website","url":"https:\/\/www.ccaniene.com\/it_it\/","name":"Circolo Canottieri Aniene","description":"Collare d&#039;Oro e Stella d&#039;Oro al Merito Sportivo","potentialAction":[{"@type":"SearchAction","target":{"@type":"EntryPoint","urlTemplate":"https:\/\/www.ccaniene.com\/it_it\/?s={search_term_string}"},"query-input":{"@type":"PropertyValueSpecification","valueRequired":true,"valueName":"search_term_string"}}],"inLanguage":"it-IT"},{"@type":"Person","@id":"https:\/\/www.ccaniene.com\/it_it\/#\/schema\/person\/6042bd0ba360674279dffd4247d570ed","name":"carlo.san@tin.it","image":{"@type":"ImageObject","inLanguage":"it-IT","@id":"https:\/\/www.ccaniene.com\/it_it\/#\/schema\/person\/image\/","url":"https:\/\/secure.gravatar.com\/avatar\/f993a459d0ffe4d666e4c917fef20ca9?s=96&d=mm&r=g","contentUrl":"https:\/\/secure.gravatar.com\/avatar\/f993a459d0ffe4d666e4c917fef20ca9?s=96&d=mm&r=g","caption":"carlo.san@tin.it"},"url":"https:\/\/www.ccaniene.com\/it_it\/author\/carlo-santi-2\/"}]}},"_links":{"self":[{"href":"https:\/\/www.ccaniene.com\/it_it\/wp-json\/wp\/v2\/posts\/21738"}],"collection":[{"href":"https:\/\/www.ccaniene.com\/it_it\/wp-json\/wp\/v2\/posts"}],"about":[{"href":"https:\/\/www.ccaniene.com\/it_it\/wp-json\/wp\/v2\/types\/post"}],"author":[{"embeddable":true,"href":"https:\/\/www.ccaniene.com\/it_it\/wp-json\/wp\/v2\/users\/23521"}],"replies":[{"embeddable":true,"href":"https:\/\/www.ccaniene.com\/it_it\/wp-json\/wp\/v2\/comments?post=21738"}],"version-history":[{"count":1,"href":"https:\/\/www.ccaniene.com\/it_it\/wp-json\/wp\/v2\/posts\/21738\/revisions"}],"predecessor-version":[{"id":21741,"href":"https:\/\/www.ccaniene.com\/it_it\/wp-json\/wp\/v2\/posts\/21738\/revisions\/21741"}],"wp:featuredmedia":[{"embeddable":true,"href":"https:\/\/www.ccaniene.com\/it_it\/wp-json\/wp\/v2\/media\/21739"}],"wp:attachment":[{"href":"https:\/\/www.ccaniene.com\/it_it\/wp-json\/wp\/v2\/media?parent=21738"}],"wp:term":[{"taxonomy":"category","embeddable":true,"href":"https:\/\/www.ccaniene.com\/it_it\/wp-json\/wp\/v2\/categories?post=21738"},{"taxonomy":"post_tag","embeddable":true,"href":"https:\/\/www.ccaniene.com\/it_it\/wp-json\/wp\/v2\/tags?post=21738"}],"curies":[{"name":"wp","href":"https:\/\/api.w.org\/{rel}","templated":true}]}}