{"id":21631,"date":"2021-08-18T14:46:07","date_gmt":"2021-08-18T12:46:07","guid":{"rendered":"https:\/\/www.ccaniene.com\/?p=21631"},"modified":"2021-08-20T09:16:32","modified_gmt":"2021-08-20T07:16:32","slug":"matteo-berrettini-riparte-con-un-successo-a-cincinnati","status":"publish","type":"post","link":"https:\/\/www.ccaniene.com\/it_it\/matteo-berrettini-riparte-con-un-successo-a-cincinnati\/","title":{"rendered":"Cincinnati, fatali gli ottavi a Matteo Berrettini"},"content":{"rendered":"\n<p>Si \u00e8 fermata l\u2019avventura di Matteo Berrettini a Cincinnati. Il giocatore del CC Aniene \u00e8 stato eliminato agli ottavi di finale dall\u2019amico, il canadese Felix Auger-Aliassime, che aveva affrontato e battuto nei quarti di Wimbledon, quando l\u2019azzurro riusc\u00ec a conquistare una storica finale. Una sconfitta in due set 6-4 6-3.<\/p>\n\n\n\n<p>Berrettini nel primo set dopo aver recuperato un break nel terzo gioco ed essere sempre in difficolt\u00e0 al servizio, ha ceduto la battuta sul 4-5 quando, dal 40-15, ha mancato tre opportunit\u00e0 del 5 pari e il canadese alla prima palla set ha portato a casa la frazione sul 6-4.<\/p>\n\n\n\n<p>Nel secondo set \u00e8 stato fatale il break subito da Matteo nel secondo gioco con Auger che senza concedere palle break nel set ha conquistato la partita.<\/p>\n\n\n\n<p><strong>Matteo Berrettini riparte con un successo a Cincinnati<\/strong><\/p>\n\n\n\n<p>Il sogno olimpico di Tokyo \u00e8 il passato. Matteo Berrettini per poter conquistare una medaglia olimpica dovr\u00e0 aspetta il 2024 quando Parigi ospiter\u00e0 i Giochi. Intanto c\u2019\u00e8 il presente e il giocatore del CC Aniene, entrato direttamente al secondo turno del torneo di Cincinnati dopo cinque settimane di stop per l\u2019infortunio rimediato nella finale di Wimbledon, si \u00e8 imposto in rimonta per 6-7(5) 6-3 7-5 sullo spagnolo Albert Ramos Vinolas, numero 49 Atp.<\/p>\n\n\n\n<p>In quella che era una sfida inedita, il numero 1 azzurro, nella notte italiana, ha servito 25 ace e sfruttato nel terzo set il rovescio slice contro il mancino catalano per ottenere la prima vittoria in carriera nel main draw di Cincinnati.<\/p>\n\n\n\n<p>Negli ottavi Berrettini incontrer\u00e0 l&#8217;amico Felix Auger-Aliassime, canadese numero 17 del mondo che ha battuto nei quarti di finale a Wimbledon prima di raggiungere la prima storica finale per un italiano ai Championships.<\/p>\n","protected":false},"excerpt":{"rendered":"<p>Si \u00e8 fermata l\u2019avventura di Matteo Berrettini a Cincinnati. Il giocatore del CC Aniene \u00e8 stato eliminato agli ottavi di finale dall\u2019amico, il canadese Felix Auger-Aliassime, che aveva affrontato e battuto nei quarti di Wimbledon, quando l\u2019azzurro riusc\u00ec a conquistare una storica finale. Una sconfitta in due set 6-4 6-3. Berrettini nel primo set dopo [&hellip;]<\/p>\n","protected":false},"author":23521,"featured_media":21632,"comment_status":"closed","ping_status":"closed","sticky":false,"template":"","format":"standard","meta":{"pmpro_default_level":0,"footnotes":"","_links_to":"","_links_to_target":""},"categories":[1,10],"tags":[],"class_list":["post-21631","post","type-post","status-publish","format-standard","has-post-thumbnail","hentry","category-news","category-tennis","pmpro-has-access"],"featured_image_urls":{"thumbnail":"https:\/\/www.ccaniene.com\/wp-content\/uploads\/2021\/08\/cincinnati-400x400.jpg"},"appp_media":null,"yoast_head":"<!-- This site is optimized with the Yoast SEO plugin v23.6 - https:\/\/yoast.com\/wordpress\/plugins\/seo\/ -->\n<title>Cincinnati, fatali gli ottavi a Matteo Berrettini - Circolo Canottieri Aniene<\/title>\n<meta name=\"robots\" content=\"index, follow, max-snippet:-1, max-image-preview:large, max-video-preview:-1\" \/>\n<link rel=\"canonical\" href=\"https:\/\/www.ccaniene.com\/it_it\/matteo-berrettini-riparte-con-un-successo-a-cincinnati\/\" \/>\n<meta property=\"og:locale\" content=\"it_IT\" \/>\n<meta property=\"og:type\" content=\"article\" \/>\n<meta property=\"og:title\" content=\"Cincinnati, fatali gli ottavi a Matteo Berrettini - Circolo Canottieri Aniene\" \/>\n<meta property=\"og:description\" content=\"Si \u00e8 fermata l\u2019avventura di Matteo Berrettini a Cincinnati. Il giocatore del CC Aniene \u00e8 stato eliminato agli ottavi di finale dall\u2019amico, il canadese Felix Auger-Aliassime, che aveva affrontato e battuto nei quarti di Wimbledon, quando l\u2019azzurro riusc\u00ec a conquistare una storica finale. Una sconfitta in due set 6-4 6-3. Berrettini nel primo set dopo [&hellip;]\" \/>\n<meta property=\"og:url\" content=\"https:\/\/www.ccaniene.com\/it_it\/matteo-berrettini-riparte-con-un-successo-a-cincinnati\/\" \/>\n<meta property=\"og:site_name\" content=\"Circolo Canottieri Aniene\" \/>\n<meta property=\"article:published_time\" content=\"2021-08-18T12:46:07+00:00\" \/>\n<meta property=\"article:modified_time\" content=\"2021-08-20T07:16:32+00:00\" \/>\n<meta property=\"og:image\" content=\"https:\/\/www.ccaniene.com\/wp-content\/uploads\/2021\/08\/cincinnati.jpg\" \/>\n\t<meta property=\"og:image:width\" content=\"735\" \/>\n\t<meta property=\"og:image:height\" content=\"416\" \/>\n\t<meta property=\"og:image:type\" content=\"image\/jpeg\" \/>\n<meta name=\"author\" content=\"carlo.san@tin.it\" \/>\n<meta name=\"twitter:card\" content=\"summary_large_image\" \/>\n<meta name=\"twitter:label1\" content=\"Scritto da\" \/>\n\t<meta name=\"twitter:data1\" content=\"carlo.san@tin.it\" \/>\n\t<meta name=\"twitter:label2\" content=\"Tempo di lettura stimato\" \/>\n\t<meta name=\"twitter:data2\" content=\"2 minuti\" \/>\n<script type=\"application\/ld+json\" class=\"yoast-schema-graph\">{\"@context\":\"https:\/\/schema.org\",\"@graph\":[{\"@type\":\"WebPage\",\"@id\":\"https:\/\/www.ccaniene.com\/it_it\/matteo-berrettini-riparte-con-un-successo-a-cincinnati\/\",\"url\":\"https:\/\/www.ccaniene.com\/it_it\/matteo-berrettini-riparte-con-un-successo-a-cincinnati\/\",\"name\":\"Cincinnati, fatali gli ottavi a Matteo Berrettini - Circolo Canottieri Aniene\",\"isPartOf\":{\"@id\":\"https:\/\/www.ccaniene.com\/it_it\/#website\"},\"primaryImageOfPage\":{\"@id\":\"https:\/\/www.ccaniene.com\/it_it\/matteo-berrettini-riparte-con-un-successo-a-cincinnati\/#primaryimage\"},\"image\":{\"@id\":\"https:\/\/www.ccaniene.com\/it_it\/matteo-berrettini-riparte-con-un-successo-a-cincinnati\/#primaryimage\"},\"thumbnailUrl\":\"https:\/\/www.ccaniene.com\/wp-content\/uploads\/2021\/08\/cincinnati.jpg\",\"datePublished\":\"2021-08-18T12:46:07+00:00\",\"dateModified\":\"2021-08-20T07:16:32+00:00\",\"author\":{\"@id\":\"https:\/\/www.ccaniene.com\/it_it\/#\/schema\/person\/6042bd0ba360674279dffd4247d570ed\"},\"breadcrumb\":{\"@id\":\"https:\/\/www.ccaniene.com\/it_it\/matteo-berrettini-riparte-con-un-successo-a-cincinnati\/#breadcrumb\"},\"inLanguage\":\"it-IT\",\"potentialAction\":[{\"@type\":\"ReadAction\",\"target\":[\"https:\/\/www.ccaniene.com\/it_it\/matteo-berrettini-riparte-con-un-successo-a-cincinnati\/\"]}]},{\"@type\":\"ImageObject\",\"inLanguage\":\"it-IT\",\"@id\":\"https:\/\/www.ccaniene.com\/it_it\/matteo-berrettini-riparte-con-un-successo-a-cincinnati\/#primaryimage\",\"url\":\"https:\/\/www.ccaniene.com\/wp-content\/uploads\/2021\/08\/cincinnati.jpg\",\"contentUrl\":\"https:\/\/www.ccaniene.com\/wp-content\/uploads\/2021\/08\/cincinnati.jpg\",\"width\":735,\"height\":416},{\"@type\":\"BreadcrumbList\",\"@id\":\"https:\/\/www.ccaniene.com\/it_it\/matteo-berrettini-riparte-con-un-successo-a-cincinnati\/#breadcrumb\",\"itemListElement\":[{\"@type\":\"ListItem\",\"position\":1,\"name\":\"Home\",\"item\":\"https:\/\/www.ccaniene.com\/it_it\/\"},{\"@type\":\"ListItem\",\"position\":2,\"name\":\"Cincinnati, fatali gli ottavi a Matteo Berrettini\"}]},{\"@type\":\"WebSite\",\"@id\":\"https:\/\/www.ccaniene.com\/it_it\/#website\",\"url\":\"https:\/\/www.ccaniene.com\/it_it\/\",\"name\":\"Circolo Canottieri Aniene\",\"description\":\"Collare d&#039;Oro e Stella d&#039;Oro al Merito Sportivo\",\"potentialAction\":[{\"@type\":\"SearchAction\",\"target\":{\"@type\":\"EntryPoint\",\"urlTemplate\":\"https:\/\/www.ccaniene.com\/it_it\/?s={search_term_string}\"},\"query-input\":{\"@type\":\"PropertyValueSpecification\",\"valueRequired\":true,\"valueName\":\"search_term_string\"}}],\"inLanguage\":\"it-IT\"},{\"@type\":\"Person\",\"@id\":\"https:\/\/www.ccaniene.com\/it_it\/#\/schema\/person\/6042bd0ba360674279dffd4247d570ed\",\"name\":\"carlo.san@tin.it\",\"image\":{\"@type\":\"ImageObject\",\"inLanguage\":\"it-IT\",\"@id\":\"https:\/\/www.ccaniene.com\/it_it\/#\/schema\/person\/image\/\",\"url\":\"https:\/\/secure.gravatar.com\/avatar\/f993a459d0ffe4d666e4c917fef20ca9?s=96&d=mm&r=g\",\"contentUrl\":\"https:\/\/secure.gravatar.com\/avatar\/f993a459d0ffe4d666e4c917fef20ca9?s=96&d=mm&r=g\",\"caption\":\"carlo.san@tin.it\"},\"url\":\"https:\/\/www.ccaniene.com\/it_it\/author\/carlo-santi-2\/\"}]}<\/script>\n<!-- \/ Yoast SEO plugin. -->","yoast_head_json":{"title":"Cincinnati, fatali gli ottavi a Matteo Berrettini - Circolo Canottieri Aniene","robots":{"index":"index","follow":"follow","max-snippet":"max-snippet:-1","max-image-preview":"max-image-preview:large","max-video-preview":"max-video-preview:-1"},"canonical":"https:\/\/www.ccaniene.com\/it_it\/matteo-berrettini-riparte-con-un-successo-a-cincinnati\/","og_locale":"it_IT","og_type":"article","og_title":"Cincinnati, fatali gli ottavi a Matteo Berrettini - Circolo Canottieri Aniene","og_description":"Si \u00e8 fermata l\u2019avventura di Matteo Berrettini a Cincinnati. Il giocatore del CC Aniene \u00e8 stato eliminato agli ottavi di finale dall\u2019amico, il canadese Felix Auger-Aliassime, che aveva affrontato e battuto nei quarti di Wimbledon, quando l\u2019azzurro riusc\u00ec a conquistare una storica finale. Una sconfitta in due set 6-4 6-3. Berrettini nel primo set dopo [&hellip;]","og_url":"https:\/\/www.ccaniene.com\/it_it\/matteo-berrettini-riparte-con-un-successo-a-cincinnati\/","og_site_name":"Circolo Canottieri Aniene","article_published_time":"2021-08-18T12:46:07+00:00","article_modified_time":"2021-08-20T07:16:32+00:00","og_image":[{"width":735,"height":416,"url":"https:\/\/www.ccaniene.com\/wp-content\/uploads\/2021\/08\/cincinnati.jpg","type":"image\/jpeg"}],"author":"carlo.san@tin.it","twitter_card":"summary_large_image","twitter_misc":{"Scritto da":"carlo.san@tin.it","Tempo di lettura stimato":"2 minuti"},"schema":{"@context":"https:\/\/schema.org","@graph":[{"@type":"WebPage","@id":"https:\/\/www.ccaniene.com\/it_it\/matteo-berrettini-riparte-con-un-successo-a-cincinnati\/","url":"https:\/\/www.ccaniene.com\/it_it\/matteo-berrettini-riparte-con-un-successo-a-cincinnati\/","name":"Cincinnati, fatali gli ottavi a Matteo Berrettini - Circolo Canottieri Aniene","isPartOf":{"@id":"https:\/\/www.ccaniene.com\/it_it\/#website"},"primaryImageOfPage":{"@id":"https:\/\/www.ccaniene.com\/it_it\/matteo-berrettini-riparte-con-un-successo-a-cincinnati\/#primaryimage"},"image":{"@id":"https:\/\/www.ccaniene.com\/it_it\/matteo-berrettini-riparte-con-un-successo-a-cincinnati\/#primaryimage"},"thumbnailUrl":"https:\/\/www.ccaniene.com\/wp-content\/uploads\/2021\/08\/cincinnati.jpg","datePublished":"2021-08-18T12:46:07+00:00","dateModified":"2021-08-20T07:16:32+00:00","author":{"@id":"https:\/\/www.ccaniene.com\/it_it\/#\/schema\/person\/6042bd0ba360674279dffd4247d570ed"},"breadcrumb":{"@id":"https:\/\/www.ccaniene.com\/it_it\/matteo-berrettini-riparte-con-un-successo-a-cincinnati\/#breadcrumb"},"inLanguage":"it-IT","potentialAction":[{"@type":"ReadAction","target":["https:\/\/www.ccaniene.com\/it_it\/matteo-berrettini-riparte-con-un-successo-a-cincinnati\/"]}]},{"@type":"ImageObject","inLanguage":"it-IT","@id":"https:\/\/www.ccaniene.com\/it_it\/matteo-berrettini-riparte-con-un-successo-a-cincinnati\/#primaryimage","url":"https:\/\/www.ccaniene.com\/wp-content\/uploads\/2021\/08\/cincinnati.jpg","contentUrl":"https:\/\/www.ccaniene.com\/wp-content\/uploads\/2021\/08\/cincinnati.jpg","width":735,"height":416},{"@type":"BreadcrumbList","@id":"https:\/\/www.ccaniene.com\/it_it\/matteo-berrettini-riparte-con-un-successo-a-cincinnati\/#breadcrumb","itemListElement":[{"@type":"ListItem","position":1,"name":"Home","item":"https:\/\/www.ccaniene.com\/it_it\/"},{"@type":"ListItem","position":2,"name":"Cincinnati, fatali gli ottavi a Matteo Berrettini"}]},{"@type":"WebSite","@id":"https:\/\/www.ccaniene.com\/it_it\/#website","url":"https:\/\/www.ccaniene.com\/it_it\/","name":"Circolo Canottieri Aniene","description":"Collare d&#039;Oro e Stella d&#039;Oro al Merito Sportivo","potentialAction":[{"@type":"SearchAction","target":{"@type":"EntryPoint","urlTemplate":"https:\/\/www.ccaniene.com\/it_it\/?s={search_term_string}"},"query-input":{"@type":"PropertyValueSpecification","valueRequired":true,"valueName":"search_term_string"}}],"inLanguage":"it-IT"},{"@type":"Person","@id":"https:\/\/www.ccaniene.com\/it_it\/#\/schema\/person\/6042bd0ba360674279dffd4247d570ed","name":"carlo.san@tin.it","image":{"@type":"ImageObject","inLanguage":"it-IT","@id":"https:\/\/www.ccaniene.com\/it_it\/#\/schema\/person\/image\/","url":"https:\/\/secure.gravatar.com\/avatar\/f993a459d0ffe4d666e4c917fef20ca9?s=96&d=mm&r=g","contentUrl":"https:\/\/secure.gravatar.com\/avatar\/f993a459d0ffe4d666e4c917fef20ca9?s=96&d=mm&r=g","caption":"carlo.san@tin.it"},"url":"https:\/\/www.ccaniene.com\/it_it\/author\/carlo-santi-2\/"}]}},"_links":{"self":[{"href":"https:\/\/www.ccaniene.com\/it_it\/wp-json\/wp\/v2\/posts\/21631"}],"collection":[{"href":"https:\/\/www.ccaniene.com\/it_it\/wp-json\/wp\/v2\/posts"}],"about":[{"href":"https:\/\/www.ccaniene.com\/it_it\/wp-json\/wp\/v2\/types\/post"}],"author":[{"embeddable":true,"href":"https:\/\/www.ccaniene.com\/it_it\/wp-json\/wp\/v2\/users\/23521"}],"replies":[{"embeddable":true,"href":"https:\/\/www.ccaniene.com\/it_it\/wp-json\/wp\/v2\/comments?post=21631"}],"version-history":[{"count":3,"href":"https:\/\/www.ccaniene.com\/it_it\/wp-json\/wp\/v2\/posts\/21631\/revisions"}],"predecessor-version":[{"id":21645,"href":"https:\/\/www.ccaniene.com\/it_it\/wp-json\/wp\/v2\/posts\/21631\/revisions\/21645"}],"wp:featuredmedia":[{"embeddable":true,"href":"https:\/\/www.ccaniene.com\/it_it\/wp-json\/wp\/v2\/media\/21632"}],"wp:attachment":[{"href":"https:\/\/www.ccaniene.com\/it_it\/wp-json\/wp\/v2\/media?parent=21631"}],"wp:term":[{"taxonomy":"category","embeddable":true,"href":"https:\/\/www.ccaniene.com\/it_it\/wp-json\/wp\/v2\/categories?post=21631"},{"taxonomy":"post_tag","embeddable":true,"href":"https:\/\/www.ccaniene.com\/it_it\/wp-json\/wp\/v2\/tags?post=21631"}],"curies":[{"name":"wp","href":"https:\/\/api.w.org\/{rel}","templated":true}]}}