{"id":21032,"date":"2021-06-05T22:00:53","date_gmt":"2021-06-05T20:00:53","guid":{"rendered":"https:\/\/www.ccaniene.com\/?p=21032"},"modified":"2021-06-06T20:04:15","modified_gmt":"2021-06-06T18:04:15","slug":"roland-garros-berrettini-si-qualifica-per-gli-ottavi","status":"publish","type":"post","link":"https:\/\/www.ccaniene.com\/it_it\/roland-garros-berrettini-si-qualifica-per-gli-ottavi\/","title":{"rendered":"Roland Garros, Berrettini qualificato per i quarti: Federer si \u00e8 ritirato"},"content":{"rendered":"\n<p>La notizia ufficiale \u00e8 arrivata nel pomeriggio: Roger Federer non ce la fa, niente ottavi di finale a Roland Garros, meglio riposare e pensare a Wimbledon, il vero obiettivo della sua stagione. Matteo Berrettini, dunque, \u00e8 gi\u00e0 qualificato ai quarti di finale ma sarebbe stato felice di giocare la grande sfida e dimostrare quanto \u00e8 cresciuto da quella prima sfida agli ottavi di Wimbledon 2019. Nei quarti, Matteo trover\u00e0 uno tra Djokovic e Musetti.<\/p>\n\n\n\n<p>\u00ab<em>Dopo aver discusso con il mio team, ho deciso di ritirarmi dal Roland Garros. Dopo due interventi al ginocchio e pi\u00f9 di un anno di riabilitazione, \u00e8 importante che io ascolti il mio corpo e sia sicuro di non affrettare troppo le cose sulla via del recupero. Sono emozionatissimo di aver messo tre match in cascina. Non c\u2019\u00e8 sensazione migliore del tornare in campo<\/em>\u00bb, ha commentato lo svizzero sul proprio profilo Twitter.<\/p>\n\n\n\n<p>Matteo Berrettini a Roland Garros si era qualificato per gli ottavi di finale e luned\u00ec lo avrebbe aspettato Roger Federer. Il giocatore del CC Aniene ha superato il coreano Kwon Soon-Woo in tre set &#8211; 7-6 6-3 6-4 &#8211; e accede alla seconda settimana del torneo parigino.<\/p>\n\n\n\n<p>Quella di Matteo contro il coreano Kwon Soon-Woo \u00e8 stata una partita che, a dispetto del risultato, \u00e8 stata tutt\u2019altro che semplice contro la sorpresa coreana, almeno nel primo set. Berrettini ha dovuto sudare fino al tiebreak del primo set per avere la meglio. Dopo non aver sfruttato 7 palle break, Matteo si \u00e8 complicato la vita nell\u2019atto decisivo del set facendosi recuperare due volte ma poi venendone a capo grazie all\u20198-6 finale.<\/p>\n\n\n\n<p>Dopo, non c\u2019\u00e8 storia. Il numero 9 del mondo ha alzato il ritmo e a suon di aces (saranno 23 alla fine della partita) e vincenti ha chiuso 6-3 il secondo set e poi 6-4 nel terzo.<\/p>\n\n\n\n<p>Per Matteo si tratta della prima qualificazione agli ottavi di finale del Grande Slam francese.<\/p>\n\n\n\n<p>Adesso Berrettini incontrer\u00e0 Roger Federer che nel match di chiusura di sabato ha sconfitto il tedesco Dominik Koepfer in quattro set, con i primi tre decisi al tie break: 7-6 6-7 7-6 7-5.<\/p>\n\n\n\n<p>Dopo la maratona notturna, una partita a porte chiuse durata tre ore e mezzo, Federer aveva messo in dubbio il proseguo del torneo. \u00abNon so se giocher\u00f2 negli ottavi di finale del Roland Garros contro Matteo Berrettini &#8211; ha difatti detto Re Roger &#8211; Devo decidere se continuare a giocare o meno. \u00c8 troppo rischioso continuare a sollecitare il ginocchio. \u00c8 un buon momento per riposarsi\u00bb. E oggi pomeriggio lo svizzero ha annunciato il ritiro.<\/p>\n\n\n","protected":false},"excerpt":{"rendered":"<p>La notizia ufficiale \u00e8 arrivata nel pomeriggio: Roger Federer non ce la fa, niente ottavi di finale a Roland Garros, meglio riposare e pensare a Wimbledon, il vero obiettivo della sua stagione. Matteo Berrettini, dunque, \u00e8 gi\u00e0 qualificato ai quarti di finale ma sarebbe stato felice di giocare la grande sfida e dimostrare quanto \u00e8 [&hellip;]<\/p>\n","protected":false},"author":23521,"featured_media":21033,"comment_status":"closed","ping_status":"closed","sticky":false,"template":"","format":"standard","meta":{"pmpro_default_level":0,"footnotes":"","_links_to":"","_links_to_target":""},"categories":[1,10],"tags":[],"class_list":["post-21032","post","type-post","status-publish","format-standard","has-post-thumbnail","hentry","category-news","category-tennis","pmpro-has-access"],"featured_image_urls":{"medium":"https:\/\/www.ccaniene.com\/wp-content\/uploads\/2021\/06\/matteoparigi-800x450.jpg","thumbnail":"https:\/\/www.ccaniene.com\/wp-content\/uploads\/2021\/06\/matteoparigi-400x400.jpg","medium_large":"https:\/\/www.ccaniene.com\/wp-content\/uploads\/2021\/06\/matteoparigi-768x432.jpg"},"appp_media":null,"yoast_head":"<!-- This site is optimized with the Yoast SEO plugin v23.6 - https:\/\/yoast.com\/wordpress\/plugins\/seo\/ -->\n<title>Roland Garros, Berrettini qualificato per i quarti: Federer si \u00e8 ritirato - Circolo Canottieri Aniene<\/title>\n<meta name=\"robots\" content=\"index, follow, max-snippet:-1, max-image-preview:large, max-video-preview:-1\" \/>\n<link rel=\"canonical\" href=\"https:\/\/www.ccaniene.com\/it_it\/roland-garros-berrettini-si-qualifica-per-gli-ottavi\/\" \/>\n<meta property=\"og:locale\" content=\"it_IT\" \/>\n<meta property=\"og:type\" content=\"article\" \/>\n<meta property=\"og:title\" content=\"Roland Garros, Berrettini qualificato per i quarti: Federer si \u00e8 ritirato - Circolo Canottieri Aniene\" \/>\n<meta property=\"og:description\" content=\"La notizia ufficiale \u00e8 arrivata nel pomeriggio: Roger Federer non ce la fa, niente ottavi di finale a Roland Garros, meglio riposare e pensare a Wimbledon, il vero obiettivo della sua stagione. Matteo Berrettini, dunque, \u00e8 gi\u00e0 qualificato ai quarti di finale ma sarebbe stato felice di giocare la grande sfida e dimostrare quanto \u00e8 [&hellip;]\" \/>\n<meta property=\"og:url\" content=\"https:\/\/www.ccaniene.com\/it_it\/roland-garros-berrettini-si-qualifica-per-gli-ottavi\/\" \/>\n<meta property=\"og:site_name\" content=\"Circolo Canottieri Aniene\" \/>\n<meta property=\"article:published_time\" content=\"2021-06-05T20:00:53+00:00\" \/>\n<meta property=\"article:modified_time\" content=\"2021-06-06T18:04:15+00:00\" \/>\n<meta property=\"og:image\" content=\"https:\/\/www.ccaniene.com\/wp-content\/uploads\/2021\/06\/matteoparigi.jpg\" \/>\n\t<meta property=\"og:image:width\" content=\"1200\" \/>\n\t<meta property=\"og:image:height\" content=\"675\" \/>\n\t<meta property=\"og:image:type\" content=\"image\/jpeg\" \/>\n<meta name=\"author\" content=\"carlo.san@tin.it\" \/>\n<meta name=\"twitter:card\" content=\"summary_large_image\" \/>\n<meta name=\"twitter:label1\" content=\"Scritto da\" \/>\n\t<meta name=\"twitter:data1\" content=\"carlo.san@tin.it\" \/>\n\t<meta name=\"twitter:label2\" content=\"Tempo di lettura stimato\" \/>\n\t<meta name=\"twitter:data2\" content=\"3 minuti\" \/>\n<script type=\"application\/ld+json\" class=\"yoast-schema-graph\">{\"@context\":\"https:\/\/schema.org\",\"@graph\":[{\"@type\":\"WebPage\",\"@id\":\"https:\/\/www.ccaniene.com\/it_it\/roland-garros-berrettini-si-qualifica-per-gli-ottavi\/\",\"url\":\"https:\/\/www.ccaniene.com\/it_it\/roland-garros-berrettini-si-qualifica-per-gli-ottavi\/\",\"name\":\"Roland Garros, Berrettini qualificato per i quarti: Federer si \u00e8 ritirato - Circolo Canottieri Aniene\",\"isPartOf\":{\"@id\":\"https:\/\/www.ccaniene.com\/it_it\/#website\"},\"primaryImageOfPage\":{\"@id\":\"https:\/\/www.ccaniene.com\/it_it\/roland-garros-berrettini-si-qualifica-per-gli-ottavi\/#primaryimage\"},\"image\":{\"@id\":\"https:\/\/www.ccaniene.com\/it_it\/roland-garros-berrettini-si-qualifica-per-gli-ottavi\/#primaryimage\"},\"thumbnailUrl\":\"https:\/\/www.ccaniene.com\/wp-content\/uploads\/2021\/06\/matteoparigi.jpg\",\"datePublished\":\"2021-06-05T20:00:53+00:00\",\"dateModified\":\"2021-06-06T18:04:15+00:00\",\"author\":{\"@id\":\"https:\/\/www.ccaniene.com\/it_it\/#\/schema\/person\/6042bd0ba360674279dffd4247d570ed\"},\"breadcrumb\":{\"@id\":\"https:\/\/www.ccaniene.com\/it_it\/roland-garros-berrettini-si-qualifica-per-gli-ottavi\/#breadcrumb\"},\"inLanguage\":\"it-IT\",\"potentialAction\":[{\"@type\":\"ReadAction\",\"target\":[\"https:\/\/www.ccaniene.com\/it_it\/roland-garros-berrettini-si-qualifica-per-gli-ottavi\/\"]}]},{\"@type\":\"ImageObject\",\"inLanguage\":\"it-IT\",\"@id\":\"https:\/\/www.ccaniene.com\/it_it\/roland-garros-berrettini-si-qualifica-per-gli-ottavi\/#primaryimage\",\"url\":\"https:\/\/www.ccaniene.com\/wp-content\/uploads\/2021\/06\/matteoparigi.jpg\",\"contentUrl\":\"https:\/\/www.ccaniene.com\/wp-content\/uploads\/2021\/06\/matteoparigi.jpg\",\"width\":1200,\"height\":675},{\"@type\":\"BreadcrumbList\",\"@id\":\"https:\/\/www.ccaniene.com\/it_it\/roland-garros-berrettini-si-qualifica-per-gli-ottavi\/#breadcrumb\",\"itemListElement\":[{\"@type\":\"ListItem\",\"position\":1,\"name\":\"Home\",\"item\":\"https:\/\/www.ccaniene.com\/it_it\/\"},{\"@type\":\"ListItem\",\"position\":2,\"name\":\"Roland Garros, Berrettini qualificato per i quarti: Federer si \u00e8 ritirato\"}]},{\"@type\":\"WebSite\",\"@id\":\"https:\/\/www.ccaniene.com\/it_it\/#website\",\"url\":\"https:\/\/www.ccaniene.com\/it_it\/\",\"name\":\"Circolo Canottieri Aniene\",\"description\":\"Collare d&#039;Oro e Stella d&#039;Oro al Merito Sportivo\",\"potentialAction\":[{\"@type\":\"SearchAction\",\"target\":{\"@type\":\"EntryPoint\",\"urlTemplate\":\"https:\/\/www.ccaniene.com\/it_it\/?s={search_term_string}\"},\"query-input\":{\"@type\":\"PropertyValueSpecification\",\"valueRequired\":true,\"valueName\":\"search_term_string\"}}],\"inLanguage\":\"it-IT\"},{\"@type\":\"Person\",\"@id\":\"https:\/\/www.ccaniene.com\/it_it\/#\/schema\/person\/6042bd0ba360674279dffd4247d570ed\",\"name\":\"carlo.san@tin.it\",\"image\":{\"@type\":\"ImageObject\",\"inLanguage\":\"it-IT\",\"@id\":\"https:\/\/www.ccaniene.com\/it_it\/#\/schema\/person\/image\/\",\"url\":\"https:\/\/secure.gravatar.com\/avatar\/f993a459d0ffe4d666e4c917fef20ca9?s=96&d=mm&r=g\",\"contentUrl\":\"https:\/\/secure.gravatar.com\/avatar\/f993a459d0ffe4d666e4c917fef20ca9?s=96&d=mm&r=g\",\"caption\":\"carlo.san@tin.it\"},\"url\":\"https:\/\/www.ccaniene.com\/it_it\/author\/carlo-santi-2\/\"}]}<\/script>\n<!-- \/ Yoast SEO plugin. -->","yoast_head_json":{"title":"Roland Garros, Berrettini qualificato per i quarti: Federer si \u00e8 ritirato - Circolo Canottieri Aniene","robots":{"index":"index","follow":"follow","max-snippet":"max-snippet:-1","max-image-preview":"max-image-preview:large","max-video-preview":"max-video-preview:-1"},"canonical":"https:\/\/www.ccaniene.com\/it_it\/roland-garros-berrettini-si-qualifica-per-gli-ottavi\/","og_locale":"it_IT","og_type":"article","og_title":"Roland Garros, Berrettini qualificato per i quarti: Federer si \u00e8 ritirato - Circolo Canottieri Aniene","og_description":"La notizia ufficiale \u00e8 arrivata nel pomeriggio: Roger Federer non ce la fa, niente ottavi di finale a Roland Garros, meglio riposare e pensare a Wimbledon, il vero obiettivo della sua stagione. Matteo Berrettini, dunque, \u00e8 gi\u00e0 qualificato ai quarti di finale ma sarebbe stato felice di giocare la grande sfida e dimostrare quanto \u00e8 [&hellip;]","og_url":"https:\/\/www.ccaniene.com\/it_it\/roland-garros-berrettini-si-qualifica-per-gli-ottavi\/","og_site_name":"Circolo Canottieri Aniene","article_published_time":"2021-06-05T20:00:53+00:00","article_modified_time":"2021-06-06T18:04:15+00:00","og_image":[{"width":1200,"height":675,"url":"https:\/\/www.ccaniene.com\/wp-content\/uploads\/2021\/06\/matteoparigi.jpg","type":"image\/jpeg"}],"author":"carlo.san@tin.it","twitter_card":"summary_large_image","twitter_misc":{"Scritto da":"carlo.san@tin.it","Tempo di lettura stimato":"3 minuti"},"schema":{"@context":"https:\/\/schema.org","@graph":[{"@type":"WebPage","@id":"https:\/\/www.ccaniene.com\/it_it\/roland-garros-berrettini-si-qualifica-per-gli-ottavi\/","url":"https:\/\/www.ccaniene.com\/it_it\/roland-garros-berrettini-si-qualifica-per-gli-ottavi\/","name":"Roland Garros, Berrettini qualificato per i quarti: Federer si \u00e8 ritirato - Circolo Canottieri Aniene","isPartOf":{"@id":"https:\/\/www.ccaniene.com\/it_it\/#website"},"primaryImageOfPage":{"@id":"https:\/\/www.ccaniene.com\/it_it\/roland-garros-berrettini-si-qualifica-per-gli-ottavi\/#primaryimage"},"image":{"@id":"https:\/\/www.ccaniene.com\/it_it\/roland-garros-berrettini-si-qualifica-per-gli-ottavi\/#primaryimage"},"thumbnailUrl":"https:\/\/www.ccaniene.com\/wp-content\/uploads\/2021\/06\/matteoparigi.jpg","datePublished":"2021-06-05T20:00:53+00:00","dateModified":"2021-06-06T18:04:15+00:00","author":{"@id":"https:\/\/www.ccaniene.com\/it_it\/#\/schema\/person\/6042bd0ba360674279dffd4247d570ed"},"breadcrumb":{"@id":"https:\/\/www.ccaniene.com\/it_it\/roland-garros-berrettini-si-qualifica-per-gli-ottavi\/#breadcrumb"},"inLanguage":"it-IT","potentialAction":[{"@type":"ReadAction","target":["https:\/\/www.ccaniene.com\/it_it\/roland-garros-berrettini-si-qualifica-per-gli-ottavi\/"]}]},{"@type":"ImageObject","inLanguage":"it-IT","@id":"https:\/\/www.ccaniene.com\/it_it\/roland-garros-berrettini-si-qualifica-per-gli-ottavi\/#primaryimage","url":"https:\/\/www.ccaniene.com\/wp-content\/uploads\/2021\/06\/matteoparigi.jpg","contentUrl":"https:\/\/www.ccaniene.com\/wp-content\/uploads\/2021\/06\/matteoparigi.jpg","width":1200,"height":675},{"@type":"BreadcrumbList","@id":"https:\/\/www.ccaniene.com\/it_it\/roland-garros-berrettini-si-qualifica-per-gli-ottavi\/#breadcrumb","itemListElement":[{"@type":"ListItem","position":1,"name":"Home","item":"https:\/\/www.ccaniene.com\/it_it\/"},{"@type":"ListItem","position":2,"name":"Roland Garros, Berrettini qualificato per i quarti: Federer si \u00e8 ritirato"}]},{"@type":"WebSite","@id":"https:\/\/www.ccaniene.com\/it_it\/#website","url":"https:\/\/www.ccaniene.com\/it_it\/","name":"Circolo Canottieri Aniene","description":"Collare d&#039;Oro e Stella d&#039;Oro al Merito Sportivo","potentialAction":[{"@type":"SearchAction","target":{"@type":"EntryPoint","urlTemplate":"https:\/\/www.ccaniene.com\/it_it\/?s={search_term_string}"},"query-input":{"@type":"PropertyValueSpecification","valueRequired":true,"valueName":"search_term_string"}}],"inLanguage":"it-IT"},{"@type":"Person","@id":"https:\/\/www.ccaniene.com\/it_it\/#\/schema\/person\/6042bd0ba360674279dffd4247d570ed","name":"carlo.san@tin.it","image":{"@type":"ImageObject","inLanguage":"it-IT","@id":"https:\/\/www.ccaniene.com\/it_it\/#\/schema\/person\/image\/","url":"https:\/\/secure.gravatar.com\/avatar\/f993a459d0ffe4d666e4c917fef20ca9?s=96&d=mm&r=g","contentUrl":"https:\/\/secure.gravatar.com\/avatar\/f993a459d0ffe4d666e4c917fef20ca9?s=96&d=mm&r=g","caption":"carlo.san@tin.it"},"url":"https:\/\/www.ccaniene.com\/it_it\/author\/carlo-santi-2\/"}]}},"_links":{"self":[{"href":"https:\/\/www.ccaniene.com\/it_it\/wp-json\/wp\/v2\/posts\/21032"}],"collection":[{"href":"https:\/\/www.ccaniene.com\/it_it\/wp-json\/wp\/v2\/posts"}],"about":[{"href":"https:\/\/www.ccaniene.com\/it_it\/wp-json\/wp\/v2\/types\/post"}],"author":[{"embeddable":true,"href":"https:\/\/www.ccaniene.com\/it_it\/wp-json\/wp\/v2\/users\/23521"}],"replies":[{"embeddable":true,"href":"https:\/\/www.ccaniene.com\/it_it\/wp-json\/wp\/v2\/comments?post=21032"}],"version-history":[{"count":5,"href":"https:\/\/www.ccaniene.com\/it_it\/wp-json\/wp\/v2\/posts\/21032\/revisions"}],"predecessor-version":[{"id":21044,"href":"https:\/\/www.ccaniene.com\/it_it\/wp-json\/wp\/v2\/posts\/21032\/revisions\/21044"}],"wp:featuredmedia":[{"embeddable":true,"href":"https:\/\/www.ccaniene.com\/it_it\/wp-json\/wp\/v2\/media\/21033"}],"wp:attachment":[{"href":"https:\/\/www.ccaniene.com\/it_it\/wp-json\/wp\/v2\/media?parent=21032"}],"wp:term":[{"taxonomy":"category","embeddable":true,"href":"https:\/\/www.ccaniene.com\/it_it\/wp-json\/wp\/v2\/categories?post=21032"},{"taxonomy":"post_tag","embeddable":true,"href":"https:\/\/www.ccaniene.com\/it_it\/wp-json\/wp\/v2\/tags?post=21032"}],"curies":[{"name":"wp","href":"https:\/\/api.w.org\/{rel}","templated":true}]}}