{"id":20979,"date":"2021-06-01T20:10:57","date_gmt":"2021-06-01T18:10:57","guid":{"rendered":"https:\/\/www.ccaniene.com\/?p=20979"},"modified":"2021-06-04T21:22:29","modified_gmt":"2021-06-04T19:22:29","slug":"berrettini-esordio-ok-a-parigi","status":"publish","type":"post","link":"https:\/\/www.ccaniene.com\/it_it\/berrettini-esordio-ok-a-parigi\/","title":{"rendered":"Berrettini, al terzo turno a Parigi. Si ferma Fognini"},"content":{"rendered":"\n<p>Aspettando Berrettini in campo oggi nel terzo turno di Roland Garros, stop per Fabio Fognini che \u00e8 stato battuto dall&#8217;argentino Federico Delbonis che si \u00e8 imposto per 6-4 6-1 6-3 in 2 ore e 6 minuti. Giornata nera per il ligure, nervoso e discontinuo per tutta la durata della partita, incapace di prendere in mano la situazione e scardinare la regolarit\u00e0 del sudamericano. \u00a0\u00a0<\/p>\n\n\n\n<p>\u00abHo giocato molto male e quando giochi cos\u00ec male non puoi pensare di vincere &#8211; le parole di Fabio &#8211; ho sperato che lui calasse di rendimento, ma invece ha fatto una partita di livello molto alto. Quando perdi i game da 40-0 vuole dire che non c&#8217;\u00e8 niente da fare. Delbonis aveva molte pi\u00f9 partite di me sulle gambe, ma questo non giustifica la prestazione sconcertante. Oggi non merito nemmeno il voto, mi darei un bel sv, senza voto\u00bb.<\/p>\n\n\n\n<p>Va avanti il cammino di Matteo Berrettini a Roland Garros. Il tennista dell\u2019Aniene, testa di serie numero 9 nel tabellone maschile, ha iniziato il al meglio il torne battendo in quattro set il giapponese Daniel. Dopo un primo set dominato dall\u2019azzurro (6-0), il tennista nipponico \u00e8 salito di colpi perdendo il secondo parziale 4-6 per colpa di un break nel settimo game e strappando poi addirittura il terzo per 6-4.<\/p>\n\n\n\n<p>Nel quarto set per\u00f2 Berrettini \u00e8 tornato a far pesare la profondit\u00e0 e la precisione dei suoi colpi e, ritrovando anche la giusta concentrazione, ha chiuso la pratica con un altro 6-4.<\/p>\n\n\n\n<p>Con il risultato maturato contro il numero 113 del mondo l\u2019allievo di Vincenzo Santopadre ha affrontato l\u2019argentino Federico Coria (vittorioso contro Feliciano Lopez per 6-3, 7-6, 6-2) al secondo turno e lo ha battuto 6-3 6-2 6-2. Sabato Matteo nel terzo turno se la vedr\u00e0 con il coreano Kwon Soon-Woo attuale numero 348 del mondo.<\/p>\n\n\n\n<p>Torniamo a Fabio Fognini, anche lui giocatore del CC Aniene. Nel secondo turno ha affrontato l\u2019ungherese M\u00e1rton Fucsovics attuale numero 46 del mondo e lo ha battuto in 3 set: 7-6 6-1 6-2.<\/p>\n\n\n\n<p>Fognini nel primo turno ha superato il francese Gregorie Barrere con un secco 3 set a 0 (6-4 6-1 6-4). Per il tennista di Taggia una vittoria importante soprattutto per il morale, considerato il momento poco brillante che sta attraversando.<\/p>\n","protected":false},"excerpt":{"rendered":"<p>Aspettando Berrettini in campo oggi nel terzo turno di Roland Garros, stop per Fabio Fognini che \u00e8 stato battuto dall&#8217;argentino Federico Delbonis che si \u00e8 imposto per 6-4 6-1 6-3 in 2 ore e 6 minuti. Giornata nera per il ligure, nervoso e discontinuo per tutta la durata della partita, incapace di prendere in mano [&hellip;]<\/p>\n","protected":false},"author":23521,"featured_media":20980,"comment_status":"closed","ping_status":"closed","sticky":false,"template":"","format":"standard","meta":{"pmpro_default_level":0,"footnotes":"","_links_to":"","_links_to_target":""},"categories":[1,10],"tags":[],"class_list":["post-20979","post","type-post","status-publish","format-standard","has-post-thumbnail","hentry","category-news","category-tennis","pmpro-has-access"],"featured_image_urls":{"thumbnail":"https:\/\/www.ccaniene.com\/wp-content\/uploads\/2021\/06\/222-400x400.jpg"},"appp_media":null,"yoast_head":"<!-- This site is optimized with the Yoast SEO plugin v23.6 - https:\/\/yoast.com\/wordpress\/plugins\/seo\/ -->\n<title>Berrettini, al terzo turno a Parigi. Si ferma Fognini - Circolo Canottieri Aniene<\/title>\n<meta name=\"robots\" content=\"index, follow, max-snippet:-1, max-image-preview:large, max-video-preview:-1\" \/>\n<link rel=\"canonical\" href=\"https:\/\/www.ccaniene.com\/it_it\/berrettini-esordio-ok-a-parigi\/\" \/>\n<meta property=\"og:locale\" content=\"it_IT\" \/>\n<meta property=\"og:type\" content=\"article\" \/>\n<meta property=\"og:title\" content=\"Berrettini, al terzo turno a Parigi. Si ferma Fognini - Circolo Canottieri Aniene\" \/>\n<meta property=\"og:description\" content=\"Aspettando Berrettini in campo oggi nel terzo turno di Roland Garros, stop per Fabio Fognini che \u00e8 stato battuto dall&#8217;argentino Federico Delbonis che si \u00e8 imposto per 6-4 6-1 6-3 in 2 ore e 6 minuti. Giornata nera per il ligure, nervoso e discontinuo per tutta la durata della partita, incapace di prendere in mano [&hellip;]\" \/>\n<meta property=\"og:url\" content=\"https:\/\/www.ccaniene.com\/it_it\/berrettini-esordio-ok-a-parigi\/\" \/>\n<meta property=\"og:site_name\" content=\"Circolo Canottieri Aniene\" \/>\n<meta property=\"article:published_time\" content=\"2021-06-01T18:10:57+00:00\" \/>\n<meta property=\"article:modified_time\" content=\"2021-06-04T19:22:29+00:00\" \/>\n<meta property=\"og:image\" content=\"https:\/\/www.ccaniene.com\/wp-content\/uploads\/2021\/06\/222.jpg\" \/>\n\t<meta property=\"og:image:width\" content=\"638\" \/>\n\t<meta property=\"og:image:height\" content=\"425\" \/>\n\t<meta property=\"og:image:type\" content=\"image\/jpeg\" \/>\n<meta name=\"author\" content=\"carlo.san@tin.it\" \/>\n<meta name=\"twitter:card\" content=\"summary_large_image\" \/>\n<meta name=\"twitter:label1\" content=\"Scritto da\" \/>\n\t<meta name=\"twitter:data1\" content=\"carlo.san@tin.it\" \/>\n\t<meta name=\"twitter:label2\" content=\"Tempo di lettura stimato\" \/>\n\t<meta name=\"twitter:data2\" content=\"2 minuti\" \/>\n<script type=\"application\/ld+json\" class=\"yoast-schema-graph\">{\"@context\":\"https:\/\/schema.org\",\"@graph\":[{\"@type\":\"WebPage\",\"@id\":\"https:\/\/www.ccaniene.com\/it_it\/berrettini-esordio-ok-a-parigi\/\",\"url\":\"https:\/\/www.ccaniene.com\/it_it\/berrettini-esordio-ok-a-parigi\/\",\"name\":\"Berrettini, al terzo turno a Parigi. Si ferma Fognini - Circolo Canottieri Aniene\",\"isPartOf\":{\"@id\":\"https:\/\/www.ccaniene.com\/it_it\/#website\"},\"primaryImageOfPage\":{\"@id\":\"https:\/\/www.ccaniene.com\/it_it\/berrettini-esordio-ok-a-parigi\/#primaryimage\"},\"image\":{\"@id\":\"https:\/\/www.ccaniene.com\/it_it\/berrettini-esordio-ok-a-parigi\/#primaryimage\"},\"thumbnailUrl\":\"https:\/\/www.ccaniene.com\/wp-content\/uploads\/2021\/06\/222.jpg\",\"datePublished\":\"2021-06-01T18:10:57+00:00\",\"dateModified\":\"2021-06-04T19:22:29+00:00\",\"author\":{\"@id\":\"https:\/\/www.ccaniene.com\/it_it\/#\/schema\/person\/6042bd0ba360674279dffd4247d570ed\"},\"breadcrumb\":{\"@id\":\"https:\/\/www.ccaniene.com\/it_it\/berrettini-esordio-ok-a-parigi\/#breadcrumb\"},\"inLanguage\":\"it-IT\",\"potentialAction\":[{\"@type\":\"ReadAction\",\"target\":[\"https:\/\/www.ccaniene.com\/it_it\/berrettini-esordio-ok-a-parigi\/\"]}]},{\"@type\":\"ImageObject\",\"inLanguage\":\"it-IT\",\"@id\":\"https:\/\/www.ccaniene.com\/it_it\/berrettini-esordio-ok-a-parigi\/#primaryimage\",\"url\":\"https:\/\/www.ccaniene.com\/wp-content\/uploads\/2021\/06\/222.jpg\",\"contentUrl\":\"https:\/\/www.ccaniene.com\/wp-content\/uploads\/2021\/06\/222.jpg\",\"width\":638,\"height\":425},{\"@type\":\"BreadcrumbList\",\"@id\":\"https:\/\/www.ccaniene.com\/it_it\/berrettini-esordio-ok-a-parigi\/#breadcrumb\",\"itemListElement\":[{\"@type\":\"ListItem\",\"position\":1,\"name\":\"Home\",\"item\":\"https:\/\/www.ccaniene.com\/it_it\/\"},{\"@type\":\"ListItem\",\"position\":2,\"name\":\"Berrettini, al terzo turno a Parigi. Si ferma Fognini\"}]},{\"@type\":\"WebSite\",\"@id\":\"https:\/\/www.ccaniene.com\/it_it\/#website\",\"url\":\"https:\/\/www.ccaniene.com\/it_it\/\",\"name\":\"Circolo Canottieri Aniene\",\"description\":\"Collare d&#039;Oro e Stella d&#039;Oro al Merito Sportivo\",\"potentialAction\":[{\"@type\":\"SearchAction\",\"target\":{\"@type\":\"EntryPoint\",\"urlTemplate\":\"https:\/\/www.ccaniene.com\/it_it\/?s={search_term_string}\"},\"query-input\":{\"@type\":\"PropertyValueSpecification\",\"valueRequired\":true,\"valueName\":\"search_term_string\"}}],\"inLanguage\":\"it-IT\"},{\"@type\":\"Person\",\"@id\":\"https:\/\/www.ccaniene.com\/it_it\/#\/schema\/person\/6042bd0ba360674279dffd4247d570ed\",\"name\":\"carlo.san@tin.it\",\"image\":{\"@type\":\"ImageObject\",\"inLanguage\":\"it-IT\",\"@id\":\"https:\/\/www.ccaniene.com\/it_it\/#\/schema\/person\/image\/\",\"url\":\"https:\/\/secure.gravatar.com\/avatar\/f993a459d0ffe4d666e4c917fef20ca9?s=96&d=mm&r=g\",\"contentUrl\":\"https:\/\/secure.gravatar.com\/avatar\/f993a459d0ffe4d666e4c917fef20ca9?s=96&d=mm&r=g\",\"caption\":\"carlo.san@tin.it\"},\"url\":\"https:\/\/www.ccaniene.com\/it_it\/author\/carlo-santi-2\/\"}]}<\/script>\n<!-- \/ Yoast SEO plugin. -->","yoast_head_json":{"title":"Berrettini, al terzo turno a Parigi. Si ferma Fognini - Circolo Canottieri Aniene","robots":{"index":"index","follow":"follow","max-snippet":"max-snippet:-1","max-image-preview":"max-image-preview:large","max-video-preview":"max-video-preview:-1"},"canonical":"https:\/\/www.ccaniene.com\/it_it\/berrettini-esordio-ok-a-parigi\/","og_locale":"it_IT","og_type":"article","og_title":"Berrettini, al terzo turno a Parigi. Si ferma Fognini - Circolo Canottieri Aniene","og_description":"Aspettando Berrettini in campo oggi nel terzo turno di Roland Garros, stop per Fabio Fognini che \u00e8 stato battuto dall&#8217;argentino Federico Delbonis che si \u00e8 imposto per 6-4 6-1 6-3 in 2 ore e 6 minuti. Giornata nera per il ligure, nervoso e discontinuo per tutta la durata della partita, incapace di prendere in mano [&hellip;]","og_url":"https:\/\/www.ccaniene.com\/it_it\/berrettini-esordio-ok-a-parigi\/","og_site_name":"Circolo Canottieri Aniene","article_published_time":"2021-06-01T18:10:57+00:00","article_modified_time":"2021-06-04T19:22:29+00:00","og_image":[{"width":638,"height":425,"url":"https:\/\/www.ccaniene.com\/wp-content\/uploads\/2021\/06\/222.jpg","type":"image\/jpeg"}],"author":"carlo.san@tin.it","twitter_card":"summary_large_image","twitter_misc":{"Scritto da":"carlo.san@tin.it","Tempo di lettura stimato":"2 minuti"},"schema":{"@context":"https:\/\/schema.org","@graph":[{"@type":"WebPage","@id":"https:\/\/www.ccaniene.com\/it_it\/berrettini-esordio-ok-a-parigi\/","url":"https:\/\/www.ccaniene.com\/it_it\/berrettini-esordio-ok-a-parigi\/","name":"Berrettini, al terzo turno a Parigi. Si ferma Fognini - Circolo Canottieri Aniene","isPartOf":{"@id":"https:\/\/www.ccaniene.com\/it_it\/#website"},"primaryImageOfPage":{"@id":"https:\/\/www.ccaniene.com\/it_it\/berrettini-esordio-ok-a-parigi\/#primaryimage"},"image":{"@id":"https:\/\/www.ccaniene.com\/it_it\/berrettini-esordio-ok-a-parigi\/#primaryimage"},"thumbnailUrl":"https:\/\/www.ccaniene.com\/wp-content\/uploads\/2021\/06\/222.jpg","datePublished":"2021-06-01T18:10:57+00:00","dateModified":"2021-06-04T19:22:29+00:00","author":{"@id":"https:\/\/www.ccaniene.com\/it_it\/#\/schema\/person\/6042bd0ba360674279dffd4247d570ed"},"breadcrumb":{"@id":"https:\/\/www.ccaniene.com\/it_it\/berrettini-esordio-ok-a-parigi\/#breadcrumb"},"inLanguage":"it-IT","potentialAction":[{"@type":"ReadAction","target":["https:\/\/www.ccaniene.com\/it_it\/berrettini-esordio-ok-a-parigi\/"]}]},{"@type":"ImageObject","inLanguage":"it-IT","@id":"https:\/\/www.ccaniene.com\/it_it\/berrettini-esordio-ok-a-parigi\/#primaryimage","url":"https:\/\/www.ccaniene.com\/wp-content\/uploads\/2021\/06\/222.jpg","contentUrl":"https:\/\/www.ccaniene.com\/wp-content\/uploads\/2021\/06\/222.jpg","width":638,"height":425},{"@type":"BreadcrumbList","@id":"https:\/\/www.ccaniene.com\/it_it\/berrettini-esordio-ok-a-parigi\/#breadcrumb","itemListElement":[{"@type":"ListItem","position":1,"name":"Home","item":"https:\/\/www.ccaniene.com\/it_it\/"},{"@type":"ListItem","position":2,"name":"Berrettini, al terzo turno a Parigi. Si ferma Fognini"}]},{"@type":"WebSite","@id":"https:\/\/www.ccaniene.com\/it_it\/#website","url":"https:\/\/www.ccaniene.com\/it_it\/","name":"Circolo Canottieri Aniene","description":"Collare d&#039;Oro e Stella d&#039;Oro al Merito Sportivo","potentialAction":[{"@type":"SearchAction","target":{"@type":"EntryPoint","urlTemplate":"https:\/\/www.ccaniene.com\/it_it\/?s={search_term_string}"},"query-input":{"@type":"PropertyValueSpecification","valueRequired":true,"valueName":"search_term_string"}}],"inLanguage":"it-IT"},{"@type":"Person","@id":"https:\/\/www.ccaniene.com\/it_it\/#\/schema\/person\/6042bd0ba360674279dffd4247d570ed","name":"carlo.san@tin.it","image":{"@type":"ImageObject","inLanguage":"it-IT","@id":"https:\/\/www.ccaniene.com\/it_it\/#\/schema\/person\/image\/","url":"https:\/\/secure.gravatar.com\/avatar\/f993a459d0ffe4d666e4c917fef20ca9?s=96&d=mm&r=g","contentUrl":"https:\/\/secure.gravatar.com\/avatar\/f993a459d0ffe4d666e4c917fef20ca9?s=96&d=mm&r=g","caption":"carlo.san@tin.it"},"url":"https:\/\/www.ccaniene.com\/it_it\/author\/carlo-santi-2\/"}]}},"_links":{"self":[{"href":"https:\/\/www.ccaniene.com\/it_it\/wp-json\/wp\/v2\/posts\/20979"}],"collection":[{"href":"https:\/\/www.ccaniene.com\/it_it\/wp-json\/wp\/v2\/posts"}],"about":[{"href":"https:\/\/www.ccaniene.com\/it_it\/wp-json\/wp\/v2\/types\/post"}],"author":[{"embeddable":true,"href":"https:\/\/www.ccaniene.com\/it_it\/wp-json\/wp\/v2\/users\/23521"}],"replies":[{"embeddable":true,"href":"https:\/\/www.ccaniene.com\/it_it\/wp-json\/wp\/v2\/comments?post=20979"}],"version-history":[{"count":6,"href":"https:\/\/www.ccaniene.com\/it_it\/wp-json\/wp\/v2\/posts\/20979\/revisions"}],"predecessor-version":[{"id":21002,"href":"https:\/\/www.ccaniene.com\/it_it\/wp-json\/wp\/v2\/posts\/20979\/revisions\/21002"}],"wp:featuredmedia":[{"embeddable":true,"href":"https:\/\/www.ccaniene.com\/it_it\/wp-json\/wp\/v2\/media\/20980"}],"wp:attachment":[{"href":"https:\/\/www.ccaniene.com\/it_it\/wp-json\/wp\/v2\/media?parent=20979"}],"wp:term":[{"taxonomy":"category","embeddable":true,"href":"https:\/\/www.ccaniene.com\/it_it\/wp-json\/wp\/v2\/categories?post=20979"},{"taxonomy":"post_tag","embeddable":true,"href":"https:\/\/www.ccaniene.com\/it_it\/wp-json\/wp\/v2\/tags?post=20979"}],"curies":[{"name":"wp","href":"https:\/\/api.w.org\/{rel}","templated":true}]}}