{"id":20222,"date":"2021-04-08T20:46:23","date_gmt":"2021-04-08T18:46:23","guid":{"rendered":"https:\/\/www.ccaniene.com\/?p=20222"},"modified":"2021-04-08T20:46:24","modified_gmt":"2021-04-08T18:46:24","slug":"atp-cagliari-i-fratelli-berrettini-giocano-il-doppio-sono-in-semifinale","status":"publish","type":"post","link":"https:\/\/www.ccaniene.com\/it_it\/atp-cagliari-i-fratelli-berrettini-giocano-il-doppio-sono-in-semifinale\/","title":{"rendered":"Atp Cagliari, i fratelli Berrettini giocano il doppio: sono in semifinale"},"content":{"rendered":"\n<p>\u00c8 stato un esordio convincente &#8211; e vincente &#8211; a Cagliari per i fratelli Berrettini. Dopo il successo nel primo turno contro i sudamericano Duran-Pella, i ragazzi dell\u2019Aniene hanno battuto anche gli specialisti del doppio Huey e Nielsen e sono in semifinale.<\/p>\n\n\n\n<p>Nel primo turno del torneo di doppio del Sardegna Open, l\u2019ATO 250 che si sta disputando a Cagliari, i due campioni romani hanno superato la coppia sudamericana Guillermo Duran-Guido Pella per 5-7 6-4 10-8 in 1 ora e 35 minuti di gioco. Nel primo set, a farla da padrone \u00e8 stato il grandissimo equilibrio che sembrava doversi risolvere al tie break. Invece, nel 12esimo gioco, il colpo di scena: pur trovandosi sotto 0-40 e costretta ad annullare tre palle break, la coppia romana dell\u2019Aniene ha dovuto arrendersi alla quarta che, di fatto, \u00e8 stata quella che ha indirizzato il set al 7-5 finale.<\/p>\n\n\n\n<p>Immediata la reazione. Nel secondo set, quando nel terzo gioco gli argentini hanno perso il servizio. Duran e Pella sono riusciti a recuperare per poi subire di nuovo il break nel settimo game che ha permesso ai nostri giocatori di rimettere la partita in parit\u00e0 (6-4).<\/p>\n\n\n\n<p>Al super tie-break, dopo un equilibrio iniziale rotto da un mini break sul 5-4, i fratelli Berrettini sono riusciti a mantenere fino a chiudere il risultato e la partita sul 10-8.<\/p>\n\n\n\n<p>Matteo e Jacopo si sono poi qualificati per le semifinali in un tabellone che si sta facendo tutto italiano. Difatti, al penultimo atto gli sfidanti dei Berrettini saranno Simone Bolelli e l\u2019argentino Andres Molteni.<\/p>\n\n\n\n<p>Il punteggio finale del match che ha fatto approdare in semifinale i Berrettini ha visto i giocatori dell\u2019Aniene battere la coppia Tret Huey (Filippine)-Frederik Nielsen (Danimarca), due esperti del doppio, 7-6(5) 6-3. Da ricordare che Nielsen ha nel proprio palmares la vittoria a Wimbledon nel 2012 insieme al britannico Jonathan Marray.<\/p>\n\n\n\n<p>L\u2019incontro si \u00e8 caratterizzato per la presenza di soli tre break, due nel primo set e uno nel secondo, ed \u00e8 durato un\u2019ora e 21 minuti.<\/p>\n\n\n\n<p>\u00abSono al Sardegna Open per saggiare le mie condizioni, spero di essere al top per Roma &#8211; ha detto Matteo &#8211; Sono qui a Cagliari principalmente per testare la mia condizione fisica e capire se sono pronto anche per rientrare in singolare\u00bb.<\/p>\n\n\n\n<p>Matteo Berrettini ha deciso di rientrare nel circuito a due mesi dall\u2019infortunio agli addominali che lo ha costretto al ritiro dagli Australian Open. Lo ha fatto giocando in doppio con il fratello Jacopo che sta disputando i suoi primi match sul circuito ATP.<\/p>\n\n\n\n<p>Matteo Berrettini dopo Cagliari torner\u00e0 in campo in singolare al Masters 1000 di Montecarlo dove avr\u00e0 anche la possibilit\u00e0 di usufruire di un bye al primo turno viste le rinunce di Roger Federer e di Dominic Thiem.<\/p>\n","protected":false},"excerpt":{"rendered":"<p>\u00c8 stato un esordio convincente &#8211; e vincente &#8211; a Cagliari per i fratelli Berrettini. Dopo il successo nel primo turno contro i sudamericano Duran-Pella, i ragazzi dell\u2019Aniene hanno battuto anche gli specialisti del doppio Huey e Nielsen e sono in semifinale. Nel primo turno del torneo di doppio del Sardegna Open, l\u2019ATO 250 che [&hellip;]<\/p>\n","protected":false},"author":23521,"featured_media":20223,"comment_status":"closed","ping_status":"closed","sticky":false,"template":"","format":"standard","meta":{"pmpro_default_level":0,"footnotes":"","_links_to":"","_links_to_target":""},"categories":[1,10],"tags":[],"class_list":["post-20222","post","type-post","status-publish","format-standard","has-post-thumbnail","hentry","category-news","category-tennis","pmpro-has-access"],"featured_image_urls":{"medium":"https:\/\/www.ccaniene.com\/wp-content\/uploads\/2021\/04\/matteojacopo-800x642.jpg","large":"https:\/\/www.ccaniene.com\/wp-content\/uploads\/2021\/04\/matteojacopo-1920x1540.jpg","thumbnail":"https:\/\/www.ccaniene.com\/wp-content\/uploads\/2021\/04\/matteojacopo-400x400.jpg","medium_large":"https:\/\/www.ccaniene.com\/wp-content\/uploads\/2021\/04\/matteojacopo-768x616.jpg","1536x1536":"https:\/\/www.ccaniene.com\/wp-content\/uploads\/2021\/04\/matteojacopo-1536x1232.jpg","2048x2048":"https:\/\/www.ccaniene.com\/wp-content\/uploads\/2021\/04\/matteojacopo-2048x1643.jpg","slider":"https:\/\/www.ccaniene.com\/wp-content\/uploads\/2021\/04\/matteojacopo-1920x1080.jpg"},"appp_media":null,"yoast_head":"<!-- This site is optimized with the Yoast SEO plugin v23.6 - https:\/\/yoast.com\/wordpress\/plugins\/seo\/ -->\n<title>Atp Cagliari, i fratelli Berrettini giocano il doppio: sono in semifinale - Circolo Canottieri Aniene<\/title>\n<meta name=\"robots\" content=\"index, follow, max-snippet:-1, max-image-preview:large, max-video-preview:-1\" \/>\n<link rel=\"canonical\" href=\"https:\/\/www.ccaniene.com\/it_it\/atp-cagliari-i-fratelli-berrettini-giocano-il-doppio-sono-in-semifinale\/\" \/>\n<meta property=\"og:locale\" content=\"it_IT\" \/>\n<meta property=\"og:type\" content=\"article\" \/>\n<meta property=\"og:title\" content=\"Atp Cagliari, i fratelli Berrettini giocano il doppio: sono in semifinale - Circolo Canottieri Aniene\" \/>\n<meta property=\"og:description\" content=\"\u00c8 stato un esordio convincente &#8211; e vincente &#8211; a Cagliari per i fratelli Berrettini. Dopo il successo nel primo turno contro i sudamericano Duran-Pella, i ragazzi dell\u2019Aniene hanno battuto anche gli specialisti del doppio Huey e Nielsen e sono in semifinale. Nel primo turno del torneo di doppio del Sardegna Open, l\u2019ATO 250 che [&hellip;]\" \/>\n<meta property=\"og:url\" content=\"https:\/\/www.ccaniene.com\/it_it\/atp-cagliari-i-fratelli-berrettini-giocano-il-doppio-sono-in-semifinale\/\" \/>\n<meta property=\"og:site_name\" content=\"Circolo Canottieri Aniene\" \/>\n<meta property=\"article:published_time\" content=\"2021-04-08T18:46:23+00:00\" \/>\n<meta property=\"article:modified_time\" content=\"2021-04-08T18:46:24+00:00\" \/>\n<meta property=\"og:image\" content=\"https:\/\/www.ccaniene.com\/wp-content\/uploads\/2021\/04\/matteojacopo-scaled.jpg\" \/>\n\t<meta property=\"og:image:width\" content=\"2560\" \/>\n\t<meta property=\"og:image:height\" content=\"2053\" \/>\n\t<meta property=\"og:image:type\" content=\"image\/jpeg\" \/>\n<meta name=\"author\" content=\"carlo.san@tin.it\" \/>\n<meta name=\"twitter:card\" content=\"summary_large_image\" \/>\n<meta name=\"twitter:label1\" content=\"Scritto da\" \/>\n\t<meta name=\"twitter:data1\" content=\"carlo.san@tin.it\" \/>\n\t<meta name=\"twitter:label2\" content=\"Tempo di lettura stimato\" \/>\n\t<meta name=\"twitter:data2\" content=\"2 minuti\" \/>\n<script type=\"application\/ld+json\" class=\"yoast-schema-graph\">{\"@context\":\"https:\/\/schema.org\",\"@graph\":[{\"@type\":\"WebPage\",\"@id\":\"https:\/\/www.ccaniene.com\/it_it\/atp-cagliari-i-fratelli-berrettini-giocano-il-doppio-sono-in-semifinale\/\",\"url\":\"https:\/\/www.ccaniene.com\/it_it\/atp-cagliari-i-fratelli-berrettini-giocano-il-doppio-sono-in-semifinale\/\",\"name\":\"Atp Cagliari, i fratelli Berrettini giocano il doppio: sono in semifinale - Circolo Canottieri Aniene\",\"isPartOf\":{\"@id\":\"https:\/\/www.ccaniene.com\/it_it\/#website\"},\"primaryImageOfPage\":{\"@id\":\"https:\/\/www.ccaniene.com\/it_it\/atp-cagliari-i-fratelli-berrettini-giocano-il-doppio-sono-in-semifinale\/#primaryimage\"},\"image\":{\"@id\":\"https:\/\/www.ccaniene.com\/it_it\/atp-cagliari-i-fratelli-berrettini-giocano-il-doppio-sono-in-semifinale\/#primaryimage\"},\"thumbnailUrl\":\"https:\/\/www.ccaniene.com\/wp-content\/uploads\/2021\/04\/matteojacopo-scaled.jpg\",\"datePublished\":\"2021-04-08T18:46:23+00:00\",\"dateModified\":\"2021-04-08T18:46:24+00:00\",\"author\":{\"@id\":\"https:\/\/www.ccaniene.com\/it_it\/#\/schema\/person\/6042bd0ba360674279dffd4247d570ed\"},\"breadcrumb\":{\"@id\":\"https:\/\/www.ccaniene.com\/it_it\/atp-cagliari-i-fratelli-berrettini-giocano-il-doppio-sono-in-semifinale\/#breadcrumb\"},\"inLanguage\":\"it-IT\",\"potentialAction\":[{\"@type\":\"ReadAction\",\"target\":[\"https:\/\/www.ccaniene.com\/it_it\/atp-cagliari-i-fratelli-berrettini-giocano-il-doppio-sono-in-semifinale\/\"]}]},{\"@type\":\"ImageObject\",\"inLanguage\":\"it-IT\",\"@id\":\"https:\/\/www.ccaniene.com\/it_it\/atp-cagliari-i-fratelli-berrettini-giocano-il-doppio-sono-in-semifinale\/#primaryimage\",\"url\":\"https:\/\/www.ccaniene.com\/wp-content\/uploads\/2021\/04\/matteojacopo-scaled.jpg\",\"contentUrl\":\"https:\/\/www.ccaniene.com\/wp-content\/uploads\/2021\/04\/matteojacopo-scaled.jpg\",\"width\":2560,\"height\":2053},{\"@type\":\"BreadcrumbList\",\"@id\":\"https:\/\/www.ccaniene.com\/it_it\/atp-cagliari-i-fratelli-berrettini-giocano-il-doppio-sono-in-semifinale\/#breadcrumb\",\"itemListElement\":[{\"@type\":\"ListItem\",\"position\":1,\"name\":\"Home\",\"item\":\"https:\/\/www.ccaniene.com\/it_it\/\"},{\"@type\":\"ListItem\",\"position\":2,\"name\":\"Atp Cagliari, i fratelli Berrettini giocano il doppio: sono in semifinale\"}]},{\"@type\":\"WebSite\",\"@id\":\"https:\/\/www.ccaniene.com\/it_it\/#website\",\"url\":\"https:\/\/www.ccaniene.com\/it_it\/\",\"name\":\"Circolo Canottieri Aniene\",\"description\":\"Collare d&#039;Oro e Stella d&#039;Oro al Merito Sportivo\",\"potentialAction\":[{\"@type\":\"SearchAction\",\"target\":{\"@type\":\"EntryPoint\",\"urlTemplate\":\"https:\/\/www.ccaniene.com\/it_it\/?s={search_term_string}\"},\"query-input\":{\"@type\":\"PropertyValueSpecification\",\"valueRequired\":true,\"valueName\":\"search_term_string\"}}],\"inLanguage\":\"it-IT\"},{\"@type\":\"Person\",\"@id\":\"https:\/\/www.ccaniene.com\/it_it\/#\/schema\/person\/6042bd0ba360674279dffd4247d570ed\",\"name\":\"carlo.san@tin.it\",\"image\":{\"@type\":\"ImageObject\",\"inLanguage\":\"it-IT\",\"@id\":\"https:\/\/www.ccaniene.com\/it_it\/#\/schema\/person\/image\/\",\"url\":\"https:\/\/secure.gravatar.com\/avatar\/f993a459d0ffe4d666e4c917fef20ca9?s=96&d=mm&r=g\",\"contentUrl\":\"https:\/\/secure.gravatar.com\/avatar\/f993a459d0ffe4d666e4c917fef20ca9?s=96&d=mm&r=g\",\"caption\":\"carlo.san@tin.it\"},\"url\":\"https:\/\/www.ccaniene.com\/it_it\/author\/carlo-santi-2\/\"}]}<\/script>\n<!-- \/ Yoast SEO plugin. -->","yoast_head_json":{"title":"Atp Cagliari, i fratelli Berrettini giocano il doppio: sono in semifinale - Circolo Canottieri Aniene","robots":{"index":"index","follow":"follow","max-snippet":"max-snippet:-1","max-image-preview":"max-image-preview:large","max-video-preview":"max-video-preview:-1"},"canonical":"https:\/\/www.ccaniene.com\/it_it\/atp-cagliari-i-fratelli-berrettini-giocano-il-doppio-sono-in-semifinale\/","og_locale":"it_IT","og_type":"article","og_title":"Atp Cagliari, i fratelli Berrettini giocano il doppio: sono in semifinale - Circolo Canottieri Aniene","og_description":"\u00c8 stato un esordio convincente &#8211; e vincente &#8211; a Cagliari per i fratelli Berrettini. Dopo il successo nel primo turno contro i sudamericano Duran-Pella, i ragazzi dell\u2019Aniene hanno battuto anche gli specialisti del doppio Huey e Nielsen e sono in semifinale. Nel primo turno del torneo di doppio del Sardegna Open, l\u2019ATO 250 che [&hellip;]","og_url":"https:\/\/www.ccaniene.com\/it_it\/atp-cagliari-i-fratelli-berrettini-giocano-il-doppio-sono-in-semifinale\/","og_site_name":"Circolo Canottieri Aniene","article_published_time":"2021-04-08T18:46:23+00:00","article_modified_time":"2021-04-08T18:46:24+00:00","og_image":[{"width":2560,"height":2053,"url":"https:\/\/www.ccaniene.com\/wp-content\/uploads\/2021\/04\/matteojacopo-scaled.jpg","type":"image\/jpeg"}],"author":"carlo.san@tin.it","twitter_card":"summary_large_image","twitter_misc":{"Scritto da":"carlo.san@tin.it","Tempo di lettura stimato":"2 minuti"},"schema":{"@context":"https:\/\/schema.org","@graph":[{"@type":"WebPage","@id":"https:\/\/www.ccaniene.com\/it_it\/atp-cagliari-i-fratelli-berrettini-giocano-il-doppio-sono-in-semifinale\/","url":"https:\/\/www.ccaniene.com\/it_it\/atp-cagliari-i-fratelli-berrettini-giocano-il-doppio-sono-in-semifinale\/","name":"Atp Cagliari, i fratelli Berrettini giocano il doppio: sono in semifinale - Circolo Canottieri Aniene","isPartOf":{"@id":"https:\/\/www.ccaniene.com\/it_it\/#website"},"primaryImageOfPage":{"@id":"https:\/\/www.ccaniene.com\/it_it\/atp-cagliari-i-fratelli-berrettini-giocano-il-doppio-sono-in-semifinale\/#primaryimage"},"image":{"@id":"https:\/\/www.ccaniene.com\/it_it\/atp-cagliari-i-fratelli-berrettini-giocano-il-doppio-sono-in-semifinale\/#primaryimage"},"thumbnailUrl":"https:\/\/www.ccaniene.com\/wp-content\/uploads\/2021\/04\/matteojacopo-scaled.jpg","datePublished":"2021-04-08T18:46:23+00:00","dateModified":"2021-04-08T18:46:24+00:00","author":{"@id":"https:\/\/www.ccaniene.com\/it_it\/#\/schema\/person\/6042bd0ba360674279dffd4247d570ed"},"breadcrumb":{"@id":"https:\/\/www.ccaniene.com\/it_it\/atp-cagliari-i-fratelli-berrettini-giocano-il-doppio-sono-in-semifinale\/#breadcrumb"},"inLanguage":"it-IT","potentialAction":[{"@type":"ReadAction","target":["https:\/\/www.ccaniene.com\/it_it\/atp-cagliari-i-fratelli-berrettini-giocano-il-doppio-sono-in-semifinale\/"]}]},{"@type":"ImageObject","inLanguage":"it-IT","@id":"https:\/\/www.ccaniene.com\/it_it\/atp-cagliari-i-fratelli-berrettini-giocano-il-doppio-sono-in-semifinale\/#primaryimage","url":"https:\/\/www.ccaniene.com\/wp-content\/uploads\/2021\/04\/matteojacopo-scaled.jpg","contentUrl":"https:\/\/www.ccaniene.com\/wp-content\/uploads\/2021\/04\/matteojacopo-scaled.jpg","width":2560,"height":2053},{"@type":"BreadcrumbList","@id":"https:\/\/www.ccaniene.com\/it_it\/atp-cagliari-i-fratelli-berrettini-giocano-il-doppio-sono-in-semifinale\/#breadcrumb","itemListElement":[{"@type":"ListItem","position":1,"name":"Home","item":"https:\/\/www.ccaniene.com\/it_it\/"},{"@type":"ListItem","position":2,"name":"Atp Cagliari, i fratelli Berrettini giocano il doppio: sono in semifinale"}]},{"@type":"WebSite","@id":"https:\/\/www.ccaniene.com\/it_it\/#website","url":"https:\/\/www.ccaniene.com\/it_it\/","name":"Circolo Canottieri Aniene","description":"Collare d&#039;Oro e Stella d&#039;Oro al Merito Sportivo","potentialAction":[{"@type":"SearchAction","target":{"@type":"EntryPoint","urlTemplate":"https:\/\/www.ccaniene.com\/it_it\/?s={search_term_string}"},"query-input":{"@type":"PropertyValueSpecification","valueRequired":true,"valueName":"search_term_string"}}],"inLanguage":"it-IT"},{"@type":"Person","@id":"https:\/\/www.ccaniene.com\/it_it\/#\/schema\/person\/6042bd0ba360674279dffd4247d570ed","name":"carlo.san@tin.it","image":{"@type":"ImageObject","inLanguage":"it-IT","@id":"https:\/\/www.ccaniene.com\/it_it\/#\/schema\/person\/image\/","url":"https:\/\/secure.gravatar.com\/avatar\/f993a459d0ffe4d666e4c917fef20ca9?s=96&d=mm&r=g","contentUrl":"https:\/\/secure.gravatar.com\/avatar\/f993a459d0ffe4d666e4c917fef20ca9?s=96&d=mm&r=g","caption":"carlo.san@tin.it"},"url":"https:\/\/www.ccaniene.com\/it_it\/author\/carlo-santi-2\/"}]}},"_links":{"self":[{"href":"https:\/\/www.ccaniene.com\/it_it\/wp-json\/wp\/v2\/posts\/20222"}],"collection":[{"href":"https:\/\/www.ccaniene.com\/it_it\/wp-json\/wp\/v2\/posts"}],"about":[{"href":"https:\/\/www.ccaniene.com\/it_it\/wp-json\/wp\/v2\/types\/post"}],"author":[{"embeddable":true,"href":"https:\/\/www.ccaniene.com\/it_it\/wp-json\/wp\/v2\/users\/23521"}],"replies":[{"embeddable":true,"href":"https:\/\/www.ccaniene.com\/it_it\/wp-json\/wp\/v2\/comments?post=20222"}],"version-history":[{"count":1,"href":"https:\/\/www.ccaniene.com\/it_it\/wp-json\/wp\/v2\/posts\/20222\/revisions"}],"predecessor-version":[{"id":20225,"href":"https:\/\/www.ccaniene.com\/it_it\/wp-json\/wp\/v2\/posts\/20222\/revisions\/20225"}],"wp:featuredmedia":[{"embeddable":true,"href":"https:\/\/www.ccaniene.com\/it_it\/wp-json\/wp\/v2\/media\/20223"}],"wp:attachment":[{"href":"https:\/\/www.ccaniene.com\/it_it\/wp-json\/wp\/v2\/media?parent=20222"}],"wp:term":[{"taxonomy":"category","embeddable":true,"href":"https:\/\/www.ccaniene.com\/it_it\/wp-json\/wp\/v2\/categories?post=20222"},{"taxonomy":"post_tag","embeddable":true,"href":"https:\/\/www.ccaniene.com\/it_it\/wp-json\/wp\/v2\/tags?post=20222"}],"curies":[{"name":"wp","href":"https:\/\/api.w.org\/{rel}","templated":true}]}}