{"id":19912,"date":"2021-02-28T21:56:38","date_gmt":"2021-02-28T20:56:38","guid":{"rendered":"https:\/\/www.ccaniene.com\/?p=19912"},"modified":"2021-03-05T12:18:52","modified_gmt":"2021-03-05T11:18:52","slug":"nuoto-campionati-italiani-a-lignanoaniene-protagonista-con-otto-medaglie","status":"publish","type":"post","link":"https:\/\/www.ccaniene.com\/it_it\/nuoto-campionati-italiani-a-lignanoaniene-protagonista-con-otto-medaglie\/","title":{"rendered":"Nuoto, campionati italiani a Lignano:<br>Aniene protagonista con otto medaglie"},"content":{"rendered":"<p>Ritornano le competizioni. Dopo quindici lunghissimi mesi il nuoto paralimpico ha ripreso l\u2019attivit\u00e0 con la disputa, a Lignano Sabbiadoro, dei campionati italiani Assoluti Invernali, edizione numero 14. Proprio a Lignano dove, esattamente un anno fa, era stata presa la sofferta ma inevitabile decisione di annullare la tappa casalinga delle World Series. Era il primo atto che di fatto sanciva l\u2019entrata in un periodo dove la precariet\u00e0 e l\u2019incertezza si facevano largo e giocoforza si candidavano a protagonisti ben poco amati della nostra quotidianit\u00e0, sportiva e non.<\/p>\n<p>Da febbraio 2020 a febbraio 2021, da Lignano a Lignano, la FINP ha deciso di rialzare la testa e 38 societ\u00e0 sportive rappresentate da un centinaio di paranuotatori hanno risposto uno squillante: presente!<\/p>\n<p>I campionati italiani hanno visto migliorare due record del mondo, due record europei e otto nuovi record italiani assoluti. Risposta eloquente e chiara della voglia di riprendere a competere a livello internazionale da parte nei nostri atleti.<\/p>\n<p>Sono stati, quelli di Lignano, due giorni intensi ed emozionanti pur fra le mille difficolt\u00e0 che il rigido rispetto dei protocolli ha imposto a doverosa garanzia della salute di tutti. Nella cornice di una efficientissima e attenta organizzazione, il Circolo Canottieri Aniene ha risposto da par suo. I nostri quattro atleti hanno conquistato ben sei medaglie d\u2019oro e due d\u2019argento nelle otto gare disputate.<\/p>\n<p>I due successi sono arrivati dalla primatista europea Alessia Scortechini che pur in pieno carico ha dominato 100 farfalla e 50 stile libero con un crono in quest\u2019ultima gara (28\u201d99) a pochi decimi dal suo record italiano. Due titoli anche per Riccardo Menciotti che ha avvicinato i personali sia nei 100 dorso (1\u201901\u201d84, a meno di un secondo dal tempo che gli \u00e8 valso il bronzo nell\u2019ultimo mondiale) che nei 100 farfalla (1\u201900\u201d17). In grande ripresa anche Simone Ciulli che ha conquistato i due argenti. Nei 50 stile libero Simone si \u00e8 fermato a 5 decimi dal crono che a Londra gli \u00e8 valsa la terza piazza ai Mondiali 2019 e, grazie ai grandi lavori di resistenza di questo periodo, \u00e8 stato secondo anche nei 100 farfalla.<\/p>\n<p>Gli ultimi due ori sono stati conquistati da Karim Gouda che li ha impreziositi con uno splendido record italiano assoluto nei 100 dorso &#8211; per lui \u00e8 il quinto primato nei primi due mesi dell\u2019anno. Il nostro atleta in sole tre settimane ha migliorato di quasi 2 secondi l\u20191\u201918\u201d16 stabilito il 7 febbraio a Bologna (tempo con cui aveva centrato il minimo per Tokyo 2020), con un passaggio molto aggressivo ai 50 (36\u201d01). Karim ha fermato il cronometro a 1\u201916\u201d23, seconda prestazione mondiale dell\u2019anno e se questo dato al momento \u00e8 poco significativo per l\u2019esiguo numero di gare disputate lo \u00e8 certo di pi\u00f9 il settimo posto nel ranking 2020.<\/p>\n<p>Oltre a questo, Karim si \u00e8 concesso anche il suo primo titolo assoluto nei 100 farfalla con tanto di primato personale aggiornato a 1\u201920\u201d24. Tra sei settimane sar\u00e0 ancora Lignano, stavolta per la tappa italiana delle World Series per riallacciare definitivamente quel filo rosso che attraverso gli Europei di Madeira deve portarci a Tokyo.<\/p>\n<p>Il conto alla rovescia \u00e8 ufficialmente iniziato.<\/p>\n","protected":false},"excerpt":{"rendered":"<p>Ritornano le competizioni. Dopo quindici lunghissimi mesi il nuoto paralimpico ha ripreso l\u2019attivit\u00e0 con la disputa, a Lignano Sabbiadoro, dei campionati italiani Assoluti Invernali, edizione numero 14. Proprio a Lignano dove, esattamente un anno fa, era stata presa la sofferta ma inevitabile decisione di annullare la tappa casalinga delle World Series. Era il primo atto [&hellip;]<\/p>\n","protected":false},"author":23521,"featured_media":19918,"comment_status":"closed","ping_status":"closed","sticky":false,"template":"","format":"standard","meta":{"pmpro_default_level":0,"footnotes":"","_links_to":"","_links_to_target":""},"categories":[1,46],"tags":[],"class_list":["post-19912","post","type-post","status-publish","format-standard","has-post-thumbnail","hentry","category-news","category-sport-paralimpici","pmpro-has-access"],"featured_image_urls":{"medium":"https:\/\/www.ccaniene.com\/wp-content\/uploads\/2021\/02\/nuoto-lignano-800x450.jpg","thumbnail":"https:\/\/www.ccaniene.com\/wp-content\/uploads\/2021\/02\/nuoto-lignano-400x400.jpg","medium_large":"https:\/\/www.ccaniene.com\/wp-content\/uploads\/2021\/02\/nuoto-lignano-768x432.jpg"},"appp_media":null,"yoast_head":"<!-- This site is optimized with the Yoast SEO plugin v23.6 - https:\/\/yoast.com\/wordpress\/plugins\/seo\/ -->\n<title>Nuoto, campionati italiani a Lignano:Aniene protagonista con otto medaglie - Circolo Canottieri Aniene<\/title>\n<meta name=\"robots\" content=\"index, follow, max-snippet:-1, max-image-preview:large, max-video-preview:-1\" \/>\n<link rel=\"canonical\" href=\"https:\/\/www.ccaniene.com\/it_it\/nuoto-campionati-italiani-a-lignanoaniene-protagonista-con-otto-medaglie\/\" \/>\n<meta property=\"og:locale\" content=\"it_IT\" \/>\n<meta property=\"og:type\" content=\"article\" \/>\n<meta property=\"og:title\" content=\"Nuoto, campionati italiani a Lignano:Aniene protagonista con otto medaglie - Circolo Canottieri Aniene\" \/>\n<meta property=\"og:description\" content=\"Ritornano le competizioni. Dopo quindici lunghissimi mesi il nuoto paralimpico ha ripreso l\u2019attivit\u00e0 con la disputa, a Lignano Sabbiadoro, dei campionati italiani Assoluti Invernali, edizione numero 14. Proprio a Lignano dove, esattamente un anno fa, era stata presa la sofferta ma inevitabile decisione di annullare la tappa casalinga delle World Series. Era il primo atto [&hellip;]\" \/>\n<meta property=\"og:url\" content=\"https:\/\/www.ccaniene.com\/it_it\/nuoto-campionati-italiani-a-lignanoaniene-protagonista-con-otto-medaglie\/\" \/>\n<meta property=\"og:site_name\" content=\"Circolo Canottieri Aniene\" \/>\n<meta property=\"article:published_time\" content=\"2021-02-28T20:56:38+00:00\" \/>\n<meta property=\"article:modified_time\" content=\"2021-03-05T11:18:52+00:00\" \/>\n<meta property=\"og:image\" content=\"https:\/\/www.ccaniene.com\/wp-content\/uploads\/2021\/02\/nuoto-lignano.jpg\" \/>\n\t<meta property=\"og:image:width\" content=\"1417\" \/>\n\t<meta property=\"og:image:height\" content=\"797\" \/>\n\t<meta property=\"og:image:type\" content=\"image\/jpeg\" \/>\n<meta name=\"author\" content=\"carlo.san@tin.it\" \/>\n<meta name=\"twitter:card\" content=\"summary_large_image\" \/>\n<meta name=\"twitter:label1\" content=\"Scritto da\" \/>\n\t<meta name=\"twitter:data1\" content=\"carlo.san@tin.it\" \/>\n\t<meta name=\"twitter:label2\" content=\"Tempo di lettura stimato\" \/>\n\t<meta name=\"twitter:data2\" content=\"3 minuti\" \/>\n<script type=\"application\/ld+json\" class=\"yoast-schema-graph\">{\"@context\":\"https:\/\/schema.org\",\"@graph\":[{\"@type\":\"WebPage\",\"@id\":\"https:\/\/www.ccaniene.com\/it_it\/nuoto-campionati-italiani-a-lignanoaniene-protagonista-con-otto-medaglie\/\",\"url\":\"https:\/\/www.ccaniene.com\/it_it\/nuoto-campionati-italiani-a-lignanoaniene-protagonista-con-otto-medaglie\/\",\"name\":\"Nuoto, campionati italiani a Lignano: Aniene protagonista con otto medaglie - Circolo Canottieri Aniene\",\"isPartOf\":{\"@id\":\"http:\/\/www.ccaniene.com\/it_it\/#website\"},\"primaryImageOfPage\":{\"@id\":\"https:\/\/www.ccaniene.com\/it_it\/nuoto-campionati-italiani-a-lignanoaniene-protagonista-con-otto-medaglie\/#primaryimage\"},\"image\":{\"@id\":\"https:\/\/www.ccaniene.com\/it_it\/nuoto-campionati-italiani-a-lignanoaniene-protagonista-con-otto-medaglie\/#primaryimage\"},\"thumbnailUrl\":\"https:\/\/www.ccaniene.com\/wp-content\/uploads\/2021\/02\/nuoto-lignano.jpg\",\"datePublished\":\"2021-02-28T20:56:38+00:00\",\"dateModified\":\"2021-03-05T11:18:52+00:00\",\"author\":{\"@id\":\"http:\/\/www.ccaniene.com\/it_it\/#\/schema\/person\/6042bd0ba360674279dffd4247d570ed\"},\"breadcrumb\":{\"@id\":\"https:\/\/www.ccaniene.com\/it_it\/nuoto-campionati-italiani-a-lignanoaniene-protagonista-con-otto-medaglie\/#breadcrumb\"},\"inLanguage\":\"it-IT\",\"potentialAction\":[{\"@type\":\"ReadAction\",\"target\":[\"https:\/\/www.ccaniene.com\/it_it\/nuoto-campionati-italiani-a-lignanoaniene-protagonista-con-otto-medaglie\/\"]}]},{\"@type\":\"ImageObject\",\"inLanguage\":\"it-IT\",\"@id\":\"https:\/\/www.ccaniene.com\/it_it\/nuoto-campionati-italiani-a-lignanoaniene-protagonista-con-otto-medaglie\/#primaryimage\",\"url\":\"https:\/\/www.ccaniene.com\/wp-content\/uploads\/2021\/02\/nuoto-lignano.jpg\",\"contentUrl\":\"https:\/\/www.ccaniene.com\/wp-content\/uploads\/2021\/02\/nuoto-lignano.jpg\",\"width\":1417,\"height\":797},{\"@type\":\"BreadcrumbList\",\"@id\":\"https:\/\/www.ccaniene.com\/it_it\/nuoto-campionati-italiani-a-lignanoaniene-protagonista-con-otto-medaglie\/#breadcrumb\",\"itemListElement\":[{\"@type\":\"ListItem\",\"position\":1,\"name\":\"Home\",\"item\":\"http:\/\/www.ccaniene.com\/it_it\/\"},{\"@type\":\"ListItem\",\"position\":2,\"name\":\"Nuoto, campionati italiani a Lignano:Aniene protagonista con otto medaglie\"}]},{\"@type\":\"WebSite\",\"@id\":\"http:\/\/www.ccaniene.com\/it_it\/#website\",\"url\":\"http:\/\/www.ccaniene.com\/it_it\/\",\"name\":\"Circolo Canottieri Aniene\",\"description\":\"Collare d&#039;Oro e Stella d&#039;Oro al Merito Sportivo\",\"potentialAction\":[{\"@type\":\"SearchAction\",\"target\":{\"@type\":\"EntryPoint\",\"urlTemplate\":\"http:\/\/www.ccaniene.com\/it_it\/?s={search_term_string}\"},\"query-input\":{\"@type\":\"PropertyValueSpecification\",\"valueRequired\":true,\"valueName\":\"search_term_string\"}}],\"inLanguage\":\"it-IT\"},{\"@type\":\"Person\",\"@id\":\"http:\/\/www.ccaniene.com\/it_it\/#\/schema\/person\/6042bd0ba360674279dffd4247d570ed\",\"name\":\"carlo.san@tin.it\",\"image\":{\"@type\":\"ImageObject\",\"inLanguage\":\"it-IT\",\"@id\":\"http:\/\/www.ccaniene.com\/it_it\/#\/schema\/person\/image\/\",\"url\":\"https:\/\/secure.gravatar.com\/avatar\/f993a459d0ffe4d666e4c917fef20ca9?s=96&d=mm&r=g\",\"contentUrl\":\"https:\/\/secure.gravatar.com\/avatar\/f993a459d0ffe4d666e4c917fef20ca9?s=96&d=mm&r=g\",\"caption\":\"carlo.san@tin.it\"},\"url\":\"https:\/\/www.ccaniene.com\/it_it\/author\/carlo-santi-2\/\"}]}<\/script>\n<!-- \/ Yoast SEO plugin. -->","yoast_head_json":{"title":"Nuoto, campionati italiani a Lignano:Aniene protagonista con otto medaglie - Circolo Canottieri Aniene","robots":{"index":"index","follow":"follow","max-snippet":"max-snippet:-1","max-image-preview":"max-image-preview:large","max-video-preview":"max-video-preview:-1"},"canonical":"https:\/\/www.ccaniene.com\/it_it\/nuoto-campionati-italiani-a-lignanoaniene-protagonista-con-otto-medaglie\/","og_locale":"it_IT","og_type":"article","og_title":"Nuoto, campionati italiani a Lignano:Aniene protagonista con otto medaglie - Circolo Canottieri Aniene","og_description":"Ritornano le competizioni. Dopo quindici lunghissimi mesi il nuoto paralimpico ha ripreso l\u2019attivit\u00e0 con la disputa, a Lignano Sabbiadoro, dei campionati italiani Assoluti Invernali, edizione numero 14. Proprio a Lignano dove, esattamente un anno fa, era stata presa la sofferta ma inevitabile decisione di annullare la tappa casalinga delle World Series. Era il primo atto [&hellip;]","og_url":"https:\/\/www.ccaniene.com\/it_it\/nuoto-campionati-italiani-a-lignanoaniene-protagonista-con-otto-medaglie\/","og_site_name":"Circolo Canottieri Aniene","article_published_time":"2021-02-28T20:56:38+00:00","article_modified_time":"2021-03-05T11:18:52+00:00","og_image":[{"width":1417,"height":797,"url":"https:\/\/www.ccaniene.com\/wp-content\/uploads\/2021\/02\/nuoto-lignano.jpg","type":"image\/jpeg"}],"author":"carlo.san@tin.it","twitter_card":"summary_large_image","twitter_misc":{"Scritto da":"carlo.san@tin.it","Tempo di lettura stimato":"3 minuti"},"schema":{"@context":"https:\/\/schema.org","@graph":[{"@type":"WebPage","@id":"https:\/\/www.ccaniene.com\/it_it\/nuoto-campionati-italiani-a-lignanoaniene-protagonista-con-otto-medaglie\/","url":"https:\/\/www.ccaniene.com\/it_it\/nuoto-campionati-italiani-a-lignanoaniene-protagonista-con-otto-medaglie\/","name":"Nuoto, campionati italiani a Lignano: Aniene protagonista con otto medaglie - Circolo Canottieri Aniene","isPartOf":{"@id":"http:\/\/www.ccaniene.com\/it_it\/#website"},"primaryImageOfPage":{"@id":"https:\/\/www.ccaniene.com\/it_it\/nuoto-campionati-italiani-a-lignanoaniene-protagonista-con-otto-medaglie\/#primaryimage"},"image":{"@id":"https:\/\/www.ccaniene.com\/it_it\/nuoto-campionati-italiani-a-lignanoaniene-protagonista-con-otto-medaglie\/#primaryimage"},"thumbnailUrl":"https:\/\/www.ccaniene.com\/wp-content\/uploads\/2021\/02\/nuoto-lignano.jpg","datePublished":"2021-02-28T20:56:38+00:00","dateModified":"2021-03-05T11:18:52+00:00","author":{"@id":"http:\/\/www.ccaniene.com\/it_it\/#\/schema\/person\/6042bd0ba360674279dffd4247d570ed"},"breadcrumb":{"@id":"https:\/\/www.ccaniene.com\/it_it\/nuoto-campionati-italiani-a-lignanoaniene-protagonista-con-otto-medaglie\/#breadcrumb"},"inLanguage":"it-IT","potentialAction":[{"@type":"ReadAction","target":["https:\/\/www.ccaniene.com\/it_it\/nuoto-campionati-italiani-a-lignanoaniene-protagonista-con-otto-medaglie\/"]}]},{"@type":"ImageObject","inLanguage":"it-IT","@id":"https:\/\/www.ccaniene.com\/it_it\/nuoto-campionati-italiani-a-lignanoaniene-protagonista-con-otto-medaglie\/#primaryimage","url":"https:\/\/www.ccaniene.com\/wp-content\/uploads\/2021\/02\/nuoto-lignano.jpg","contentUrl":"https:\/\/www.ccaniene.com\/wp-content\/uploads\/2021\/02\/nuoto-lignano.jpg","width":1417,"height":797},{"@type":"BreadcrumbList","@id":"https:\/\/www.ccaniene.com\/it_it\/nuoto-campionati-italiani-a-lignanoaniene-protagonista-con-otto-medaglie\/#breadcrumb","itemListElement":[{"@type":"ListItem","position":1,"name":"Home","item":"http:\/\/www.ccaniene.com\/it_it\/"},{"@type":"ListItem","position":2,"name":"Nuoto, campionati italiani a Lignano:Aniene protagonista con otto medaglie"}]},{"@type":"WebSite","@id":"http:\/\/www.ccaniene.com\/it_it\/#website","url":"http:\/\/www.ccaniene.com\/it_it\/","name":"Circolo Canottieri Aniene","description":"Collare d&#039;Oro e Stella d&#039;Oro al Merito Sportivo","potentialAction":[{"@type":"SearchAction","target":{"@type":"EntryPoint","urlTemplate":"http:\/\/www.ccaniene.com\/it_it\/?s={search_term_string}"},"query-input":{"@type":"PropertyValueSpecification","valueRequired":true,"valueName":"search_term_string"}}],"inLanguage":"it-IT"},{"@type":"Person","@id":"http:\/\/www.ccaniene.com\/it_it\/#\/schema\/person\/6042bd0ba360674279dffd4247d570ed","name":"carlo.san@tin.it","image":{"@type":"ImageObject","inLanguage":"it-IT","@id":"http:\/\/www.ccaniene.com\/it_it\/#\/schema\/person\/image\/","url":"https:\/\/secure.gravatar.com\/avatar\/f993a459d0ffe4d666e4c917fef20ca9?s=96&d=mm&r=g","contentUrl":"https:\/\/secure.gravatar.com\/avatar\/f993a459d0ffe4d666e4c917fef20ca9?s=96&d=mm&r=g","caption":"carlo.san@tin.it"},"url":"https:\/\/www.ccaniene.com\/it_it\/author\/carlo-santi-2\/"}]}},"_links":{"self":[{"href":"https:\/\/www.ccaniene.com\/it_it\/wp-json\/wp\/v2\/posts\/19912"}],"collection":[{"href":"https:\/\/www.ccaniene.com\/it_it\/wp-json\/wp\/v2\/posts"}],"about":[{"href":"https:\/\/www.ccaniene.com\/it_it\/wp-json\/wp\/v2\/types\/post"}],"author":[{"embeddable":true,"href":"https:\/\/www.ccaniene.com\/it_it\/wp-json\/wp\/v2\/users\/23521"}],"replies":[{"embeddable":true,"href":"https:\/\/www.ccaniene.com\/it_it\/wp-json\/wp\/v2\/comments?post=19912"}],"version-history":[{"count":3,"href":"https:\/\/www.ccaniene.com\/it_it\/wp-json\/wp\/v2\/posts\/19912\/revisions"}],"predecessor-version":[{"id":19915,"href":"https:\/\/www.ccaniene.com\/it_it\/wp-json\/wp\/v2\/posts\/19912\/revisions\/19915"}],"wp:featuredmedia":[{"embeddable":true,"href":"https:\/\/www.ccaniene.com\/it_it\/wp-json\/wp\/v2\/media\/19918"}],"wp:attachment":[{"href":"https:\/\/www.ccaniene.com\/it_it\/wp-json\/wp\/v2\/media?parent=19912"}],"wp:term":[{"taxonomy":"category","embeddable":true,"href":"https:\/\/www.ccaniene.com\/it_it\/wp-json\/wp\/v2\/categories?post=19912"},{"taxonomy":"post_tag","embeddable":true,"href":"https:\/\/www.ccaniene.com\/it_it\/wp-json\/wp\/v2\/tags?post=19912"}],"curies":[{"name":"wp","href":"https:\/\/api.w.org\/{rel}","templated":true}]}}