{"id":19735,"date":"2020-12-31T21:39:50","date_gmt":"2020-12-31T20:39:50","guid":{"rendered":"https:\/\/www.ccaniene.com\/?p=19735"},"modified":"2020-12-31T21:39:50","modified_gmt":"2020-12-31T20:39:50","slug":"lettera-al-maestro-risigrazie-umberto","status":"publish","type":"post","link":"https:\/\/www.ccaniene.com\/it_it\/lettera-al-maestro-risigrazie-umberto\/","title":{"rendered":"Lettera al &#8220;Maestro&#8221; Risi:<br>\u00abGrazie Umberto!\u00bb"},"content":{"rendered":"<p>di\u00a0<strong>Andrea Accardo<\/strong>\u00a0e<strong>\u00a0Alberto De Nigro\u00a0<\/strong><\/p>\n<p>\u00ab<em>Ci siamo ritrovati all\u2019Aniene. Nel solco di una tradizione giallo-bl\u00f9: i colori del Cus Roma, i colori dell\u2019Aniene, per Umberto anche i colori dell\u2019Armellini, della sua scuola dalla quale \u00e8 cominciato tutto. Ed \u00e8 storia dei nostri giorni. Qui mi defilo. I protagonisti sono altri. I suoi ragazzi e le sue ragazze. Di tutte le et\u00e0, a passione crescente. Quelli che guai a chi glielo tocca. Quelli che sanno che \u201cuna parola \u00e8 poca e due so\u2019 troppe\u201d. Quelli che hanno sul telefonino il breviario delle sue liturgie di allenamento. Quelli che se girano gli occhi, quando avrebbero la tentazione di fermarsi, lo trovano sempre e vanno avanti\u00bb<\/em>.<\/p>\n<p>Qui si defila Massimo Fabbricini e qui entriamo in gioco noi, i suoi \u201cragazzi\u201d e le sue \u201cragazze\u201d. Difficile aggiungere parole a quello che gi\u00e0 altri hanno scritto senza rischiare di ripetersi, \u00e8 vero, ma forse noi possiamo arricchire il tributo al nostro \u201cUmbi\u201d testimoniando un punto di vista pi\u00f9 quotidiano e forse pi\u00f9 intimo.<\/p>\n<p>Umberto noi lo abbiamo conosciuto gi\u00e0 adulto e da poco meno di venti anni \u00e8 entrato nelle nostre vite insieme alla insana passione per la corsa che ha riempito nel bene ma anche nel male (parlate con i nostri familiari!) gran parte di questi ultimi anni. \u00c8 vero, come \u00e8 stato scritto, che \u00e8 di poche parole, che un po\u2019 come facevano i nostri genitori cerca di stimolarti mettendoti duramente davanti ai tuoi limiti, che forse non \u00e8 troppo incline a slanci affettuosi ma grazie ad una ruvida e spontanea empatia \u00e8 per noi tutti speciale al punto che la sua approvazione o la sua soddisfazione contano pi\u00f9 del risultato, e costituiscono il vero premio dei nostri sacrifici.<\/p>\n<p>Abbiamo letto negli auguri appellativi quali Numero Uno, Coach, Maestro ma quello che lo rappresenta meglio ai nostri occhi \u00e8 Amico. Umberto, il cui palmares oramai vi \u00e8 noto, \u00e8 stato capace di fare con noi esattamente quello che faceva con campioni veri, noi &#8211; pur consapevoli di oscillare tra l\u2019essere da scarsi a discreti master &#8211; ci siamo sentiti un po\u2019 degli atleti grazie a lui e abbiamo imparato a superare i nostri limiti in gara spesso solo con noi stessi, di questo gli saremo sempre grati. La sua passione e professionalit\u00e0 la tocchi con mano tutti i giorni quando \u00e8 lui a ricordarci gli orari degli allenamenti, a cui presenzia con qualsiasi tempo ed in qualsiasi stagione ben due volte al giorno per darci pi\u00f9 possibilit\u00e0 di allenamento. Durante il lockdown telefonava per sincerarsi che non si stesse mollando ed ora con gli spogliatoi chiusi \u00e8 fuori dal Circolo ad aspettare chi si allena nonostante le difficolt\u00e0 del momento.<\/p>\n<p>Come dirigenti della sezione corsa abbiamo potuto conoscere ed ammirare anche un\u2019altra meravigliosa dote: sempre pronto a sfornare idee, curare la preparazione per gare ed eventi e buttarsi in nuove sfide che possano rinnovare la passione del gruppo. Ogni volta che il programma degli allenamenti sta per volgere al termine, state sicuri che puntuale di domenica pomeriggio ci arriva da Umbi il messaggino con quello nuovo, un \u201cmanoscritto\u201d che Massimo ha giustamente definito \u201cliturgia\u201d, che tutti mandano a memoria alla prima lettura.<\/p>\n<p>Ci piace pensare che siamo diventati un pezzo della sua famiglia e lui, come noi, ha paura che questo meraviglioso giocattolo fatto di \u201cimprese\u201d sportive, di sana goliardia e di molta amicizia si possa rompere e non smette quindi di stimolarci. E il risultato lo ha gi\u00e0 raggiunto perch\u00e9 siamo certi che molti di noi non mollino proprio per non deludere l\u2019Amico, quindi ci vediamo luned\u00ec al campo.<\/p>\n<p>Grazie Umberto.<\/p>\n","protected":false},"excerpt":{"rendered":"<p>di\u00a0Andrea Accardo\u00a0e\u00a0Alberto De Nigro\u00a0 \u00abCi siamo ritrovati all\u2019Aniene. Nel solco di una tradizione giallo-bl\u00f9: i colori del Cus Roma, i colori dell\u2019Aniene, per Umberto anche i colori dell\u2019Armellini, della sua scuola dalla quale \u00e8 cominciato tutto. Ed \u00e8 storia dei nostri giorni. Qui mi defilo. I protagonisti sono altri. I suoi ragazzi e le sue [&hellip;]<\/p>\n","protected":false},"author":23521,"featured_media":19738,"comment_status":"closed","ping_status":"closed","sticky":false,"template":"","format":"standard","meta":{"pmpro_default_level":0,"footnotes":"","_links_to":"","_links_to_target":""},"categories":[1],"tags":[],"class_list":["post-19735","post","type-post","status-publish","format-standard","has-post-thumbnail","hentry","category-news","pmpro-has-access"],"featured_image_urls":{"thumbnail":"https:\/\/www.ccaniene.com\/wp-content\/uploads\/2020\/12\/risi2-400x400.jpg"},"appp_media":null,"yoast_head":"<!-- This site is optimized with the Yoast SEO plugin v23.6 - https:\/\/yoast.com\/wordpress\/plugins\/seo\/ -->\n<title>Lettera al &quot;Maestro&quot; Risi:\u00abGrazie Umberto!\u00bb - Circolo Canottieri Aniene<\/title>\n<meta name=\"robots\" content=\"index, follow, max-snippet:-1, max-image-preview:large, max-video-preview:-1\" \/>\n<link rel=\"canonical\" href=\"https:\/\/www.ccaniene.com\/it_it\/lettera-al-maestro-risigrazie-umberto\/\" \/>\n<meta property=\"og:locale\" content=\"it_IT\" \/>\n<meta property=\"og:type\" content=\"article\" \/>\n<meta property=\"og:title\" content=\"Lettera al &quot;Maestro&quot; Risi:\u00abGrazie Umberto!\u00bb - Circolo Canottieri Aniene\" \/>\n<meta property=\"og:description\" content=\"di\u00a0Andrea Accardo\u00a0e\u00a0Alberto De Nigro\u00a0 \u00abCi siamo ritrovati all\u2019Aniene. Nel solco di una tradizione giallo-bl\u00f9: i colori del Cus Roma, i colori dell\u2019Aniene, per Umberto anche i colori dell\u2019Armellini, della sua scuola dalla quale \u00e8 cominciato tutto. Ed \u00e8 storia dei nostri giorni. Qui mi defilo. I protagonisti sono altri. I suoi ragazzi e le sue [&hellip;]\" \/>\n<meta property=\"og:url\" content=\"https:\/\/www.ccaniene.com\/it_it\/lettera-al-maestro-risigrazie-umberto\/\" \/>\n<meta property=\"og:site_name\" content=\"Circolo Canottieri Aniene\" \/>\n<meta property=\"article:published_time\" content=\"2020-12-31T20:39:50+00:00\" \/>\n<meta property=\"og:image\" content=\"https:\/\/www.ccaniene.com\/wp-content\/uploads\/2020\/12\/risi2.jpg\" \/>\n\t<meta property=\"og:image:width\" content=\"646\" \/>\n\t<meta property=\"og:image:height\" content=\"739\" \/>\n\t<meta property=\"og:image:type\" content=\"image\/jpeg\" \/>\n<meta name=\"author\" content=\"carlo.san@tin.it\" \/>\n<meta name=\"twitter:card\" content=\"summary_large_image\" \/>\n<meta name=\"twitter:label1\" content=\"Scritto da\" \/>\n\t<meta name=\"twitter:data1\" content=\"carlo.san@tin.it\" \/>\n\t<meta name=\"twitter:label2\" content=\"Tempo di lettura stimato\" \/>\n\t<meta name=\"twitter:data2\" content=\"3 minuti\" \/>\n<script type=\"application\/ld+json\" class=\"yoast-schema-graph\">{\"@context\":\"https:\/\/schema.org\",\"@graph\":[{\"@type\":\"WebPage\",\"@id\":\"https:\/\/www.ccaniene.com\/it_it\/lettera-al-maestro-risigrazie-umberto\/\",\"url\":\"https:\/\/www.ccaniene.com\/it_it\/lettera-al-maestro-risigrazie-umberto\/\",\"name\":\"Lettera al \\\"Maestro\\\" Risi: \u00abGrazie Umberto!\u00bb - Circolo Canottieri Aniene\",\"isPartOf\":{\"@id\":\"https:\/\/www.ccaniene.com\/it_it\/#website\"},\"primaryImageOfPage\":{\"@id\":\"https:\/\/www.ccaniene.com\/it_it\/lettera-al-maestro-risigrazie-umberto\/#primaryimage\"},\"image\":{\"@id\":\"https:\/\/www.ccaniene.com\/it_it\/lettera-al-maestro-risigrazie-umberto\/#primaryimage\"},\"thumbnailUrl\":\"https:\/\/www.ccaniene.com\/wp-content\/uploads\/2020\/12\/risi2.jpg\",\"datePublished\":\"2020-12-31T20:39:50+00:00\",\"dateModified\":\"2020-12-31T20:39:50+00:00\",\"author\":{\"@id\":\"https:\/\/www.ccaniene.com\/it_it\/#\/schema\/person\/6042bd0ba360674279dffd4247d570ed\"},\"breadcrumb\":{\"@id\":\"https:\/\/www.ccaniene.com\/it_it\/lettera-al-maestro-risigrazie-umberto\/#breadcrumb\"},\"inLanguage\":\"it-IT\",\"potentialAction\":[{\"@type\":\"ReadAction\",\"target\":[\"https:\/\/www.ccaniene.com\/it_it\/lettera-al-maestro-risigrazie-umberto\/\"]}]},{\"@type\":\"ImageObject\",\"inLanguage\":\"it-IT\",\"@id\":\"https:\/\/www.ccaniene.com\/it_it\/lettera-al-maestro-risigrazie-umberto\/#primaryimage\",\"url\":\"https:\/\/www.ccaniene.com\/wp-content\/uploads\/2020\/12\/risi2.jpg\",\"contentUrl\":\"https:\/\/www.ccaniene.com\/wp-content\/uploads\/2020\/12\/risi2.jpg\",\"width\":646,\"height\":739},{\"@type\":\"BreadcrumbList\",\"@id\":\"https:\/\/www.ccaniene.com\/it_it\/lettera-al-maestro-risigrazie-umberto\/#breadcrumb\",\"itemListElement\":[{\"@type\":\"ListItem\",\"position\":1,\"name\":\"Home\",\"item\":\"https:\/\/www.ccaniene.com\/it_it\/\"},{\"@type\":\"ListItem\",\"position\":2,\"name\":\"Lettera al &#8220;Maestro&#8221; Risi:\u00abGrazie Umberto!\u00bb\"}]},{\"@type\":\"WebSite\",\"@id\":\"https:\/\/www.ccaniene.com\/it_it\/#website\",\"url\":\"https:\/\/www.ccaniene.com\/it_it\/\",\"name\":\"Circolo Canottieri Aniene\",\"description\":\"Collare d&#039;Oro e Stella d&#039;Oro al Merito Sportivo\",\"potentialAction\":[{\"@type\":\"SearchAction\",\"target\":{\"@type\":\"EntryPoint\",\"urlTemplate\":\"https:\/\/www.ccaniene.com\/it_it\/?s={search_term_string}\"},\"query-input\":{\"@type\":\"PropertyValueSpecification\",\"valueRequired\":true,\"valueName\":\"search_term_string\"}}],\"inLanguage\":\"it-IT\"},{\"@type\":\"Person\",\"@id\":\"https:\/\/www.ccaniene.com\/it_it\/#\/schema\/person\/6042bd0ba360674279dffd4247d570ed\",\"name\":\"carlo.san@tin.it\",\"image\":{\"@type\":\"ImageObject\",\"inLanguage\":\"it-IT\",\"@id\":\"https:\/\/www.ccaniene.com\/it_it\/#\/schema\/person\/image\/\",\"url\":\"https:\/\/secure.gravatar.com\/avatar\/f993a459d0ffe4d666e4c917fef20ca9?s=96&d=mm&r=g\",\"contentUrl\":\"https:\/\/secure.gravatar.com\/avatar\/f993a459d0ffe4d666e4c917fef20ca9?s=96&d=mm&r=g\",\"caption\":\"carlo.san@tin.it\"},\"url\":\"https:\/\/www.ccaniene.com\/it_it\/author\/carlo-santi-2\/\"}]}<\/script>\n<!-- \/ Yoast SEO plugin. -->","yoast_head_json":{"title":"Lettera al \"Maestro\" Risi:\u00abGrazie Umberto!\u00bb - Circolo Canottieri Aniene","robots":{"index":"index","follow":"follow","max-snippet":"max-snippet:-1","max-image-preview":"max-image-preview:large","max-video-preview":"max-video-preview:-1"},"canonical":"https:\/\/www.ccaniene.com\/it_it\/lettera-al-maestro-risigrazie-umberto\/","og_locale":"it_IT","og_type":"article","og_title":"Lettera al \"Maestro\" Risi:\u00abGrazie Umberto!\u00bb - Circolo Canottieri Aniene","og_description":"di\u00a0Andrea Accardo\u00a0e\u00a0Alberto De Nigro\u00a0 \u00abCi siamo ritrovati all\u2019Aniene. Nel solco di una tradizione giallo-bl\u00f9: i colori del Cus Roma, i colori dell\u2019Aniene, per Umberto anche i colori dell\u2019Armellini, della sua scuola dalla quale \u00e8 cominciato tutto. Ed \u00e8 storia dei nostri giorni. Qui mi defilo. I protagonisti sono altri. I suoi ragazzi e le sue [&hellip;]","og_url":"https:\/\/www.ccaniene.com\/it_it\/lettera-al-maestro-risigrazie-umberto\/","og_site_name":"Circolo Canottieri Aniene","article_published_time":"2020-12-31T20:39:50+00:00","og_image":[{"width":646,"height":739,"url":"https:\/\/www.ccaniene.com\/wp-content\/uploads\/2020\/12\/risi2.jpg","type":"image\/jpeg"}],"author":"carlo.san@tin.it","twitter_card":"summary_large_image","twitter_misc":{"Scritto da":"carlo.san@tin.it","Tempo di lettura stimato":"3 minuti"},"schema":{"@context":"https:\/\/schema.org","@graph":[{"@type":"WebPage","@id":"https:\/\/www.ccaniene.com\/it_it\/lettera-al-maestro-risigrazie-umberto\/","url":"https:\/\/www.ccaniene.com\/it_it\/lettera-al-maestro-risigrazie-umberto\/","name":"Lettera al \"Maestro\" Risi: \u00abGrazie Umberto!\u00bb - Circolo Canottieri Aniene","isPartOf":{"@id":"https:\/\/www.ccaniene.com\/it_it\/#website"},"primaryImageOfPage":{"@id":"https:\/\/www.ccaniene.com\/it_it\/lettera-al-maestro-risigrazie-umberto\/#primaryimage"},"image":{"@id":"https:\/\/www.ccaniene.com\/it_it\/lettera-al-maestro-risigrazie-umberto\/#primaryimage"},"thumbnailUrl":"https:\/\/www.ccaniene.com\/wp-content\/uploads\/2020\/12\/risi2.jpg","datePublished":"2020-12-31T20:39:50+00:00","dateModified":"2020-12-31T20:39:50+00:00","author":{"@id":"https:\/\/www.ccaniene.com\/it_it\/#\/schema\/person\/6042bd0ba360674279dffd4247d570ed"},"breadcrumb":{"@id":"https:\/\/www.ccaniene.com\/it_it\/lettera-al-maestro-risigrazie-umberto\/#breadcrumb"},"inLanguage":"it-IT","potentialAction":[{"@type":"ReadAction","target":["https:\/\/www.ccaniene.com\/it_it\/lettera-al-maestro-risigrazie-umberto\/"]}]},{"@type":"ImageObject","inLanguage":"it-IT","@id":"https:\/\/www.ccaniene.com\/it_it\/lettera-al-maestro-risigrazie-umberto\/#primaryimage","url":"https:\/\/www.ccaniene.com\/wp-content\/uploads\/2020\/12\/risi2.jpg","contentUrl":"https:\/\/www.ccaniene.com\/wp-content\/uploads\/2020\/12\/risi2.jpg","width":646,"height":739},{"@type":"BreadcrumbList","@id":"https:\/\/www.ccaniene.com\/it_it\/lettera-al-maestro-risigrazie-umberto\/#breadcrumb","itemListElement":[{"@type":"ListItem","position":1,"name":"Home","item":"https:\/\/www.ccaniene.com\/it_it\/"},{"@type":"ListItem","position":2,"name":"Lettera al &#8220;Maestro&#8221; Risi:\u00abGrazie Umberto!\u00bb"}]},{"@type":"WebSite","@id":"https:\/\/www.ccaniene.com\/it_it\/#website","url":"https:\/\/www.ccaniene.com\/it_it\/","name":"Circolo Canottieri Aniene","description":"Collare d&#039;Oro e Stella d&#039;Oro al Merito Sportivo","potentialAction":[{"@type":"SearchAction","target":{"@type":"EntryPoint","urlTemplate":"https:\/\/www.ccaniene.com\/it_it\/?s={search_term_string}"},"query-input":{"@type":"PropertyValueSpecification","valueRequired":true,"valueName":"search_term_string"}}],"inLanguage":"it-IT"},{"@type":"Person","@id":"https:\/\/www.ccaniene.com\/it_it\/#\/schema\/person\/6042bd0ba360674279dffd4247d570ed","name":"carlo.san@tin.it","image":{"@type":"ImageObject","inLanguage":"it-IT","@id":"https:\/\/www.ccaniene.com\/it_it\/#\/schema\/person\/image\/","url":"https:\/\/secure.gravatar.com\/avatar\/f993a459d0ffe4d666e4c917fef20ca9?s=96&d=mm&r=g","contentUrl":"https:\/\/secure.gravatar.com\/avatar\/f993a459d0ffe4d666e4c917fef20ca9?s=96&d=mm&r=g","caption":"carlo.san@tin.it"},"url":"https:\/\/www.ccaniene.com\/it_it\/author\/carlo-santi-2\/"}]}},"_links":{"self":[{"href":"https:\/\/www.ccaniene.com\/it_it\/wp-json\/wp\/v2\/posts\/19735"}],"collection":[{"href":"https:\/\/www.ccaniene.com\/it_it\/wp-json\/wp\/v2\/posts"}],"about":[{"href":"https:\/\/www.ccaniene.com\/it_it\/wp-json\/wp\/v2\/types\/post"}],"author":[{"embeddable":true,"href":"https:\/\/www.ccaniene.com\/it_it\/wp-json\/wp\/v2\/users\/23521"}],"replies":[{"embeddable":true,"href":"https:\/\/www.ccaniene.com\/it_it\/wp-json\/wp\/v2\/comments?post=19735"}],"version-history":[{"count":3,"href":"https:\/\/www.ccaniene.com\/it_it\/wp-json\/wp\/v2\/posts\/19735\/revisions"}],"predecessor-version":[{"id":19740,"href":"https:\/\/www.ccaniene.com\/it_it\/wp-json\/wp\/v2\/posts\/19735\/revisions\/19740"}],"wp:featuredmedia":[{"embeddable":true,"href":"https:\/\/www.ccaniene.com\/it_it\/wp-json\/wp\/v2\/media\/19738"}],"wp:attachment":[{"href":"https:\/\/www.ccaniene.com\/it_it\/wp-json\/wp\/v2\/media?parent=19735"}],"wp:term":[{"taxonomy":"category","embeddable":true,"href":"https:\/\/www.ccaniene.com\/it_it\/wp-json\/wp\/v2\/categories?post=19735"},{"taxonomy":"post_tag","embeddable":true,"href":"https:\/\/www.ccaniene.com\/it_it\/wp-json\/wp\/v2\/tags?post=19735"}],"curies":[{"name":"wp","href":"https:\/\/api.w.org\/{rel}","templated":true}]}}