{"id":19452,"date":"2020-10-15T10:12:09","date_gmt":"2020-10-15T08:12:09","guid":{"rendered":"https:\/\/www.ccaniene.com\/?p=19452"},"modified":"2020-10-16T12:22:09","modified_gmt":"2020-10-16T10:22:09","slug":"la-comunita-di-santegidiochiede-aiuto-allaniene","status":"publish","type":"post","link":"https:\/\/www.ccaniene.com\/it_it\/la-comunita-di-santegidiochiede-aiuto-allaniene\/","title":{"rendered":"L&#8217;Aniene in campo<br>anche per Sant&#8217;Egidio"},"content":{"rendered":"<p>Cari Consoci, le difficolt\u00e0 del momento spingono a sollecitare ancora una volta la generosit\u00e0 della nostra comunit\u00e0.<\/p>\n<p>Siamo uno dei pochi Circoli sportivi in Italia, se non il solo, ad avere un dipartimento dedicato alla Solidariet\u00e0 Sociale. Dunque, avendo anche questa missione, cerchiamo sempre di aiutare per come meglio possiamo i meno fortunati.<\/p>\n<p>Dopo avervi segnalato la Mensa dei Poveri che opera presso la Caritas di Villa Flaminia (via Flaminia n. 329 &#8211; Tel. 06322941) dove si possono sempre fare donazioni alimentari, oggi vi segnaliamo la Comunit\u00e0 di Sant\u2019Egidio (Tel. 0657300510) dove un gruppo di volontari guidati dal Direttore Marco Sala organizza stabilmente una raccolta di vestiario da destinare ai pi\u00f9 bisognosi.<\/p>\n<p>Le donazioni possono essere fatte il mercoled\u00ec e il sabato dalle 9 alle 13 nella sede di via del Porto Fluviale n. 2. Gli abiti donati verranno igienizzati dai volontari di Sant\u2019Egidio poi smistati: le cose pi\u00f9 importanti verranno vendute al loro mercato ecosolidale che si tiene gioved\u00ec, sabato e domenica dalle 16 alle 19. Il ricavato servir\u00e0 a comprare biancheria nuova per i ragazzi che vivono in strada, le altre cose verranno direttamente regalate a loro o agli anziani bisognosi.<\/p>\n<p>Per chi volesse evitare di andare alla sede di Sant\u2019Egidio, abbiamo organizzato un centro di raccolta anche all\u2019ingresso principale del Circolo. L\u00ec si potranno lasciare ai famigli delle buste chiuse con gli abiti da destinare alla comunit\u00e0 di Sant\u2019Egidio.<\/p>\n<p>&nbsp;<\/p>\n<p>&nbsp;<\/p>\n<p>&nbsp;<\/p>\n<p>&nbsp;<\/p>\n","protected":false},"excerpt":{"rendered":"<p>Cari Consoci, le difficolt\u00e0 del momento spingono a sollecitare ancora una volta la generosit\u00e0 della nostra comunit\u00e0. Siamo uno dei pochi Circoli sportivi in Italia, se non il solo, ad avere un dipartimento dedicato alla Solidariet\u00e0 Sociale. Dunque, avendo anche questa missione, cerchiamo sempre di aiutare per come meglio possiamo i meno fortunati. Dopo avervi [&hellip;]<\/p>\n","protected":false},"author":23521,"featured_media":19453,"comment_status":"closed","ping_status":"closed","sticky":false,"template":"","format":"standard","meta":{"pmpro_default_level":0,"footnotes":"","_links_to":"","_links_to_target":""},"categories":[1],"tags":[],"class_list":["post-19452","post","type-post","status-publish","format-standard","has-post-thumbnail","hentry","category-news","pmpro-has-access"],"featured_image_urls":{"thumbnail":"https:\/\/www.ccaniene.com\/wp-content\/uploads\/2020\/10\/comunita-400x400.jpg","medium_large":"https:\/\/www.ccaniene.com\/wp-content\/uploads\/2020\/10\/comunita-768x576.jpg"},"appp_media":null,"yoast_head":"<!-- This site is optimized with the Yoast SEO plugin v23.6 - https:\/\/yoast.com\/wordpress\/plugins\/seo\/ -->\n<title>L&#039;Aniene in campoanche per Sant&#039;Egidio - Circolo Canottieri Aniene<\/title>\n<meta name=\"robots\" content=\"index, follow, max-snippet:-1, max-image-preview:large, max-video-preview:-1\" \/>\n<link rel=\"canonical\" href=\"http:\/\/www.ccaniene.com\/it_it\/la-comunita-di-santegidiochiede-aiuto-allaniene\/\" \/>\n<meta property=\"og:locale\" content=\"it_IT\" \/>\n<meta property=\"og:type\" content=\"article\" \/>\n<meta property=\"og:title\" content=\"L&#039;Aniene in campoanche per Sant&#039;Egidio - Circolo Canottieri Aniene\" \/>\n<meta property=\"og:description\" content=\"Cari Consoci, le difficolt\u00e0 del momento spingono a sollecitare ancora una volta la generosit\u00e0 della nostra comunit\u00e0. Siamo uno dei pochi Circoli sportivi in Italia, se non il solo, ad avere un dipartimento dedicato alla Solidariet\u00e0 Sociale. Dunque, avendo anche questa missione, cerchiamo sempre di aiutare per come meglio possiamo i meno fortunati. Dopo avervi [&hellip;]\" \/>\n<meta property=\"og:url\" content=\"http:\/\/www.ccaniene.com\/it_it\/la-comunita-di-santegidiochiede-aiuto-allaniene\/\" \/>\n<meta property=\"og:site_name\" content=\"Circolo Canottieri Aniene\" \/>\n<meta property=\"article:published_time\" content=\"2020-10-15T08:12:09+00:00\" \/>\n<meta property=\"article:modified_time\" content=\"2020-10-16T10:22:09+00:00\" \/>\n<meta property=\"og:image\" content=\"http:\/\/www.ccaniene.com\/wp-content\/uploads\/2020\/10\/comunita.jpg\" \/>\n\t<meta property=\"og:image:width\" content=\"800\" \/>\n\t<meta property=\"og:image:height\" content=\"600\" \/>\n\t<meta property=\"og:image:type\" content=\"image\/jpeg\" \/>\n<meta name=\"author\" content=\"carlo.san@tin.it\" \/>\n<meta name=\"twitter:card\" content=\"summary_large_image\" \/>\n<meta name=\"twitter:label1\" content=\"Scritto da\" \/>\n\t<meta name=\"twitter:data1\" content=\"carlo.san@tin.it\" \/>\n\t<meta name=\"twitter:label2\" content=\"Tempo di lettura stimato\" \/>\n\t<meta name=\"twitter:data2\" content=\"1 minuto\" \/>\n<script type=\"application\/ld+json\" class=\"yoast-schema-graph\">{\"@context\":\"https:\/\/schema.org\",\"@graph\":[{\"@type\":\"WebPage\",\"@id\":\"http:\/\/www.ccaniene.com\/en\/la-comunita-di-santegidiochiede-aiuto-allaniene\/\",\"url\":\"http:\/\/www.ccaniene.com\/en\/la-comunita-di-santegidiochiede-aiuto-allaniene\/\",\"name\":\"L'Aniene in campo anche per Sant'Egidio - Circolo Canottieri Aniene\",\"isPartOf\":{\"@id\":\"http:\/\/www.ccaniene.com\/it_it\/#website\"},\"primaryImageOfPage\":{\"@id\":\"http:\/\/www.ccaniene.com\/en\/la-comunita-di-santegidiochiede-aiuto-allaniene\/#primaryimage\"},\"image\":{\"@id\":\"http:\/\/www.ccaniene.com\/en\/la-comunita-di-santegidiochiede-aiuto-allaniene\/#primaryimage\"},\"thumbnailUrl\":\"https:\/\/www.ccaniene.com\/wp-content\/uploads\/2020\/10\/comunita.jpg\",\"datePublished\":\"2020-10-15T08:12:09+00:00\",\"dateModified\":\"2020-10-16T10:22:09+00:00\",\"author\":{\"@id\":\"http:\/\/www.ccaniene.com\/it_it\/#\/schema\/person\/6042bd0ba360674279dffd4247d570ed\"},\"breadcrumb\":{\"@id\":\"http:\/\/www.ccaniene.com\/en\/la-comunita-di-santegidiochiede-aiuto-allaniene\/#breadcrumb\"},\"inLanguage\":\"it-IT\",\"potentialAction\":[{\"@type\":\"ReadAction\",\"target\":[\"http:\/\/www.ccaniene.com\/en\/la-comunita-di-santegidiochiede-aiuto-allaniene\/\"]}]},{\"@type\":\"ImageObject\",\"inLanguage\":\"it-IT\",\"@id\":\"http:\/\/www.ccaniene.com\/en\/la-comunita-di-santegidiochiede-aiuto-allaniene\/#primaryimage\",\"url\":\"https:\/\/www.ccaniene.com\/wp-content\/uploads\/2020\/10\/comunita.jpg\",\"contentUrl\":\"https:\/\/www.ccaniene.com\/wp-content\/uploads\/2020\/10\/comunita.jpg\",\"width\":800,\"height\":600},{\"@type\":\"BreadcrumbList\",\"@id\":\"http:\/\/www.ccaniene.com\/en\/la-comunita-di-santegidiochiede-aiuto-allaniene\/#breadcrumb\",\"itemListElement\":[{\"@type\":\"ListItem\",\"position\":1,\"name\":\"Home\",\"item\":\"http:\/\/www.ccaniene.com\/it_it\/\"},{\"@type\":\"ListItem\",\"position\":2,\"name\":\"L&#8217;Aniene in campoanche per Sant&#8217;Egidio\"}]},{\"@type\":\"WebSite\",\"@id\":\"http:\/\/www.ccaniene.com\/it_it\/#website\",\"url\":\"http:\/\/www.ccaniene.com\/it_it\/\",\"name\":\"Circolo Canottieri Aniene\",\"description\":\"Collare d&#039;Oro e Stella d&#039;Oro al Merito Sportivo\",\"potentialAction\":[{\"@type\":\"SearchAction\",\"target\":{\"@type\":\"EntryPoint\",\"urlTemplate\":\"http:\/\/www.ccaniene.com\/it_it\/?s={search_term_string}\"},\"query-input\":{\"@type\":\"PropertyValueSpecification\",\"valueRequired\":true,\"valueName\":\"search_term_string\"}}],\"inLanguage\":\"it-IT\"},{\"@type\":\"Person\",\"@id\":\"http:\/\/www.ccaniene.com\/it_it\/#\/schema\/person\/6042bd0ba360674279dffd4247d570ed\",\"name\":\"carlo.san@tin.it\",\"image\":{\"@type\":\"ImageObject\",\"inLanguage\":\"it-IT\",\"@id\":\"http:\/\/www.ccaniene.com\/it_it\/#\/schema\/person\/image\/\",\"url\":\"https:\/\/secure.gravatar.com\/avatar\/f993a459d0ffe4d666e4c917fef20ca9?s=96&d=mm&r=g\",\"contentUrl\":\"https:\/\/secure.gravatar.com\/avatar\/f993a459d0ffe4d666e4c917fef20ca9?s=96&d=mm&r=g\",\"caption\":\"carlo.san@tin.it\"},\"url\":\"https:\/\/www.ccaniene.com\/it_it\/author\/carlo-santi-2\/\"}]}<\/script>\n<!-- \/ Yoast SEO plugin. -->","yoast_head_json":{"title":"L'Aniene in campoanche per Sant'Egidio - Circolo Canottieri Aniene","robots":{"index":"index","follow":"follow","max-snippet":"max-snippet:-1","max-image-preview":"max-image-preview:large","max-video-preview":"max-video-preview:-1"},"canonical":"http:\/\/www.ccaniene.com\/it_it\/la-comunita-di-santegidiochiede-aiuto-allaniene\/","og_locale":"it_IT","og_type":"article","og_title":"L'Aniene in campoanche per Sant'Egidio - Circolo Canottieri Aniene","og_description":"Cari Consoci, le difficolt\u00e0 del momento spingono a sollecitare ancora una volta la generosit\u00e0 della nostra comunit\u00e0. Siamo uno dei pochi Circoli sportivi in Italia, se non il solo, ad avere un dipartimento dedicato alla Solidariet\u00e0 Sociale. Dunque, avendo anche questa missione, cerchiamo sempre di aiutare per come meglio possiamo i meno fortunati. Dopo avervi [&hellip;]","og_url":"http:\/\/www.ccaniene.com\/it_it\/la-comunita-di-santegidiochiede-aiuto-allaniene\/","og_site_name":"Circolo Canottieri Aniene","article_published_time":"2020-10-15T08:12:09+00:00","article_modified_time":"2020-10-16T10:22:09+00:00","og_image":[{"width":800,"height":600,"url":"http:\/\/www.ccaniene.com\/wp-content\/uploads\/2020\/10\/comunita.jpg","type":"image\/jpeg"}],"author":"carlo.san@tin.it","twitter_card":"summary_large_image","twitter_misc":{"Scritto da":"carlo.san@tin.it","Tempo di lettura stimato":"1 minuto"},"schema":{"@context":"https:\/\/schema.org","@graph":[{"@type":"WebPage","@id":"http:\/\/www.ccaniene.com\/en\/la-comunita-di-santegidiochiede-aiuto-allaniene\/","url":"http:\/\/www.ccaniene.com\/en\/la-comunita-di-santegidiochiede-aiuto-allaniene\/","name":"L'Aniene in campo anche per Sant'Egidio - Circolo Canottieri Aniene","isPartOf":{"@id":"http:\/\/www.ccaniene.com\/it_it\/#website"},"primaryImageOfPage":{"@id":"http:\/\/www.ccaniene.com\/en\/la-comunita-di-santegidiochiede-aiuto-allaniene\/#primaryimage"},"image":{"@id":"http:\/\/www.ccaniene.com\/en\/la-comunita-di-santegidiochiede-aiuto-allaniene\/#primaryimage"},"thumbnailUrl":"https:\/\/www.ccaniene.com\/wp-content\/uploads\/2020\/10\/comunita.jpg","datePublished":"2020-10-15T08:12:09+00:00","dateModified":"2020-10-16T10:22:09+00:00","author":{"@id":"http:\/\/www.ccaniene.com\/it_it\/#\/schema\/person\/6042bd0ba360674279dffd4247d570ed"},"breadcrumb":{"@id":"http:\/\/www.ccaniene.com\/en\/la-comunita-di-santegidiochiede-aiuto-allaniene\/#breadcrumb"},"inLanguage":"it-IT","potentialAction":[{"@type":"ReadAction","target":["http:\/\/www.ccaniene.com\/en\/la-comunita-di-santegidiochiede-aiuto-allaniene\/"]}]},{"@type":"ImageObject","inLanguage":"it-IT","@id":"http:\/\/www.ccaniene.com\/en\/la-comunita-di-santegidiochiede-aiuto-allaniene\/#primaryimage","url":"https:\/\/www.ccaniene.com\/wp-content\/uploads\/2020\/10\/comunita.jpg","contentUrl":"https:\/\/www.ccaniene.com\/wp-content\/uploads\/2020\/10\/comunita.jpg","width":800,"height":600},{"@type":"BreadcrumbList","@id":"http:\/\/www.ccaniene.com\/en\/la-comunita-di-santegidiochiede-aiuto-allaniene\/#breadcrumb","itemListElement":[{"@type":"ListItem","position":1,"name":"Home","item":"http:\/\/www.ccaniene.com\/it_it\/"},{"@type":"ListItem","position":2,"name":"L&#8217;Aniene in campoanche per Sant&#8217;Egidio"}]},{"@type":"WebSite","@id":"http:\/\/www.ccaniene.com\/it_it\/#website","url":"http:\/\/www.ccaniene.com\/it_it\/","name":"Circolo Canottieri Aniene","description":"Collare d&#039;Oro e Stella d&#039;Oro al Merito Sportivo","potentialAction":[{"@type":"SearchAction","target":{"@type":"EntryPoint","urlTemplate":"http:\/\/www.ccaniene.com\/it_it\/?s={search_term_string}"},"query-input":{"@type":"PropertyValueSpecification","valueRequired":true,"valueName":"search_term_string"}}],"inLanguage":"it-IT"},{"@type":"Person","@id":"http:\/\/www.ccaniene.com\/it_it\/#\/schema\/person\/6042bd0ba360674279dffd4247d570ed","name":"carlo.san@tin.it","image":{"@type":"ImageObject","inLanguage":"it-IT","@id":"http:\/\/www.ccaniene.com\/it_it\/#\/schema\/person\/image\/","url":"https:\/\/secure.gravatar.com\/avatar\/f993a459d0ffe4d666e4c917fef20ca9?s=96&d=mm&r=g","contentUrl":"https:\/\/secure.gravatar.com\/avatar\/f993a459d0ffe4d666e4c917fef20ca9?s=96&d=mm&r=g","caption":"carlo.san@tin.it"},"url":"https:\/\/www.ccaniene.com\/it_it\/author\/carlo-santi-2\/"}]}},"_links":{"self":[{"href":"https:\/\/www.ccaniene.com\/it_it\/wp-json\/wp\/v2\/posts\/19452"}],"collection":[{"href":"https:\/\/www.ccaniene.com\/it_it\/wp-json\/wp\/v2\/posts"}],"about":[{"href":"https:\/\/www.ccaniene.com\/it_it\/wp-json\/wp\/v2\/types\/post"}],"author":[{"embeddable":true,"href":"https:\/\/www.ccaniene.com\/it_it\/wp-json\/wp\/v2\/users\/23521"}],"replies":[{"embeddable":true,"href":"https:\/\/www.ccaniene.com\/it_it\/wp-json\/wp\/v2\/comments?post=19452"}],"version-history":[{"count":7,"href":"https:\/\/www.ccaniene.com\/it_it\/wp-json\/wp\/v2\/posts\/19452\/revisions"}],"predecessor-version":[{"id":19466,"href":"https:\/\/www.ccaniene.com\/it_it\/wp-json\/wp\/v2\/posts\/19452\/revisions\/19466"}],"wp:featuredmedia":[{"embeddable":true,"href":"https:\/\/www.ccaniene.com\/it_it\/wp-json\/wp\/v2\/media\/19453"}],"wp:attachment":[{"href":"https:\/\/www.ccaniene.com\/it_it\/wp-json\/wp\/v2\/media?parent=19452"}],"wp:term":[{"taxonomy":"category","embeddable":true,"href":"https:\/\/www.ccaniene.com\/it_it\/wp-json\/wp\/v2\/categories?post=19452"},{"taxonomy":"post_tag","embeddable":true,"href":"https:\/\/www.ccaniene.com\/it_it\/wp-json\/wp\/v2\/tags?post=19452"}],"curies":[{"name":"wp","href":"https:\/\/api.w.org\/{rel}","templated":true}]}}