{"id":18397,"date":"2020-01-28T10:54:08","date_gmt":"2020-01-28T09:54:08","guid":{"rendered":"https:\/\/www.ccaniene.com\/?p=18397"},"modified":"2020-01-29T20:23:21","modified_gmt":"2020-01-29T19:23:21","slug":"torneo-sociale-conclusa-lasta-si-parte-il-15-febbraio","status":"publish","type":"post","link":"https:\/\/www.ccaniene.com\/it_it\/torneo-sociale-conclusa-lasta-si-parte-il-15-febbraio\/","title":{"rendered":"Torneo sociale, conclusa l&#8217;asta: si parte il 15 febbraio"},"content":{"rendered":"<p>Sabato 25 si \u00e8 conclusa la seconda giornata di Aste per la composizione delle squadre (8 Under e 8 Over) che parteciperanno al torneo sociale di calcio a 5 edizione 2020 ed \u00e8 gi\u00e0 entrata nel vivo la fase di mercato che consentir\u00e0 ai 16 presidenti di effettuare gli scambi dei giocatori (280 iscritti) fino al 10 febbraio alle ore 20.<\/p>\n<p><a href=\"https:\/\/youtu.be\/GRAEhBnEXac\"><img fetchpriority=\"high\" decoding=\"async\" class=\"aligncenter wp-image-18436 size-large\" src=\"http:\/\/www.ccaniene.com\/wp-content\/uploads\/2020\/01\/video-980x551.jpg\" alt=\"\" width=\"980\" height=\"551\" \/><\/a><\/p>\n<p>&nbsp;<\/p>\n<p>Il torneo vero e proprio avr\u00e0 inizio il fine settimana del 15-16 febbraio e prevede la conclusione delle fasi a gironi a fine marzo.<br \/>\nQuest\u2019anno la novit\u00e0 principale del torneo \u00e8 la formula che prevede due categorie (Under e Over 40) e 2 tornei inizialmente autonomi dove per\u00f2 la stessa compagine, attraverso l\u2019associazione prima delle Aste tra presidenti Under e Over, lotter\u00e0 per raggiungere un ambitissimo traguardo: il TRIPLETE.<\/p>\n<p style=\"text-align: center;\"><img decoding=\"async\" class=\"aligncenter size-medium wp-image-18402\" src=\"http:\/\/www.ccaniene.com\/wp-content\/uploads\/2020\/01\/DSC_3139-460x307.jpg\" alt=\"\" width=\"460\" height=\"307\" \/><\/p>\n<p>Infatti a valle delle fasi a gironi ci saranno 3 fasi finali:<br \/>\nFase finale UNDER \u2013 dove le prime 2 squadre classificate accederanno direttamente alle semifinali, ci sar\u00e0 invece un quarto di finale per le squadre dalla 3 alla 6 mentre le ultime 2 saranno eliminate;<br \/>\nFase finale OVER \u2013 dove le prime 2 squadre classificate accederanno direttamente alle semifinali, ci sar\u00e0 invece un quarto di finale per le squadre dalla 3 alla 6 mentre le ultime 2 saranno eliminate;<br \/>\nFase finale MISTA \u2013 la vera novit\u00e0 del torneo, dove si sommeranno i punti realizzati dalle squadre associate nelle fasi a gironi e la nuova classifica determiner\u00e0 gli accoppiamenti dei quarti di finale (1 vs 8 \u2013 2 vs 7 \u2013 3 vs 6 \u2013 4 vs 5.<\/p>\n<p style=\"text-align: center;\"><img decoding=\"async\" class=\"aligncenter size-medium wp-image-18408\" src=\"http:\/\/www.ccaniene.com\/wp-content\/uploads\/2020\/01\/DSC_3151-460x307.jpg\" alt=\"\" width=\"460\" height=\"307\" \/><\/p>\n<p><a href=\"http:\/\/www.ccaniene.com\/wp-content\/uploads\/2020\/01\/DSC_3140.jpg\"><img loading=\"lazy\" decoding=\"async\" class=\"size-medium wp-image-18400 aligncenter\" src=\"http:\/\/www.ccaniene.com\/wp-content\/uploads\/2020\/01\/DSC_3140-460x307.jpg\" alt=\"\" width=\"460\" height=\"307\" \/><\/a><\/p>\n","protected":false},"excerpt":{"rendered":"<p>Sabato 25 si \u00e8 conclusa la seconda giornata di Aste per la composizione delle squadre (8 Under e 8 Over) che parteciperanno al torneo sociale di calcio a 5 edizione 2020 ed \u00e8 gi\u00e0 entrata nel vivo la fase di mercato che consentir\u00e0 ai 16 presidenti di effettuare gli scambi dei giocatori (280 iscritti) fino [&hellip;]<\/p>\n","protected":false},"author":23521,"featured_media":18406,"comment_status":"closed","ping_status":"closed","sticky":false,"template":"","format":"standard","meta":{"pmpro_default_level":0,"footnotes":"","_links_to":"","_links_to_target":""},"categories":[1,130],"tags":[],"class_list":["post-18397","post","type-post","status-publish","format-standard","has-post-thumbnail","hentry","category-news","category-torneo-sociale-calcetto","pmpro-has-access"],"featured_image_urls":{"medium":"https:\/\/www.ccaniene.com\/wp-content\/uploads\/2020\/01\/DSC_3118_01-800x532.jpg","thumbnail":"https:\/\/www.ccaniene.com\/wp-content\/uploads\/2020\/01\/DSC_3118_01-400x400.jpg","medium_large":"https:\/\/www.ccaniene.com\/wp-content\/uploads\/2020\/01\/DSC_3118_01-768x511.jpg"},"appp_media":null,"yoast_head":"<!-- This site is optimized with the Yoast SEO plugin v23.6 - https:\/\/yoast.com\/wordpress\/plugins\/seo\/ -->\n<title>Torneo sociale, conclusa l&#039;asta: si parte il 15 febbraio - Circolo Canottieri Aniene<\/title>\n<meta name=\"robots\" content=\"index, follow, max-snippet:-1, max-image-preview:large, max-video-preview:-1\" \/>\n<link rel=\"canonical\" href=\"https:\/\/www.ccaniene.com\/it_it\/torneo-sociale-conclusa-lasta-si-parte-il-15-febbraio\/\" \/>\n<meta property=\"og:locale\" content=\"it_IT\" \/>\n<meta property=\"og:type\" content=\"article\" \/>\n<meta property=\"og:title\" content=\"Torneo sociale, conclusa l&#039;asta: si parte il 15 febbraio - Circolo Canottieri Aniene\" \/>\n<meta property=\"og:description\" content=\"Sabato 25 si \u00e8 conclusa la seconda giornata di Aste per la composizione delle squadre (8 Under e 8 Over) che parteciperanno al torneo sociale di calcio a 5 edizione 2020 ed \u00e8 gi\u00e0 entrata nel vivo la fase di mercato che consentir\u00e0 ai 16 presidenti di effettuare gli scambi dei giocatori (280 iscritti) fino [&hellip;]\" \/>\n<meta property=\"og:url\" content=\"https:\/\/www.ccaniene.com\/it_it\/torneo-sociale-conclusa-lasta-si-parte-il-15-febbraio\/\" \/>\n<meta property=\"og:site_name\" content=\"Circolo Canottieri Aniene\" \/>\n<meta property=\"article:published_time\" content=\"2020-01-28T09:54:08+00:00\" \/>\n<meta property=\"article:modified_time\" content=\"2020-01-29T19:23:21+00:00\" \/>\n<meta property=\"og:image\" content=\"https:\/\/www.ccaniene.com\/wp-content\/uploads\/2020\/01\/DSC_3118_01.jpg\" \/>\n\t<meta property=\"og:image:width\" content=\"1219\" \/>\n\t<meta property=\"og:image:height\" content=\"811\" \/>\n\t<meta property=\"og:image:type\" content=\"image\/jpeg\" \/>\n<meta name=\"author\" content=\"carlo.san@tin.it\" \/>\n<meta name=\"twitter:card\" content=\"summary_large_image\" \/>\n<meta name=\"twitter:label1\" content=\"Scritto da\" \/>\n\t<meta name=\"twitter:data1\" content=\"carlo.san@tin.it\" \/>\n\t<meta name=\"twitter:label2\" content=\"Tempo di lettura stimato\" \/>\n\t<meta name=\"twitter:data2\" content=\"1 minuto\" \/>\n<script type=\"application\/ld+json\" class=\"yoast-schema-graph\">{\"@context\":\"https:\/\/schema.org\",\"@graph\":[{\"@type\":\"WebPage\",\"@id\":\"https:\/\/www.ccaniene.com\/en\/torneo-sociale-conclusa-lasta-si-parte-il-15-febbraio\/\",\"url\":\"https:\/\/www.ccaniene.com\/en\/torneo-sociale-conclusa-lasta-si-parte-il-15-febbraio\/\",\"name\":\"Torneo sociale, conclusa l'asta: si parte il 15 febbraio - Circolo Canottieri Aniene\",\"isPartOf\":{\"@id\":\"https:\/\/www.ccaniene.com\/it_it\/#website\"},\"primaryImageOfPage\":{\"@id\":\"https:\/\/www.ccaniene.com\/en\/torneo-sociale-conclusa-lasta-si-parte-il-15-febbraio\/#primaryimage\"},\"image\":{\"@id\":\"https:\/\/www.ccaniene.com\/en\/torneo-sociale-conclusa-lasta-si-parte-il-15-febbraio\/#primaryimage\"},\"thumbnailUrl\":\"https:\/\/www.ccaniene.com\/wp-content\/uploads\/2020\/01\/DSC_3118_01.jpg\",\"datePublished\":\"2020-01-28T09:54:08+00:00\",\"dateModified\":\"2020-01-29T19:23:21+00:00\",\"author\":{\"@id\":\"https:\/\/www.ccaniene.com\/it_it\/#\/schema\/person\/6042bd0ba360674279dffd4247d570ed\"},\"breadcrumb\":{\"@id\":\"https:\/\/www.ccaniene.com\/en\/torneo-sociale-conclusa-lasta-si-parte-il-15-febbraio\/#breadcrumb\"},\"inLanguage\":\"it-IT\",\"potentialAction\":[{\"@type\":\"ReadAction\",\"target\":[\"https:\/\/www.ccaniene.com\/en\/torneo-sociale-conclusa-lasta-si-parte-il-15-febbraio\/\"]}]},{\"@type\":\"ImageObject\",\"inLanguage\":\"it-IT\",\"@id\":\"https:\/\/www.ccaniene.com\/en\/torneo-sociale-conclusa-lasta-si-parte-il-15-febbraio\/#primaryimage\",\"url\":\"https:\/\/www.ccaniene.com\/wp-content\/uploads\/2020\/01\/DSC_3118_01.jpg\",\"contentUrl\":\"https:\/\/www.ccaniene.com\/wp-content\/uploads\/2020\/01\/DSC_3118_01.jpg\",\"width\":1219,\"height\":811},{\"@type\":\"BreadcrumbList\",\"@id\":\"https:\/\/www.ccaniene.com\/en\/torneo-sociale-conclusa-lasta-si-parte-il-15-febbraio\/#breadcrumb\",\"itemListElement\":[{\"@type\":\"ListItem\",\"position\":1,\"name\":\"Home\",\"item\":\"https:\/\/www.ccaniene.com\/it_it\/\"},{\"@type\":\"ListItem\",\"position\":2,\"name\":\"Torneo sociale, conclusa l&#8217;asta: si parte il 15 febbraio\"}]},{\"@type\":\"WebSite\",\"@id\":\"https:\/\/www.ccaniene.com\/it_it\/#website\",\"url\":\"https:\/\/www.ccaniene.com\/it_it\/\",\"name\":\"Circolo Canottieri Aniene\",\"description\":\"Collare d&#039;Oro e Stella d&#039;Oro al Merito Sportivo\",\"potentialAction\":[{\"@type\":\"SearchAction\",\"target\":{\"@type\":\"EntryPoint\",\"urlTemplate\":\"https:\/\/www.ccaniene.com\/it_it\/?s={search_term_string}\"},\"query-input\":{\"@type\":\"PropertyValueSpecification\",\"valueRequired\":true,\"valueName\":\"search_term_string\"}}],\"inLanguage\":\"it-IT\"},{\"@type\":\"Person\",\"@id\":\"https:\/\/www.ccaniene.com\/it_it\/#\/schema\/person\/6042bd0ba360674279dffd4247d570ed\",\"name\":\"carlo.san@tin.it\",\"image\":{\"@type\":\"ImageObject\",\"inLanguage\":\"it-IT\",\"@id\":\"https:\/\/www.ccaniene.com\/it_it\/#\/schema\/person\/image\/\",\"url\":\"https:\/\/secure.gravatar.com\/avatar\/f993a459d0ffe4d666e4c917fef20ca9?s=96&d=mm&r=g\",\"contentUrl\":\"https:\/\/secure.gravatar.com\/avatar\/f993a459d0ffe4d666e4c917fef20ca9?s=96&d=mm&r=g\",\"caption\":\"carlo.san@tin.it\"},\"url\":\"https:\/\/www.ccaniene.com\/it_it\/author\/carlo-santi-2\/\"}]}<\/script>\n<!-- \/ Yoast SEO plugin. -->","yoast_head_json":{"title":"Torneo sociale, conclusa l'asta: si parte il 15 febbraio - Circolo Canottieri Aniene","robots":{"index":"index","follow":"follow","max-snippet":"max-snippet:-1","max-image-preview":"max-image-preview:large","max-video-preview":"max-video-preview:-1"},"canonical":"https:\/\/www.ccaniene.com\/it_it\/torneo-sociale-conclusa-lasta-si-parte-il-15-febbraio\/","og_locale":"it_IT","og_type":"article","og_title":"Torneo sociale, conclusa l'asta: si parte il 15 febbraio - Circolo Canottieri Aniene","og_description":"Sabato 25 si \u00e8 conclusa la seconda giornata di Aste per la composizione delle squadre (8 Under e 8 Over) che parteciperanno al torneo sociale di calcio a 5 edizione 2020 ed \u00e8 gi\u00e0 entrata nel vivo la fase di mercato che consentir\u00e0 ai 16 presidenti di effettuare gli scambi dei giocatori (280 iscritti) fino [&hellip;]","og_url":"https:\/\/www.ccaniene.com\/it_it\/torneo-sociale-conclusa-lasta-si-parte-il-15-febbraio\/","og_site_name":"Circolo Canottieri Aniene","article_published_time":"2020-01-28T09:54:08+00:00","article_modified_time":"2020-01-29T19:23:21+00:00","og_image":[{"width":1219,"height":811,"url":"https:\/\/www.ccaniene.com\/wp-content\/uploads\/2020\/01\/DSC_3118_01.jpg","type":"image\/jpeg"}],"author":"carlo.san@tin.it","twitter_card":"summary_large_image","twitter_misc":{"Scritto da":"carlo.san@tin.it","Tempo di lettura stimato":"1 minuto"},"schema":{"@context":"https:\/\/schema.org","@graph":[{"@type":"WebPage","@id":"https:\/\/www.ccaniene.com\/en\/torneo-sociale-conclusa-lasta-si-parte-il-15-febbraio\/","url":"https:\/\/www.ccaniene.com\/en\/torneo-sociale-conclusa-lasta-si-parte-il-15-febbraio\/","name":"Torneo sociale, conclusa l'asta: si parte il 15 febbraio - Circolo Canottieri Aniene","isPartOf":{"@id":"https:\/\/www.ccaniene.com\/it_it\/#website"},"primaryImageOfPage":{"@id":"https:\/\/www.ccaniene.com\/en\/torneo-sociale-conclusa-lasta-si-parte-il-15-febbraio\/#primaryimage"},"image":{"@id":"https:\/\/www.ccaniene.com\/en\/torneo-sociale-conclusa-lasta-si-parte-il-15-febbraio\/#primaryimage"},"thumbnailUrl":"https:\/\/www.ccaniene.com\/wp-content\/uploads\/2020\/01\/DSC_3118_01.jpg","datePublished":"2020-01-28T09:54:08+00:00","dateModified":"2020-01-29T19:23:21+00:00","author":{"@id":"https:\/\/www.ccaniene.com\/it_it\/#\/schema\/person\/6042bd0ba360674279dffd4247d570ed"},"breadcrumb":{"@id":"https:\/\/www.ccaniene.com\/en\/torneo-sociale-conclusa-lasta-si-parte-il-15-febbraio\/#breadcrumb"},"inLanguage":"it-IT","potentialAction":[{"@type":"ReadAction","target":["https:\/\/www.ccaniene.com\/en\/torneo-sociale-conclusa-lasta-si-parte-il-15-febbraio\/"]}]},{"@type":"ImageObject","inLanguage":"it-IT","@id":"https:\/\/www.ccaniene.com\/en\/torneo-sociale-conclusa-lasta-si-parte-il-15-febbraio\/#primaryimage","url":"https:\/\/www.ccaniene.com\/wp-content\/uploads\/2020\/01\/DSC_3118_01.jpg","contentUrl":"https:\/\/www.ccaniene.com\/wp-content\/uploads\/2020\/01\/DSC_3118_01.jpg","width":1219,"height":811},{"@type":"BreadcrumbList","@id":"https:\/\/www.ccaniene.com\/en\/torneo-sociale-conclusa-lasta-si-parte-il-15-febbraio\/#breadcrumb","itemListElement":[{"@type":"ListItem","position":1,"name":"Home","item":"https:\/\/www.ccaniene.com\/it_it\/"},{"@type":"ListItem","position":2,"name":"Torneo sociale, conclusa l&#8217;asta: si parte il 15 febbraio"}]},{"@type":"WebSite","@id":"https:\/\/www.ccaniene.com\/it_it\/#website","url":"https:\/\/www.ccaniene.com\/it_it\/","name":"Circolo Canottieri Aniene","description":"Collare d&#039;Oro e Stella d&#039;Oro al Merito Sportivo","potentialAction":[{"@type":"SearchAction","target":{"@type":"EntryPoint","urlTemplate":"https:\/\/www.ccaniene.com\/it_it\/?s={search_term_string}"},"query-input":{"@type":"PropertyValueSpecification","valueRequired":true,"valueName":"search_term_string"}}],"inLanguage":"it-IT"},{"@type":"Person","@id":"https:\/\/www.ccaniene.com\/it_it\/#\/schema\/person\/6042bd0ba360674279dffd4247d570ed","name":"carlo.san@tin.it","image":{"@type":"ImageObject","inLanguage":"it-IT","@id":"https:\/\/www.ccaniene.com\/it_it\/#\/schema\/person\/image\/","url":"https:\/\/secure.gravatar.com\/avatar\/f993a459d0ffe4d666e4c917fef20ca9?s=96&d=mm&r=g","contentUrl":"https:\/\/secure.gravatar.com\/avatar\/f993a459d0ffe4d666e4c917fef20ca9?s=96&d=mm&r=g","caption":"carlo.san@tin.it"},"url":"https:\/\/www.ccaniene.com\/it_it\/author\/carlo-santi-2\/"}]}},"_links":{"self":[{"href":"https:\/\/www.ccaniene.com\/it_it\/wp-json\/wp\/v2\/posts\/18397"}],"collection":[{"href":"https:\/\/www.ccaniene.com\/it_it\/wp-json\/wp\/v2\/posts"}],"about":[{"href":"https:\/\/www.ccaniene.com\/it_it\/wp-json\/wp\/v2\/types\/post"}],"author":[{"embeddable":true,"href":"https:\/\/www.ccaniene.com\/it_it\/wp-json\/wp\/v2\/users\/23521"}],"replies":[{"embeddable":true,"href":"https:\/\/www.ccaniene.com\/it_it\/wp-json\/wp\/v2\/comments?post=18397"}],"version-history":[{"count":3,"href":"https:\/\/www.ccaniene.com\/it_it\/wp-json\/wp\/v2\/posts\/18397\/revisions"}],"predecessor-version":[{"id":18438,"href":"https:\/\/www.ccaniene.com\/it_it\/wp-json\/wp\/v2\/posts\/18397\/revisions\/18438"}],"wp:featuredmedia":[{"embeddable":true,"href":"https:\/\/www.ccaniene.com\/it_it\/wp-json\/wp\/v2\/media\/18406"}],"wp:attachment":[{"href":"https:\/\/www.ccaniene.com\/it_it\/wp-json\/wp\/v2\/media?parent=18397"}],"wp:term":[{"taxonomy":"category","embeddable":true,"href":"https:\/\/www.ccaniene.com\/it_it\/wp-json\/wp\/v2\/categories?post=18397"},{"taxonomy":"post_tag","embeddable":true,"href":"https:\/\/www.ccaniene.com\/it_it\/wp-json\/wp\/v2\/tags?post=18397"}],"curies":[{"name":"wp","href":"https:\/\/api.w.org\/{rel}","templated":true}]}}