{"id":18065,"date":"2019-11-14T14:24:06","date_gmt":"2019-11-14T13:24:06","guid":{"rendered":"https:\/\/www.ccaniene.com\/?p=18065"},"modified":"2019-11-15T16:46:46","modified_gmt":"2019-11-15T15:46:46","slug":"il-cinema-e-una-cosa-meravigliosa-il-racconto-dellamico-carlo-vanzina","status":"publish","type":"post","link":"https:\/\/www.ccaniene.com\/it_it\/il-cinema-e-una-cosa-meravigliosa-il-racconto-dellamico-carlo-vanzina\/","title":{"rendered":"\u201cIl Cinema \u00e8 una cosa meravigliosa\u201d: <br>il racconto dell\u2019amico Carlo Vanzina"},"content":{"rendered":"<p>Un racconto che \u00e8 un ricordo, immagini che racchiudono una vita e una carriera. Una vita a dirigere film, inventare personaggi insieme all\u2019amato fratello Enrico dietro una macchina da presa intento a trasmettere la gioia di vivere e regalare un sorriso. Il documentario di Antonello Sarno che Medusa Film con l\u2019Istituto Luce grazie all\u2019impegno di Gianpaolo Letta ha realizzato \u00e8 l\u2019omaggio a uno dei registi pi\u00f9 conosciuti e amati dal grande pubblico. Sessantacinque minuti di immagini e di parole che abbiamo potuto ammirare e ascoltare al Cinema Caravaggio, tappa fissa di Carlo dove amava andare spesso per vedere un film.<\/p>\n<p>Lui, uomo colto e sensibile, riservato e affettuoso, \u00e8 stato raccontato non solo dagli amici, da Giovanni Malag\u00f2 a Luca Montezemolo, dagli attori, da Carlo Verdone a Massimo Boldi, da Christian De Sica a Sabrina Ferilli (ma non solo), da Aurelio De Laurentiis, ma soprattutto da suo fratello Enrico e dalle tre figlie, Assia, Isotta e Virginie, che hanno svelato il ritratto di un Carlo spesso sconosciuto.<\/p>\n<p><img fetchpriority=\"high\" decoding=\"async\" class=\"aligncenter size-full wp-image-18072\" src=\"http:\/\/www.ccaniene.com\/wp-content\/uploads\/2019\/11\/vanzina6.jpg\" alt=\"\" width=\"253\" height=\"362\" \/><\/p>\n<p>A guidare il documentario \u00e8 Enrico, il filo conduttore del racconto che comincia mostrando le immagini del loro pap\u00e0, il grande Steno, che gioca con Carlo. Ci sono i primi passi professionali, il primo lavoro a 17 anni come assistente volontario di Mario Monicelli che lo nominer\u00f2 suo assistente.<\/p>\n<p>Scorrono i minuti, scorrono le emozioni, scorrono i personaggi. Senza volerlo, senza mai calcare la mano su questo aspetto, si passa dalla commedia all\u2019italiana ai cinepanettoni, alla scoperta di Diego Abbatantuono con \u201cEccezzziunale\u2026 veramente\u201d, si vedono immagini di \u201cSapore di sale\u201d, di \u201cVacanze di Natale\u201d, \u201cSotto il vestito niente\u201d fino ad arrivare a \u201cCaccia al tesoro\u201d.<\/p>\n<p><img decoding=\"async\" class=\"aligncenter size-full wp-image-18074\" src=\"http:\/\/www.ccaniene.com\/wp-content\/uploads\/2019\/11\/vanzina2.jpg\" alt=\"\" width=\"958\" height=\"540\" srcset=\"https:\/\/www.ccaniene.com\/wp-content\/uploads\/2019\/11\/vanzina2.jpg 958w, https:\/\/www.ccaniene.com\/wp-content\/uploads\/2019\/11\/vanzina2-800x451.jpg 800w, https:\/\/www.ccaniene.com\/wp-content\/uploads\/2019\/11\/vanzina2-768x433.jpg 768w\" sizes=\"(max-width: 958px) 100vw, 958px\" \/><\/p>\n<p>Aneddoti e ricordi, racconti di una vita insieme chiusi, nel documentario, con la famosa immagine dei fratelli Vanzini piccolissimi con Alberto Sordi e con il finale recitato da Enrico a Villa Borghese, esattamente al parco dei Daini dove Carlo passeggiava con i sui cani e dove Enrico si augura, prima o poi, di ritrovarlo l\u00ec, intatto come nei giorni di felicit\u00e0.<\/p>\n<p>Carlo Vanzina, che ci ha lasciato l8 luglio del 2018, ritorna a mostrarsi per quello che era. \u00abUn gran borghese\u00bb, come ricorda il fratello Enrico che sottolinea il suo fortissimo legame con la famiglia. Le figlie toccano questo tasto, ricordano che il pap\u00e0 faceva di tutto pur di passare un week end con loro e sempre pronto a informarsi, a non perdere una battuta di un film. \u00abPap\u00e0 andava a vedere anche tre film al giorno\u00bb, ha ammesso Assia mentre Giuseppe Tornatore si \u00e8 domandato: \u00abMi sono sempre chiesto come Carlo sia riuscito a girare tutti i film che a girato e a vedere tutti i film che ha visto. Credo che con lui potesse competere solo Martin Scorsese. Ho il rimpianto di non aver rivisto insieme a lui\u00a0<em>L\u2019uomo che uccise Liberty Valence.\u00a0<\/em>Ci teneva tanto\u00bb.<\/p>\n<p>Christian De Sica disse no al\u00a0<em>Conte Tacchia\u00a0<\/em>(e ai soldi che gli avevano offerto) per girare\u00a0<em>Vacanze di Natale<\/em>. Era una sfida, che ha vinto. Nascevano i famosi cinepanettoni, spesso poco amati dalla critica, ma altro non erano &#8211; e sono &#8211; l\u2019evoluzione della commedia all\u2019italiana: raccontano i personaggi del tempo, che sono ovviamente mutati.<\/p>\n<p><img decoding=\"async\" class=\"aligncenter size-large wp-image-18070\" src=\"http:\/\/www.ccaniene.com\/wp-content\/uploads\/2019\/11\/vanzina4-980x886.jpg\" alt=\"\" width=\"980\" height=\"886\" \/><\/p>\n<p>Non mancano le parole di riconoscenza, come quelle che pronuncia Massimo Ghini che ebbe da Carlo una proposta di lavoro dopo tanti successi per girare\u00a0<em>Il pranzo della domenica<\/em>, pellicola promossa da Carlo Verdone. \u00abEra una vita senza cinismo &#8211; ha osservato Verdone &#8211; e c\u2019era il retaggio degli anni 60, quando la vita era pi\u00f9 serena e dignitosa\u00bb.<\/p>\n<p>Da dietro la macchina da presa c\u2019era il regista ma anche l\u00ec, freddo e professionale, Carlo non ha mai smarrito la sua verve, il suo candore, la sua sensibilit\u00e0. E di questo tanti protagonisti del cinema, mondo spesso freddo e senza sensibilit\u00e0, lo hanno testimoniato facendo di lui un punto di riferimento, un amico e non solo un regista.<\/p>\n<p><img loading=\"lazy\" decoding=\"async\" class=\"aligncenter size-large wp-image-18066\" src=\"http:\/\/www.ccaniene.com\/wp-content\/uploads\/2019\/11\/vanzina3-980x551.jpg\" alt=\"\" width=\"980\" height=\"551\" \/><\/p>\n<p>Rimane un rammarico: l\u2019opera di Carlo, oltre settanta i titoli realizzati con suo fratello Enrico, \u00e8 troppo spesso sminuita, quasi fosse cinema non di prima classe. Carlo, con Enrico che \u00e8 sempre stato al suo fianco, ha raccontato la societ\u00e0 del nostro tempo, ha messo a nudo i sentimenti dei protagonisti, li ha messi sotto la lente di ingrandimento. Quella dei Vanzina \u00e8 un pezzo di storia del nostro cinema, con l\u2019eredit\u00e0 di Carlo ora sulle spalle di Enrico.<\/p>\n","protected":false},"excerpt":{"rendered":"<p>Un racconto che \u00e8 un ricordo, immagini che racchiudono una vita e una carriera. Una vita a dirigere film, inventare personaggi insieme all\u2019amato fratello Enrico dietro una macchina da presa intento a trasmettere la gioia di vivere e regalare un sorriso. Il documentario di Antonello Sarno che Medusa Film con l\u2019Istituto Luce grazie all\u2019impegno di [&hellip;]<\/p>\n","protected":false},"author":23521,"featured_media":18068,"comment_status":"closed","ping_status":"closed","sticky":false,"template":"","format":"standard","meta":{"pmpro_default_level":0,"footnotes":"","_links_to":"","_links_to_target":""},"categories":[2,1],"tags":[],"class_list":["post-18065","post","type-post","status-publish","format-standard","has-post-thumbnail","hentry","category-in-evidenza","category-news","pmpro-has-access"],"featured_image_urls":{"medium":"https:\/\/www.ccaniene.com\/wp-content\/uploads\/2019\/11\/vanzina5-800x501.jpg","thumbnail":"https:\/\/www.ccaniene.com\/wp-content\/uploads\/2019\/11\/vanzina5-400x400.jpg","medium_large":"https:\/\/www.ccaniene.com\/wp-content\/uploads\/2019\/11\/vanzina5-768x481.jpg"},"appp_media":null,"yoast_head":"<!-- This site is optimized with the Yoast SEO plugin v23.6 - https:\/\/yoast.com\/wordpress\/plugins\/seo\/ -->\n<title>\u201cIl Cinema \u00e8 una cosa meravigliosa\u201d: il racconto dell\u2019amico Carlo Vanzina - Circolo Canottieri Aniene<\/title>\n<meta name=\"robots\" content=\"index, follow, max-snippet:-1, max-image-preview:large, max-video-preview:-1\" \/>\n<link rel=\"canonical\" href=\"https:\/\/www.ccaniene.com\/it_it\/il-cinema-e-una-cosa-meravigliosa-il-racconto-dellamico-carlo-vanzina\/\" \/>\n<meta property=\"og:locale\" content=\"it_IT\" \/>\n<meta property=\"og:type\" content=\"article\" \/>\n<meta property=\"og:title\" content=\"\u201cIl Cinema \u00e8 una cosa meravigliosa\u201d: il racconto dell\u2019amico Carlo Vanzina - Circolo Canottieri Aniene\" \/>\n<meta property=\"og:description\" content=\"Un racconto che \u00e8 un ricordo, immagini che racchiudono una vita e una carriera. Una vita a dirigere film, inventare personaggi insieme all\u2019amato fratello Enrico dietro una macchina da presa intento a trasmettere la gioia di vivere e regalare un sorriso. Il documentario di Antonello Sarno che Medusa Film con l\u2019Istituto Luce grazie all\u2019impegno di [&hellip;]\" \/>\n<meta property=\"og:url\" content=\"https:\/\/www.ccaniene.com\/it_it\/il-cinema-e-una-cosa-meravigliosa-il-racconto-dellamico-carlo-vanzina\/\" \/>\n<meta property=\"og:site_name\" content=\"Circolo Canottieri Aniene\" \/>\n<meta property=\"article:published_time\" content=\"2019-11-14T13:24:06+00:00\" \/>\n<meta property=\"article:modified_time\" content=\"2019-11-15T15:46:46+00:00\" \/>\n<meta property=\"og:image\" content=\"https:\/\/www.ccaniene.com\/wp-content\/uploads\/2019\/11\/vanzina5.jpg\" \/>\n\t<meta property=\"og:image:width\" content=\"1192\" \/>\n\t<meta property=\"og:image:height\" content=\"746\" \/>\n\t<meta property=\"og:image:type\" content=\"image\/jpeg\" \/>\n<meta name=\"author\" content=\"carlo.san@tin.it\" \/>\n<meta name=\"twitter:card\" content=\"summary_large_image\" \/>\n<meta name=\"twitter:label1\" content=\"Scritto da\" \/>\n\t<meta name=\"twitter:data1\" content=\"carlo.san@tin.it\" \/>\n\t<meta name=\"twitter:label2\" content=\"Tempo di lettura stimato\" \/>\n\t<meta name=\"twitter:data2\" content=\"4 minuti\" \/>\n<script type=\"application\/ld+json\" class=\"yoast-schema-graph\">{\"@context\":\"https:\/\/schema.org\",\"@graph\":[{\"@type\":\"WebPage\",\"@id\":\"https:\/\/www.ccaniene.com\/it_it\/il-cinema-e-una-cosa-meravigliosa-il-racconto-dellamico-carlo-vanzina\/\",\"url\":\"https:\/\/www.ccaniene.com\/it_it\/il-cinema-e-una-cosa-meravigliosa-il-racconto-dellamico-carlo-vanzina\/\",\"name\":\"\u201cIl Cinema \u00e8 una cosa meravigliosa\u201d: il racconto dell\u2019amico Carlo Vanzina - Circolo Canottieri Aniene\",\"isPartOf\":{\"@id\":\"https:\/\/www.ccaniene.com\/it_it\/#website\"},\"primaryImageOfPage\":{\"@id\":\"https:\/\/www.ccaniene.com\/it_it\/il-cinema-e-una-cosa-meravigliosa-il-racconto-dellamico-carlo-vanzina\/#primaryimage\"},\"image\":{\"@id\":\"https:\/\/www.ccaniene.com\/it_it\/il-cinema-e-una-cosa-meravigliosa-il-racconto-dellamico-carlo-vanzina\/#primaryimage\"},\"thumbnailUrl\":\"https:\/\/www.ccaniene.com\/wp-content\/uploads\/2019\/11\/vanzina5.jpg\",\"datePublished\":\"2019-11-14T13:24:06+00:00\",\"dateModified\":\"2019-11-15T15:46:46+00:00\",\"author\":{\"@id\":\"https:\/\/www.ccaniene.com\/it_it\/#\/schema\/person\/6042bd0ba360674279dffd4247d570ed\"},\"breadcrumb\":{\"@id\":\"https:\/\/www.ccaniene.com\/it_it\/il-cinema-e-una-cosa-meravigliosa-il-racconto-dellamico-carlo-vanzina\/#breadcrumb\"},\"inLanguage\":\"it-IT\",\"potentialAction\":[{\"@type\":\"ReadAction\",\"target\":[\"https:\/\/www.ccaniene.com\/it_it\/il-cinema-e-una-cosa-meravigliosa-il-racconto-dellamico-carlo-vanzina\/\"]}]},{\"@type\":\"ImageObject\",\"inLanguage\":\"it-IT\",\"@id\":\"https:\/\/www.ccaniene.com\/it_it\/il-cinema-e-una-cosa-meravigliosa-il-racconto-dellamico-carlo-vanzina\/#primaryimage\",\"url\":\"https:\/\/www.ccaniene.com\/wp-content\/uploads\/2019\/11\/vanzina5.jpg\",\"contentUrl\":\"https:\/\/www.ccaniene.com\/wp-content\/uploads\/2019\/11\/vanzina5.jpg\",\"width\":1192,\"height\":746},{\"@type\":\"BreadcrumbList\",\"@id\":\"https:\/\/www.ccaniene.com\/it_it\/il-cinema-e-una-cosa-meravigliosa-il-racconto-dellamico-carlo-vanzina\/#breadcrumb\",\"itemListElement\":[{\"@type\":\"ListItem\",\"position\":1,\"name\":\"Home\",\"item\":\"https:\/\/www.ccaniene.com\/it_it\/\"},{\"@type\":\"ListItem\",\"position\":2,\"name\":\"\u201cIl Cinema \u00e8 una cosa meravigliosa\u201d: il racconto dell\u2019amico Carlo Vanzina\"}]},{\"@type\":\"WebSite\",\"@id\":\"https:\/\/www.ccaniene.com\/it_it\/#website\",\"url\":\"https:\/\/www.ccaniene.com\/it_it\/\",\"name\":\"Circolo Canottieri Aniene\",\"description\":\"Collare d&#039;Oro e Stella d&#039;Oro al Merito Sportivo\",\"potentialAction\":[{\"@type\":\"SearchAction\",\"target\":{\"@type\":\"EntryPoint\",\"urlTemplate\":\"https:\/\/www.ccaniene.com\/it_it\/?s={search_term_string}\"},\"query-input\":{\"@type\":\"PropertyValueSpecification\",\"valueRequired\":true,\"valueName\":\"search_term_string\"}}],\"inLanguage\":\"it-IT\"},{\"@type\":\"Person\",\"@id\":\"https:\/\/www.ccaniene.com\/it_it\/#\/schema\/person\/6042bd0ba360674279dffd4247d570ed\",\"name\":\"carlo.san@tin.it\",\"image\":{\"@type\":\"ImageObject\",\"inLanguage\":\"it-IT\",\"@id\":\"https:\/\/www.ccaniene.com\/it_it\/#\/schema\/person\/image\/\",\"url\":\"https:\/\/secure.gravatar.com\/avatar\/f993a459d0ffe4d666e4c917fef20ca9?s=96&d=mm&r=g\",\"contentUrl\":\"https:\/\/secure.gravatar.com\/avatar\/f993a459d0ffe4d666e4c917fef20ca9?s=96&d=mm&r=g\",\"caption\":\"carlo.san@tin.it\"},\"url\":\"https:\/\/www.ccaniene.com\/it_it\/author\/carlo-santi-2\/\"}]}<\/script>\n<!-- \/ Yoast SEO plugin. -->","yoast_head_json":{"title":"\u201cIl Cinema \u00e8 una cosa meravigliosa\u201d: il racconto dell\u2019amico Carlo Vanzina - Circolo Canottieri Aniene","robots":{"index":"index","follow":"follow","max-snippet":"max-snippet:-1","max-image-preview":"max-image-preview:large","max-video-preview":"max-video-preview:-1"},"canonical":"https:\/\/www.ccaniene.com\/it_it\/il-cinema-e-una-cosa-meravigliosa-il-racconto-dellamico-carlo-vanzina\/","og_locale":"it_IT","og_type":"article","og_title":"\u201cIl Cinema \u00e8 una cosa meravigliosa\u201d: il racconto dell\u2019amico Carlo Vanzina - Circolo Canottieri Aniene","og_description":"Un racconto che \u00e8 un ricordo, immagini che racchiudono una vita e una carriera. Una vita a dirigere film, inventare personaggi insieme all\u2019amato fratello Enrico dietro una macchina da presa intento a trasmettere la gioia di vivere e regalare un sorriso. Il documentario di Antonello Sarno che Medusa Film con l\u2019Istituto Luce grazie all\u2019impegno di [&hellip;]","og_url":"https:\/\/www.ccaniene.com\/it_it\/il-cinema-e-una-cosa-meravigliosa-il-racconto-dellamico-carlo-vanzina\/","og_site_name":"Circolo Canottieri Aniene","article_published_time":"2019-11-14T13:24:06+00:00","article_modified_time":"2019-11-15T15:46:46+00:00","og_image":[{"width":1192,"height":746,"url":"https:\/\/www.ccaniene.com\/wp-content\/uploads\/2019\/11\/vanzina5.jpg","type":"image\/jpeg"}],"author":"carlo.san@tin.it","twitter_card":"summary_large_image","twitter_misc":{"Scritto da":"carlo.san@tin.it","Tempo di lettura stimato":"4 minuti"},"schema":{"@context":"https:\/\/schema.org","@graph":[{"@type":"WebPage","@id":"https:\/\/www.ccaniene.com\/it_it\/il-cinema-e-una-cosa-meravigliosa-il-racconto-dellamico-carlo-vanzina\/","url":"https:\/\/www.ccaniene.com\/it_it\/il-cinema-e-una-cosa-meravigliosa-il-racconto-dellamico-carlo-vanzina\/","name":"\u201cIl Cinema \u00e8 una cosa meravigliosa\u201d: il racconto dell\u2019amico Carlo Vanzina - Circolo Canottieri Aniene","isPartOf":{"@id":"https:\/\/www.ccaniene.com\/it_it\/#website"},"primaryImageOfPage":{"@id":"https:\/\/www.ccaniene.com\/it_it\/il-cinema-e-una-cosa-meravigliosa-il-racconto-dellamico-carlo-vanzina\/#primaryimage"},"image":{"@id":"https:\/\/www.ccaniene.com\/it_it\/il-cinema-e-una-cosa-meravigliosa-il-racconto-dellamico-carlo-vanzina\/#primaryimage"},"thumbnailUrl":"https:\/\/www.ccaniene.com\/wp-content\/uploads\/2019\/11\/vanzina5.jpg","datePublished":"2019-11-14T13:24:06+00:00","dateModified":"2019-11-15T15:46:46+00:00","author":{"@id":"https:\/\/www.ccaniene.com\/it_it\/#\/schema\/person\/6042bd0ba360674279dffd4247d570ed"},"breadcrumb":{"@id":"https:\/\/www.ccaniene.com\/it_it\/il-cinema-e-una-cosa-meravigliosa-il-racconto-dellamico-carlo-vanzina\/#breadcrumb"},"inLanguage":"it-IT","potentialAction":[{"@type":"ReadAction","target":["https:\/\/www.ccaniene.com\/it_it\/il-cinema-e-una-cosa-meravigliosa-il-racconto-dellamico-carlo-vanzina\/"]}]},{"@type":"ImageObject","inLanguage":"it-IT","@id":"https:\/\/www.ccaniene.com\/it_it\/il-cinema-e-una-cosa-meravigliosa-il-racconto-dellamico-carlo-vanzina\/#primaryimage","url":"https:\/\/www.ccaniene.com\/wp-content\/uploads\/2019\/11\/vanzina5.jpg","contentUrl":"https:\/\/www.ccaniene.com\/wp-content\/uploads\/2019\/11\/vanzina5.jpg","width":1192,"height":746},{"@type":"BreadcrumbList","@id":"https:\/\/www.ccaniene.com\/it_it\/il-cinema-e-una-cosa-meravigliosa-il-racconto-dellamico-carlo-vanzina\/#breadcrumb","itemListElement":[{"@type":"ListItem","position":1,"name":"Home","item":"https:\/\/www.ccaniene.com\/it_it\/"},{"@type":"ListItem","position":2,"name":"\u201cIl Cinema \u00e8 una cosa meravigliosa\u201d: il racconto dell\u2019amico Carlo Vanzina"}]},{"@type":"WebSite","@id":"https:\/\/www.ccaniene.com\/it_it\/#website","url":"https:\/\/www.ccaniene.com\/it_it\/","name":"Circolo Canottieri Aniene","description":"Collare d&#039;Oro e Stella d&#039;Oro al Merito Sportivo","potentialAction":[{"@type":"SearchAction","target":{"@type":"EntryPoint","urlTemplate":"https:\/\/www.ccaniene.com\/it_it\/?s={search_term_string}"},"query-input":{"@type":"PropertyValueSpecification","valueRequired":true,"valueName":"search_term_string"}}],"inLanguage":"it-IT"},{"@type":"Person","@id":"https:\/\/www.ccaniene.com\/it_it\/#\/schema\/person\/6042bd0ba360674279dffd4247d570ed","name":"carlo.san@tin.it","image":{"@type":"ImageObject","inLanguage":"it-IT","@id":"https:\/\/www.ccaniene.com\/it_it\/#\/schema\/person\/image\/","url":"https:\/\/secure.gravatar.com\/avatar\/f993a459d0ffe4d666e4c917fef20ca9?s=96&d=mm&r=g","contentUrl":"https:\/\/secure.gravatar.com\/avatar\/f993a459d0ffe4d666e4c917fef20ca9?s=96&d=mm&r=g","caption":"carlo.san@tin.it"},"url":"https:\/\/www.ccaniene.com\/it_it\/author\/carlo-santi-2\/"}]}},"_links":{"self":[{"href":"https:\/\/www.ccaniene.com\/it_it\/wp-json\/wp\/v2\/posts\/18065"}],"collection":[{"href":"https:\/\/www.ccaniene.com\/it_it\/wp-json\/wp\/v2\/posts"}],"about":[{"href":"https:\/\/www.ccaniene.com\/it_it\/wp-json\/wp\/v2\/types\/post"}],"author":[{"embeddable":true,"href":"https:\/\/www.ccaniene.com\/it_it\/wp-json\/wp\/v2\/users\/23521"}],"replies":[{"embeddable":true,"href":"https:\/\/www.ccaniene.com\/it_it\/wp-json\/wp\/v2\/comments?post=18065"}],"version-history":[{"count":2,"href":"https:\/\/www.ccaniene.com\/it_it\/wp-json\/wp\/v2\/posts\/18065\/revisions"}],"predecessor-version":[{"id":18082,"href":"https:\/\/www.ccaniene.com\/it_it\/wp-json\/wp\/v2\/posts\/18065\/revisions\/18082"}],"wp:featuredmedia":[{"embeddable":true,"href":"https:\/\/www.ccaniene.com\/it_it\/wp-json\/wp\/v2\/media\/18068"}],"wp:attachment":[{"href":"https:\/\/www.ccaniene.com\/it_it\/wp-json\/wp\/v2\/media?parent=18065"}],"wp:term":[{"taxonomy":"category","embeddable":true,"href":"https:\/\/www.ccaniene.com\/it_it\/wp-json\/wp\/v2\/categories?post=18065"},{"taxonomy":"post_tag","embeddable":true,"href":"https:\/\/www.ccaniene.com\/it_it\/wp-json\/wp\/v2\/tags?post=18065"}],"curies":[{"name":"wp","href":"https:\/\/api.w.org\/{rel}","templated":true}]}}